{"id":161399,"date":"2025-03-24T21:31:20","date_gmt":"2025-03-25T03:31:20","guid":{"rendered":"https:\/\/canal7slp.tv\/2025\/?p=161399"},"modified":"2025-03-24T21:31:20","modified_gmt":"2025-03-25T03:31:20","slug":"llama-el-alcalde-enrique-galindo-al-uso-racional-del-agua","status":"publish","type":"post","link":"https:\/\/canal7slp.tv\/2025\/llama-el-alcalde-enrique-galindo-al-uso-racional-del-agua\/","title":{"rendered":"Llama el alcalde Enrique Galindo al uso racional del agua"},"content":{"rendered":"<p style=\"text-align: justify;\"><span style=\"font-size: 1.21429rem;\">SLP.- Al no descartar que en este a\u00f1o se presente nuevamente una crisis h\u00eddrica el presidente municipal capitalino Enrique Galindo, hizo un llamado a la ciudadan\u00eda a hacer un uso racional del agua.<\/span><\/p>\n<p style=\"text-align: justify;\">Afirm\u00f3 que su gobierno seguir\u00e1 insistiendo en que no se desperdicie el vital l\u00edquido al decir que de plano, se descarta como reserva el agua de la presa El Realito por sus constantes fallas.<\/p>\n<p style=\"text-align: justify;\">El alcalde asegur\u00f3 que los m\u00e1s de 150 pozos ubicados entre los municipios de San Luis, Soledad y Cerro de San Pedro est\u00e1n funcionando al cien por ciento.<\/p>\n<p style=\"text-align: justify;\">En otro orden de ideas, Galindo Ceballos dijo que no se distrae con temas relacionados al 2027 luego de que la dirigente estatal del PAN, Ver\u00f3nica Rodr\u00edguez Hern\u00e1ndez, afirmara que San Luis Potos\u00ed est\u00e1 listo para ser gobernado por una mujer.<\/p>\n<p style=\"text-align: justify;\">Por: Claudio Ibarra<\/p>\n","protected":false},"excerpt":{"rendered":"<p>SLP.- Al no descartar que en este a\u00f1o se presente nuevamente una crisis h\u00eddrica el presidente municipal capitalino Enrique Galindo, hizo un llamado a la ciudadan\u00eda a hacer un uso racional del agua. Afirm\u00f3 que su gobierno seguir\u00e1 insistiendo en que no se desperdicie el vital l\u00edquido al decir que de plano, se descarta como reserva el agua de la presa El Realito por sus constantes fallas. El alcalde asegur\u00f3 que los m\u00e1s de 150 pozos ubicados entre los municipios de San Luis, Soledad y Cerro de San Pedro est\u00e1n funcionando al cien por ciento. En otro orden de ideas, [&hellip;]<\/p>\n","protected":false},"author":2,"featured_media":161419,"comment_status":"closed","ping_status":"closed","sticky":false,"template":"","format":"video","meta":{"_monsterinsights_skip_tracking":false,"_monsterinsights_sitenote_active":false,"_monsterinsights_sitenote_note":"","_monsterinsights_sitenote_category":0,"footnotes":""},"categories":[66,5,45],"tags":[],"class_list":["post-161399","post","type-post","status-publish","format-video","has-post-thumbnail","hentry","category-ayoslp","category-destacadas","category-localesyregionales","post_format-post-format-video","post--single"],"yoast_head":"<!-- This site is optimized with the Yoast SEO plugin v27.5 - https:\/\/yoast.com\/product\/yoast-seo-wordpress\/ -->\n<title>Llama el alcalde Enrique Galindo al uso racional del agua - Canal 7 SLP - 2025<\/title>\n<meta name=\"robots\" content=\"index, follow, max-snippet:-1, max-image-preview:large, max-video-preview:-1\" \/>\n<link rel=\"canonical\" href=\"https:\/\/canal7slp.tv\/2025\/llama-el-alcalde-enrique-galindo-al-uso-racional-del-agua\/\" \/>\n<meta property=\"og:locale\" content=\"es_ES\" \/>\n<meta property=\"og:type\" content=\"article\" \/>\n<meta property=\"og:title\" content=\"Llama el alcalde Enrique Galindo al uso racional del agua - Canal 7 SLP - 2025\" \/>\n<meta property=\"og:description\" content=\"SLP.- Al no descartar que en este a\u00f1o se presente nuevamente una crisis h\u00eddrica el presidente municipal capitalino Enrique Galindo, hizo un llamado a la ciudadan\u00eda a hacer un uso racional del agua. Afirm\u00f3 que su gobierno seguir\u00e1 insistiendo en que no se desperdicie el vital l\u00edquido al decir que de plano, se descarta como reserva el agua de la presa El Realito por sus constantes fallas. El alcalde asegur\u00f3 que los m\u00e1s de 150 pozos ubicados entre los municipios de San Luis, Soledad y Cerro de San Pedro est\u00e1n funcionando al cien por ciento. En otro orden de ideas, [&hellip;]\" \/>\n<meta property=\"og:url\" content=\"https:\/\/canal7slp.tv\/2025\/llama-el-alcalde-enrique-galindo-al-uso-racional-del-agua\/\" \/>\n<meta property=\"og:site_name\" content=\"Canal 7 SLP - 2025\" \/>\n<meta property=\"article:publisher\" content=\"https:\/\/www.facebook.com\/noticieroscanal7atencionciudadana\/\" \/>\n<meta property=\"article:published_time\" content=\"2025-03-25T03:31:20+00:00\" \/>\n<meta property=\"og:image\" content=\"https:\/\/canal7slp.tv\/2025\/wp-content\/uploads\/2025\/03\/Claudio05ALcalde.jpg\" \/>\n\t<meta property=\"og:image:width\" content=\"1280\" \/>\n\t<meta property=\"og:image:height\" content=\"720\" \/>\n\t<meta property=\"og:image:type\" content=\"image\/jpeg\" \/>\n<meta name=\"author\" content=\"Edici\u00f3n Web\" \/>\n<meta name=\"twitter:card\" content=\"summary_large_image\" \/>\n<meta name=\"twitter:creator\" content=\"@NOTICIEROS7\" \/>\n<meta name=\"twitter:site\" content=\"@NOTICIEROS7\" \/>\n<meta name=\"twitter:label1\" content=\"Escrito por\" \/>\n\t<meta name=\"twitter:data1\" content=\"Edici\u00f3n Web\" \/>\n\t<meta name=\"twitter:label2\" content=\"Tiempo de lectura\" \/>\n\t<meta name=\"twitter:data2\" content=\"1 minuto\" \/>\n<script type=\"application\/ld+json\" class=\"yoast-schema-graph\">{\"@context\":\"https:\\\/\\\/schema.org\",\"@graph\":[{\"@type\":\"Article\",\"@id\":\"https:\\\/\\\/canal7slp.tv\\\/2025\\\/llama-el-alcalde-enrique-galindo-al-uso-racional-del-agua\\\/#article\",\"isPartOf\":{\"@id\":\"https:\\\/\\\/canal7slp.tv\\\/2025\\\/llama-el-alcalde-enrique-galindo-al-uso-racional-del-agua\\\/\"},\"author\":{\"name\":\"Edici\u00f3n Web\",\"@id\":\"https:\\\/\\\/canal7slp.tv\\\/2025\\\/#\\\/schema\\\/person\\\/271e2b60a96e7cc9d9ac296f4d7e414b\"},\"headline\":\"Llama el alcalde Enrique Galindo al uso racional del agua\",\"datePublished\":\"2025-03-25T03:31:20+00:00\",\"mainEntityOfPage\":{\"@id\":\"https:\\\/\\\/canal7slp.tv\\\/2025\\\/llama-el-alcalde-enrique-galindo-al-uso-racional-del-agua\\\/\"},\"wordCount\":157,\"publisher\":{\"@id\":\"https:\\\/\\\/canal7slp.tv\\\/2025\\\/#organization\"},\"image\":{\"@id\":\"https:\\\/\\\/canal7slp.tv\\\/2025\\\/llama-el-alcalde-enrique-galindo-al-uso-racional-del-agua\\\/#primaryimage\"},\"thumbnailUrl\":\"https:\\\/\\\/canal7slp.tv\\\/2025\\\/wp-content\\\/uploads\\\/2025\\\/03\\\/Claudio05ALcalde.jpg\",\"articleSection\":[\"AYOSLP\",\"DESTACADAS\",\"LOCALES Y REGIONALES\"],\"inLanguage\":\"es\"},{\"@type\":\"WebPage\",\"@id\":\"https:\\\/\\\/canal7slp.tv\\\/2025\\\/llama-el-alcalde-enrique-galindo-al-uso-racional-del-agua\\\/\",\"url\":\"https:\\\/\\\/canal7slp.tv\\\/2025\\\/llama-el-alcalde-enrique-galindo-al-uso-racional-del-agua\\\/\",\"name\":\"Llama el alcalde Enrique Galindo al uso racional del agua - Canal 7 SLP - 2025\",\"isPartOf\":{\"@id\":\"https:\\\/\\\/canal7slp.tv\\\/2025\\\/#website\"},\"primaryImageOfPage\":{\"@id\":\"https:\\\/\\\/canal7slp.tv\\\/2025\\\/llama-el-alcalde-enrique-galindo-al-uso-racional-del-agua\\\/#primaryimage\"},\"image\":{\"@id\":\"https:\\\/\\\/canal7slp.tv\\\/2025\\\/llama-el-alcalde-enrique-galindo-al-uso-racional-del-agua\\\/#primaryimage\"},\"thumbnailUrl\":\"https:\\\/\\\/canal7slp.tv\\\/2025\\\/wp-content\\\/uploads\\\/2025\\\/03\\\/Claudio05ALcalde.jpg\",\"datePublished\":\"2025-03-25T03:31:20+00:00\",\"breadcrumb\":{\"@id\":\"https:\\\/\\\/canal7slp.tv\\\/2025\\\/llama-el-alcalde-enrique-galindo-al-uso-racional-del-agua\\\/#breadcrumb\"},\"inLanguage\":\"es\",\"potentialAction\":[{\"@type\":\"ReadAction\",\"target\":[\"https:\\\/\\\/canal7slp.tv\\\/2025\\\/llama-el-alcalde-enrique-galindo-al-uso-racional-del-agua\\\/\"]}]},{\"@type\":\"ImageObject\",\"inLanguage\":\"es\",\"@id\":\"https:\\\/\\\/canal7slp.tv\\\/2025\\\/llama-el-alcalde-enrique-galindo-al-uso-racional-del-agua\\\/#primaryimage\",\"url\":\"https:\\\/\\\/canal7slp.tv\\\/2025\\\/wp-content\\\/uploads\\\/2025\\\/03\\\/Claudio05ALcalde.jpg\",\"contentUrl\":\"https:\\\/\\\/canal7slp.tv\\\/2025\\\/wp-content\\\/uploads\\\/2025\\\/03\\\/Claudio05ALcalde.jpg\",\"width\":1280,\"height\":720},{\"@type\":\"BreadcrumbList\",\"@id\":\"https:\\\/\\\/canal7slp.tv\\\/2025\\\/llama-el-alcalde-enrique-galindo-al-uso-racional-del-agua\\\/#breadcrumb\",\"itemListElement\":[{\"@type\":\"ListItem\",\"position\":1,\"name\":\"Portada\",\"item\":\"https:\\\/\\\/canal7slp.tv\\\/2025\\\/\"},{\"@type\":\"ListItem\",\"position\":2,\"name\":\"Llama el alcalde Enrique Galindo al uso racional del agua\"}]},{\"@type\":\"WebSite\",\"@id\":\"https:\\\/\\\/canal7slp.tv\\\/2025\\\/#website\",\"url\":\"https:\\\/\\\/canal7slp.tv\\\/2025\\\/\",\"name\":\"N7 - Noticieros Canal 7\",\"description\":\"Somos el Medio\",\"publisher\":{\"@id\":\"https:\\\/\\\/canal7slp.tv\\\/2025\\\/#organization\"},\"potentialAction\":[{\"@type\":\"SearchAction\",\"target\":{\"@type\":\"EntryPoint\",\"urlTemplate\":\"https:\\\/\\\/canal7slp.tv\\\/2025\\\/?s={search_term_string}\"},\"query-input\":{\"@type\":\"PropertyValueSpecification\",\"valueRequired\":true,\"valueName\":\"search_term_string\"}}],\"inLanguage\":\"es\"},{\"@type\":\"Organization\",\"@id\":\"https:\\\/\\\/canal7slp.tv\\\/2025\\\/#organization\",\"name\":\"Noticieros Canal 7\",\"url\":\"https:\\\/\\\/canal7slp.tv\\\/2025\\\/\",\"logo\":{\"@type\":\"ImageObject\",\"inLanguage\":\"es\",\"@id\":\"https:\\\/\\\/canal7slp.tv\\\/2025\\\/#\\\/schema\\\/logo\\\/image\\\/\",\"url\":\"https:\\\/\\\/canal7slp.tv\\\/2025\\\/wp-content\\\/uploads\\\/2021\\\/01\\\/logo-noticieros@2x.png\",\"contentUrl\":\"https:\\\/\\\/canal7slp.tv\\\/2025\\\/wp-content\\\/uploads\\\/2021\\\/01\\\/logo-noticieros@2x.png\",\"width\":1017,\"height\":268,\"caption\":\"Noticieros Canal 7\"},\"image\":{\"@id\":\"https:\\\/\\\/canal7slp.tv\\\/2025\\\/#\\\/schema\\\/logo\\\/image\\\/\"},\"sameAs\":[\"https:\\\/\\\/www.facebook.com\\\/noticieroscanal7atencionciudadana\\\/\",\"https:\\\/\\\/x.com\\\/NOTICIEROS7\",\"https:\\\/\\\/www.instagram.com\\\/canal7_slp\",\"https:\\\/\\\/www.youtube.com\\\/channel\\\/UCliiYs-gP3JfJeqdPrNdd5A\"]},{\"@type\":\"Person\",\"@id\":\"https:\\\/\\\/canal7slp.tv\\\/2025\\\/#\\\/schema\\\/person\\\/271e2b60a96e7cc9d9ac296f4d7e414b\",\"name\":\"Edici\u00f3n Web\",\"image\":{\"@type\":\"ImageObject\",\"inLanguage\":\"es\",\"@id\":\"https:\\\/\\\/secure.gravatar.com\\\/avatar\\\/eee448fc3f7164808013b816ba91ac7e43bbe82a70bebac296f8bc6f0addaa1a?s=96&d=mm&r=g\",\"url\":\"https:\\\/\\\/secure.gravatar.com\\\/avatar\\\/eee448fc3f7164808013b816ba91ac7e43bbe82a70bebac296f8bc6f0addaa1a?s=96&d=mm&r=g\",\"contentUrl\":\"https:\\\/\\\/secure.gravatar.com\\\/avatar\\\/eee448fc3f7164808013b816ba91ac7e43bbe82a70bebac296f8bc6f0addaa1a?s=96&d=mm&r=g\",\"caption\":\"Edici\u00f3n Web\"},\"url\":\"https:\\\/\\\/canal7slp.tv\\\/2025\\\/author\\\/edicionweb\\\/\"}]}<\/script>\n<!-- \/ Yoast SEO plugin. -->","yoast_head_json":{"title":"Llama el alcalde Enrique Galindo al uso racional del agua - Canal 7 SLP - 2025","robots":{"index":"index","follow":"follow","max-snippet":"max-snippet:-1","max-image-preview":"max-image-preview:large","max-video-preview":"max-video-preview:-1"},"canonical":"https:\/\/canal7slp.tv\/2025\/llama-el-alcalde-enrique-galindo-al-uso-racional-del-agua\/","og_locale":"es_ES","og_type":"article","og_title":"Llama el alcalde Enrique Galindo al uso racional del agua - Canal 7 SLP - 2025","og_description":"SLP.- Al no descartar que en este a\u00f1o se presente nuevamente una crisis h\u00eddrica el presidente municipal capitalino Enrique Galindo, hizo un llamado a la ciudadan\u00eda a hacer un uso racional del agua. Afirm\u00f3 que su gobierno seguir\u00e1 insistiendo en que no se desperdicie el vital l\u00edquido al decir que de plano, se descarta como reserva el agua de la presa El Realito por sus constantes fallas. El alcalde asegur\u00f3 que los m\u00e1s de 150 pozos ubicados entre los municipios de San Luis, Soledad y Cerro de San Pedro est\u00e1n funcionando al cien por ciento. En otro orden de ideas, [&hellip;]","og_url":"https:\/\/canal7slp.tv\/2025\/llama-el-alcalde-enrique-galindo-al-uso-racional-del-agua\/","og_site_name":"Canal 7 SLP - 2025","article_publisher":"https:\/\/www.facebook.com\/noticieroscanal7atencionciudadana\/","article_published_time":"2025-03-25T03:31:20+00:00","og_image":[{"width":1280,"height":720,"url":"https:\/\/canal7slp.tv\/2025\/wp-content\/uploads\/2025\/03\/Claudio05ALcalde.jpg","type":"image\/jpeg"}],"author":"Edici\u00f3n Web","twitter_card":"summary_large_image","twitter_creator":"@NOTICIEROS7","twitter_site":"@NOTICIEROS7","twitter_misc":{"Escrito por":"Edici\u00f3n Web","Tiempo de lectura":"1 minuto"},"schema":{"@context":"https:\/\/schema.org","@graph":[{"@type":"Article","@id":"https:\/\/canal7slp.tv\/2025\/llama-el-alcalde-enrique-galindo-al-uso-racional-del-agua\/#article","isPartOf":{"@id":"https:\/\/canal7slp.tv\/2025\/llama-el-alcalde-enrique-galindo-al-uso-racional-del-agua\/"},"author":{"name":"Edici\u00f3n Web","@id":"https:\/\/canal7slp.tv\/2025\/#\/schema\/person\/271e2b60a96e7cc9d9ac296f4d7e414b"},"headline":"Llama el alcalde Enrique Galindo al uso racional del agua","datePublished":"2025-03-25T03:31:20+00:00","mainEntityOfPage":{"@id":"https:\/\/canal7slp.tv\/2025\/llama-el-alcalde-enrique-galindo-al-uso-racional-del-agua\/"},"wordCount":157,"publisher":{"@id":"https:\/\/canal7slp.tv\/2025\/#organization"},"image":{"@id":"https:\/\/canal7slp.tv\/2025\/llama-el-alcalde-enrique-galindo-al-uso-racional-del-agua\/#primaryimage"},"thumbnailUrl":"https:\/\/canal7slp.tv\/2025\/wp-content\/uploads\/2025\/03\/Claudio05ALcalde.jpg","articleSection":["AYOSLP","DESTACADAS","LOCALES Y REGIONALES"],"inLanguage":"es"},{"@type":"WebPage","@id":"https:\/\/canal7slp.tv\/2025\/llama-el-alcalde-enrique-galindo-al-uso-racional-del-agua\/","url":"https:\/\/canal7slp.tv\/2025\/llama-el-alcalde-enrique-galindo-al-uso-racional-del-agua\/","name":"Llama el alcalde Enrique Galindo al uso racional del agua - Canal 7 SLP - 2025","isPartOf":{"@id":"https:\/\/canal7slp.tv\/2025\/#website"},"primaryImageOfPage":{"@id":"https:\/\/canal7slp.tv\/2025\/llama-el-alcalde-enrique-galindo-al-uso-racional-del-agua\/#primaryimage"},"image":{"@id":"https:\/\/canal7slp.tv\/2025\/llama-el-alcalde-enrique-galindo-al-uso-racional-del-agua\/#primaryimage"},"thumbnailUrl":"https:\/\/canal7slp.tv\/2025\/wp-content\/uploads\/2025\/03\/Claudio05ALcalde.jpg","datePublished":"2025-03-25T03:31:20+00:00","breadcrumb":{"@id":"https:\/\/canal7slp.tv\/2025\/llama-el-alcalde-enrique-galindo-al-uso-racional-del-agua\/#breadcrumb"},"inLanguage":"es","potentialAction":[{"@type":"ReadAction","target":["https:\/\/canal7slp.tv\/2025\/llama-el-alcalde-enrique-galindo-al-uso-racional-del-agua\/"]}]},{"@type":"ImageObject","inLanguage":"es","@id":"https:\/\/canal7slp.tv\/2025\/llama-el-alcalde-enrique-galindo-al-uso-racional-del-agua\/#primaryimage","url":"https:\/\/canal7slp.tv\/2025\/wp-content\/uploads\/2025\/03\/Claudio05ALcalde.jpg","contentUrl":"https:\/\/canal7slp.tv\/2025\/wp-content\/uploads\/2025\/03\/Claudio05ALcalde.jpg","width":1280,"height":720},{"@type":"BreadcrumbList","@id":"https:\/\/canal7slp.tv\/2025\/llama-el-alcalde-enrique-galindo-al-uso-racional-del-agua\/#breadcrumb","itemListElement":[{"@type":"ListItem","position":1,"name":"Portada","item":"https:\/\/canal7slp.tv\/2025\/"},{"@type":"ListItem","position":2,"name":"Llama el alcalde Enrique Galindo al uso racional del agua"}]},{"@type":"WebSite","@id":"https:\/\/canal7slp.tv\/2025\/#website","url":"https:\/\/canal7slp.tv\/2025\/","name":"N7 - Noticieros Canal 7","description":"Somos el Medio","publisher":{"@id":"https:\/\/canal7slp.tv\/2025\/#organization"},"potentialAction":[{"@type":"SearchAction","target":{"@type":"EntryPoint","urlTemplate":"https:\/\/canal7slp.tv\/2025\/?s={search_term_string}"},"query-input":{"@type":"PropertyValueSpecification","valueRequired":true,"valueName":"search_term_string"}}],"inLanguage":"es"},{"@type":"Organization","@id":"https:\/\/canal7slp.tv\/2025\/#organization","name":"Noticieros Canal 7","url":"https:\/\/canal7slp.tv\/2025\/","logo":{"@type":"ImageObject","inLanguage":"es","@id":"https:\/\/canal7slp.tv\/2025\/#\/schema\/logo\/image\/","url":"https:\/\/canal7slp.tv\/2025\/wp-content\/uploads\/2021\/01\/logo-noticieros@2x.png","contentUrl":"https:\/\/canal7slp.tv\/2025\/wp-content\/uploads\/2021\/01\/logo-noticieros@2x.png","width":1017,"height":268,"caption":"Noticieros Canal 7"},"image":{"@id":"https:\/\/canal7slp.tv\/2025\/#\/schema\/logo\/image\/"},"sameAs":["https:\/\/www.facebook.com\/noticieroscanal7atencionciudadana\/","https:\/\/x.com\/NOTICIEROS7","https:\/\/www.instagram.com\/canal7_slp","https:\/\/www.youtube.com\/channel\/UCliiYs-gP3JfJeqdPrNdd5A"]},{"@type":"Person","@id":"https:\/\/canal7slp.tv\/2025\/#\/schema\/person\/271e2b60a96e7cc9d9ac296f4d7e414b","name":"Edici\u00f3n Web","image":{"@type":"ImageObject","inLanguage":"es","@id":"https:\/\/secure.gravatar.com\/avatar\/eee448fc3f7164808013b816ba91ac7e43bbe82a70bebac296f8bc6f0addaa1a?s=96&d=mm&r=g","url":"https:\/\/secure.gravatar.com\/avatar\/eee448fc3f7164808013b816ba91ac7e43bbe82a70bebac296f8bc6f0addaa1a?s=96&d=mm&r=g","contentUrl":"https:\/\/secure.gravatar.com\/avatar\/eee448fc3f7164808013b816ba91ac7e43bbe82a70bebac296f8bc6f0addaa1a?s=96&d=mm&r=g","caption":"Edici\u00f3n Web"},"url":"https:\/\/canal7slp.tv\/2025\/author\/edicionweb\/"}]}},"_links":{"self":[{"href":"https:\/\/canal7slp.tv\/2025\/wp-json\/wp\/v2\/posts\/161399","targetHints":{"allow":["GET"]}}],"collection":[{"href":"https:\/\/canal7slp.tv\/2025\/wp-json\/wp\/v2\/posts"}],"about":[{"href":"https:\/\/canal7slp.tv\/2025\/wp-json\/wp\/v2\/types\/post"}],"author":[{"embeddable":true,"href":"https:\/\/canal7slp.tv\/2025\/wp-json\/wp\/v2\/users\/2"}],"replies":[{"embeddable":true,"href":"https:\/\/canal7slp.tv\/2025\/wp-json\/wp\/v2\/comments?post=161399"}],"version-history":[{"count":2,"href":"https:\/\/canal7slp.tv\/2025\/wp-json\/wp\/v2\/posts\/161399\/revisions"}],"predecessor-version":[{"id":161420,"href":"https:\/\/canal7slp.tv\/2025\/wp-json\/wp\/v2\/posts\/161399\/revisions\/161420"}],"wp:featuredmedia":[{"embeddable":true,"href":"https:\/\/canal7slp.tv\/2025\/wp-json\/wp\/v2\/media\/161419"}],"wp:attachment":[{"href":"https:\/\/canal7slp.tv\/2025\/wp-json\/wp\/v2\/media?parent=161399"}],"wp:term":[{"taxonomy":"category","embeddable":true,"href":"https:\/\/canal7slp.tv\/2025\/wp-json\/wp\/v2\/categories?post=161399"},{"taxonomy":"post_tag","embeddable":true,"href":"https:\/\/canal7slp.tv\/2025\/wp-json\/wp\/v2\/tags?post=161399"}],"curies":[{"name":"wp","href":"https:\/\/api.w.org\/{rel}","templated":true}]}}