{"id":161397,"date":"2025-03-24T20:45:51","date_gmt":"2025-03-25T02:45:51","guid":{"rendered":"https:\/\/canal7slp.tv\/2025\/?p=161397"},"modified":"2025-03-24T20:45:51","modified_gmt":"2025-03-25T02:45:51","slug":"denuncia-la-dirigente-estatal-del-pan-intimidaciones-a-panistas","status":"publish","type":"post","link":"https:\/\/canal7slp.tv\/2025\/denuncia-la-dirigente-estatal-del-pan-intimidaciones-a-panistas\/","title":{"rendered":"Denuncia la dirigente estatal del PAN intimidaciones a panistas"},"content":{"rendered":"<p style=\"text-align: justify;\"><span style=\"font-size: 1.21429rem;\">SLP.- Al afirmar que las sentencias que emiten los tribunales electorales pueden interpretarse como tendenciosas la dirigente estatal del Parido Acci\u00f3n Nacional Ver\u00f3nica Rodr\u00edguez Hern\u00e1ndez, afirm\u00f3 que se debe tener seriedad en este tema al afirmar que la sentencia para reponer el proceso de elecci\u00f3n de la nueva dirigencia, se acat\u00f3.<\/span><\/p>\n<p style=\"text-align: justify;\">La senadora panista reiter\u00f3 que la autoridad jurisdiccional dio 30 d\u00edas a los Comit\u00e9s Directivos Municipales y no al Comit\u00e9 Directivo Estatal al decir que lo \u00fanico que le pide el tribunal, es que convoque a la Comisi\u00f3n Permanente Estatal para que notifique a los comit\u00e9s municipales que deben sesionar.<\/p>\n<p style=\"text-align: justify;\">Finalmente, la dirigente estatal del PAN denunci\u00f3 intimidaciones y acoso a integrantes de los comit\u00e9s directivos municipales, para que acaten la sentencia del Tribunal Electoral Estatal al decir que en algunos casos hasta les han dicho que se har\u00e1n acreedores a una multa \u00f3 que pueden ir a la c\u00e1rcel.<\/p>\n<p>Por: Claudio Ibarra<\/p>\n","protected":false},"excerpt":{"rendered":"<p>SLP.- Al afirmar que las sentencias que emiten los tribunales electorales pueden interpretarse como tendenciosas la dirigente estatal del Parido Acci\u00f3n Nacional Ver\u00f3nica Rodr\u00edguez Hern\u00e1ndez, afirm\u00f3 que se debe tener seriedad en este tema al afirmar que la sentencia para reponer el proceso de elecci\u00f3n de la nueva dirigencia, se acat\u00f3. La senadora panista reiter\u00f3 que la autoridad jurisdiccional dio 30 d\u00edas a los Comit\u00e9s Directivos Municipales y no al Comit\u00e9 Directivo Estatal al decir que lo \u00fanico que le pide el tribunal, es que convoque a la Comisi\u00f3n Permanente Estatal para que notifique a los comit\u00e9s municipales que deben [&hellip;]<\/p>\n","protected":false},"author":2,"featured_media":161413,"comment_status":"closed","ping_status":"closed","sticky":false,"template":"","format":"video","meta":{"_monsterinsights_skip_tracking":false,"_monsterinsights_sitenote_active":false,"_monsterinsights_sitenote_note":"","_monsterinsights_sitenote_category":0,"footnotes":""},"categories":[5,45],"tags":[],"class_list":["post-161397","post","type-post","status-publish","format-video","has-post-thumbnail","hentry","category-destacadas","category-localesyregionales","post_format-post-format-video","post--single"],"yoast_head":"<!-- This site is optimized with the Yoast SEO plugin v27.5 - https:\/\/yoast.com\/product\/yoast-seo-wordpress\/ -->\n<title>Denuncia la dirigente estatal del PAN intimidaciones a panistas - Canal 7 SLP - 2025<\/title>\n<meta name=\"robots\" content=\"index, follow, max-snippet:-1, max-image-preview:large, max-video-preview:-1\" \/>\n<link rel=\"canonical\" href=\"https:\/\/canal7slp.tv\/2025\/denuncia-la-dirigente-estatal-del-pan-intimidaciones-a-panistas\/\" \/>\n<meta property=\"og:locale\" content=\"es_ES\" \/>\n<meta property=\"og:type\" content=\"article\" \/>\n<meta property=\"og:title\" content=\"Denuncia la dirigente estatal del PAN intimidaciones a panistas - Canal 7 SLP - 2025\" \/>\n<meta property=\"og:description\" content=\"SLP.- Al afirmar que las sentencias que emiten los tribunales electorales pueden interpretarse como tendenciosas la dirigente estatal del Parido Acci\u00f3n Nacional Ver\u00f3nica Rodr\u00edguez Hern\u00e1ndez, afirm\u00f3 que se debe tener seriedad en este tema al afirmar que la sentencia para reponer el proceso de elecci\u00f3n de la nueva dirigencia, se acat\u00f3. La senadora panista reiter\u00f3 que la autoridad jurisdiccional dio 30 d\u00edas a los Comit\u00e9s Directivos Municipales y no al Comit\u00e9 Directivo Estatal al decir que lo \u00fanico que le pide el tribunal, es que convoque a la Comisi\u00f3n Permanente Estatal para que notifique a los comit\u00e9s municipales que deben [&hellip;]\" \/>\n<meta property=\"og:url\" content=\"https:\/\/canal7slp.tv\/2025\/denuncia-la-dirigente-estatal-del-pan-intimidaciones-a-panistas\/\" \/>\n<meta property=\"og:site_name\" content=\"Canal 7 SLP - 2025\" \/>\n<meta property=\"article:publisher\" content=\"https:\/\/www.facebook.com\/noticieroscanal7atencionciudadana\/\" \/>\n<meta property=\"article:published_time\" content=\"2025-03-25T02:45:51+00:00\" \/>\n<meta property=\"og:image\" content=\"https:\/\/canal7slp.tv\/2025\/wp-content\/uploads\/2025\/03\/Claudio03Veronica.jpg\" \/>\n\t<meta property=\"og:image:width\" content=\"1280\" \/>\n\t<meta property=\"og:image:height\" content=\"720\" \/>\n\t<meta property=\"og:image:type\" content=\"image\/jpeg\" \/>\n<meta name=\"author\" content=\"Edici\u00f3n Web\" \/>\n<meta name=\"twitter:card\" content=\"summary_large_image\" \/>\n<meta name=\"twitter:creator\" content=\"@NOTICIEROS7\" \/>\n<meta name=\"twitter:site\" content=\"@NOTICIEROS7\" \/>\n<meta name=\"twitter:label1\" content=\"Escrito por\" \/>\n\t<meta name=\"twitter:data1\" content=\"Edici\u00f3n Web\" \/>\n\t<meta name=\"twitter:label2\" content=\"Tiempo de lectura\" \/>\n\t<meta name=\"twitter:data2\" content=\"1 minuto\" \/>\n<script type=\"application\/ld+json\" class=\"yoast-schema-graph\">{\"@context\":\"https:\\\/\\\/schema.org\",\"@graph\":[{\"@type\":\"Article\",\"@id\":\"https:\\\/\\\/canal7slp.tv\\\/2025\\\/denuncia-la-dirigente-estatal-del-pan-intimidaciones-a-panistas\\\/#article\",\"isPartOf\":{\"@id\":\"https:\\\/\\\/canal7slp.tv\\\/2025\\\/denuncia-la-dirigente-estatal-del-pan-intimidaciones-a-panistas\\\/\"},\"author\":{\"name\":\"Edici\u00f3n Web\",\"@id\":\"https:\\\/\\\/canal7slp.tv\\\/2025\\\/#\\\/schema\\\/person\\\/271e2b60a96e7cc9d9ac296f4d7e414b\"},\"headline\":\"Denuncia la dirigente estatal del PAN intimidaciones a panistas\",\"datePublished\":\"2025-03-25T02:45:51+00:00\",\"mainEntityOfPage\":{\"@id\":\"https:\\\/\\\/canal7slp.tv\\\/2025\\\/denuncia-la-dirigente-estatal-del-pan-intimidaciones-a-panistas\\\/\"},\"wordCount\":174,\"publisher\":{\"@id\":\"https:\\\/\\\/canal7slp.tv\\\/2025\\\/#organization\"},\"image\":{\"@id\":\"https:\\\/\\\/canal7slp.tv\\\/2025\\\/denuncia-la-dirigente-estatal-del-pan-intimidaciones-a-panistas\\\/#primaryimage\"},\"thumbnailUrl\":\"https:\\\/\\\/canal7slp.tv\\\/2025\\\/wp-content\\\/uploads\\\/2025\\\/03\\\/Claudio03Veronica.jpg\",\"articleSection\":[\"DESTACADAS\",\"LOCALES Y REGIONALES\"],\"inLanguage\":\"es\"},{\"@type\":\"WebPage\",\"@id\":\"https:\\\/\\\/canal7slp.tv\\\/2025\\\/denuncia-la-dirigente-estatal-del-pan-intimidaciones-a-panistas\\\/\",\"url\":\"https:\\\/\\\/canal7slp.tv\\\/2025\\\/denuncia-la-dirigente-estatal-del-pan-intimidaciones-a-panistas\\\/\",\"name\":\"Denuncia la dirigente estatal del PAN intimidaciones a panistas - Canal 7 SLP - 2025\",\"isPartOf\":{\"@id\":\"https:\\\/\\\/canal7slp.tv\\\/2025\\\/#website\"},\"primaryImageOfPage\":{\"@id\":\"https:\\\/\\\/canal7slp.tv\\\/2025\\\/denuncia-la-dirigente-estatal-del-pan-intimidaciones-a-panistas\\\/#primaryimage\"},\"image\":{\"@id\":\"https:\\\/\\\/canal7slp.tv\\\/2025\\\/denuncia-la-dirigente-estatal-del-pan-intimidaciones-a-panistas\\\/#primaryimage\"},\"thumbnailUrl\":\"https:\\\/\\\/canal7slp.tv\\\/2025\\\/wp-content\\\/uploads\\\/2025\\\/03\\\/Claudio03Veronica.jpg\",\"datePublished\":\"2025-03-25T02:45:51+00:00\",\"breadcrumb\":{\"@id\":\"https:\\\/\\\/canal7slp.tv\\\/2025\\\/denuncia-la-dirigente-estatal-del-pan-intimidaciones-a-panistas\\\/#breadcrumb\"},\"inLanguage\":\"es\",\"potentialAction\":[{\"@type\":\"ReadAction\",\"target\":[\"https:\\\/\\\/canal7slp.tv\\\/2025\\\/denuncia-la-dirigente-estatal-del-pan-intimidaciones-a-panistas\\\/\"]}]},{\"@type\":\"ImageObject\",\"inLanguage\":\"es\",\"@id\":\"https:\\\/\\\/canal7slp.tv\\\/2025\\\/denuncia-la-dirigente-estatal-del-pan-intimidaciones-a-panistas\\\/#primaryimage\",\"url\":\"https:\\\/\\\/canal7slp.tv\\\/2025\\\/wp-content\\\/uploads\\\/2025\\\/03\\\/Claudio03Veronica.jpg\",\"contentUrl\":\"https:\\\/\\\/canal7slp.tv\\\/2025\\\/wp-content\\\/uploads\\\/2025\\\/03\\\/Claudio03Veronica.jpg\",\"width\":1280,\"height\":720},{\"@type\":\"BreadcrumbList\",\"@id\":\"https:\\\/\\\/canal7slp.tv\\\/2025\\\/denuncia-la-dirigente-estatal-del-pan-intimidaciones-a-panistas\\\/#breadcrumb\",\"itemListElement\":[{\"@type\":\"ListItem\",\"position\":1,\"name\":\"Portada\",\"item\":\"https:\\\/\\\/canal7slp.tv\\\/2025\\\/\"},{\"@type\":\"ListItem\",\"position\":2,\"name\":\"Denuncia la dirigente estatal del PAN intimidaciones a panistas\"}]},{\"@type\":\"WebSite\",\"@id\":\"https:\\\/\\\/canal7slp.tv\\\/2025\\\/#website\",\"url\":\"https:\\\/\\\/canal7slp.tv\\\/2025\\\/\",\"name\":\"N7 - Noticieros Canal 7\",\"description\":\"Somos el Medio\",\"publisher\":{\"@id\":\"https:\\\/\\\/canal7slp.tv\\\/2025\\\/#organization\"},\"potentialAction\":[{\"@type\":\"SearchAction\",\"target\":{\"@type\":\"EntryPoint\",\"urlTemplate\":\"https:\\\/\\\/canal7slp.tv\\\/2025\\\/?s={search_term_string}\"},\"query-input\":{\"@type\":\"PropertyValueSpecification\",\"valueRequired\":true,\"valueName\":\"search_term_string\"}}],\"inLanguage\":\"es\"},{\"@type\":\"Organization\",\"@id\":\"https:\\\/\\\/canal7slp.tv\\\/2025\\\/#organization\",\"name\":\"Noticieros Canal 7\",\"url\":\"https:\\\/\\\/canal7slp.tv\\\/2025\\\/\",\"logo\":{\"@type\":\"ImageObject\",\"inLanguage\":\"es\",\"@id\":\"https:\\\/\\\/canal7slp.tv\\\/2025\\\/#\\\/schema\\\/logo\\\/image\\\/\",\"url\":\"https:\\\/\\\/canal7slp.tv\\\/2025\\\/wp-content\\\/uploads\\\/2021\\\/01\\\/logo-noticieros@2x.png\",\"contentUrl\":\"https:\\\/\\\/canal7slp.tv\\\/2025\\\/wp-content\\\/uploads\\\/2021\\\/01\\\/logo-noticieros@2x.png\",\"width\":1017,\"height\":268,\"caption\":\"Noticieros Canal 7\"},\"image\":{\"@id\":\"https:\\\/\\\/canal7slp.tv\\\/2025\\\/#\\\/schema\\\/logo\\\/image\\\/\"},\"sameAs\":[\"https:\\\/\\\/www.facebook.com\\\/noticieroscanal7atencionciudadana\\\/\",\"https:\\\/\\\/x.com\\\/NOTICIEROS7\",\"https:\\\/\\\/www.instagram.com\\\/canal7_slp\",\"https:\\\/\\\/www.youtube.com\\\/channel\\\/UCliiYs-gP3JfJeqdPrNdd5A\"]},{\"@type\":\"Person\",\"@id\":\"https:\\\/\\\/canal7slp.tv\\\/2025\\\/#\\\/schema\\\/person\\\/271e2b60a96e7cc9d9ac296f4d7e414b\",\"name\":\"Edici\u00f3n Web\",\"image\":{\"@type\":\"ImageObject\",\"inLanguage\":\"es\",\"@id\":\"https:\\\/\\\/secure.gravatar.com\\\/avatar\\\/eee448fc3f7164808013b816ba91ac7e43bbe82a70bebac296f8bc6f0addaa1a?s=96&d=mm&r=g\",\"url\":\"https:\\\/\\\/secure.gravatar.com\\\/avatar\\\/eee448fc3f7164808013b816ba91ac7e43bbe82a70bebac296f8bc6f0addaa1a?s=96&d=mm&r=g\",\"contentUrl\":\"https:\\\/\\\/secure.gravatar.com\\\/avatar\\\/eee448fc3f7164808013b816ba91ac7e43bbe82a70bebac296f8bc6f0addaa1a?s=96&d=mm&r=g\",\"caption\":\"Edici\u00f3n Web\"},\"url\":\"https:\\\/\\\/canal7slp.tv\\\/2025\\\/author\\\/edicionweb\\\/\"}]}<\/script>\n<!-- \/ Yoast SEO plugin. -->","yoast_head_json":{"title":"Denuncia la dirigente estatal del PAN intimidaciones a panistas - Canal 7 SLP - 2025","robots":{"index":"index","follow":"follow","max-snippet":"max-snippet:-1","max-image-preview":"max-image-preview:large","max-video-preview":"max-video-preview:-1"},"canonical":"https:\/\/canal7slp.tv\/2025\/denuncia-la-dirigente-estatal-del-pan-intimidaciones-a-panistas\/","og_locale":"es_ES","og_type":"article","og_title":"Denuncia la dirigente estatal del PAN intimidaciones a panistas - Canal 7 SLP - 2025","og_description":"SLP.- Al afirmar que las sentencias que emiten los tribunales electorales pueden interpretarse como tendenciosas la dirigente estatal del Parido Acci\u00f3n Nacional Ver\u00f3nica Rodr\u00edguez Hern\u00e1ndez, afirm\u00f3 que se debe tener seriedad en este tema al afirmar que la sentencia para reponer el proceso de elecci\u00f3n de la nueva dirigencia, se acat\u00f3. La senadora panista reiter\u00f3 que la autoridad jurisdiccional dio 30 d\u00edas a los Comit\u00e9s Directivos Municipales y no al Comit\u00e9 Directivo Estatal al decir que lo \u00fanico que le pide el tribunal, es que convoque a la Comisi\u00f3n Permanente Estatal para que notifique a los comit\u00e9s municipales que deben [&hellip;]","og_url":"https:\/\/canal7slp.tv\/2025\/denuncia-la-dirigente-estatal-del-pan-intimidaciones-a-panistas\/","og_site_name":"Canal 7 SLP - 2025","article_publisher":"https:\/\/www.facebook.com\/noticieroscanal7atencionciudadana\/","article_published_time":"2025-03-25T02:45:51+00:00","og_image":[{"width":1280,"height":720,"url":"https:\/\/canal7slp.tv\/2025\/wp-content\/uploads\/2025\/03\/Claudio03Veronica.jpg","type":"image\/jpeg"}],"author":"Edici\u00f3n Web","twitter_card":"summary_large_image","twitter_creator":"@NOTICIEROS7","twitter_site":"@NOTICIEROS7","twitter_misc":{"Escrito por":"Edici\u00f3n Web","Tiempo de lectura":"1 minuto"},"schema":{"@context":"https:\/\/schema.org","@graph":[{"@type":"Article","@id":"https:\/\/canal7slp.tv\/2025\/denuncia-la-dirigente-estatal-del-pan-intimidaciones-a-panistas\/#article","isPartOf":{"@id":"https:\/\/canal7slp.tv\/2025\/denuncia-la-dirigente-estatal-del-pan-intimidaciones-a-panistas\/"},"author":{"name":"Edici\u00f3n Web","@id":"https:\/\/canal7slp.tv\/2025\/#\/schema\/person\/271e2b60a96e7cc9d9ac296f4d7e414b"},"headline":"Denuncia la dirigente estatal del PAN intimidaciones a panistas","datePublished":"2025-03-25T02:45:51+00:00","mainEntityOfPage":{"@id":"https:\/\/canal7slp.tv\/2025\/denuncia-la-dirigente-estatal-del-pan-intimidaciones-a-panistas\/"},"wordCount":174,"publisher":{"@id":"https:\/\/canal7slp.tv\/2025\/#organization"},"image":{"@id":"https:\/\/canal7slp.tv\/2025\/denuncia-la-dirigente-estatal-del-pan-intimidaciones-a-panistas\/#primaryimage"},"thumbnailUrl":"https:\/\/canal7slp.tv\/2025\/wp-content\/uploads\/2025\/03\/Claudio03Veronica.jpg","articleSection":["DESTACADAS","LOCALES Y REGIONALES"],"inLanguage":"es"},{"@type":"WebPage","@id":"https:\/\/canal7slp.tv\/2025\/denuncia-la-dirigente-estatal-del-pan-intimidaciones-a-panistas\/","url":"https:\/\/canal7slp.tv\/2025\/denuncia-la-dirigente-estatal-del-pan-intimidaciones-a-panistas\/","name":"Denuncia la dirigente estatal del PAN intimidaciones a panistas - Canal 7 SLP - 2025","isPartOf":{"@id":"https:\/\/canal7slp.tv\/2025\/#website"},"primaryImageOfPage":{"@id":"https:\/\/canal7slp.tv\/2025\/denuncia-la-dirigente-estatal-del-pan-intimidaciones-a-panistas\/#primaryimage"},"image":{"@id":"https:\/\/canal7slp.tv\/2025\/denuncia-la-dirigente-estatal-del-pan-intimidaciones-a-panistas\/#primaryimage"},"thumbnailUrl":"https:\/\/canal7slp.tv\/2025\/wp-content\/uploads\/2025\/03\/Claudio03Veronica.jpg","datePublished":"2025-03-25T02:45:51+00:00","breadcrumb":{"@id":"https:\/\/canal7slp.tv\/2025\/denuncia-la-dirigente-estatal-del-pan-intimidaciones-a-panistas\/#breadcrumb"},"inLanguage":"es","potentialAction":[{"@type":"ReadAction","target":["https:\/\/canal7slp.tv\/2025\/denuncia-la-dirigente-estatal-del-pan-intimidaciones-a-panistas\/"]}]},{"@type":"ImageObject","inLanguage":"es","@id":"https:\/\/canal7slp.tv\/2025\/denuncia-la-dirigente-estatal-del-pan-intimidaciones-a-panistas\/#primaryimage","url":"https:\/\/canal7slp.tv\/2025\/wp-content\/uploads\/2025\/03\/Claudio03Veronica.jpg","contentUrl":"https:\/\/canal7slp.tv\/2025\/wp-content\/uploads\/2025\/03\/Claudio03Veronica.jpg","width":1280,"height":720},{"@type":"BreadcrumbList","@id":"https:\/\/canal7slp.tv\/2025\/denuncia-la-dirigente-estatal-del-pan-intimidaciones-a-panistas\/#breadcrumb","itemListElement":[{"@type":"ListItem","position":1,"name":"Portada","item":"https:\/\/canal7slp.tv\/2025\/"},{"@type":"ListItem","position":2,"name":"Denuncia la dirigente estatal del PAN intimidaciones a panistas"}]},{"@type":"WebSite","@id":"https:\/\/canal7slp.tv\/2025\/#website","url":"https:\/\/canal7slp.tv\/2025\/","name":"N7 - Noticieros Canal 7","description":"Somos el Medio","publisher":{"@id":"https:\/\/canal7slp.tv\/2025\/#organization"},"potentialAction":[{"@type":"SearchAction","target":{"@type":"EntryPoint","urlTemplate":"https:\/\/canal7slp.tv\/2025\/?s={search_term_string}"},"query-input":{"@type":"PropertyValueSpecification","valueRequired":true,"valueName":"search_term_string"}}],"inLanguage":"es"},{"@type":"Organization","@id":"https:\/\/canal7slp.tv\/2025\/#organization","name":"Noticieros Canal 7","url":"https:\/\/canal7slp.tv\/2025\/","logo":{"@type":"ImageObject","inLanguage":"es","@id":"https:\/\/canal7slp.tv\/2025\/#\/schema\/logo\/image\/","url":"https:\/\/canal7slp.tv\/2025\/wp-content\/uploads\/2021\/01\/logo-noticieros@2x.png","contentUrl":"https:\/\/canal7slp.tv\/2025\/wp-content\/uploads\/2021\/01\/logo-noticieros@2x.png","width":1017,"height":268,"caption":"Noticieros Canal 7"},"image":{"@id":"https:\/\/canal7slp.tv\/2025\/#\/schema\/logo\/image\/"},"sameAs":["https:\/\/www.facebook.com\/noticieroscanal7atencionciudadana\/","https:\/\/x.com\/NOTICIEROS7","https:\/\/www.instagram.com\/canal7_slp","https:\/\/www.youtube.com\/channel\/UCliiYs-gP3JfJeqdPrNdd5A"]},{"@type":"Person","@id":"https:\/\/canal7slp.tv\/2025\/#\/schema\/person\/271e2b60a96e7cc9d9ac296f4d7e414b","name":"Edici\u00f3n Web","image":{"@type":"ImageObject","inLanguage":"es","@id":"https:\/\/secure.gravatar.com\/avatar\/eee448fc3f7164808013b816ba91ac7e43bbe82a70bebac296f8bc6f0addaa1a?s=96&d=mm&r=g","url":"https:\/\/secure.gravatar.com\/avatar\/eee448fc3f7164808013b816ba91ac7e43bbe82a70bebac296f8bc6f0addaa1a?s=96&d=mm&r=g","contentUrl":"https:\/\/secure.gravatar.com\/avatar\/eee448fc3f7164808013b816ba91ac7e43bbe82a70bebac296f8bc6f0addaa1a?s=96&d=mm&r=g","caption":"Edici\u00f3n Web"},"url":"https:\/\/canal7slp.tv\/2025\/author\/edicionweb\/"}]}},"_links":{"self":[{"href":"https:\/\/canal7slp.tv\/2025\/wp-json\/wp\/v2\/posts\/161397","targetHints":{"allow":["GET"]}}],"collection":[{"href":"https:\/\/canal7slp.tv\/2025\/wp-json\/wp\/v2\/posts"}],"about":[{"href":"https:\/\/canal7slp.tv\/2025\/wp-json\/wp\/v2\/types\/post"}],"author":[{"embeddable":true,"href":"https:\/\/canal7slp.tv\/2025\/wp-json\/wp\/v2\/users\/2"}],"replies":[{"embeddable":true,"href":"https:\/\/canal7slp.tv\/2025\/wp-json\/wp\/v2\/comments?post=161397"}],"version-history":[{"count":2,"href":"https:\/\/canal7slp.tv\/2025\/wp-json\/wp\/v2\/posts\/161397\/revisions"}],"predecessor-version":[{"id":161414,"href":"https:\/\/canal7slp.tv\/2025\/wp-json\/wp\/v2\/posts\/161397\/revisions\/161414"}],"wp:featuredmedia":[{"embeddable":true,"href":"https:\/\/canal7slp.tv\/2025\/wp-json\/wp\/v2\/media\/161413"}],"wp:attachment":[{"href":"https:\/\/canal7slp.tv\/2025\/wp-json\/wp\/v2\/media?parent=161397"}],"wp:term":[{"taxonomy":"category","embeddable":true,"href":"https:\/\/canal7slp.tv\/2025\/wp-json\/wp\/v2\/categories?post=161397"},{"taxonomy":"post_tag","embeddable":true,"href":"https:\/\/canal7slp.tv\/2025\/wp-json\/wp\/v2\/tags?post=161397"}],"curies":[{"name":"wp","href":"https:\/\/api.w.org\/{rel}","templated":true}]}}