{"id":161396,"date":"2025-03-24T20:38:32","date_gmt":"2025-03-25T02:38:32","guid":{"rendered":"https:\/\/canal7slp.tv\/2025\/?p=161396"},"modified":"2025-03-24T20:38:32","modified_gmt":"2025-03-25T02:38:32","slug":"impulsa-ayuntamiento-capitalino-cena-gala-por-la-trayectoria-de-chef-investigador","status":"publish","type":"post","link":"https:\/\/canal7slp.tv\/2025\/impulsa-ayuntamiento-capitalino-cena-gala-por-la-trayectoria-de-chef-investigador\/","title":{"rendered":"Impulsa Ayuntamiento Capitalino cena gala, por la trayectoria de chef investigador"},"content":{"rendered":"<ul>\n<li>Desde la Direcci\u00f3n de Turismo Municipal se reconoce la gastronom\u00eda de calidad.<\/li>\n<\/ul>\n<p style=\"text-align: justify;\"><span style=\"font-size: 1.21429rem;\">SLP.- En honor al chef investigador Lalo Plascencia se dio a conocer la presentaci\u00f3n de una Cena de Gala por su trayectoria con m\u00e1s de 20 a\u00f1os de carrera profesional.<\/span><\/p>\n<p style=\"text-align: justify;\">El evento lo organiza el Vatel Club M\u00e9xico cap\u00edtulo San Luis que es una organizaci\u00f3n de chefs profesionales que promueve la gastronom\u00eda de calidad en M\u00e9xico.<\/p>\n<p style=\"text-align: justify;\">En esta presentaci\u00f3n se destac\u00f3 que se prepara un viaje culinario a trav\u00e9s de la trayectoria de Lalo Plascencia con platillos potosinos y de Europa.<\/p>\n<p style=\"text-align: justify;\">Se destac\u00f3 que el objetivo de Vatel Club M\u00e9xico es el de fortalecer y reconocer la calidad de la gastronom\u00eda mexicana.<\/p>\n<p style=\"text-align: justify;\">Por: Claudio Ibarra<\/p>\n","protected":false},"excerpt":{"rendered":"<p>Desde la Direcci\u00f3n de Turismo Municipal se reconoce la gastronom\u00eda de calidad. SLP.- En honor al chef investigador Lalo Plascencia se dio a conocer la presentaci\u00f3n de una Cena de Gala por su trayectoria con m\u00e1s de 20 a\u00f1os de carrera profesional. El evento lo organiza el Vatel Club M\u00e9xico cap\u00edtulo San Luis que es una organizaci\u00f3n de chefs profesionales que promueve la gastronom\u00eda de calidad en M\u00e9xico. En esta presentaci\u00f3n se destac\u00f3 que se prepara un viaje culinario a trav\u00e9s de la trayectoria de Lalo Plascencia con platillos potosinos y de Europa. Se destac\u00f3 que el objetivo de Vatel [&hellip;]<\/p>\n","protected":false},"author":2,"featured_media":161411,"comment_status":"closed","ping_status":"closed","sticky":false,"template":"","format":"video","meta":{"_monsterinsights_skip_tracking":false,"_monsterinsights_sitenote_active":false,"_monsterinsights_sitenote_note":"","_monsterinsights_sitenote_category":0,"footnotes":""},"categories":[66,5,45],"tags":[],"class_list":["post-161396","post","type-post","status-publish","format-video","has-post-thumbnail","hentry","category-ayoslp","category-destacadas","category-localesyregionales","post_format-post-format-video","post--single"],"yoast_head":"<!-- This site is optimized with the Yoast SEO plugin v27.5 - https:\/\/yoast.com\/product\/yoast-seo-wordpress\/ -->\n<title>Impulsa Ayuntamiento Capitalino cena gala, por la trayectoria de chef investigador - Canal 7 SLP - 2025<\/title>\n<meta name=\"robots\" content=\"index, follow, max-snippet:-1, max-image-preview:large, max-video-preview:-1\" \/>\n<link rel=\"canonical\" href=\"https:\/\/canal7slp.tv\/2025\/impulsa-ayuntamiento-capitalino-cena-gala-por-la-trayectoria-de-chef-investigador\/\" \/>\n<meta property=\"og:locale\" content=\"es_ES\" \/>\n<meta property=\"og:type\" content=\"article\" \/>\n<meta property=\"og:title\" content=\"Impulsa Ayuntamiento Capitalino cena gala, por la trayectoria de chef investigador - Canal 7 SLP - 2025\" \/>\n<meta property=\"og:description\" content=\"Desde la Direcci\u00f3n de Turismo Municipal se reconoce la gastronom\u00eda de calidad. SLP.- En honor al chef investigador Lalo Plascencia se dio a conocer la presentaci\u00f3n de una Cena de Gala por su trayectoria con m\u00e1s de 20 a\u00f1os de carrera profesional. El evento lo organiza el Vatel Club M\u00e9xico cap\u00edtulo San Luis que es una organizaci\u00f3n de chefs profesionales que promueve la gastronom\u00eda de calidad en M\u00e9xico. En esta presentaci\u00f3n se destac\u00f3 que se prepara un viaje culinario a trav\u00e9s de la trayectoria de Lalo Plascencia con platillos potosinos y de Europa. Se destac\u00f3 que el objetivo de Vatel [&hellip;]\" \/>\n<meta property=\"og:url\" content=\"https:\/\/canal7slp.tv\/2025\/impulsa-ayuntamiento-capitalino-cena-gala-por-la-trayectoria-de-chef-investigador\/\" \/>\n<meta property=\"og:site_name\" content=\"Canal 7 SLP - 2025\" \/>\n<meta property=\"article:publisher\" content=\"https:\/\/www.facebook.com\/noticieroscanal7atencionciudadana\/\" \/>\n<meta property=\"article:published_time\" content=\"2025-03-25T02:38:32+00:00\" \/>\n<meta property=\"og:image\" content=\"https:\/\/canal7slp.tv\/2025\/wp-content\/uploads\/2025\/03\/Claudio02Chefs.jpg\" \/>\n\t<meta property=\"og:image:width\" content=\"1280\" \/>\n\t<meta property=\"og:image:height\" content=\"720\" \/>\n\t<meta property=\"og:image:type\" content=\"image\/jpeg\" \/>\n<meta name=\"author\" content=\"Edici\u00f3n Web\" \/>\n<meta name=\"twitter:card\" content=\"summary_large_image\" \/>\n<meta name=\"twitter:creator\" content=\"@NOTICIEROS7\" \/>\n<meta name=\"twitter:site\" content=\"@NOTICIEROS7\" \/>\n<meta name=\"twitter:label1\" content=\"Escrito por\" \/>\n\t<meta name=\"twitter:data1\" content=\"Edici\u00f3n Web\" \/>\n\t<meta name=\"twitter:label2\" content=\"Tiempo de lectura\" \/>\n\t<meta name=\"twitter:data2\" content=\"1 minuto\" \/>\n<script type=\"application\/ld+json\" class=\"yoast-schema-graph\">{\"@context\":\"https:\\\/\\\/schema.org\",\"@graph\":[{\"@type\":\"Article\",\"@id\":\"https:\\\/\\\/canal7slp.tv\\\/2025\\\/impulsa-ayuntamiento-capitalino-cena-gala-por-la-trayectoria-de-chef-investigador\\\/#article\",\"isPartOf\":{\"@id\":\"https:\\\/\\\/canal7slp.tv\\\/2025\\\/impulsa-ayuntamiento-capitalino-cena-gala-por-la-trayectoria-de-chef-investigador\\\/\"},\"author\":{\"name\":\"Edici\u00f3n Web\",\"@id\":\"https:\\\/\\\/canal7slp.tv\\\/2025\\\/#\\\/schema\\\/person\\\/271e2b60a96e7cc9d9ac296f4d7e414b\"},\"headline\":\"Impulsa Ayuntamiento Capitalino cena gala, por la trayectoria de chef investigador\",\"datePublished\":\"2025-03-25T02:38:32+00:00\",\"mainEntityOfPage\":{\"@id\":\"https:\\\/\\\/canal7slp.tv\\\/2025\\\/impulsa-ayuntamiento-capitalino-cena-gala-por-la-trayectoria-de-chef-investigador\\\/\"},\"wordCount\":142,\"publisher\":{\"@id\":\"https:\\\/\\\/canal7slp.tv\\\/2025\\\/#organization\"},\"image\":{\"@id\":\"https:\\\/\\\/canal7slp.tv\\\/2025\\\/impulsa-ayuntamiento-capitalino-cena-gala-por-la-trayectoria-de-chef-investigador\\\/#primaryimage\"},\"thumbnailUrl\":\"https:\\\/\\\/canal7slp.tv\\\/2025\\\/wp-content\\\/uploads\\\/2025\\\/03\\\/Claudio02Chefs.jpg\",\"articleSection\":[\"AYOSLP\",\"DESTACADAS\",\"LOCALES Y REGIONALES\"],\"inLanguage\":\"es\"},{\"@type\":\"WebPage\",\"@id\":\"https:\\\/\\\/canal7slp.tv\\\/2025\\\/impulsa-ayuntamiento-capitalino-cena-gala-por-la-trayectoria-de-chef-investigador\\\/\",\"url\":\"https:\\\/\\\/canal7slp.tv\\\/2025\\\/impulsa-ayuntamiento-capitalino-cena-gala-por-la-trayectoria-de-chef-investigador\\\/\",\"name\":\"Impulsa Ayuntamiento Capitalino cena gala, por la trayectoria de chef investigador - Canal 7 SLP - 2025\",\"isPartOf\":{\"@id\":\"https:\\\/\\\/canal7slp.tv\\\/2025\\\/#website\"},\"primaryImageOfPage\":{\"@id\":\"https:\\\/\\\/canal7slp.tv\\\/2025\\\/impulsa-ayuntamiento-capitalino-cena-gala-por-la-trayectoria-de-chef-investigador\\\/#primaryimage\"},\"image\":{\"@id\":\"https:\\\/\\\/canal7slp.tv\\\/2025\\\/impulsa-ayuntamiento-capitalino-cena-gala-por-la-trayectoria-de-chef-investigador\\\/#primaryimage\"},\"thumbnailUrl\":\"https:\\\/\\\/canal7slp.tv\\\/2025\\\/wp-content\\\/uploads\\\/2025\\\/03\\\/Claudio02Chefs.jpg\",\"datePublished\":\"2025-03-25T02:38:32+00:00\",\"breadcrumb\":{\"@id\":\"https:\\\/\\\/canal7slp.tv\\\/2025\\\/impulsa-ayuntamiento-capitalino-cena-gala-por-la-trayectoria-de-chef-investigador\\\/#breadcrumb\"},\"inLanguage\":\"es\",\"potentialAction\":[{\"@type\":\"ReadAction\",\"target\":[\"https:\\\/\\\/canal7slp.tv\\\/2025\\\/impulsa-ayuntamiento-capitalino-cena-gala-por-la-trayectoria-de-chef-investigador\\\/\"]}]},{\"@type\":\"ImageObject\",\"inLanguage\":\"es\",\"@id\":\"https:\\\/\\\/canal7slp.tv\\\/2025\\\/impulsa-ayuntamiento-capitalino-cena-gala-por-la-trayectoria-de-chef-investigador\\\/#primaryimage\",\"url\":\"https:\\\/\\\/canal7slp.tv\\\/2025\\\/wp-content\\\/uploads\\\/2025\\\/03\\\/Claudio02Chefs.jpg\",\"contentUrl\":\"https:\\\/\\\/canal7slp.tv\\\/2025\\\/wp-content\\\/uploads\\\/2025\\\/03\\\/Claudio02Chefs.jpg\",\"width\":1280,\"height\":720},{\"@type\":\"BreadcrumbList\",\"@id\":\"https:\\\/\\\/canal7slp.tv\\\/2025\\\/impulsa-ayuntamiento-capitalino-cena-gala-por-la-trayectoria-de-chef-investigador\\\/#breadcrumb\",\"itemListElement\":[{\"@type\":\"ListItem\",\"position\":1,\"name\":\"Portada\",\"item\":\"https:\\\/\\\/canal7slp.tv\\\/2025\\\/\"},{\"@type\":\"ListItem\",\"position\":2,\"name\":\"Impulsa Ayuntamiento Capitalino cena gala, por la trayectoria de chef investigador\"}]},{\"@type\":\"WebSite\",\"@id\":\"https:\\\/\\\/canal7slp.tv\\\/2025\\\/#website\",\"url\":\"https:\\\/\\\/canal7slp.tv\\\/2025\\\/\",\"name\":\"N7 - Noticieros Canal 7\",\"description\":\"Somos el Medio\",\"publisher\":{\"@id\":\"https:\\\/\\\/canal7slp.tv\\\/2025\\\/#organization\"},\"potentialAction\":[{\"@type\":\"SearchAction\",\"target\":{\"@type\":\"EntryPoint\",\"urlTemplate\":\"https:\\\/\\\/canal7slp.tv\\\/2025\\\/?s={search_term_string}\"},\"query-input\":{\"@type\":\"PropertyValueSpecification\",\"valueRequired\":true,\"valueName\":\"search_term_string\"}}],\"inLanguage\":\"es\"},{\"@type\":\"Organization\",\"@id\":\"https:\\\/\\\/canal7slp.tv\\\/2025\\\/#organization\",\"name\":\"Noticieros Canal 7\",\"url\":\"https:\\\/\\\/canal7slp.tv\\\/2025\\\/\",\"logo\":{\"@type\":\"ImageObject\",\"inLanguage\":\"es\",\"@id\":\"https:\\\/\\\/canal7slp.tv\\\/2025\\\/#\\\/schema\\\/logo\\\/image\\\/\",\"url\":\"https:\\\/\\\/canal7slp.tv\\\/2025\\\/wp-content\\\/uploads\\\/2021\\\/01\\\/logo-noticieros@2x.png\",\"contentUrl\":\"https:\\\/\\\/canal7slp.tv\\\/2025\\\/wp-content\\\/uploads\\\/2021\\\/01\\\/logo-noticieros@2x.png\",\"width\":1017,\"height\":268,\"caption\":\"Noticieros Canal 7\"},\"image\":{\"@id\":\"https:\\\/\\\/canal7slp.tv\\\/2025\\\/#\\\/schema\\\/logo\\\/image\\\/\"},\"sameAs\":[\"https:\\\/\\\/www.facebook.com\\\/noticieroscanal7atencionciudadana\\\/\",\"https:\\\/\\\/x.com\\\/NOTICIEROS7\",\"https:\\\/\\\/www.instagram.com\\\/canal7_slp\",\"https:\\\/\\\/www.youtube.com\\\/channel\\\/UCliiYs-gP3JfJeqdPrNdd5A\"]},{\"@type\":\"Person\",\"@id\":\"https:\\\/\\\/canal7slp.tv\\\/2025\\\/#\\\/schema\\\/person\\\/271e2b60a96e7cc9d9ac296f4d7e414b\",\"name\":\"Edici\u00f3n Web\",\"image\":{\"@type\":\"ImageObject\",\"inLanguage\":\"es\",\"@id\":\"https:\\\/\\\/secure.gravatar.com\\\/avatar\\\/eee448fc3f7164808013b816ba91ac7e43bbe82a70bebac296f8bc6f0addaa1a?s=96&d=mm&r=g\",\"url\":\"https:\\\/\\\/secure.gravatar.com\\\/avatar\\\/eee448fc3f7164808013b816ba91ac7e43bbe82a70bebac296f8bc6f0addaa1a?s=96&d=mm&r=g\",\"contentUrl\":\"https:\\\/\\\/secure.gravatar.com\\\/avatar\\\/eee448fc3f7164808013b816ba91ac7e43bbe82a70bebac296f8bc6f0addaa1a?s=96&d=mm&r=g\",\"caption\":\"Edici\u00f3n Web\"},\"url\":\"https:\\\/\\\/canal7slp.tv\\\/2025\\\/author\\\/edicionweb\\\/\"}]}<\/script>\n<!-- \/ Yoast SEO plugin. -->","yoast_head_json":{"title":"Impulsa Ayuntamiento Capitalino cena gala, por la trayectoria de chef investigador - Canal 7 SLP - 2025","robots":{"index":"index","follow":"follow","max-snippet":"max-snippet:-1","max-image-preview":"max-image-preview:large","max-video-preview":"max-video-preview:-1"},"canonical":"https:\/\/canal7slp.tv\/2025\/impulsa-ayuntamiento-capitalino-cena-gala-por-la-trayectoria-de-chef-investigador\/","og_locale":"es_ES","og_type":"article","og_title":"Impulsa Ayuntamiento Capitalino cena gala, por la trayectoria de chef investigador - Canal 7 SLP - 2025","og_description":"Desde la Direcci\u00f3n de Turismo Municipal se reconoce la gastronom\u00eda de calidad. SLP.- En honor al chef investigador Lalo Plascencia se dio a conocer la presentaci\u00f3n de una Cena de Gala por su trayectoria con m\u00e1s de 20 a\u00f1os de carrera profesional. El evento lo organiza el Vatel Club M\u00e9xico cap\u00edtulo San Luis que es una organizaci\u00f3n de chefs profesionales que promueve la gastronom\u00eda de calidad en M\u00e9xico. En esta presentaci\u00f3n se destac\u00f3 que se prepara un viaje culinario a trav\u00e9s de la trayectoria de Lalo Plascencia con platillos potosinos y de Europa. Se destac\u00f3 que el objetivo de Vatel [&hellip;]","og_url":"https:\/\/canal7slp.tv\/2025\/impulsa-ayuntamiento-capitalino-cena-gala-por-la-trayectoria-de-chef-investigador\/","og_site_name":"Canal 7 SLP - 2025","article_publisher":"https:\/\/www.facebook.com\/noticieroscanal7atencionciudadana\/","article_published_time":"2025-03-25T02:38:32+00:00","og_image":[{"width":1280,"height":720,"url":"https:\/\/canal7slp.tv\/2025\/wp-content\/uploads\/2025\/03\/Claudio02Chefs.jpg","type":"image\/jpeg"}],"author":"Edici\u00f3n Web","twitter_card":"summary_large_image","twitter_creator":"@NOTICIEROS7","twitter_site":"@NOTICIEROS7","twitter_misc":{"Escrito por":"Edici\u00f3n Web","Tiempo de lectura":"1 minuto"},"schema":{"@context":"https:\/\/schema.org","@graph":[{"@type":"Article","@id":"https:\/\/canal7slp.tv\/2025\/impulsa-ayuntamiento-capitalino-cena-gala-por-la-trayectoria-de-chef-investigador\/#article","isPartOf":{"@id":"https:\/\/canal7slp.tv\/2025\/impulsa-ayuntamiento-capitalino-cena-gala-por-la-trayectoria-de-chef-investigador\/"},"author":{"name":"Edici\u00f3n Web","@id":"https:\/\/canal7slp.tv\/2025\/#\/schema\/person\/271e2b60a96e7cc9d9ac296f4d7e414b"},"headline":"Impulsa Ayuntamiento Capitalino cena gala, por la trayectoria de chef investigador","datePublished":"2025-03-25T02:38:32+00:00","mainEntityOfPage":{"@id":"https:\/\/canal7slp.tv\/2025\/impulsa-ayuntamiento-capitalino-cena-gala-por-la-trayectoria-de-chef-investigador\/"},"wordCount":142,"publisher":{"@id":"https:\/\/canal7slp.tv\/2025\/#organization"},"image":{"@id":"https:\/\/canal7slp.tv\/2025\/impulsa-ayuntamiento-capitalino-cena-gala-por-la-trayectoria-de-chef-investigador\/#primaryimage"},"thumbnailUrl":"https:\/\/canal7slp.tv\/2025\/wp-content\/uploads\/2025\/03\/Claudio02Chefs.jpg","articleSection":["AYOSLP","DESTACADAS","LOCALES Y REGIONALES"],"inLanguage":"es"},{"@type":"WebPage","@id":"https:\/\/canal7slp.tv\/2025\/impulsa-ayuntamiento-capitalino-cena-gala-por-la-trayectoria-de-chef-investigador\/","url":"https:\/\/canal7slp.tv\/2025\/impulsa-ayuntamiento-capitalino-cena-gala-por-la-trayectoria-de-chef-investigador\/","name":"Impulsa Ayuntamiento Capitalino cena gala, por la trayectoria de chef investigador - Canal 7 SLP - 2025","isPartOf":{"@id":"https:\/\/canal7slp.tv\/2025\/#website"},"primaryImageOfPage":{"@id":"https:\/\/canal7slp.tv\/2025\/impulsa-ayuntamiento-capitalino-cena-gala-por-la-trayectoria-de-chef-investigador\/#primaryimage"},"image":{"@id":"https:\/\/canal7slp.tv\/2025\/impulsa-ayuntamiento-capitalino-cena-gala-por-la-trayectoria-de-chef-investigador\/#primaryimage"},"thumbnailUrl":"https:\/\/canal7slp.tv\/2025\/wp-content\/uploads\/2025\/03\/Claudio02Chefs.jpg","datePublished":"2025-03-25T02:38:32+00:00","breadcrumb":{"@id":"https:\/\/canal7slp.tv\/2025\/impulsa-ayuntamiento-capitalino-cena-gala-por-la-trayectoria-de-chef-investigador\/#breadcrumb"},"inLanguage":"es","potentialAction":[{"@type":"ReadAction","target":["https:\/\/canal7slp.tv\/2025\/impulsa-ayuntamiento-capitalino-cena-gala-por-la-trayectoria-de-chef-investigador\/"]}]},{"@type":"ImageObject","inLanguage":"es","@id":"https:\/\/canal7slp.tv\/2025\/impulsa-ayuntamiento-capitalino-cena-gala-por-la-trayectoria-de-chef-investigador\/#primaryimage","url":"https:\/\/canal7slp.tv\/2025\/wp-content\/uploads\/2025\/03\/Claudio02Chefs.jpg","contentUrl":"https:\/\/canal7slp.tv\/2025\/wp-content\/uploads\/2025\/03\/Claudio02Chefs.jpg","width":1280,"height":720},{"@type":"BreadcrumbList","@id":"https:\/\/canal7slp.tv\/2025\/impulsa-ayuntamiento-capitalino-cena-gala-por-la-trayectoria-de-chef-investigador\/#breadcrumb","itemListElement":[{"@type":"ListItem","position":1,"name":"Portada","item":"https:\/\/canal7slp.tv\/2025\/"},{"@type":"ListItem","position":2,"name":"Impulsa Ayuntamiento Capitalino cena gala, por la trayectoria de chef investigador"}]},{"@type":"WebSite","@id":"https:\/\/canal7slp.tv\/2025\/#website","url":"https:\/\/canal7slp.tv\/2025\/","name":"N7 - Noticieros Canal 7","description":"Somos el Medio","publisher":{"@id":"https:\/\/canal7slp.tv\/2025\/#organization"},"potentialAction":[{"@type":"SearchAction","target":{"@type":"EntryPoint","urlTemplate":"https:\/\/canal7slp.tv\/2025\/?s={search_term_string}"},"query-input":{"@type":"PropertyValueSpecification","valueRequired":true,"valueName":"search_term_string"}}],"inLanguage":"es"},{"@type":"Organization","@id":"https:\/\/canal7slp.tv\/2025\/#organization","name":"Noticieros Canal 7","url":"https:\/\/canal7slp.tv\/2025\/","logo":{"@type":"ImageObject","inLanguage":"es","@id":"https:\/\/canal7slp.tv\/2025\/#\/schema\/logo\/image\/","url":"https:\/\/canal7slp.tv\/2025\/wp-content\/uploads\/2021\/01\/logo-noticieros@2x.png","contentUrl":"https:\/\/canal7slp.tv\/2025\/wp-content\/uploads\/2021\/01\/logo-noticieros@2x.png","width":1017,"height":268,"caption":"Noticieros Canal 7"},"image":{"@id":"https:\/\/canal7slp.tv\/2025\/#\/schema\/logo\/image\/"},"sameAs":["https:\/\/www.facebook.com\/noticieroscanal7atencionciudadana\/","https:\/\/x.com\/NOTICIEROS7","https:\/\/www.instagram.com\/canal7_slp","https:\/\/www.youtube.com\/channel\/UCliiYs-gP3JfJeqdPrNdd5A"]},{"@type":"Person","@id":"https:\/\/canal7slp.tv\/2025\/#\/schema\/person\/271e2b60a96e7cc9d9ac296f4d7e414b","name":"Edici\u00f3n Web","image":{"@type":"ImageObject","inLanguage":"es","@id":"https:\/\/secure.gravatar.com\/avatar\/eee448fc3f7164808013b816ba91ac7e43bbe82a70bebac296f8bc6f0addaa1a?s=96&d=mm&r=g","url":"https:\/\/secure.gravatar.com\/avatar\/eee448fc3f7164808013b816ba91ac7e43bbe82a70bebac296f8bc6f0addaa1a?s=96&d=mm&r=g","contentUrl":"https:\/\/secure.gravatar.com\/avatar\/eee448fc3f7164808013b816ba91ac7e43bbe82a70bebac296f8bc6f0addaa1a?s=96&d=mm&r=g","caption":"Edici\u00f3n Web"},"url":"https:\/\/canal7slp.tv\/2025\/author\/edicionweb\/"}]}},"_links":{"self":[{"href":"https:\/\/canal7slp.tv\/2025\/wp-json\/wp\/v2\/posts\/161396","targetHints":{"allow":["GET"]}}],"collection":[{"href":"https:\/\/canal7slp.tv\/2025\/wp-json\/wp\/v2\/posts"}],"about":[{"href":"https:\/\/canal7slp.tv\/2025\/wp-json\/wp\/v2\/types\/post"}],"author":[{"embeddable":true,"href":"https:\/\/canal7slp.tv\/2025\/wp-json\/wp\/v2\/users\/2"}],"replies":[{"embeddable":true,"href":"https:\/\/canal7slp.tv\/2025\/wp-json\/wp\/v2\/comments?post=161396"}],"version-history":[{"count":2,"href":"https:\/\/canal7slp.tv\/2025\/wp-json\/wp\/v2\/posts\/161396\/revisions"}],"predecessor-version":[{"id":161412,"href":"https:\/\/canal7slp.tv\/2025\/wp-json\/wp\/v2\/posts\/161396\/revisions\/161412"}],"wp:featuredmedia":[{"embeddable":true,"href":"https:\/\/canal7slp.tv\/2025\/wp-json\/wp\/v2\/media\/161411"}],"wp:attachment":[{"href":"https:\/\/canal7slp.tv\/2025\/wp-json\/wp\/v2\/media?parent=161396"}],"wp:term":[{"taxonomy":"category","embeddable":true,"href":"https:\/\/canal7slp.tv\/2025\/wp-json\/wp\/v2\/categories?post=161396"},{"taxonomy":"post_tag","embeddable":true,"href":"https:\/\/canal7slp.tv\/2025\/wp-json\/wp\/v2\/tags?post=161396"}],"curies":[{"name":"wp","href":"https:\/\/api.w.org\/{rel}","templated":true}]}}