{"id":161359,"date":"2025-03-24T15:33:26","date_gmt":"2025-03-24T21:33:26","guid":{"rendered":"https:\/\/canal7slp.tv\/2025\/?p=161359"},"modified":"2025-03-24T15:33:26","modified_gmt":"2025-03-24T21:33:26","slug":"trump-prepara-cambios-en-la-politica-arancelaria-para-calmar-la-guerra-comercial","status":"publish","type":"post","link":"https:\/\/canal7slp.tv\/2025\/trump-prepara-cambios-en-la-politica-arancelaria-para-calmar-la-guerra-comercial\/","title":{"rendered":"Trump prepara cambios en la pol\u00edtica arancelaria para calmar la guerra comercial"},"content":{"rendered":"<p style=\"text-align: justify;\">EUA.- El presidente de Estados Unidos, Donald Trump, anunci\u00f3 que el pr\u00f3ximo 2 de abril se implementar\u00e1n aranceles rec\u00edprocos, aunque con posibles excepciones para ciertos pa\u00edses. Esta medida busca mitigar la creciente tensi\u00f3n en la guerra comercial y se basa en la premisa de que muchas naciones afectadas podr\u00edan no estar preparadas para enfrentar estos cambios.<\/p>\n<p style=\"text-align: justify;\">Trump destac\u00f3 que, aunque se establecer\u00e1n grav\u00e1menes, es posible que se acepten tarifas menores en comparaci\u00f3n con las que Estados Unidos ha enfrentado. En su opini\u00f3n, esto se debe a que algunos pa\u00edses han impuesto tarifas tan altas que ser\u00eda inapropiado cobrarles lo mismo. Sin embargo, el volumen de los aranceles ser\u00e1 significativo.<\/p>\n<p style=\"text-align: justify;\">En una reuni\u00f3n reciente, el mandatario enfatiz\u00f3 que el 2 de abril marcar\u00e1 un \u00abgran d\u00eda\u00bb para la reciprocidad comercial, y se espera que se detallen aranceles espec\u00edficos para sectores como la automoci\u00f3n, los productos farmac\u00e9uticos y los semiconductores en los d\u00edas previos a la fecha indicada.<\/p>\n<p style=\"text-align: justify;\">Trump tambi\u00e9n mencion\u00f3 que la implementaci\u00f3n de estos aranceles tiene como objetivo recuperar parte de los ingresos que, seg\u00fan \u00e9l, han sido \u00abquitados\u00bb a Estados Unidos en el contexto de la pol\u00edtica comercial internacional. El presidente ha calificado este d\u00eda como el \u00abD\u00eda de la Liberaci\u00f3n\u00bb, anticipando que traer\u00e1 consigo \u00abmiles de millones de d\u00f3lares\u00bb y la creaci\u00f3n de empleos.<\/p>\n<p style=\"text-align: justify;\">Por su parte, el secretario de Comercio, Howard Lutnick, a\u00f1adi\u00f3 que este ser\u00e1 un momento en que el resto del mundo comenzar\u00e1 a tratar a Estados Unidos \u00abcon respeto\u00bb. A pesar de la intenci\u00f3n de imponer nuevos aranceles, no se ha aclarado el futuro de las tarifas adicionales contra M\u00e9xico y Canad\u00e1, que fueron congeladas recientemente tras negociaciones con ambos pa\u00edses.<\/p>\n<p style=\"text-align: justify;\">La expectativa generada por estos anuncios ha llevado a un alivio en los mercados, con Wall Street mostrando un s\u00f3lido avance en sus \u00edndices principales.<\/p>\n","protected":false},"excerpt":{"rendered":"<p>EUA.- El presidente de Estados Unidos, Donald Trump, anunci\u00f3 que el pr\u00f3ximo 2 de abril se implementar\u00e1n aranceles rec\u00edprocos, aunque con posibles excepciones para ciertos pa\u00edses. Esta medida busca mitigar la creciente tensi\u00f3n en la guerra comercial y se basa en la premisa de que muchas naciones afectadas podr\u00edan no estar preparadas para enfrentar estos cambios. Trump destac\u00f3 que, aunque se establecer\u00e1n grav\u00e1menes, es posible que se acepten tarifas menores en comparaci\u00f3n con las que Estados Unidos ha enfrentado. En su opini\u00f3n, esto se debe a que algunos pa\u00edses han impuesto tarifas tan altas que ser\u00eda inapropiado cobrarles lo mismo. [&hellip;]<\/p>\n","protected":false},"author":2,"featured_media":161360,"comment_status":"closed","ping_status":"closed","sticky":false,"template":"","format":"standard","meta":{"_monsterinsights_skip_tracking":false,"_monsterinsights_sitenote_active":false,"_monsterinsights_sitenote_note":"","_monsterinsights_sitenote_category":0,"footnotes":""},"categories":[40],"tags":[],"class_list":["post-161359","post","type-post","status-publish","format-standard","has-post-thumbnail","hentry","category-economia","post--single"],"yoast_head":"<!-- This site is optimized with the Yoast SEO plugin v27.5 - https:\/\/yoast.com\/product\/yoast-seo-wordpress\/ -->\n<title>Trump prepara cambios en la pol\u00edtica arancelaria para calmar la guerra comercial - Canal 7 SLP - 2025<\/title>\n<meta name=\"robots\" content=\"index, follow, max-snippet:-1, max-image-preview:large, max-video-preview:-1\" \/>\n<link rel=\"canonical\" href=\"https:\/\/canal7slp.tv\/2025\/trump-prepara-cambios-en-la-politica-arancelaria-para-calmar-la-guerra-comercial\/\" \/>\n<meta property=\"og:locale\" content=\"es_ES\" \/>\n<meta property=\"og:type\" content=\"article\" \/>\n<meta property=\"og:title\" content=\"Trump prepara cambios en la pol\u00edtica arancelaria para calmar la guerra comercial - Canal 7 SLP - 2025\" \/>\n<meta property=\"og:description\" content=\"EUA.- El presidente de Estados Unidos, Donald Trump, anunci\u00f3 que el pr\u00f3ximo 2 de abril se implementar\u00e1n aranceles rec\u00edprocos, aunque con posibles excepciones para ciertos pa\u00edses. Esta medida busca mitigar la creciente tensi\u00f3n en la guerra comercial y se basa en la premisa de que muchas naciones afectadas podr\u00edan no estar preparadas para enfrentar estos cambios. Trump destac\u00f3 que, aunque se establecer\u00e1n grav\u00e1menes, es posible que se acepten tarifas menores en comparaci\u00f3n con las que Estados Unidos ha enfrentado. En su opini\u00f3n, esto se debe a que algunos pa\u00edses han impuesto tarifas tan altas que ser\u00eda inapropiado cobrarles lo mismo. [&hellip;]\" \/>\n<meta property=\"og:url\" content=\"https:\/\/canal7slp.tv\/2025\/trump-prepara-cambios-en-la-politica-arancelaria-para-calmar-la-guerra-comercial\/\" \/>\n<meta property=\"og:site_name\" content=\"Canal 7 SLP - 2025\" \/>\n<meta property=\"article:publisher\" content=\"https:\/\/www.facebook.com\/noticieroscanal7atencionciudadana\/\" \/>\n<meta property=\"article:published_time\" content=\"2025-03-24T21:33:26+00:00\" \/>\n<meta property=\"og:image\" content=\"https:\/\/canal7slp.tv\/2025\/wp-content\/uploads\/2025\/03\/09-15.jpg\" \/>\n\t<meta property=\"og:image:width\" content=\"614\" \/>\n\t<meta property=\"og:image:height\" content=\"410\" \/>\n\t<meta property=\"og:image:type\" content=\"image\/jpeg\" \/>\n<meta name=\"author\" content=\"Edici\u00f3n Web\" \/>\n<meta name=\"twitter:card\" content=\"summary_large_image\" \/>\n<meta name=\"twitter:creator\" content=\"@NOTICIEROS7\" \/>\n<meta name=\"twitter:site\" content=\"@NOTICIEROS7\" \/>\n<meta name=\"twitter:label1\" content=\"Escrito por\" \/>\n\t<meta name=\"twitter:data1\" content=\"Edici\u00f3n Web\" \/>\n\t<meta name=\"twitter:label2\" content=\"Tiempo de lectura\" \/>\n\t<meta name=\"twitter:data2\" content=\"2 minutos\" \/>\n<script type=\"application\/ld+json\" class=\"yoast-schema-graph\">{\"@context\":\"https:\\\/\\\/schema.org\",\"@graph\":[{\"@type\":\"Article\",\"@id\":\"https:\\\/\\\/canal7slp.tv\\\/2025\\\/trump-prepara-cambios-en-la-politica-arancelaria-para-calmar-la-guerra-comercial\\\/#article\",\"isPartOf\":{\"@id\":\"https:\\\/\\\/canal7slp.tv\\\/2025\\\/trump-prepara-cambios-en-la-politica-arancelaria-para-calmar-la-guerra-comercial\\\/\"},\"author\":{\"name\":\"Edici\u00f3n Web\",\"@id\":\"https:\\\/\\\/canal7slp.tv\\\/2025\\\/#\\\/schema\\\/person\\\/271e2b60a96e7cc9d9ac296f4d7e414b\"},\"headline\":\"Trump prepara cambios en la pol\u00edtica arancelaria para calmar la guerra comercial\",\"datePublished\":\"2025-03-24T21:33:26+00:00\",\"mainEntityOfPage\":{\"@id\":\"https:\\\/\\\/canal7slp.tv\\\/2025\\\/trump-prepara-cambios-en-la-politica-arancelaria-para-calmar-la-guerra-comercial\\\/\"},\"wordCount\":346,\"publisher\":{\"@id\":\"https:\\\/\\\/canal7slp.tv\\\/2025\\\/#organization\"},\"image\":{\"@id\":\"https:\\\/\\\/canal7slp.tv\\\/2025\\\/trump-prepara-cambios-en-la-politica-arancelaria-para-calmar-la-guerra-comercial\\\/#primaryimage\"},\"thumbnailUrl\":\"https:\\\/\\\/canal7slp.tv\\\/2025\\\/wp-content\\\/uploads\\\/2025\\\/03\\\/09-15.jpg\",\"articleSection\":[\"ECONOM\u00cdA\"],\"inLanguage\":\"es\"},{\"@type\":\"WebPage\",\"@id\":\"https:\\\/\\\/canal7slp.tv\\\/2025\\\/trump-prepara-cambios-en-la-politica-arancelaria-para-calmar-la-guerra-comercial\\\/\",\"url\":\"https:\\\/\\\/canal7slp.tv\\\/2025\\\/trump-prepara-cambios-en-la-politica-arancelaria-para-calmar-la-guerra-comercial\\\/\",\"name\":\"Trump prepara cambios en la pol\u00edtica arancelaria para calmar la guerra comercial - Canal 7 SLP - 2025\",\"isPartOf\":{\"@id\":\"https:\\\/\\\/canal7slp.tv\\\/2025\\\/#website\"},\"primaryImageOfPage\":{\"@id\":\"https:\\\/\\\/canal7slp.tv\\\/2025\\\/trump-prepara-cambios-en-la-politica-arancelaria-para-calmar-la-guerra-comercial\\\/#primaryimage\"},\"image\":{\"@id\":\"https:\\\/\\\/canal7slp.tv\\\/2025\\\/trump-prepara-cambios-en-la-politica-arancelaria-para-calmar-la-guerra-comercial\\\/#primaryimage\"},\"thumbnailUrl\":\"https:\\\/\\\/canal7slp.tv\\\/2025\\\/wp-content\\\/uploads\\\/2025\\\/03\\\/09-15.jpg\",\"datePublished\":\"2025-03-24T21:33:26+00:00\",\"breadcrumb\":{\"@id\":\"https:\\\/\\\/canal7slp.tv\\\/2025\\\/trump-prepara-cambios-en-la-politica-arancelaria-para-calmar-la-guerra-comercial\\\/#breadcrumb\"},\"inLanguage\":\"es\",\"potentialAction\":[{\"@type\":\"ReadAction\",\"target\":[\"https:\\\/\\\/canal7slp.tv\\\/2025\\\/trump-prepara-cambios-en-la-politica-arancelaria-para-calmar-la-guerra-comercial\\\/\"]}]},{\"@type\":\"ImageObject\",\"inLanguage\":\"es\",\"@id\":\"https:\\\/\\\/canal7slp.tv\\\/2025\\\/trump-prepara-cambios-en-la-politica-arancelaria-para-calmar-la-guerra-comercial\\\/#primaryimage\",\"url\":\"https:\\\/\\\/canal7slp.tv\\\/2025\\\/wp-content\\\/uploads\\\/2025\\\/03\\\/09-15.jpg\",\"contentUrl\":\"https:\\\/\\\/canal7slp.tv\\\/2025\\\/wp-content\\\/uploads\\\/2025\\\/03\\\/09-15.jpg\",\"width\":614,\"height\":410},{\"@type\":\"BreadcrumbList\",\"@id\":\"https:\\\/\\\/canal7slp.tv\\\/2025\\\/trump-prepara-cambios-en-la-politica-arancelaria-para-calmar-la-guerra-comercial\\\/#breadcrumb\",\"itemListElement\":[{\"@type\":\"ListItem\",\"position\":1,\"name\":\"Portada\",\"item\":\"https:\\\/\\\/canal7slp.tv\\\/2025\\\/\"},{\"@type\":\"ListItem\",\"position\":2,\"name\":\"Trump prepara cambios en la pol\u00edtica arancelaria para calmar la guerra comercial\"}]},{\"@type\":\"WebSite\",\"@id\":\"https:\\\/\\\/canal7slp.tv\\\/2025\\\/#website\",\"url\":\"https:\\\/\\\/canal7slp.tv\\\/2025\\\/\",\"name\":\"N7 - Noticieros Canal 7\",\"description\":\"Somos el Medio\",\"publisher\":{\"@id\":\"https:\\\/\\\/canal7slp.tv\\\/2025\\\/#organization\"},\"potentialAction\":[{\"@type\":\"SearchAction\",\"target\":{\"@type\":\"EntryPoint\",\"urlTemplate\":\"https:\\\/\\\/canal7slp.tv\\\/2025\\\/?s={search_term_string}\"},\"query-input\":{\"@type\":\"PropertyValueSpecification\",\"valueRequired\":true,\"valueName\":\"search_term_string\"}}],\"inLanguage\":\"es\"},{\"@type\":\"Organization\",\"@id\":\"https:\\\/\\\/canal7slp.tv\\\/2025\\\/#organization\",\"name\":\"Noticieros Canal 7\",\"url\":\"https:\\\/\\\/canal7slp.tv\\\/2025\\\/\",\"logo\":{\"@type\":\"ImageObject\",\"inLanguage\":\"es\",\"@id\":\"https:\\\/\\\/canal7slp.tv\\\/2025\\\/#\\\/schema\\\/logo\\\/image\\\/\",\"url\":\"https:\\\/\\\/canal7slp.tv\\\/2025\\\/wp-content\\\/uploads\\\/2021\\\/01\\\/logo-noticieros@2x.png\",\"contentUrl\":\"https:\\\/\\\/canal7slp.tv\\\/2025\\\/wp-content\\\/uploads\\\/2021\\\/01\\\/logo-noticieros@2x.png\",\"width\":1017,\"height\":268,\"caption\":\"Noticieros Canal 7\"},\"image\":{\"@id\":\"https:\\\/\\\/canal7slp.tv\\\/2025\\\/#\\\/schema\\\/logo\\\/image\\\/\"},\"sameAs\":[\"https:\\\/\\\/www.facebook.com\\\/noticieroscanal7atencionciudadana\\\/\",\"https:\\\/\\\/x.com\\\/NOTICIEROS7\",\"https:\\\/\\\/www.instagram.com\\\/canal7_slp\",\"https:\\\/\\\/www.youtube.com\\\/channel\\\/UCliiYs-gP3JfJeqdPrNdd5A\"]},{\"@type\":\"Person\",\"@id\":\"https:\\\/\\\/canal7slp.tv\\\/2025\\\/#\\\/schema\\\/person\\\/271e2b60a96e7cc9d9ac296f4d7e414b\",\"name\":\"Edici\u00f3n Web\",\"image\":{\"@type\":\"ImageObject\",\"inLanguage\":\"es\",\"@id\":\"https:\\\/\\\/secure.gravatar.com\\\/avatar\\\/eee448fc3f7164808013b816ba91ac7e43bbe82a70bebac296f8bc6f0addaa1a?s=96&d=mm&r=g\",\"url\":\"https:\\\/\\\/secure.gravatar.com\\\/avatar\\\/eee448fc3f7164808013b816ba91ac7e43bbe82a70bebac296f8bc6f0addaa1a?s=96&d=mm&r=g\",\"contentUrl\":\"https:\\\/\\\/secure.gravatar.com\\\/avatar\\\/eee448fc3f7164808013b816ba91ac7e43bbe82a70bebac296f8bc6f0addaa1a?s=96&d=mm&r=g\",\"caption\":\"Edici\u00f3n Web\"},\"url\":\"https:\\\/\\\/canal7slp.tv\\\/2025\\\/author\\\/edicionweb\\\/\"}]}<\/script>\n<!-- \/ Yoast SEO plugin. -->","yoast_head_json":{"title":"Trump prepara cambios en la pol\u00edtica arancelaria para calmar la guerra comercial - Canal 7 SLP - 2025","robots":{"index":"index","follow":"follow","max-snippet":"max-snippet:-1","max-image-preview":"max-image-preview:large","max-video-preview":"max-video-preview:-1"},"canonical":"https:\/\/canal7slp.tv\/2025\/trump-prepara-cambios-en-la-politica-arancelaria-para-calmar-la-guerra-comercial\/","og_locale":"es_ES","og_type":"article","og_title":"Trump prepara cambios en la pol\u00edtica arancelaria para calmar la guerra comercial - Canal 7 SLP - 2025","og_description":"EUA.- El presidente de Estados Unidos, Donald Trump, anunci\u00f3 que el pr\u00f3ximo 2 de abril se implementar\u00e1n aranceles rec\u00edprocos, aunque con posibles excepciones para ciertos pa\u00edses. Esta medida busca mitigar la creciente tensi\u00f3n en la guerra comercial y se basa en la premisa de que muchas naciones afectadas podr\u00edan no estar preparadas para enfrentar estos cambios. Trump destac\u00f3 que, aunque se establecer\u00e1n grav\u00e1menes, es posible que se acepten tarifas menores en comparaci\u00f3n con las que Estados Unidos ha enfrentado. En su opini\u00f3n, esto se debe a que algunos pa\u00edses han impuesto tarifas tan altas que ser\u00eda inapropiado cobrarles lo mismo. [&hellip;]","og_url":"https:\/\/canal7slp.tv\/2025\/trump-prepara-cambios-en-la-politica-arancelaria-para-calmar-la-guerra-comercial\/","og_site_name":"Canal 7 SLP - 2025","article_publisher":"https:\/\/www.facebook.com\/noticieroscanal7atencionciudadana\/","article_published_time":"2025-03-24T21:33:26+00:00","og_image":[{"width":614,"height":410,"url":"https:\/\/canal7slp.tv\/2025\/wp-content\/uploads\/2025\/03\/09-15.jpg","type":"image\/jpeg"}],"author":"Edici\u00f3n Web","twitter_card":"summary_large_image","twitter_creator":"@NOTICIEROS7","twitter_site":"@NOTICIEROS7","twitter_misc":{"Escrito por":"Edici\u00f3n Web","Tiempo de lectura":"2 minutos"},"schema":{"@context":"https:\/\/schema.org","@graph":[{"@type":"Article","@id":"https:\/\/canal7slp.tv\/2025\/trump-prepara-cambios-en-la-politica-arancelaria-para-calmar-la-guerra-comercial\/#article","isPartOf":{"@id":"https:\/\/canal7slp.tv\/2025\/trump-prepara-cambios-en-la-politica-arancelaria-para-calmar-la-guerra-comercial\/"},"author":{"name":"Edici\u00f3n Web","@id":"https:\/\/canal7slp.tv\/2025\/#\/schema\/person\/271e2b60a96e7cc9d9ac296f4d7e414b"},"headline":"Trump prepara cambios en la pol\u00edtica arancelaria para calmar la guerra comercial","datePublished":"2025-03-24T21:33:26+00:00","mainEntityOfPage":{"@id":"https:\/\/canal7slp.tv\/2025\/trump-prepara-cambios-en-la-politica-arancelaria-para-calmar-la-guerra-comercial\/"},"wordCount":346,"publisher":{"@id":"https:\/\/canal7slp.tv\/2025\/#organization"},"image":{"@id":"https:\/\/canal7slp.tv\/2025\/trump-prepara-cambios-en-la-politica-arancelaria-para-calmar-la-guerra-comercial\/#primaryimage"},"thumbnailUrl":"https:\/\/canal7slp.tv\/2025\/wp-content\/uploads\/2025\/03\/09-15.jpg","articleSection":["ECONOM\u00cdA"],"inLanguage":"es"},{"@type":"WebPage","@id":"https:\/\/canal7slp.tv\/2025\/trump-prepara-cambios-en-la-politica-arancelaria-para-calmar-la-guerra-comercial\/","url":"https:\/\/canal7slp.tv\/2025\/trump-prepara-cambios-en-la-politica-arancelaria-para-calmar-la-guerra-comercial\/","name":"Trump prepara cambios en la pol\u00edtica arancelaria para calmar la guerra comercial - Canal 7 SLP - 2025","isPartOf":{"@id":"https:\/\/canal7slp.tv\/2025\/#website"},"primaryImageOfPage":{"@id":"https:\/\/canal7slp.tv\/2025\/trump-prepara-cambios-en-la-politica-arancelaria-para-calmar-la-guerra-comercial\/#primaryimage"},"image":{"@id":"https:\/\/canal7slp.tv\/2025\/trump-prepara-cambios-en-la-politica-arancelaria-para-calmar-la-guerra-comercial\/#primaryimage"},"thumbnailUrl":"https:\/\/canal7slp.tv\/2025\/wp-content\/uploads\/2025\/03\/09-15.jpg","datePublished":"2025-03-24T21:33:26+00:00","breadcrumb":{"@id":"https:\/\/canal7slp.tv\/2025\/trump-prepara-cambios-en-la-politica-arancelaria-para-calmar-la-guerra-comercial\/#breadcrumb"},"inLanguage":"es","potentialAction":[{"@type":"ReadAction","target":["https:\/\/canal7slp.tv\/2025\/trump-prepara-cambios-en-la-politica-arancelaria-para-calmar-la-guerra-comercial\/"]}]},{"@type":"ImageObject","inLanguage":"es","@id":"https:\/\/canal7slp.tv\/2025\/trump-prepara-cambios-en-la-politica-arancelaria-para-calmar-la-guerra-comercial\/#primaryimage","url":"https:\/\/canal7slp.tv\/2025\/wp-content\/uploads\/2025\/03\/09-15.jpg","contentUrl":"https:\/\/canal7slp.tv\/2025\/wp-content\/uploads\/2025\/03\/09-15.jpg","width":614,"height":410},{"@type":"BreadcrumbList","@id":"https:\/\/canal7slp.tv\/2025\/trump-prepara-cambios-en-la-politica-arancelaria-para-calmar-la-guerra-comercial\/#breadcrumb","itemListElement":[{"@type":"ListItem","position":1,"name":"Portada","item":"https:\/\/canal7slp.tv\/2025\/"},{"@type":"ListItem","position":2,"name":"Trump prepara cambios en la pol\u00edtica arancelaria para calmar la guerra comercial"}]},{"@type":"WebSite","@id":"https:\/\/canal7slp.tv\/2025\/#website","url":"https:\/\/canal7slp.tv\/2025\/","name":"N7 - Noticieros Canal 7","description":"Somos el Medio","publisher":{"@id":"https:\/\/canal7slp.tv\/2025\/#organization"},"potentialAction":[{"@type":"SearchAction","target":{"@type":"EntryPoint","urlTemplate":"https:\/\/canal7slp.tv\/2025\/?s={search_term_string}"},"query-input":{"@type":"PropertyValueSpecification","valueRequired":true,"valueName":"search_term_string"}}],"inLanguage":"es"},{"@type":"Organization","@id":"https:\/\/canal7slp.tv\/2025\/#organization","name":"Noticieros Canal 7","url":"https:\/\/canal7slp.tv\/2025\/","logo":{"@type":"ImageObject","inLanguage":"es","@id":"https:\/\/canal7slp.tv\/2025\/#\/schema\/logo\/image\/","url":"https:\/\/canal7slp.tv\/2025\/wp-content\/uploads\/2021\/01\/logo-noticieros@2x.png","contentUrl":"https:\/\/canal7slp.tv\/2025\/wp-content\/uploads\/2021\/01\/logo-noticieros@2x.png","width":1017,"height":268,"caption":"Noticieros Canal 7"},"image":{"@id":"https:\/\/canal7slp.tv\/2025\/#\/schema\/logo\/image\/"},"sameAs":["https:\/\/www.facebook.com\/noticieroscanal7atencionciudadana\/","https:\/\/x.com\/NOTICIEROS7","https:\/\/www.instagram.com\/canal7_slp","https:\/\/www.youtube.com\/channel\/UCliiYs-gP3JfJeqdPrNdd5A"]},{"@type":"Person","@id":"https:\/\/canal7slp.tv\/2025\/#\/schema\/person\/271e2b60a96e7cc9d9ac296f4d7e414b","name":"Edici\u00f3n Web","image":{"@type":"ImageObject","inLanguage":"es","@id":"https:\/\/secure.gravatar.com\/avatar\/eee448fc3f7164808013b816ba91ac7e43bbe82a70bebac296f8bc6f0addaa1a?s=96&d=mm&r=g","url":"https:\/\/secure.gravatar.com\/avatar\/eee448fc3f7164808013b816ba91ac7e43bbe82a70bebac296f8bc6f0addaa1a?s=96&d=mm&r=g","contentUrl":"https:\/\/secure.gravatar.com\/avatar\/eee448fc3f7164808013b816ba91ac7e43bbe82a70bebac296f8bc6f0addaa1a?s=96&d=mm&r=g","caption":"Edici\u00f3n Web"},"url":"https:\/\/canal7slp.tv\/2025\/author\/edicionweb\/"}]}},"_links":{"self":[{"href":"https:\/\/canal7slp.tv\/2025\/wp-json\/wp\/v2\/posts\/161359","targetHints":{"allow":["GET"]}}],"collection":[{"href":"https:\/\/canal7slp.tv\/2025\/wp-json\/wp\/v2\/posts"}],"about":[{"href":"https:\/\/canal7slp.tv\/2025\/wp-json\/wp\/v2\/types\/post"}],"author":[{"embeddable":true,"href":"https:\/\/canal7slp.tv\/2025\/wp-json\/wp\/v2\/users\/2"}],"replies":[{"embeddable":true,"href":"https:\/\/canal7slp.tv\/2025\/wp-json\/wp\/v2\/comments?post=161359"}],"version-history":[{"count":1,"href":"https:\/\/canal7slp.tv\/2025\/wp-json\/wp\/v2\/posts\/161359\/revisions"}],"predecessor-version":[{"id":161361,"href":"https:\/\/canal7slp.tv\/2025\/wp-json\/wp\/v2\/posts\/161359\/revisions\/161361"}],"wp:featuredmedia":[{"embeddable":true,"href":"https:\/\/canal7slp.tv\/2025\/wp-json\/wp\/v2\/media\/161360"}],"wp:attachment":[{"href":"https:\/\/canal7slp.tv\/2025\/wp-json\/wp\/v2\/media?parent=161359"}],"wp:term":[{"taxonomy":"category","embeddable":true,"href":"https:\/\/canal7slp.tv\/2025\/wp-json\/wp\/v2\/categories?post=161359"},{"taxonomy":"post_tag","embeddable":true,"href":"https:\/\/canal7slp.tv\/2025\/wp-json\/wp\/v2\/tags?post=161359"}],"curies":[{"name":"wp","href":"https:\/\/api.w.org\/{rel}","templated":true}]}}