{"id":161346,"date":"2025-03-24T14:37:40","date_gmt":"2025-03-24T20:37:40","guid":{"rendered":"https:\/\/canal7slp.tv\/2025\/?p=161346"},"modified":"2025-03-24T14:37:40","modified_gmt":"2025-03-24T20:37:40","slug":"mark-carney-disuelve-el-parlamento-y-convoca-elecciones-anticipadas-en-canada","status":"publish","type":"post","link":"https:\/\/canal7slp.tv\/2025\/mark-carney-disuelve-el-parlamento-y-convoca-elecciones-anticipadas-en-canada\/","title":{"rendered":"Mark Carney disuelve el Parlamento y convoca elecciones anticipadas en Canad\u00e1"},"content":{"rendered":"<p style=\"text-align: justify;\">Ottawa.- El primer ministro de Canad\u00e1, Mark Carney, solicit\u00f3 el 23 de marzo la disoluci\u00f3n del Parlamento a la gobernadora general, Mary Simon, para llevar a cabo elecciones anticipadas el 28 de abril. Carney asumi\u00f3 el cargo el 14 de marzo tras la renuncia de Justin Trudeau y ha decidido adelantar las elecciones en un contexto donde su partido, el Partido Liberal (PL), se perfila como favorito en las encuestas.<\/p>\n<p style=\"text-align: justify;\">Seg\u00fan un an\u00e1lisis de CBC, el Partido Liberal cuenta con una intenci\u00f3n de voto del 37.5%, lo que podr\u00eda traducirse en 174 esca\u00f1os en la C\u00e1mara de los Comunes, superando la mayor\u00eda. En contraste, el Partido Conservador (PC), liderado por Pierre Poilievre, obtendr\u00eda un 37.1% de los votos, mientras que otros partidos como el Bloque Quebequ\u00e9s (BQ), el Nuevo Partido Democr\u00e1tico (NPD) y el Partido Verde tendr\u00edan una representaci\u00f3n menor.<\/p>\n<p style=\"text-align: justify;\">La campa\u00f1a electoral se ver\u00e1 influenciada por las amenazas del presidente estadounidense, Donald Trump, quien ha impuesto aranceles a productos canadienses y ha manifestado intenciones de anexionar Canad\u00e1, lo que ha generado preocupaci\u00f3n entre los votantes canadienses, superando incluso a las preocupaciones econ\u00f3micas que llevaron a la renuncia de Trudeau.<\/p>\n<p style=\"text-align: justify;\">Carney, al anunciar las elecciones anticipadas, destac\u00f3 la gravedad de la situaci\u00f3n provocada por las acciones de Trump, afirmando que Canad\u00e1 enfrenta una crisis significativa debido a estas \u00abinjustificadas acciones comerciales\u00bb. Adem\u00e1s, hizo un llamado al electorado para que le otorgue un \u00abfuerte mandato\u00bb para enfrentar las amenazas externas y proteger la soberan\u00eda del pa\u00eds.<\/p>\n","protected":false},"excerpt":{"rendered":"<p>Ottawa.- El primer ministro de Canad\u00e1, Mark Carney, solicit\u00f3 el 23 de marzo la disoluci\u00f3n del Parlamento a la gobernadora general, Mary Simon, para llevar a cabo elecciones anticipadas el 28 de abril. Carney asumi\u00f3 el cargo el 14 de marzo tras la renuncia de Justin Trudeau y ha decidido adelantar las elecciones en un contexto donde su partido, el Partido Liberal (PL), se perfila como favorito en las encuestas. Seg\u00fan un an\u00e1lisis de CBC, el Partido Liberal cuenta con una intenci\u00f3n de voto del 37.5%, lo que podr\u00eda traducirse en 174 esca\u00f1os en la C\u00e1mara de los Comunes, superando [&hellip;]<\/p>\n","protected":false},"author":2,"featured_media":161347,"comment_status":"closed","ping_status":"closed","sticky":false,"template":"","format":"standard","meta":{"_monsterinsights_skip_tracking":false,"_monsterinsights_sitenote_active":false,"_monsterinsights_sitenote_note":"","_monsterinsights_sitenote_category":0,"footnotes":""},"categories":[44],"tags":[],"class_list":["post-161346","post","type-post","status-publish","format-standard","has-post-thumbnail","hentry","category-internacional","post--single"],"yoast_head":"<!-- This site is optimized with the Yoast SEO plugin v27.5 - https:\/\/yoast.com\/product\/yoast-seo-wordpress\/ -->\n<title>Mark Carney disuelve el Parlamento y convoca elecciones anticipadas en Canad\u00e1 - Canal 7 SLP - 2025<\/title>\n<meta name=\"robots\" content=\"index, follow, max-snippet:-1, max-image-preview:large, max-video-preview:-1\" \/>\n<link rel=\"canonical\" href=\"https:\/\/canal7slp.tv\/2025\/mark-carney-disuelve-el-parlamento-y-convoca-elecciones-anticipadas-en-canada\/\" \/>\n<meta property=\"og:locale\" content=\"es_ES\" \/>\n<meta property=\"og:type\" content=\"article\" \/>\n<meta property=\"og:title\" content=\"Mark Carney disuelve el Parlamento y convoca elecciones anticipadas en Canad\u00e1 - Canal 7 SLP - 2025\" \/>\n<meta property=\"og:description\" content=\"Ottawa.- El primer ministro de Canad\u00e1, Mark Carney, solicit\u00f3 el 23 de marzo la disoluci\u00f3n del Parlamento a la gobernadora general, Mary Simon, para llevar a cabo elecciones anticipadas el 28 de abril. Carney asumi\u00f3 el cargo el 14 de marzo tras la renuncia de Justin Trudeau y ha decidido adelantar las elecciones en un contexto donde su partido, el Partido Liberal (PL), se perfila como favorito en las encuestas. Seg\u00fan un an\u00e1lisis de CBC, el Partido Liberal cuenta con una intenci\u00f3n de voto del 37.5%, lo que podr\u00eda traducirse en 174 esca\u00f1os en la C\u00e1mara de los Comunes, superando [&hellip;]\" \/>\n<meta property=\"og:url\" content=\"https:\/\/canal7slp.tv\/2025\/mark-carney-disuelve-el-parlamento-y-convoca-elecciones-anticipadas-en-canada\/\" \/>\n<meta property=\"og:site_name\" content=\"Canal 7 SLP - 2025\" \/>\n<meta property=\"article:publisher\" content=\"https:\/\/www.facebook.com\/noticieroscanal7atencionciudadana\/\" \/>\n<meta property=\"article:published_time\" content=\"2025-03-24T20:37:40+00:00\" \/>\n<meta property=\"og:image\" content=\"https:\/\/canal7slp.tv\/2025\/wp-content\/uploads\/2025\/03\/05-16.jpg\" \/>\n\t<meta property=\"og:image:width\" content=\"889\" \/>\n\t<meta property=\"og:image:height\" content=\"500\" \/>\n\t<meta property=\"og:image:type\" content=\"image\/jpeg\" \/>\n<meta name=\"author\" content=\"Edici\u00f3n Web\" \/>\n<meta name=\"twitter:card\" content=\"summary_large_image\" \/>\n<meta name=\"twitter:creator\" content=\"@NOTICIEROS7\" \/>\n<meta name=\"twitter:site\" content=\"@NOTICIEROS7\" \/>\n<meta name=\"twitter:label1\" content=\"Escrito por\" \/>\n\t<meta name=\"twitter:data1\" content=\"Edici\u00f3n Web\" \/>\n\t<meta name=\"twitter:label2\" content=\"Tiempo de lectura\" \/>\n\t<meta name=\"twitter:data2\" content=\"2 minutos\" \/>\n<script type=\"application\/ld+json\" class=\"yoast-schema-graph\">{\"@context\":\"https:\\\/\\\/schema.org\",\"@graph\":[{\"@type\":\"Article\",\"@id\":\"https:\\\/\\\/canal7slp.tv\\\/2025\\\/mark-carney-disuelve-el-parlamento-y-convoca-elecciones-anticipadas-en-canada\\\/#article\",\"isPartOf\":{\"@id\":\"https:\\\/\\\/canal7slp.tv\\\/2025\\\/mark-carney-disuelve-el-parlamento-y-convoca-elecciones-anticipadas-en-canada\\\/\"},\"author\":{\"name\":\"Edici\u00f3n Web\",\"@id\":\"https:\\\/\\\/canal7slp.tv\\\/2025\\\/#\\\/schema\\\/person\\\/271e2b60a96e7cc9d9ac296f4d7e414b\"},\"headline\":\"Mark Carney disuelve el Parlamento y convoca elecciones anticipadas en Canad\u00e1\",\"datePublished\":\"2025-03-24T20:37:40+00:00\",\"mainEntityOfPage\":{\"@id\":\"https:\\\/\\\/canal7slp.tv\\\/2025\\\/mark-carney-disuelve-el-parlamento-y-convoca-elecciones-anticipadas-en-canada\\\/\"},\"wordCount\":271,\"publisher\":{\"@id\":\"https:\\\/\\\/canal7slp.tv\\\/2025\\\/#organization\"},\"image\":{\"@id\":\"https:\\\/\\\/canal7slp.tv\\\/2025\\\/mark-carney-disuelve-el-parlamento-y-convoca-elecciones-anticipadas-en-canada\\\/#primaryimage\"},\"thumbnailUrl\":\"https:\\\/\\\/canal7slp.tv\\\/2025\\\/wp-content\\\/uploads\\\/2025\\\/03\\\/05-16.jpg\",\"articleSection\":[\"INTERNACIONALES\"],\"inLanguage\":\"es\"},{\"@type\":\"WebPage\",\"@id\":\"https:\\\/\\\/canal7slp.tv\\\/2025\\\/mark-carney-disuelve-el-parlamento-y-convoca-elecciones-anticipadas-en-canada\\\/\",\"url\":\"https:\\\/\\\/canal7slp.tv\\\/2025\\\/mark-carney-disuelve-el-parlamento-y-convoca-elecciones-anticipadas-en-canada\\\/\",\"name\":\"Mark Carney disuelve el Parlamento y convoca elecciones anticipadas en Canad\u00e1 - Canal 7 SLP - 2025\",\"isPartOf\":{\"@id\":\"https:\\\/\\\/canal7slp.tv\\\/2025\\\/#website\"},\"primaryImageOfPage\":{\"@id\":\"https:\\\/\\\/canal7slp.tv\\\/2025\\\/mark-carney-disuelve-el-parlamento-y-convoca-elecciones-anticipadas-en-canada\\\/#primaryimage\"},\"image\":{\"@id\":\"https:\\\/\\\/canal7slp.tv\\\/2025\\\/mark-carney-disuelve-el-parlamento-y-convoca-elecciones-anticipadas-en-canada\\\/#primaryimage\"},\"thumbnailUrl\":\"https:\\\/\\\/canal7slp.tv\\\/2025\\\/wp-content\\\/uploads\\\/2025\\\/03\\\/05-16.jpg\",\"datePublished\":\"2025-03-24T20:37:40+00:00\",\"breadcrumb\":{\"@id\":\"https:\\\/\\\/canal7slp.tv\\\/2025\\\/mark-carney-disuelve-el-parlamento-y-convoca-elecciones-anticipadas-en-canada\\\/#breadcrumb\"},\"inLanguage\":\"es\",\"potentialAction\":[{\"@type\":\"ReadAction\",\"target\":[\"https:\\\/\\\/canal7slp.tv\\\/2025\\\/mark-carney-disuelve-el-parlamento-y-convoca-elecciones-anticipadas-en-canada\\\/\"]}]},{\"@type\":\"ImageObject\",\"inLanguage\":\"es\",\"@id\":\"https:\\\/\\\/canal7slp.tv\\\/2025\\\/mark-carney-disuelve-el-parlamento-y-convoca-elecciones-anticipadas-en-canada\\\/#primaryimage\",\"url\":\"https:\\\/\\\/canal7slp.tv\\\/2025\\\/wp-content\\\/uploads\\\/2025\\\/03\\\/05-16.jpg\",\"contentUrl\":\"https:\\\/\\\/canal7slp.tv\\\/2025\\\/wp-content\\\/uploads\\\/2025\\\/03\\\/05-16.jpg\",\"width\":889,\"height\":500},{\"@type\":\"BreadcrumbList\",\"@id\":\"https:\\\/\\\/canal7slp.tv\\\/2025\\\/mark-carney-disuelve-el-parlamento-y-convoca-elecciones-anticipadas-en-canada\\\/#breadcrumb\",\"itemListElement\":[{\"@type\":\"ListItem\",\"position\":1,\"name\":\"Portada\",\"item\":\"https:\\\/\\\/canal7slp.tv\\\/2025\\\/\"},{\"@type\":\"ListItem\",\"position\":2,\"name\":\"Mark Carney disuelve el Parlamento y convoca elecciones anticipadas en Canad\u00e1\"}]},{\"@type\":\"WebSite\",\"@id\":\"https:\\\/\\\/canal7slp.tv\\\/2025\\\/#website\",\"url\":\"https:\\\/\\\/canal7slp.tv\\\/2025\\\/\",\"name\":\"N7 - Noticieros Canal 7\",\"description\":\"Somos el Medio\",\"publisher\":{\"@id\":\"https:\\\/\\\/canal7slp.tv\\\/2025\\\/#organization\"},\"potentialAction\":[{\"@type\":\"SearchAction\",\"target\":{\"@type\":\"EntryPoint\",\"urlTemplate\":\"https:\\\/\\\/canal7slp.tv\\\/2025\\\/?s={search_term_string}\"},\"query-input\":{\"@type\":\"PropertyValueSpecification\",\"valueRequired\":true,\"valueName\":\"search_term_string\"}}],\"inLanguage\":\"es\"},{\"@type\":\"Organization\",\"@id\":\"https:\\\/\\\/canal7slp.tv\\\/2025\\\/#organization\",\"name\":\"Noticieros Canal 7\",\"url\":\"https:\\\/\\\/canal7slp.tv\\\/2025\\\/\",\"logo\":{\"@type\":\"ImageObject\",\"inLanguage\":\"es\",\"@id\":\"https:\\\/\\\/canal7slp.tv\\\/2025\\\/#\\\/schema\\\/logo\\\/image\\\/\",\"url\":\"https:\\\/\\\/canal7slp.tv\\\/2025\\\/wp-content\\\/uploads\\\/2021\\\/01\\\/logo-noticieros@2x.png\",\"contentUrl\":\"https:\\\/\\\/canal7slp.tv\\\/2025\\\/wp-content\\\/uploads\\\/2021\\\/01\\\/logo-noticieros@2x.png\",\"width\":1017,\"height\":268,\"caption\":\"Noticieros Canal 7\"},\"image\":{\"@id\":\"https:\\\/\\\/canal7slp.tv\\\/2025\\\/#\\\/schema\\\/logo\\\/image\\\/\"},\"sameAs\":[\"https:\\\/\\\/www.facebook.com\\\/noticieroscanal7atencionciudadana\\\/\",\"https:\\\/\\\/x.com\\\/NOTICIEROS7\",\"https:\\\/\\\/www.instagram.com\\\/canal7_slp\",\"https:\\\/\\\/www.youtube.com\\\/channel\\\/UCliiYs-gP3JfJeqdPrNdd5A\"]},{\"@type\":\"Person\",\"@id\":\"https:\\\/\\\/canal7slp.tv\\\/2025\\\/#\\\/schema\\\/person\\\/271e2b60a96e7cc9d9ac296f4d7e414b\",\"name\":\"Edici\u00f3n Web\",\"image\":{\"@type\":\"ImageObject\",\"inLanguage\":\"es\",\"@id\":\"https:\\\/\\\/secure.gravatar.com\\\/avatar\\\/eee448fc3f7164808013b816ba91ac7e43bbe82a70bebac296f8bc6f0addaa1a?s=96&d=mm&r=g\",\"url\":\"https:\\\/\\\/secure.gravatar.com\\\/avatar\\\/eee448fc3f7164808013b816ba91ac7e43bbe82a70bebac296f8bc6f0addaa1a?s=96&d=mm&r=g\",\"contentUrl\":\"https:\\\/\\\/secure.gravatar.com\\\/avatar\\\/eee448fc3f7164808013b816ba91ac7e43bbe82a70bebac296f8bc6f0addaa1a?s=96&d=mm&r=g\",\"caption\":\"Edici\u00f3n Web\"},\"url\":\"https:\\\/\\\/canal7slp.tv\\\/2025\\\/author\\\/edicionweb\\\/\"}]}<\/script>\n<!-- \/ Yoast SEO plugin. -->","yoast_head_json":{"title":"Mark Carney disuelve el Parlamento y convoca elecciones anticipadas en Canad\u00e1 - Canal 7 SLP - 2025","robots":{"index":"index","follow":"follow","max-snippet":"max-snippet:-1","max-image-preview":"max-image-preview:large","max-video-preview":"max-video-preview:-1"},"canonical":"https:\/\/canal7slp.tv\/2025\/mark-carney-disuelve-el-parlamento-y-convoca-elecciones-anticipadas-en-canada\/","og_locale":"es_ES","og_type":"article","og_title":"Mark Carney disuelve el Parlamento y convoca elecciones anticipadas en Canad\u00e1 - Canal 7 SLP - 2025","og_description":"Ottawa.- El primer ministro de Canad\u00e1, Mark Carney, solicit\u00f3 el 23 de marzo la disoluci\u00f3n del Parlamento a la gobernadora general, Mary Simon, para llevar a cabo elecciones anticipadas el 28 de abril. Carney asumi\u00f3 el cargo el 14 de marzo tras la renuncia de Justin Trudeau y ha decidido adelantar las elecciones en un contexto donde su partido, el Partido Liberal (PL), se perfila como favorito en las encuestas. Seg\u00fan un an\u00e1lisis de CBC, el Partido Liberal cuenta con una intenci\u00f3n de voto del 37.5%, lo que podr\u00eda traducirse en 174 esca\u00f1os en la C\u00e1mara de los Comunes, superando [&hellip;]","og_url":"https:\/\/canal7slp.tv\/2025\/mark-carney-disuelve-el-parlamento-y-convoca-elecciones-anticipadas-en-canada\/","og_site_name":"Canal 7 SLP - 2025","article_publisher":"https:\/\/www.facebook.com\/noticieroscanal7atencionciudadana\/","article_published_time":"2025-03-24T20:37:40+00:00","og_image":[{"width":889,"height":500,"url":"https:\/\/canal7slp.tv\/2025\/wp-content\/uploads\/2025\/03\/05-16.jpg","type":"image\/jpeg"}],"author":"Edici\u00f3n Web","twitter_card":"summary_large_image","twitter_creator":"@NOTICIEROS7","twitter_site":"@NOTICIEROS7","twitter_misc":{"Escrito por":"Edici\u00f3n Web","Tiempo de lectura":"2 minutos"},"schema":{"@context":"https:\/\/schema.org","@graph":[{"@type":"Article","@id":"https:\/\/canal7slp.tv\/2025\/mark-carney-disuelve-el-parlamento-y-convoca-elecciones-anticipadas-en-canada\/#article","isPartOf":{"@id":"https:\/\/canal7slp.tv\/2025\/mark-carney-disuelve-el-parlamento-y-convoca-elecciones-anticipadas-en-canada\/"},"author":{"name":"Edici\u00f3n Web","@id":"https:\/\/canal7slp.tv\/2025\/#\/schema\/person\/271e2b60a96e7cc9d9ac296f4d7e414b"},"headline":"Mark Carney disuelve el Parlamento y convoca elecciones anticipadas en Canad\u00e1","datePublished":"2025-03-24T20:37:40+00:00","mainEntityOfPage":{"@id":"https:\/\/canal7slp.tv\/2025\/mark-carney-disuelve-el-parlamento-y-convoca-elecciones-anticipadas-en-canada\/"},"wordCount":271,"publisher":{"@id":"https:\/\/canal7slp.tv\/2025\/#organization"},"image":{"@id":"https:\/\/canal7slp.tv\/2025\/mark-carney-disuelve-el-parlamento-y-convoca-elecciones-anticipadas-en-canada\/#primaryimage"},"thumbnailUrl":"https:\/\/canal7slp.tv\/2025\/wp-content\/uploads\/2025\/03\/05-16.jpg","articleSection":["INTERNACIONALES"],"inLanguage":"es"},{"@type":"WebPage","@id":"https:\/\/canal7slp.tv\/2025\/mark-carney-disuelve-el-parlamento-y-convoca-elecciones-anticipadas-en-canada\/","url":"https:\/\/canal7slp.tv\/2025\/mark-carney-disuelve-el-parlamento-y-convoca-elecciones-anticipadas-en-canada\/","name":"Mark Carney disuelve el Parlamento y convoca elecciones anticipadas en Canad\u00e1 - Canal 7 SLP - 2025","isPartOf":{"@id":"https:\/\/canal7slp.tv\/2025\/#website"},"primaryImageOfPage":{"@id":"https:\/\/canal7slp.tv\/2025\/mark-carney-disuelve-el-parlamento-y-convoca-elecciones-anticipadas-en-canada\/#primaryimage"},"image":{"@id":"https:\/\/canal7slp.tv\/2025\/mark-carney-disuelve-el-parlamento-y-convoca-elecciones-anticipadas-en-canada\/#primaryimage"},"thumbnailUrl":"https:\/\/canal7slp.tv\/2025\/wp-content\/uploads\/2025\/03\/05-16.jpg","datePublished":"2025-03-24T20:37:40+00:00","breadcrumb":{"@id":"https:\/\/canal7slp.tv\/2025\/mark-carney-disuelve-el-parlamento-y-convoca-elecciones-anticipadas-en-canada\/#breadcrumb"},"inLanguage":"es","potentialAction":[{"@type":"ReadAction","target":["https:\/\/canal7slp.tv\/2025\/mark-carney-disuelve-el-parlamento-y-convoca-elecciones-anticipadas-en-canada\/"]}]},{"@type":"ImageObject","inLanguage":"es","@id":"https:\/\/canal7slp.tv\/2025\/mark-carney-disuelve-el-parlamento-y-convoca-elecciones-anticipadas-en-canada\/#primaryimage","url":"https:\/\/canal7slp.tv\/2025\/wp-content\/uploads\/2025\/03\/05-16.jpg","contentUrl":"https:\/\/canal7slp.tv\/2025\/wp-content\/uploads\/2025\/03\/05-16.jpg","width":889,"height":500},{"@type":"BreadcrumbList","@id":"https:\/\/canal7slp.tv\/2025\/mark-carney-disuelve-el-parlamento-y-convoca-elecciones-anticipadas-en-canada\/#breadcrumb","itemListElement":[{"@type":"ListItem","position":1,"name":"Portada","item":"https:\/\/canal7slp.tv\/2025\/"},{"@type":"ListItem","position":2,"name":"Mark Carney disuelve el Parlamento y convoca elecciones anticipadas en Canad\u00e1"}]},{"@type":"WebSite","@id":"https:\/\/canal7slp.tv\/2025\/#website","url":"https:\/\/canal7slp.tv\/2025\/","name":"N7 - Noticieros Canal 7","description":"Somos el Medio","publisher":{"@id":"https:\/\/canal7slp.tv\/2025\/#organization"},"potentialAction":[{"@type":"SearchAction","target":{"@type":"EntryPoint","urlTemplate":"https:\/\/canal7slp.tv\/2025\/?s={search_term_string}"},"query-input":{"@type":"PropertyValueSpecification","valueRequired":true,"valueName":"search_term_string"}}],"inLanguage":"es"},{"@type":"Organization","@id":"https:\/\/canal7slp.tv\/2025\/#organization","name":"Noticieros Canal 7","url":"https:\/\/canal7slp.tv\/2025\/","logo":{"@type":"ImageObject","inLanguage":"es","@id":"https:\/\/canal7slp.tv\/2025\/#\/schema\/logo\/image\/","url":"https:\/\/canal7slp.tv\/2025\/wp-content\/uploads\/2021\/01\/logo-noticieros@2x.png","contentUrl":"https:\/\/canal7slp.tv\/2025\/wp-content\/uploads\/2021\/01\/logo-noticieros@2x.png","width":1017,"height":268,"caption":"Noticieros Canal 7"},"image":{"@id":"https:\/\/canal7slp.tv\/2025\/#\/schema\/logo\/image\/"},"sameAs":["https:\/\/www.facebook.com\/noticieroscanal7atencionciudadana\/","https:\/\/x.com\/NOTICIEROS7","https:\/\/www.instagram.com\/canal7_slp","https:\/\/www.youtube.com\/channel\/UCliiYs-gP3JfJeqdPrNdd5A"]},{"@type":"Person","@id":"https:\/\/canal7slp.tv\/2025\/#\/schema\/person\/271e2b60a96e7cc9d9ac296f4d7e414b","name":"Edici\u00f3n Web","image":{"@type":"ImageObject","inLanguage":"es","@id":"https:\/\/secure.gravatar.com\/avatar\/eee448fc3f7164808013b816ba91ac7e43bbe82a70bebac296f8bc6f0addaa1a?s=96&d=mm&r=g","url":"https:\/\/secure.gravatar.com\/avatar\/eee448fc3f7164808013b816ba91ac7e43bbe82a70bebac296f8bc6f0addaa1a?s=96&d=mm&r=g","contentUrl":"https:\/\/secure.gravatar.com\/avatar\/eee448fc3f7164808013b816ba91ac7e43bbe82a70bebac296f8bc6f0addaa1a?s=96&d=mm&r=g","caption":"Edici\u00f3n Web"},"url":"https:\/\/canal7slp.tv\/2025\/author\/edicionweb\/"}]}},"_links":{"self":[{"href":"https:\/\/canal7slp.tv\/2025\/wp-json\/wp\/v2\/posts\/161346","targetHints":{"allow":["GET"]}}],"collection":[{"href":"https:\/\/canal7slp.tv\/2025\/wp-json\/wp\/v2\/posts"}],"about":[{"href":"https:\/\/canal7slp.tv\/2025\/wp-json\/wp\/v2\/types\/post"}],"author":[{"embeddable":true,"href":"https:\/\/canal7slp.tv\/2025\/wp-json\/wp\/v2\/users\/2"}],"replies":[{"embeddable":true,"href":"https:\/\/canal7slp.tv\/2025\/wp-json\/wp\/v2\/comments?post=161346"}],"version-history":[{"count":1,"href":"https:\/\/canal7slp.tv\/2025\/wp-json\/wp\/v2\/posts\/161346\/revisions"}],"predecessor-version":[{"id":161348,"href":"https:\/\/canal7slp.tv\/2025\/wp-json\/wp\/v2\/posts\/161346\/revisions\/161348"}],"wp:featuredmedia":[{"embeddable":true,"href":"https:\/\/canal7slp.tv\/2025\/wp-json\/wp\/v2\/media\/161347"}],"wp:attachment":[{"href":"https:\/\/canal7slp.tv\/2025\/wp-json\/wp\/v2\/media?parent=161346"}],"wp:term":[{"taxonomy":"category","embeddable":true,"href":"https:\/\/canal7slp.tv\/2025\/wp-json\/wp\/v2\/categories?post=161346"},{"taxonomy":"post_tag","embeddable":true,"href":"https:\/\/canal7slp.tv\/2025\/wp-json\/wp\/v2\/tags?post=161346"}],"curies":[{"name":"wp","href":"https:\/\/api.w.org\/{rel}","templated":true}]}}