{"id":161325,"date":"2025-03-24T13:45:39","date_gmt":"2025-03-24T19:45:39","guid":{"rendered":"https:\/\/canal7slp.tv\/2025\/?p=161325"},"modified":"2025-03-24T15:51:18","modified_gmt":"2025-03-24T21:51:18","slug":"baja-california-sur-el-estado-con-mayor-obesidad-infantil-nayarit-el-de-mayor-riesgo","status":"publish","type":"post","link":"https:\/\/canal7slp.tv\/2025\/baja-california-sur-el-estado-con-mayor-obesidad-infantil-nayarit-el-de-mayor-riesgo\/","title":{"rendered":"Baja California Sur, el estado con mayor obesidad infantil; Nayarit, el de mayor riesgo"},"content":{"rendered":"<p style=\"text-align: justify;\">M\u00e9xico.- M\u00e9xico enfrenta una crisis nutricional infantil sin precedentes, combatiendo simult\u00e1neamente dos flagelos aparentemente opuestos: la obesidad infantil m\u00e1s alta del mundo y graves \u00edndices de desnutrici\u00f3n.<\/p>\n<p style=\"text-align: justify;\">Un revelador estudio de Save the Children y CEIDON expone esta paradoja a trav\u00e9s del\u00a0Atlas de Riesgos para la Nutrici\u00f3n de la Ni\u00f1ez, herramienta que combina inteligencia artificial con an\u00e1lisis territorial para mapear 139 factores de riesgo.<\/p>\n<p style=\"text-align: justify;\">El diagn\u00f3stico es alarmante: mientras\u00a0Baja California Sur lidera la obesidad infantil (20.8%), superando a Tamaulipas y Jalisco,\u00a0Nayarit registra un riesgo potencial del 99.3%\u00a0de que sus ni\u00f1os desarrollen esta condici\u00f3n.<\/p>\n<p style=\"text-align: justify;\">Paralelamente,\u00a0Yucat\u00e1n, Estado de M\u00e9xico y Quintana Roo\u00a0muestran los peores \u00edndices de desnutrici\u00f3n cr\u00f3nica, con Durango, San Luis Potos\u00ed y Chiapas completando este preocupante panorama.<\/p>\n<p style=\"text-align: justify;\">La radiograf\u00eda va m\u00e1s all\u00e1 de los n\u00fameros.\u00a0Entre 1999 y 2023, la obesidad en ni\u00f1os de 5 a 11 a\u00f1os se duplic\u00f3 (de 9% a 17.5%), tendencia que se vincula con factores como violencia intrafamiliar, bajos ingresos y escasa escolaridad parental.<\/p>\n<p style=\"text-align: justify;\">Ante esto, el Atlas -disponible en plataformas digitales- se erige como br\u00fajula para pol\u00edticas p\u00fablicas, exigiendo acciones concretas contra la violencia familiar y por el derecho a alimentaci\u00f3n digna.<\/p>\n","protected":false},"excerpt":{"rendered":"<p>M\u00e9xico.- M\u00e9xico enfrenta una crisis nutricional infantil sin precedentes, combatiendo simult\u00e1neamente dos flagelos aparentemente opuestos: la obesidad infantil m\u00e1s alta del mundo y graves \u00edndices de desnutrici\u00f3n. Un revelador estudio de Save the Children y CEIDON expone esta paradoja a trav\u00e9s del\u00a0Atlas de Riesgos para la Nutrici\u00f3n de la Ni\u00f1ez, herramienta que combina inteligencia artificial con an\u00e1lisis territorial para mapear 139 factores de riesgo. El diagn\u00f3stico es alarmante: mientras\u00a0Baja California Sur lidera la obesidad infantil (20.8%), superando a Tamaulipas y Jalisco,\u00a0Nayarit registra un riesgo potencial del 99.3%\u00a0de que sus ni\u00f1os desarrollen esta condici\u00f3n. Paralelamente,\u00a0Yucat\u00e1n, Estado de M\u00e9xico y Quintana Roo\u00a0muestran [&hellip;]<\/p>\n","protected":false},"author":2,"featured_media":161326,"comment_status":"closed","ping_status":"closed","sticky":false,"template":"","format":"standard","meta":{"_monsterinsights_skip_tracking":false,"_monsterinsights_sitenote_active":false,"_monsterinsights_sitenote_note":"","_monsterinsights_sitenote_category":0,"footnotes":""},"categories":[46],"tags":[],"class_list":["post-161325","post","type-post","status-publish","format-standard","has-post-thumbnail","hentry","category-nacional","post--single"],"yoast_head":"<!-- This site is optimized with the Yoast SEO plugin v27.5 - https:\/\/yoast.com\/product\/yoast-seo-wordpress\/ -->\n<title>Baja California Sur, el estado con mayor obesidad infantil; Nayarit, el de mayor riesgo - Canal 7 SLP - 2025<\/title>\n<meta name=\"robots\" content=\"index, follow, max-snippet:-1, max-image-preview:large, max-video-preview:-1\" \/>\n<link rel=\"canonical\" href=\"https:\/\/canal7slp.tv\/2025\/baja-california-sur-el-estado-con-mayor-obesidad-infantil-nayarit-el-de-mayor-riesgo\/\" \/>\n<meta property=\"og:locale\" content=\"es_ES\" \/>\n<meta property=\"og:type\" content=\"article\" \/>\n<meta property=\"og:title\" content=\"Baja California Sur, el estado con mayor obesidad infantil; Nayarit, el de mayor riesgo - Canal 7 SLP - 2025\" \/>\n<meta property=\"og:description\" content=\"M\u00e9xico.- M\u00e9xico enfrenta una crisis nutricional infantil sin precedentes, combatiendo simult\u00e1neamente dos flagelos aparentemente opuestos: la obesidad infantil m\u00e1s alta del mundo y graves \u00edndices de desnutrici\u00f3n. Un revelador estudio de Save the Children y CEIDON expone esta paradoja a trav\u00e9s del\u00a0Atlas de Riesgos para la Nutrici\u00f3n de la Ni\u00f1ez, herramienta que combina inteligencia artificial con an\u00e1lisis territorial para mapear 139 factores de riesgo. El diagn\u00f3stico es alarmante: mientras\u00a0Baja California Sur lidera la obesidad infantil (20.8%), superando a Tamaulipas y Jalisco,\u00a0Nayarit registra un riesgo potencial del 99.3%\u00a0de que sus ni\u00f1os desarrollen esta condici\u00f3n. Paralelamente,\u00a0Yucat\u00e1n, Estado de M\u00e9xico y Quintana Roo\u00a0muestran [&hellip;]\" \/>\n<meta property=\"og:url\" content=\"https:\/\/canal7slp.tv\/2025\/baja-california-sur-el-estado-con-mayor-obesidad-infantil-nayarit-el-de-mayor-riesgo\/\" \/>\n<meta property=\"og:site_name\" content=\"Canal 7 SLP - 2025\" \/>\n<meta property=\"article:publisher\" content=\"https:\/\/www.facebook.com\/noticieroscanal7atencionciudadana\/\" \/>\n<meta property=\"article:published_time\" content=\"2025-03-24T19:45:39+00:00\" \/>\n<meta property=\"article:modified_time\" content=\"2025-03-24T21:51:18+00:00\" \/>\n<meta property=\"og:image\" content=\"https:\/\/canal7slp.tv\/2025\/wp-content\/uploads\/2025\/03\/03-15.jpg\" \/>\n\t<meta property=\"og:image:width\" content=\"888\" \/>\n\t<meta property=\"og:image:height\" content=\"500\" \/>\n\t<meta property=\"og:image:type\" content=\"image\/jpeg\" \/>\n<meta name=\"author\" content=\"Edici\u00f3n Web\" \/>\n<meta name=\"twitter:card\" content=\"summary_large_image\" \/>\n<meta name=\"twitter:creator\" content=\"@NOTICIEROS7\" \/>\n<meta name=\"twitter:site\" content=\"@NOTICIEROS7\" \/>\n<meta name=\"twitter:label1\" content=\"Escrito por\" \/>\n\t<meta name=\"twitter:data1\" content=\"Edici\u00f3n Web\" \/>\n\t<meta name=\"twitter:label2\" content=\"Tiempo de lectura\" \/>\n\t<meta name=\"twitter:data2\" content=\"2 minutos\" \/>\n<script type=\"application\/ld+json\" class=\"yoast-schema-graph\">{\"@context\":\"https:\\\/\\\/schema.org\",\"@graph\":[{\"@type\":\"Article\",\"@id\":\"https:\\\/\\\/canal7slp.tv\\\/2025\\\/baja-california-sur-el-estado-con-mayor-obesidad-infantil-nayarit-el-de-mayor-riesgo\\\/#article\",\"isPartOf\":{\"@id\":\"https:\\\/\\\/canal7slp.tv\\\/2025\\\/baja-california-sur-el-estado-con-mayor-obesidad-infantil-nayarit-el-de-mayor-riesgo\\\/\"},\"author\":{\"name\":\"Edici\u00f3n Web\",\"@id\":\"https:\\\/\\\/canal7slp.tv\\\/2025\\\/#\\\/schema\\\/person\\\/271e2b60a96e7cc9d9ac296f4d7e414b\"},\"headline\":\"Baja California Sur, el estado con mayor obesidad infantil; Nayarit, el de mayor riesgo\",\"datePublished\":\"2025-03-24T19:45:39+00:00\",\"dateModified\":\"2025-03-24T21:51:18+00:00\",\"mainEntityOfPage\":{\"@id\":\"https:\\\/\\\/canal7slp.tv\\\/2025\\\/baja-california-sur-el-estado-con-mayor-obesidad-infantil-nayarit-el-de-mayor-riesgo\\\/\"},\"wordCount\":225,\"publisher\":{\"@id\":\"https:\\\/\\\/canal7slp.tv\\\/2025\\\/#organization\"},\"image\":{\"@id\":\"https:\\\/\\\/canal7slp.tv\\\/2025\\\/baja-california-sur-el-estado-con-mayor-obesidad-infantil-nayarit-el-de-mayor-riesgo\\\/#primaryimage\"},\"thumbnailUrl\":\"https:\\\/\\\/canal7slp.tv\\\/2025\\\/wp-content\\\/uploads\\\/2025\\\/03\\\/03-15.jpg\",\"articleSection\":[\"NACIONALES\"],\"inLanguage\":\"es\"},{\"@type\":\"WebPage\",\"@id\":\"https:\\\/\\\/canal7slp.tv\\\/2025\\\/baja-california-sur-el-estado-con-mayor-obesidad-infantil-nayarit-el-de-mayor-riesgo\\\/\",\"url\":\"https:\\\/\\\/canal7slp.tv\\\/2025\\\/baja-california-sur-el-estado-con-mayor-obesidad-infantil-nayarit-el-de-mayor-riesgo\\\/\",\"name\":\"Baja California Sur, el estado con mayor obesidad infantil; Nayarit, el de mayor riesgo - Canal 7 SLP - 2025\",\"isPartOf\":{\"@id\":\"https:\\\/\\\/canal7slp.tv\\\/2025\\\/#website\"},\"primaryImageOfPage\":{\"@id\":\"https:\\\/\\\/canal7slp.tv\\\/2025\\\/baja-california-sur-el-estado-con-mayor-obesidad-infantil-nayarit-el-de-mayor-riesgo\\\/#primaryimage\"},\"image\":{\"@id\":\"https:\\\/\\\/canal7slp.tv\\\/2025\\\/baja-california-sur-el-estado-con-mayor-obesidad-infantil-nayarit-el-de-mayor-riesgo\\\/#primaryimage\"},\"thumbnailUrl\":\"https:\\\/\\\/canal7slp.tv\\\/2025\\\/wp-content\\\/uploads\\\/2025\\\/03\\\/03-15.jpg\",\"datePublished\":\"2025-03-24T19:45:39+00:00\",\"dateModified\":\"2025-03-24T21:51:18+00:00\",\"breadcrumb\":{\"@id\":\"https:\\\/\\\/canal7slp.tv\\\/2025\\\/baja-california-sur-el-estado-con-mayor-obesidad-infantil-nayarit-el-de-mayor-riesgo\\\/#breadcrumb\"},\"inLanguage\":\"es\",\"potentialAction\":[{\"@type\":\"ReadAction\",\"target\":[\"https:\\\/\\\/canal7slp.tv\\\/2025\\\/baja-california-sur-el-estado-con-mayor-obesidad-infantil-nayarit-el-de-mayor-riesgo\\\/\"]}]},{\"@type\":\"ImageObject\",\"inLanguage\":\"es\",\"@id\":\"https:\\\/\\\/canal7slp.tv\\\/2025\\\/baja-california-sur-el-estado-con-mayor-obesidad-infantil-nayarit-el-de-mayor-riesgo\\\/#primaryimage\",\"url\":\"https:\\\/\\\/canal7slp.tv\\\/2025\\\/wp-content\\\/uploads\\\/2025\\\/03\\\/03-15.jpg\",\"contentUrl\":\"https:\\\/\\\/canal7slp.tv\\\/2025\\\/wp-content\\\/uploads\\\/2025\\\/03\\\/03-15.jpg\",\"width\":888,\"height\":500},{\"@type\":\"BreadcrumbList\",\"@id\":\"https:\\\/\\\/canal7slp.tv\\\/2025\\\/baja-california-sur-el-estado-con-mayor-obesidad-infantil-nayarit-el-de-mayor-riesgo\\\/#breadcrumb\",\"itemListElement\":[{\"@type\":\"ListItem\",\"position\":1,\"name\":\"Portada\",\"item\":\"https:\\\/\\\/canal7slp.tv\\\/2025\\\/\"},{\"@type\":\"ListItem\",\"position\":2,\"name\":\"Baja California Sur, el estado con mayor obesidad infantil; Nayarit, el de mayor riesgo\"}]},{\"@type\":\"WebSite\",\"@id\":\"https:\\\/\\\/canal7slp.tv\\\/2025\\\/#website\",\"url\":\"https:\\\/\\\/canal7slp.tv\\\/2025\\\/\",\"name\":\"N7 - Noticieros Canal 7\",\"description\":\"Somos el Medio\",\"publisher\":{\"@id\":\"https:\\\/\\\/canal7slp.tv\\\/2025\\\/#organization\"},\"potentialAction\":[{\"@type\":\"SearchAction\",\"target\":{\"@type\":\"EntryPoint\",\"urlTemplate\":\"https:\\\/\\\/canal7slp.tv\\\/2025\\\/?s={search_term_string}\"},\"query-input\":{\"@type\":\"PropertyValueSpecification\",\"valueRequired\":true,\"valueName\":\"search_term_string\"}}],\"inLanguage\":\"es\"},{\"@type\":\"Organization\",\"@id\":\"https:\\\/\\\/canal7slp.tv\\\/2025\\\/#organization\",\"name\":\"Noticieros Canal 7\",\"url\":\"https:\\\/\\\/canal7slp.tv\\\/2025\\\/\",\"logo\":{\"@type\":\"ImageObject\",\"inLanguage\":\"es\",\"@id\":\"https:\\\/\\\/canal7slp.tv\\\/2025\\\/#\\\/schema\\\/logo\\\/image\\\/\",\"url\":\"https:\\\/\\\/canal7slp.tv\\\/2025\\\/wp-content\\\/uploads\\\/2021\\\/01\\\/logo-noticieros@2x.png\",\"contentUrl\":\"https:\\\/\\\/canal7slp.tv\\\/2025\\\/wp-content\\\/uploads\\\/2021\\\/01\\\/logo-noticieros@2x.png\",\"width\":1017,\"height\":268,\"caption\":\"Noticieros Canal 7\"},\"image\":{\"@id\":\"https:\\\/\\\/canal7slp.tv\\\/2025\\\/#\\\/schema\\\/logo\\\/image\\\/\"},\"sameAs\":[\"https:\\\/\\\/www.facebook.com\\\/noticieroscanal7atencionciudadana\\\/\",\"https:\\\/\\\/x.com\\\/NOTICIEROS7\",\"https:\\\/\\\/www.instagram.com\\\/canal7_slp\",\"https:\\\/\\\/www.youtube.com\\\/channel\\\/UCliiYs-gP3JfJeqdPrNdd5A\"]},{\"@type\":\"Person\",\"@id\":\"https:\\\/\\\/canal7slp.tv\\\/2025\\\/#\\\/schema\\\/person\\\/271e2b60a96e7cc9d9ac296f4d7e414b\",\"name\":\"Edici\u00f3n Web\",\"image\":{\"@type\":\"ImageObject\",\"inLanguage\":\"es\",\"@id\":\"https:\\\/\\\/secure.gravatar.com\\\/avatar\\\/eee448fc3f7164808013b816ba91ac7e43bbe82a70bebac296f8bc6f0addaa1a?s=96&d=mm&r=g\",\"url\":\"https:\\\/\\\/secure.gravatar.com\\\/avatar\\\/eee448fc3f7164808013b816ba91ac7e43bbe82a70bebac296f8bc6f0addaa1a?s=96&d=mm&r=g\",\"contentUrl\":\"https:\\\/\\\/secure.gravatar.com\\\/avatar\\\/eee448fc3f7164808013b816ba91ac7e43bbe82a70bebac296f8bc6f0addaa1a?s=96&d=mm&r=g\",\"caption\":\"Edici\u00f3n Web\"},\"url\":\"https:\\\/\\\/canal7slp.tv\\\/2025\\\/author\\\/edicionweb\\\/\"}]}<\/script>\n<!-- \/ Yoast SEO plugin. -->","yoast_head_json":{"title":"Baja California Sur, el estado con mayor obesidad infantil; Nayarit, el de mayor riesgo - Canal 7 SLP - 2025","robots":{"index":"index","follow":"follow","max-snippet":"max-snippet:-1","max-image-preview":"max-image-preview:large","max-video-preview":"max-video-preview:-1"},"canonical":"https:\/\/canal7slp.tv\/2025\/baja-california-sur-el-estado-con-mayor-obesidad-infantil-nayarit-el-de-mayor-riesgo\/","og_locale":"es_ES","og_type":"article","og_title":"Baja California Sur, el estado con mayor obesidad infantil; Nayarit, el de mayor riesgo - Canal 7 SLP - 2025","og_description":"M\u00e9xico.- M\u00e9xico enfrenta una crisis nutricional infantil sin precedentes, combatiendo simult\u00e1neamente dos flagelos aparentemente opuestos: la obesidad infantil m\u00e1s alta del mundo y graves \u00edndices de desnutrici\u00f3n. Un revelador estudio de Save the Children y CEIDON expone esta paradoja a trav\u00e9s del\u00a0Atlas de Riesgos para la Nutrici\u00f3n de la Ni\u00f1ez, herramienta que combina inteligencia artificial con an\u00e1lisis territorial para mapear 139 factores de riesgo. El diagn\u00f3stico es alarmante: mientras\u00a0Baja California Sur lidera la obesidad infantil (20.8%), superando a Tamaulipas y Jalisco,\u00a0Nayarit registra un riesgo potencial del 99.3%\u00a0de que sus ni\u00f1os desarrollen esta condici\u00f3n. Paralelamente,\u00a0Yucat\u00e1n, Estado de M\u00e9xico y Quintana Roo\u00a0muestran [&hellip;]","og_url":"https:\/\/canal7slp.tv\/2025\/baja-california-sur-el-estado-con-mayor-obesidad-infantil-nayarit-el-de-mayor-riesgo\/","og_site_name":"Canal 7 SLP - 2025","article_publisher":"https:\/\/www.facebook.com\/noticieroscanal7atencionciudadana\/","article_published_time":"2025-03-24T19:45:39+00:00","article_modified_time":"2025-03-24T21:51:18+00:00","og_image":[{"width":888,"height":500,"url":"https:\/\/canal7slp.tv\/2025\/wp-content\/uploads\/2025\/03\/03-15.jpg","type":"image\/jpeg"}],"author":"Edici\u00f3n Web","twitter_card":"summary_large_image","twitter_creator":"@NOTICIEROS7","twitter_site":"@NOTICIEROS7","twitter_misc":{"Escrito por":"Edici\u00f3n Web","Tiempo de lectura":"2 minutos"},"schema":{"@context":"https:\/\/schema.org","@graph":[{"@type":"Article","@id":"https:\/\/canal7slp.tv\/2025\/baja-california-sur-el-estado-con-mayor-obesidad-infantil-nayarit-el-de-mayor-riesgo\/#article","isPartOf":{"@id":"https:\/\/canal7slp.tv\/2025\/baja-california-sur-el-estado-con-mayor-obesidad-infantil-nayarit-el-de-mayor-riesgo\/"},"author":{"name":"Edici\u00f3n Web","@id":"https:\/\/canal7slp.tv\/2025\/#\/schema\/person\/271e2b60a96e7cc9d9ac296f4d7e414b"},"headline":"Baja California Sur, el estado con mayor obesidad infantil; Nayarit, el de mayor riesgo","datePublished":"2025-03-24T19:45:39+00:00","dateModified":"2025-03-24T21:51:18+00:00","mainEntityOfPage":{"@id":"https:\/\/canal7slp.tv\/2025\/baja-california-sur-el-estado-con-mayor-obesidad-infantil-nayarit-el-de-mayor-riesgo\/"},"wordCount":225,"publisher":{"@id":"https:\/\/canal7slp.tv\/2025\/#organization"},"image":{"@id":"https:\/\/canal7slp.tv\/2025\/baja-california-sur-el-estado-con-mayor-obesidad-infantil-nayarit-el-de-mayor-riesgo\/#primaryimage"},"thumbnailUrl":"https:\/\/canal7slp.tv\/2025\/wp-content\/uploads\/2025\/03\/03-15.jpg","articleSection":["NACIONALES"],"inLanguage":"es"},{"@type":"WebPage","@id":"https:\/\/canal7slp.tv\/2025\/baja-california-sur-el-estado-con-mayor-obesidad-infantil-nayarit-el-de-mayor-riesgo\/","url":"https:\/\/canal7slp.tv\/2025\/baja-california-sur-el-estado-con-mayor-obesidad-infantil-nayarit-el-de-mayor-riesgo\/","name":"Baja California Sur, el estado con mayor obesidad infantil; Nayarit, el de mayor riesgo - Canal 7 SLP - 2025","isPartOf":{"@id":"https:\/\/canal7slp.tv\/2025\/#website"},"primaryImageOfPage":{"@id":"https:\/\/canal7slp.tv\/2025\/baja-california-sur-el-estado-con-mayor-obesidad-infantil-nayarit-el-de-mayor-riesgo\/#primaryimage"},"image":{"@id":"https:\/\/canal7slp.tv\/2025\/baja-california-sur-el-estado-con-mayor-obesidad-infantil-nayarit-el-de-mayor-riesgo\/#primaryimage"},"thumbnailUrl":"https:\/\/canal7slp.tv\/2025\/wp-content\/uploads\/2025\/03\/03-15.jpg","datePublished":"2025-03-24T19:45:39+00:00","dateModified":"2025-03-24T21:51:18+00:00","breadcrumb":{"@id":"https:\/\/canal7slp.tv\/2025\/baja-california-sur-el-estado-con-mayor-obesidad-infantil-nayarit-el-de-mayor-riesgo\/#breadcrumb"},"inLanguage":"es","potentialAction":[{"@type":"ReadAction","target":["https:\/\/canal7slp.tv\/2025\/baja-california-sur-el-estado-con-mayor-obesidad-infantil-nayarit-el-de-mayor-riesgo\/"]}]},{"@type":"ImageObject","inLanguage":"es","@id":"https:\/\/canal7slp.tv\/2025\/baja-california-sur-el-estado-con-mayor-obesidad-infantil-nayarit-el-de-mayor-riesgo\/#primaryimage","url":"https:\/\/canal7slp.tv\/2025\/wp-content\/uploads\/2025\/03\/03-15.jpg","contentUrl":"https:\/\/canal7slp.tv\/2025\/wp-content\/uploads\/2025\/03\/03-15.jpg","width":888,"height":500},{"@type":"BreadcrumbList","@id":"https:\/\/canal7slp.tv\/2025\/baja-california-sur-el-estado-con-mayor-obesidad-infantil-nayarit-el-de-mayor-riesgo\/#breadcrumb","itemListElement":[{"@type":"ListItem","position":1,"name":"Portada","item":"https:\/\/canal7slp.tv\/2025\/"},{"@type":"ListItem","position":2,"name":"Baja California Sur, el estado con mayor obesidad infantil; Nayarit, el de mayor riesgo"}]},{"@type":"WebSite","@id":"https:\/\/canal7slp.tv\/2025\/#website","url":"https:\/\/canal7slp.tv\/2025\/","name":"N7 - Noticieros Canal 7","description":"Somos el Medio","publisher":{"@id":"https:\/\/canal7slp.tv\/2025\/#organization"},"potentialAction":[{"@type":"SearchAction","target":{"@type":"EntryPoint","urlTemplate":"https:\/\/canal7slp.tv\/2025\/?s={search_term_string}"},"query-input":{"@type":"PropertyValueSpecification","valueRequired":true,"valueName":"search_term_string"}}],"inLanguage":"es"},{"@type":"Organization","@id":"https:\/\/canal7slp.tv\/2025\/#organization","name":"Noticieros Canal 7","url":"https:\/\/canal7slp.tv\/2025\/","logo":{"@type":"ImageObject","inLanguage":"es","@id":"https:\/\/canal7slp.tv\/2025\/#\/schema\/logo\/image\/","url":"https:\/\/canal7slp.tv\/2025\/wp-content\/uploads\/2021\/01\/logo-noticieros@2x.png","contentUrl":"https:\/\/canal7slp.tv\/2025\/wp-content\/uploads\/2021\/01\/logo-noticieros@2x.png","width":1017,"height":268,"caption":"Noticieros Canal 7"},"image":{"@id":"https:\/\/canal7slp.tv\/2025\/#\/schema\/logo\/image\/"},"sameAs":["https:\/\/www.facebook.com\/noticieroscanal7atencionciudadana\/","https:\/\/x.com\/NOTICIEROS7","https:\/\/www.instagram.com\/canal7_slp","https:\/\/www.youtube.com\/channel\/UCliiYs-gP3JfJeqdPrNdd5A"]},{"@type":"Person","@id":"https:\/\/canal7slp.tv\/2025\/#\/schema\/person\/271e2b60a96e7cc9d9ac296f4d7e414b","name":"Edici\u00f3n Web","image":{"@type":"ImageObject","inLanguage":"es","@id":"https:\/\/secure.gravatar.com\/avatar\/eee448fc3f7164808013b816ba91ac7e43bbe82a70bebac296f8bc6f0addaa1a?s=96&d=mm&r=g","url":"https:\/\/secure.gravatar.com\/avatar\/eee448fc3f7164808013b816ba91ac7e43bbe82a70bebac296f8bc6f0addaa1a?s=96&d=mm&r=g","contentUrl":"https:\/\/secure.gravatar.com\/avatar\/eee448fc3f7164808013b816ba91ac7e43bbe82a70bebac296f8bc6f0addaa1a?s=96&d=mm&r=g","caption":"Edici\u00f3n Web"},"url":"https:\/\/canal7slp.tv\/2025\/author\/edicionweb\/"}]}},"_links":{"self":[{"href":"https:\/\/canal7slp.tv\/2025\/wp-json\/wp\/v2\/posts\/161325","targetHints":{"allow":["GET"]}}],"collection":[{"href":"https:\/\/canal7slp.tv\/2025\/wp-json\/wp\/v2\/posts"}],"about":[{"href":"https:\/\/canal7slp.tv\/2025\/wp-json\/wp\/v2\/types\/post"}],"author":[{"embeddable":true,"href":"https:\/\/canal7slp.tv\/2025\/wp-json\/wp\/v2\/users\/2"}],"replies":[{"embeddable":true,"href":"https:\/\/canal7slp.tv\/2025\/wp-json\/wp\/v2\/comments?post=161325"}],"version-history":[{"count":2,"href":"https:\/\/canal7slp.tv\/2025\/wp-json\/wp\/v2\/posts\/161325\/revisions"}],"predecessor-version":[{"id":161369,"href":"https:\/\/canal7slp.tv\/2025\/wp-json\/wp\/v2\/posts\/161325\/revisions\/161369"}],"wp:featuredmedia":[{"embeddable":true,"href":"https:\/\/canal7slp.tv\/2025\/wp-json\/wp\/v2\/media\/161326"}],"wp:attachment":[{"href":"https:\/\/canal7slp.tv\/2025\/wp-json\/wp\/v2\/media?parent=161325"}],"wp:term":[{"taxonomy":"category","embeddable":true,"href":"https:\/\/canal7slp.tv\/2025\/wp-json\/wp\/v2\/categories?post=161325"},{"taxonomy":"post_tag","embeddable":true,"href":"https:\/\/canal7slp.tv\/2025\/wp-json\/wp\/v2\/tags?post=161325"}],"curies":[{"name":"wp","href":"https:\/\/api.w.org\/{rel}","templated":true}]}}