{"id":161322,"date":"2025-03-24T13:24:26","date_gmt":"2025-03-24T19:24:26","guid":{"rendered":"https:\/\/canal7slp.tv\/2025\/?p=161322"},"modified":"2025-03-24T13:24:45","modified_gmt":"2025-03-24T19:24:45","slug":"interpol-emite-ficha-roja-contra-silvano-aureoles-por-desfalco-millonario","status":"publish","type":"post","link":"https:\/\/canal7slp.tv\/2025\/interpol-emite-ficha-roja-contra-silvano-aureoles-por-desfalco-millonario\/","title":{"rendered":"Interpol emite ficha roja contra Silvano Aureoles por desfalco millonario"},"content":{"rendered":"<p style=\"text-align: justify;\">M\u00e9xico.- Interpol busca al exgobernador de Michoac\u00e1n, Silvano Aureoles, por un presunto desfalco de tres mil 400 millones de pesos durante su administraci\u00f3n.<\/p>\n<p style=\"text-align: justify;\">El gobernador Alfredo Ram\u00edrez Bedolla confirm\u00f3 que la Fiscal\u00eda General de la Rep\u00fablica (FGR) ya judicializ\u00f3 el caso por delitos como peculado y asociaci\u00f3n delictuosa, vinculados a contratos irregulares con la empresa Inmobiliaria DyF.<\/p>\n<p style=\"text-align: justify;\">Hasta ahora, cuatro exfuncionarios cercanos a Aureoles han sido detenidos, mientras que otros colaboradores \u2013incluidos exsecretarios de Seguridad P\u00fablica y el exdirector de Adquisiciones\u2013 tambi\u00e9n son buscados con fichas rojas.<\/p>\n<p style=\"text-align: justify;\">El exmandatario, cuya ubicaci\u00f3n se desconoce pero se presume fuera de M\u00e9xico, enfrenta adem\u00e1s acusaciones por enriquecimiento il\u00edcito.<\/p>\n<p style=\"text-align: justify;\">Ram\u00edrez Bedolla aclar\u00f3 que el amparo concedido al exsecretario de Finanzas, Carlos \u00abN\u00bb, solo le permite comunicaci\u00f3n externa y no representa su liberaci\u00f3n, calific\u00e1ndolo como un \u00abamparo patito\u00bb sin impacto en el proceso judicial.<\/p>\n<p style=\"text-align: justify;\">La audiencia inicial para los detenidos est\u00e1 programada para el 7 de junio.<\/p>\n<p style=\"text-align: justify;\">El gobernador insisti\u00f3 en que las acusaciones responden a delitos graves que afectaron las finanzas p\u00fablicas, descartando motivaciones pol\u00edticas.<\/p>\n","protected":false},"excerpt":{"rendered":"<p>M\u00e9xico.- Interpol busca al exgobernador de Michoac\u00e1n, Silvano Aureoles, por un presunto desfalco de tres mil 400 millones de pesos durante su administraci\u00f3n. El gobernador Alfredo Ram\u00edrez Bedolla confirm\u00f3 que la Fiscal\u00eda General de la Rep\u00fablica (FGR) ya judicializ\u00f3 el caso por delitos como peculado y asociaci\u00f3n delictuosa, vinculados a contratos irregulares con la empresa Inmobiliaria DyF. Hasta ahora, cuatro exfuncionarios cercanos a Aureoles han sido detenidos, mientras que otros colaboradores \u2013incluidos exsecretarios de Seguridad P\u00fablica y el exdirector de Adquisiciones\u2013 tambi\u00e9n son buscados con fichas rojas. El exmandatario, cuya ubicaci\u00f3n se desconoce pero se presume fuera de M\u00e9xico, enfrenta [&hellip;]<\/p>\n","protected":false},"author":2,"featured_media":161323,"comment_status":"closed","ping_status":"closed","sticky":false,"template":"","format":"standard","meta":{"_monsterinsights_skip_tracking":false,"_monsterinsights_sitenote_active":false,"_monsterinsights_sitenote_note":"","_monsterinsights_sitenote_category":0,"footnotes":""},"categories":[46],"tags":[],"class_list":["post-161322","post","type-post","status-publish","format-standard","has-post-thumbnail","hentry","category-nacional","post--single"],"yoast_head":"<!-- This site is optimized with the Yoast SEO plugin v27.5 - https:\/\/yoast.com\/product\/yoast-seo-wordpress\/ -->\n<title>Interpol emite ficha roja contra Silvano Aureoles por desfalco millonario - Canal 7 SLP - 2025<\/title>\n<meta name=\"robots\" content=\"index, follow, max-snippet:-1, max-image-preview:large, max-video-preview:-1\" \/>\n<link rel=\"canonical\" href=\"https:\/\/canal7slp.tv\/2025\/interpol-emite-ficha-roja-contra-silvano-aureoles-por-desfalco-millonario\/\" \/>\n<meta property=\"og:locale\" content=\"es_ES\" \/>\n<meta property=\"og:type\" content=\"article\" \/>\n<meta property=\"og:title\" content=\"Interpol emite ficha roja contra Silvano Aureoles por desfalco millonario - Canal 7 SLP - 2025\" \/>\n<meta property=\"og:description\" content=\"M\u00e9xico.- Interpol busca al exgobernador de Michoac\u00e1n, Silvano Aureoles, por un presunto desfalco de tres mil 400 millones de pesos durante su administraci\u00f3n. El gobernador Alfredo Ram\u00edrez Bedolla confirm\u00f3 que la Fiscal\u00eda General de la Rep\u00fablica (FGR) ya judicializ\u00f3 el caso por delitos como peculado y asociaci\u00f3n delictuosa, vinculados a contratos irregulares con la empresa Inmobiliaria DyF. Hasta ahora, cuatro exfuncionarios cercanos a Aureoles han sido detenidos, mientras que otros colaboradores \u2013incluidos exsecretarios de Seguridad P\u00fablica y el exdirector de Adquisiciones\u2013 tambi\u00e9n son buscados con fichas rojas. El exmandatario, cuya ubicaci\u00f3n se desconoce pero se presume fuera de M\u00e9xico, enfrenta [&hellip;]\" \/>\n<meta property=\"og:url\" content=\"https:\/\/canal7slp.tv\/2025\/interpol-emite-ficha-roja-contra-silvano-aureoles-por-desfalco-millonario\/\" \/>\n<meta property=\"og:site_name\" content=\"Canal 7 SLP - 2025\" \/>\n<meta property=\"article:publisher\" content=\"https:\/\/www.facebook.com\/noticieroscanal7atencionciudadana\/\" \/>\n<meta property=\"article:published_time\" content=\"2025-03-24T19:24:26+00:00\" \/>\n<meta property=\"article:modified_time\" content=\"2025-03-24T19:24:45+00:00\" \/>\n<meta property=\"og:image\" content=\"https:\/\/canal7slp.tv\/2025\/wp-content\/uploads\/2025\/03\/02-16.jpg\" \/>\n\t<meta property=\"og:image:width\" content=\"888\" \/>\n\t<meta property=\"og:image:height\" content=\"500\" \/>\n\t<meta property=\"og:image:type\" content=\"image\/jpeg\" \/>\n<meta name=\"author\" content=\"Edici\u00f3n Web\" \/>\n<meta name=\"twitter:card\" content=\"summary_large_image\" \/>\n<meta name=\"twitter:creator\" content=\"@NOTICIEROS7\" \/>\n<meta name=\"twitter:site\" content=\"@NOTICIEROS7\" \/>\n<meta name=\"twitter:label1\" content=\"Escrito por\" \/>\n\t<meta name=\"twitter:data1\" content=\"Edici\u00f3n Web\" \/>\n\t<meta name=\"twitter:label2\" content=\"Tiempo de lectura\" \/>\n\t<meta name=\"twitter:data2\" content=\"1 minuto\" \/>\n<script type=\"application\/ld+json\" class=\"yoast-schema-graph\">{\"@context\":\"https:\\\/\\\/schema.org\",\"@graph\":[{\"@type\":\"Article\",\"@id\":\"https:\\\/\\\/canal7slp.tv\\\/2025\\\/interpol-emite-ficha-roja-contra-silvano-aureoles-por-desfalco-millonario\\\/#article\",\"isPartOf\":{\"@id\":\"https:\\\/\\\/canal7slp.tv\\\/2025\\\/interpol-emite-ficha-roja-contra-silvano-aureoles-por-desfalco-millonario\\\/\"},\"author\":{\"name\":\"Edici\u00f3n Web\",\"@id\":\"https:\\\/\\\/canal7slp.tv\\\/2025\\\/#\\\/schema\\\/person\\\/271e2b60a96e7cc9d9ac296f4d7e414b\"},\"headline\":\"Interpol emite ficha roja contra Silvano Aureoles por desfalco millonario\",\"datePublished\":\"2025-03-24T19:24:26+00:00\",\"dateModified\":\"2025-03-24T19:24:45+00:00\",\"mainEntityOfPage\":{\"@id\":\"https:\\\/\\\/canal7slp.tv\\\/2025\\\/interpol-emite-ficha-roja-contra-silvano-aureoles-por-desfalco-millonario\\\/\"},\"wordCount\":199,\"publisher\":{\"@id\":\"https:\\\/\\\/canal7slp.tv\\\/2025\\\/#organization\"},\"image\":{\"@id\":\"https:\\\/\\\/canal7slp.tv\\\/2025\\\/interpol-emite-ficha-roja-contra-silvano-aureoles-por-desfalco-millonario\\\/#primaryimage\"},\"thumbnailUrl\":\"https:\\\/\\\/canal7slp.tv\\\/2025\\\/wp-content\\\/uploads\\\/2025\\\/03\\\/02-16.jpg\",\"articleSection\":[\"NACIONALES\"],\"inLanguage\":\"es\"},{\"@type\":\"WebPage\",\"@id\":\"https:\\\/\\\/canal7slp.tv\\\/2025\\\/interpol-emite-ficha-roja-contra-silvano-aureoles-por-desfalco-millonario\\\/\",\"url\":\"https:\\\/\\\/canal7slp.tv\\\/2025\\\/interpol-emite-ficha-roja-contra-silvano-aureoles-por-desfalco-millonario\\\/\",\"name\":\"Interpol emite ficha roja contra Silvano Aureoles por desfalco millonario - Canal 7 SLP - 2025\",\"isPartOf\":{\"@id\":\"https:\\\/\\\/canal7slp.tv\\\/2025\\\/#website\"},\"primaryImageOfPage\":{\"@id\":\"https:\\\/\\\/canal7slp.tv\\\/2025\\\/interpol-emite-ficha-roja-contra-silvano-aureoles-por-desfalco-millonario\\\/#primaryimage\"},\"image\":{\"@id\":\"https:\\\/\\\/canal7slp.tv\\\/2025\\\/interpol-emite-ficha-roja-contra-silvano-aureoles-por-desfalco-millonario\\\/#primaryimage\"},\"thumbnailUrl\":\"https:\\\/\\\/canal7slp.tv\\\/2025\\\/wp-content\\\/uploads\\\/2025\\\/03\\\/02-16.jpg\",\"datePublished\":\"2025-03-24T19:24:26+00:00\",\"dateModified\":\"2025-03-24T19:24:45+00:00\",\"breadcrumb\":{\"@id\":\"https:\\\/\\\/canal7slp.tv\\\/2025\\\/interpol-emite-ficha-roja-contra-silvano-aureoles-por-desfalco-millonario\\\/#breadcrumb\"},\"inLanguage\":\"es\",\"potentialAction\":[{\"@type\":\"ReadAction\",\"target\":[\"https:\\\/\\\/canal7slp.tv\\\/2025\\\/interpol-emite-ficha-roja-contra-silvano-aureoles-por-desfalco-millonario\\\/\"]}]},{\"@type\":\"ImageObject\",\"inLanguage\":\"es\",\"@id\":\"https:\\\/\\\/canal7slp.tv\\\/2025\\\/interpol-emite-ficha-roja-contra-silvano-aureoles-por-desfalco-millonario\\\/#primaryimage\",\"url\":\"https:\\\/\\\/canal7slp.tv\\\/2025\\\/wp-content\\\/uploads\\\/2025\\\/03\\\/02-16.jpg\",\"contentUrl\":\"https:\\\/\\\/canal7slp.tv\\\/2025\\\/wp-content\\\/uploads\\\/2025\\\/03\\\/02-16.jpg\",\"width\":888,\"height\":500},{\"@type\":\"BreadcrumbList\",\"@id\":\"https:\\\/\\\/canal7slp.tv\\\/2025\\\/interpol-emite-ficha-roja-contra-silvano-aureoles-por-desfalco-millonario\\\/#breadcrumb\",\"itemListElement\":[{\"@type\":\"ListItem\",\"position\":1,\"name\":\"Portada\",\"item\":\"https:\\\/\\\/canal7slp.tv\\\/2025\\\/\"},{\"@type\":\"ListItem\",\"position\":2,\"name\":\"Interpol emite ficha roja contra Silvano Aureoles por desfalco millonario\"}]},{\"@type\":\"WebSite\",\"@id\":\"https:\\\/\\\/canal7slp.tv\\\/2025\\\/#website\",\"url\":\"https:\\\/\\\/canal7slp.tv\\\/2025\\\/\",\"name\":\"N7 - Noticieros Canal 7\",\"description\":\"Somos el Medio\",\"publisher\":{\"@id\":\"https:\\\/\\\/canal7slp.tv\\\/2025\\\/#organization\"},\"potentialAction\":[{\"@type\":\"SearchAction\",\"target\":{\"@type\":\"EntryPoint\",\"urlTemplate\":\"https:\\\/\\\/canal7slp.tv\\\/2025\\\/?s={search_term_string}\"},\"query-input\":{\"@type\":\"PropertyValueSpecification\",\"valueRequired\":true,\"valueName\":\"search_term_string\"}}],\"inLanguage\":\"es\"},{\"@type\":\"Organization\",\"@id\":\"https:\\\/\\\/canal7slp.tv\\\/2025\\\/#organization\",\"name\":\"Noticieros Canal 7\",\"url\":\"https:\\\/\\\/canal7slp.tv\\\/2025\\\/\",\"logo\":{\"@type\":\"ImageObject\",\"inLanguage\":\"es\",\"@id\":\"https:\\\/\\\/canal7slp.tv\\\/2025\\\/#\\\/schema\\\/logo\\\/image\\\/\",\"url\":\"https:\\\/\\\/canal7slp.tv\\\/2025\\\/wp-content\\\/uploads\\\/2021\\\/01\\\/logo-noticieros@2x.png\",\"contentUrl\":\"https:\\\/\\\/canal7slp.tv\\\/2025\\\/wp-content\\\/uploads\\\/2021\\\/01\\\/logo-noticieros@2x.png\",\"width\":1017,\"height\":268,\"caption\":\"Noticieros Canal 7\"},\"image\":{\"@id\":\"https:\\\/\\\/canal7slp.tv\\\/2025\\\/#\\\/schema\\\/logo\\\/image\\\/\"},\"sameAs\":[\"https:\\\/\\\/www.facebook.com\\\/noticieroscanal7atencionciudadana\\\/\",\"https:\\\/\\\/x.com\\\/NOTICIEROS7\",\"https:\\\/\\\/www.instagram.com\\\/canal7_slp\",\"https:\\\/\\\/www.youtube.com\\\/channel\\\/UCliiYs-gP3JfJeqdPrNdd5A\"]},{\"@type\":\"Person\",\"@id\":\"https:\\\/\\\/canal7slp.tv\\\/2025\\\/#\\\/schema\\\/person\\\/271e2b60a96e7cc9d9ac296f4d7e414b\",\"name\":\"Edici\u00f3n Web\",\"image\":{\"@type\":\"ImageObject\",\"inLanguage\":\"es\",\"@id\":\"https:\\\/\\\/secure.gravatar.com\\\/avatar\\\/eee448fc3f7164808013b816ba91ac7e43bbe82a70bebac296f8bc6f0addaa1a?s=96&d=mm&r=g\",\"url\":\"https:\\\/\\\/secure.gravatar.com\\\/avatar\\\/eee448fc3f7164808013b816ba91ac7e43bbe82a70bebac296f8bc6f0addaa1a?s=96&d=mm&r=g\",\"contentUrl\":\"https:\\\/\\\/secure.gravatar.com\\\/avatar\\\/eee448fc3f7164808013b816ba91ac7e43bbe82a70bebac296f8bc6f0addaa1a?s=96&d=mm&r=g\",\"caption\":\"Edici\u00f3n Web\"},\"url\":\"https:\\\/\\\/canal7slp.tv\\\/2025\\\/author\\\/edicionweb\\\/\"}]}<\/script>\n<!-- \/ Yoast SEO plugin. -->","yoast_head_json":{"title":"Interpol emite ficha roja contra Silvano Aureoles por desfalco millonario - Canal 7 SLP - 2025","robots":{"index":"index","follow":"follow","max-snippet":"max-snippet:-1","max-image-preview":"max-image-preview:large","max-video-preview":"max-video-preview:-1"},"canonical":"https:\/\/canal7slp.tv\/2025\/interpol-emite-ficha-roja-contra-silvano-aureoles-por-desfalco-millonario\/","og_locale":"es_ES","og_type":"article","og_title":"Interpol emite ficha roja contra Silvano Aureoles por desfalco millonario - Canal 7 SLP - 2025","og_description":"M\u00e9xico.- Interpol busca al exgobernador de Michoac\u00e1n, Silvano Aureoles, por un presunto desfalco de tres mil 400 millones de pesos durante su administraci\u00f3n. El gobernador Alfredo Ram\u00edrez Bedolla confirm\u00f3 que la Fiscal\u00eda General de la Rep\u00fablica (FGR) ya judicializ\u00f3 el caso por delitos como peculado y asociaci\u00f3n delictuosa, vinculados a contratos irregulares con la empresa Inmobiliaria DyF. Hasta ahora, cuatro exfuncionarios cercanos a Aureoles han sido detenidos, mientras que otros colaboradores \u2013incluidos exsecretarios de Seguridad P\u00fablica y el exdirector de Adquisiciones\u2013 tambi\u00e9n son buscados con fichas rojas. El exmandatario, cuya ubicaci\u00f3n se desconoce pero se presume fuera de M\u00e9xico, enfrenta [&hellip;]","og_url":"https:\/\/canal7slp.tv\/2025\/interpol-emite-ficha-roja-contra-silvano-aureoles-por-desfalco-millonario\/","og_site_name":"Canal 7 SLP - 2025","article_publisher":"https:\/\/www.facebook.com\/noticieroscanal7atencionciudadana\/","article_published_time":"2025-03-24T19:24:26+00:00","article_modified_time":"2025-03-24T19:24:45+00:00","og_image":[{"width":888,"height":500,"url":"https:\/\/canal7slp.tv\/2025\/wp-content\/uploads\/2025\/03\/02-16.jpg","type":"image\/jpeg"}],"author":"Edici\u00f3n Web","twitter_card":"summary_large_image","twitter_creator":"@NOTICIEROS7","twitter_site":"@NOTICIEROS7","twitter_misc":{"Escrito por":"Edici\u00f3n Web","Tiempo de lectura":"1 minuto"},"schema":{"@context":"https:\/\/schema.org","@graph":[{"@type":"Article","@id":"https:\/\/canal7slp.tv\/2025\/interpol-emite-ficha-roja-contra-silvano-aureoles-por-desfalco-millonario\/#article","isPartOf":{"@id":"https:\/\/canal7slp.tv\/2025\/interpol-emite-ficha-roja-contra-silvano-aureoles-por-desfalco-millonario\/"},"author":{"name":"Edici\u00f3n Web","@id":"https:\/\/canal7slp.tv\/2025\/#\/schema\/person\/271e2b60a96e7cc9d9ac296f4d7e414b"},"headline":"Interpol emite ficha roja contra Silvano Aureoles por desfalco millonario","datePublished":"2025-03-24T19:24:26+00:00","dateModified":"2025-03-24T19:24:45+00:00","mainEntityOfPage":{"@id":"https:\/\/canal7slp.tv\/2025\/interpol-emite-ficha-roja-contra-silvano-aureoles-por-desfalco-millonario\/"},"wordCount":199,"publisher":{"@id":"https:\/\/canal7slp.tv\/2025\/#organization"},"image":{"@id":"https:\/\/canal7slp.tv\/2025\/interpol-emite-ficha-roja-contra-silvano-aureoles-por-desfalco-millonario\/#primaryimage"},"thumbnailUrl":"https:\/\/canal7slp.tv\/2025\/wp-content\/uploads\/2025\/03\/02-16.jpg","articleSection":["NACIONALES"],"inLanguage":"es"},{"@type":"WebPage","@id":"https:\/\/canal7slp.tv\/2025\/interpol-emite-ficha-roja-contra-silvano-aureoles-por-desfalco-millonario\/","url":"https:\/\/canal7slp.tv\/2025\/interpol-emite-ficha-roja-contra-silvano-aureoles-por-desfalco-millonario\/","name":"Interpol emite ficha roja contra Silvano Aureoles por desfalco millonario - Canal 7 SLP - 2025","isPartOf":{"@id":"https:\/\/canal7slp.tv\/2025\/#website"},"primaryImageOfPage":{"@id":"https:\/\/canal7slp.tv\/2025\/interpol-emite-ficha-roja-contra-silvano-aureoles-por-desfalco-millonario\/#primaryimage"},"image":{"@id":"https:\/\/canal7slp.tv\/2025\/interpol-emite-ficha-roja-contra-silvano-aureoles-por-desfalco-millonario\/#primaryimage"},"thumbnailUrl":"https:\/\/canal7slp.tv\/2025\/wp-content\/uploads\/2025\/03\/02-16.jpg","datePublished":"2025-03-24T19:24:26+00:00","dateModified":"2025-03-24T19:24:45+00:00","breadcrumb":{"@id":"https:\/\/canal7slp.tv\/2025\/interpol-emite-ficha-roja-contra-silvano-aureoles-por-desfalco-millonario\/#breadcrumb"},"inLanguage":"es","potentialAction":[{"@type":"ReadAction","target":["https:\/\/canal7slp.tv\/2025\/interpol-emite-ficha-roja-contra-silvano-aureoles-por-desfalco-millonario\/"]}]},{"@type":"ImageObject","inLanguage":"es","@id":"https:\/\/canal7slp.tv\/2025\/interpol-emite-ficha-roja-contra-silvano-aureoles-por-desfalco-millonario\/#primaryimage","url":"https:\/\/canal7slp.tv\/2025\/wp-content\/uploads\/2025\/03\/02-16.jpg","contentUrl":"https:\/\/canal7slp.tv\/2025\/wp-content\/uploads\/2025\/03\/02-16.jpg","width":888,"height":500},{"@type":"BreadcrumbList","@id":"https:\/\/canal7slp.tv\/2025\/interpol-emite-ficha-roja-contra-silvano-aureoles-por-desfalco-millonario\/#breadcrumb","itemListElement":[{"@type":"ListItem","position":1,"name":"Portada","item":"https:\/\/canal7slp.tv\/2025\/"},{"@type":"ListItem","position":2,"name":"Interpol emite ficha roja contra Silvano Aureoles por desfalco millonario"}]},{"@type":"WebSite","@id":"https:\/\/canal7slp.tv\/2025\/#website","url":"https:\/\/canal7slp.tv\/2025\/","name":"N7 - Noticieros Canal 7","description":"Somos el Medio","publisher":{"@id":"https:\/\/canal7slp.tv\/2025\/#organization"},"potentialAction":[{"@type":"SearchAction","target":{"@type":"EntryPoint","urlTemplate":"https:\/\/canal7slp.tv\/2025\/?s={search_term_string}"},"query-input":{"@type":"PropertyValueSpecification","valueRequired":true,"valueName":"search_term_string"}}],"inLanguage":"es"},{"@type":"Organization","@id":"https:\/\/canal7slp.tv\/2025\/#organization","name":"Noticieros Canal 7","url":"https:\/\/canal7slp.tv\/2025\/","logo":{"@type":"ImageObject","inLanguage":"es","@id":"https:\/\/canal7slp.tv\/2025\/#\/schema\/logo\/image\/","url":"https:\/\/canal7slp.tv\/2025\/wp-content\/uploads\/2021\/01\/logo-noticieros@2x.png","contentUrl":"https:\/\/canal7slp.tv\/2025\/wp-content\/uploads\/2021\/01\/logo-noticieros@2x.png","width":1017,"height":268,"caption":"Noticieros Canal 7"},"image":{"@id":"https:\/\/canal7slp.tv\/2025\/#\/schema\/logo\/image\/"},"sameAs":["https:\/\/www.facebook.com\/noticieroscanal7atencionciudadana\/","https:\/\/x.com\/NOTICIEROS7","https:\/\/www.instagram.com\/canal7_slp","https:\/\/www.youtube.com\/channel\/UCliiYs-gP3JfJeqdPrNdd5A"]},{"@type":"Person","@id":"https:\/\/canal7slp.tv\/2025\/#\/schema\/person\/271e2b60a96e7cc9d9ac296f4d7e414b","name":"Edici\u00f3n Web","image":{"@type":"ImageObject","inLanguage":"es","@id":"https:\/\/secure.gravatar.com\/avatar\/eee448fc3f7164808013b816ba91ac7e43bbe82a70bebac296f8bc6f0addaa1a?s=96&d=mm&r=g","url":"https:\/\/secure.gravatar.com\/avatar\/eee448fc3f7164808013b816ba91ac7e43bbe82a70bebac296f8bc6f0addaa1a?s=96&d=mm&r=g","contentUrl":"https:\/\/secure.gravatar.com\/avatar\/eee448fc3f7164808013b816ba91ac7e43bbe82a70bebac296f8bc6f0addaa1a?s=96&d=mm&r=g","caption":"Edici\u00f3n Web"},"url":"https:\/\/canal7slp.tv\/2025\/author\/edicionweb\/"}]}},"_links":{"self":[{"href":"https:\/\/canal7slp.tv\/2025\/wp-json\/wp\/v2\/posts\/161322","targetHints":{"allow":["GET"]}}],"collection":[{"href":"https:\/\/canal7slp.tv\/2025\/wp-json\/wp\/v2\/posts"}],"about":[{"href":"https:\/\/canal7slp.tv\/2025\/wp-json\/wp\/v2\/types\/post"}],"author":[{"embeddable":true,"href":"https:\/\/canal7slp.tv\/2025\/wp-json\/wp\/v2\/users\/2"}],"replies":[{"embeddable":true,"href":"https:\/\/canal7slp.tv\/2025\/wp-json\/wp\/v2\/comments?post=161322"}],"version-history":[{"count":1,"href":"https:\/\/canal7slp.tv\/2025\/wp-json\/wp\/v2\/posts\/161322\/revisions"}],"predecessor-version":[{"id":161324,"href":"https:\/\/canal7slp.tv\/2025\/wp-json\/wp\/v2\/posts\/161322\/revisions\/161324"}],"wp:featuredmedia":[{"embeddable":true,"href":"https:\/\/canal7slp.tv\/2025\/wp-json\/wp\/v2\/media\/161323"}],"wp:attachment":[{"href":"https:\/\/canal7slp.tv\/2025\/wp-json\/wp\/v2\/media?parent=161322"}],"wp:term":[{"taxonomy":"category","embeddable":true,"href":"https:\/\/canal7slp.tv\/2025\/wp-json\/wp\/v2\/categories?post=161322"},{"taxonomy":"post_tag","embeddable":true,"href":"https:\/\/canal7slp.tv\/2025\/wp-json\/wp\/v2\/tags?post=161322"}],"curies":[{"name":"wp","href":"https:\/\/api.w.org\/{rel}","templated":true}]}}