{"id":161276,"date":"2025-03-23T09:25:37","date_gmt":"2025-03-23T15:25:37","guid":{"rendered":"https:\/\/canal7slp.tv\/2025\/?p=161276"},"modified":"2025-03-23T09:25:37","modified_gmt":"2025-03-23T15:25:37","slug":"el-papa-francisco-sale-del-hospital-y-pide-un-alto-al-fuego-en-gaza","status":"publish","type":"post","link":"https:\/\/canal7slp.tv\/2025\/el-papa-francisco-sale-del-hospital-y-pide-un-alto-al-fuego-en-gaza\/","title":{"rendered":"El Papa Francisco sale del hospital y pide un alto al fuego en Gaza"},"content":{"rendered":"<p style=\"text-align: justify;\">Roma.- El Papa Francisco fue dado de alta tras permanecer 38 d\u00edas hospitalizado en el Policl\u00ednico Gemelli de Roma por una grave infecci\u00f3n respiratoria. En su primera aparici\u00f3n p\u00fablica, el Pont\u00edfice se asom\u00f3 a una ventana para agradecer a la multitud y expres\u00f3 su tristeza por los bombardeos en Gaza, pidiendo un alto el fuego definitivo.<\/p>\n<p style=\"text-align: justify;\">A pesar de su fr\u00e1gil salud, Francisco salud\u00f3 a los fieles desde su veh\u00edculo mientras recib\u00eda aplausos y v\u00edtores. Hizo una parada inesperada en la Iglesia de Santa Mar\u00eda La Mayor para dejar un ramo de flores en agradecimiento a la Virgen, antes de regresar a la Casa de Santa Marta en el Vaticano.<\/p>\n<p style=\"text-align: justify;\">Durante su hospitalizaci\u00f3n, el Papa enfrent\u00f3 bronquitis y neumon\u00eda bilateral, lo que debilit\u00f3 su voz y limit\u00f3 su capacidad para hablar. Su mensaje del \u00c1ngelus fue difundido por escrito, donde reiter\u00f3 su preocupaci\u00f3n por Gaza y la necesidad de un compromiso internacional para detener la violencia. Tambi\u00e9n celebr\u00f3 el acuerdo de paz entre Armenia y Azerbaiy\u00e1n e hizo un llamado por el fin de los conflictos en Ucrania, Palestina, Israel y otras regiones.<\/p>\n<p style=\"text-align: justify;\">Francisco concluy\u00f3 agradeciendo a quienes rezaron por su recuperaci\u00f3n y record\u00f3 la importancia de la paciencia durante su tiempo en el hospital.<\/p>\n","protected":false},"excerpt":{"rendered":"<p>Roma.- El Papa Francisco fue dado de alta tras permanecer 38 d\u00edas hospitalizado en el Policl\u00ednico Gemelli de Roma por una grave infecci\u00f3n respiratoria. En su primera aparici\u00f3n p\u00fablica, el Pont\u00edfice se asom\u00f3 a una ventana para agradecer a la multitud y expres\u00f3 su tristeza por los bombardeos en Gaza, pidiendo un alto el fuego definitivo. A pesar de su fr\u00e1gil salud, Francisco salud\u00f3 a los fieles desde su veh\u00edculo mientras recib\u00eda aplausos y v\u00edtores. Hizo una parada inesperada en la Iglesia de Santa Mar\u00eda La Mayor para dejar un ramo de flores en agradecimiento a la Virgen, antes de [&hellip;]<\/p>\n","protected":false},"author":2,"featured_media":161277,"comment_status":"closed","ping_status":"closed","sticky":false,"template":"","format":"standard","meta":{"_monsterinsights_skip_tracking":false,"_monsterinsights_sitenote_active":false,"_monsterinsights_sitenote_note":"","_monsterinsights_sitenote_category":0,"footnotes":""},"categories":[44],"tags":[],"class_list":["post-161276","post","type-post","status-publish","format-standard","has-post-thumbnail","hentry","category-internacional","post--single"],"yoast_head":"<!-- This site is optimized with the Yoast SEO plugin v27.5 - https:\/\/yoast.com\/product\/yoast-seo-wordpress\/ -->\n<title>El Papa Francisco sale del hospital y pide un alto al fuego en Gaza - Canal 7 SLP - 2025<\/title>\n<meta name=\"robots\" content=\"index, follow, max-snippet:-1, max-image-preview:large, max-video-preview:-1\" \/>\n<link rel=\"canonical\" href=\"https:\/\/canal7slp.tv\/2025\/el-papa-francisco-sale-del-hospital-y-pide-un-alto-al-fuego-en-gaza\/\" \/>\n<meta property=\"og:locale\" content=\"es_ES\" \/>\n<meta property=\"og:type\" content=\"article\" \/>\n<meta property=\"og:title\" content=\"El Papa Francisco sale del hospital y pide un alto al fuego en Gaza - Canal 7 SLP - 2025\" \/>\n<meta property=\"og:description\" content=\"Roma.- El Papa Francisco fue dado de alta tras permanecer 38 d\u00edas hospitalizado en el Policl\u00ednico Gemelli de Roma por una grave infecci\u00f3n respiratoria. En su primera aparici\u00f3n p\u00fablica, el Pont\u00edfice se asom\u00f3 a una ventana para agradecer a la multitud y expres\u00f3 su tristeza por los bombardeos en Gaza, pidiendo un alto el fuego definitivo. A pesar de su fr\u00e1gil salud, Francisco salud\u00f3 a los fieles desde su veh\u00edculo mientras recib\u00eda aplausos y v\u00edtores. Hizo una parada inesperada en la Iglesia de Santa Mar\u00eda La Mayor para dejar un ramo de flores en agradecimiento a la Virgen, antes de [&hellip;]\" \/>\n<meta property=\"og:url\" content=\"https:\/\/canal7slp.tv\/2025\/el-papa-francisco-sale-del-hospital-y-pide-un-alto-al-fuego-en-gaza\/\" \/>\n<meta property=\"og:site_name\" content=\"Canal 7 SLP - 2025\" \/>\n<meta property=\"article:publisher\" content=\"https:\/\/www.facebook.com\/noticieroscanal7atencionciudadana\/\" \/>\n<meta property=\"article:published_time\" content=\"2025-03-23T15:25:37+00:00\" \/>\n<meta property=\"og:image\" content=\"https:\/\/canal7slp.tv\/2025\/wp-content\/uploads\/2025\/03\/02-15.jpg\" \/>\n\t<meta property=\"og:image:width\" content=\"785\" \/>\n\t<meta property=\"og:image:height\" content=\"500\" \/>\n\t<meta property=\"og:image:type\" content=\"image\/jpeg\" \/>\n<meta name=\"author\" content=\"Edici\u00f3n Web\" \/>\n<meta name=\"twitter:card\" content=\"summary_large_image\" \/>\n<meta name=\"twitter:creator\" content=\"@NOTICIEROS7\" \/>\n<meta name=\"twitter:site\" content=\"@NOTICIEROS7\" \/>\n<meta name=\"twitter:label1\" content=\"Escrito por\" \/>\n\t<meta name=\"twitter:data1\" content=\"Edici\u00f3n Web\" \/>\n\t<meta name=\"twitter:label2\" content=\"Tiempo de lectura\" \/>\n\t<meta name=\"twitter:data2\" content=\"2 minutos\" \/>\n<script type=\"application\/ld+json\" class=\"yoast-schema-graph\">{\"@context\":\"https:\\\/\\\/schema.org\",\"@graph\":[{\"@type\":\"Article\",\"@id\":\"https:\\\/\\\/canal7slp.tv\\\/2025\\\/el-papa-francisco-sale-del-hospital-y-pide-un-alto-al-fuego-en-gaza\\\/#article\",\"isPartOf\":{\"@id\":\"https:\\\/\\\/canal7slp.tv\\\/2025\\\/el-papa-francisco-sale-del-hospital-y-pide-un-alto-al-fuego-en-gaza\\\/\"},\"author\":{\"name\":\"Edici\u00f3n Web\",\"@id\":\"https:\\\/\\\/canal7slp.tv\\\/2025\\\/#\\\/schema\\\/person\\\/271e2b60a96e7cc9d9ac296f4d7e414b\"},\"headline\":\"El Papa Francisco sale del hospital y pide un alto al fuego en Gaza\",\"datePublished\":\"2025-03-23T15:25:37+00:00\",\"mainEntityOfPage\":{\"@id\":\"https:\\\/\\\/canal7slp.tv\\\/2025\\\/el-papa-francisco-sale-del-hospital-y-pide-un-alto-al-fuego-en-gaza\\\/\"},\"wordCount\":236,\"publisher\":{\"@id\":\"https:\\\/\\\/canal7slp.tv\\\/2025\\\/#organization\"},\"image\":{\"@id\":\"https:\\\/\\\/canal7slp.tv\\\/2025\\\/el-papa-francisco-sale-del-hospital-y-pide-un-alto-al-fuego-en-gaza\\\/#primaryimage\"},\"thumbnailUrl\":\"https:\\\/\\\/canal7slp.tv\\\/2025\\\/wp-content\\\/uploads\\\/2025\\\/03\\\/02-15.jpg\",\"articleSection\":[\"INTERNACIONALES\"],\"inLanguage\":\"es\"},{\"@type\":\"WebPage\",\"@id\":\"https:\\\/\\\/canal7slp.tv\\\/2025\\\/el-papa-francisco-sale-del-hospital-y-pide-un-alto-al-fuego-en-gaza\\\/\",\"url\":\"https:\\\/\\\/canal7slp.tv\\\/2025\\\/el-papa-francisco-sale-del-hospital-y-pide-un-alto-al-fuego-en-gaza\\\/\",\"name\":\"El Papa Francisco sale del hospital y pide un alto al fuego en Gaza - Canal 7 SLP - 2025\",\"isPartOf\":{\"@id\":\"https:\\\/\\\/canal7slp.tv\\\/2025\\\/#website\"},\"primaryImageOfPage\":{\"@id\":\"https:\\\/\\\/canal7slp.tv\\\/2025\\\/el-papa-francisco-sale-del-hospital-y-pide-un-alto-al-fuego-en-gaza\\\/#primaryimage\"},\"image\":{\"@id\":\"https:\\\/\\\/canal7slp.tv\\\/2025\\\/el-papa-francisco-sale-del-hospital-y-pide-un-alto-al-fuego-en-gaza\\\/#primaryimage\"},\"thumbnailUrl\":\"https:\\\/\\\/canal7slp.tv\\\/2025\\\/wp-content\\\/uploads\\\/2025\\\/03\\\/02-15.jpg\",\"datePublished\":\"2025-03-23T15:25:37+00:00\",\"breadcrumb\":{\"@id\":\"https:\\\/\\\/canal7slp.tv\\\/2025\\\/el-papa-francisco-sale-del-hospital-y-pide-un-alto-al-fuego-en-gaza\\\/#breadcrumb\"},\"inLanguage\":\"es\",\"potentialAction\":[{\"@type\":\"ReadAction\",\"target\":[\"https:\\\/\\\/canal7slp.tv\\\/2025\\\/el-papa-francisco-sale-del-hospital-y-pide-un-alto-al-fuego-en-gaza\\\/\"]}]},{\"@type\":\"ImageObject\",\"inLanguage\":\"es\",\"@id\":\"https:\\\/\\\/canal7slp.tv\\\/2025\\\/el-papa-francisco-sale-del-hospital-y-pide-un-alto-al-fuego-en-gaza\\\/#primaryimage\",\"url\":\"https:\\\/\\\/canal7slp.tv\\\/2025\\\/wp-content\\\/uploads\\\/2025\\\/03\\\/02-15.jpg\",\"contentUrl\":\"https:\\\/\\\/canal7slp.tv\\\/2025\\\/wp-content\\\/uploads\\\/2025\\\/03\\\/02-15.jpg\",\"width\":785,\"height\":500},{\"@type\":\"BreadcrumbList\",\"@id\":\"https:\\\/\\\/canal7slp.tv\\\/2025\\\/el-papa-francisco-sale-del-hospital-y-pide-un-alto-al-fuego-en-gaza\\\/#breadcrumb\",\"itemListElement\":[{\"@type\":\"ListItem\",\"position\":1,\"name\":\"Portada\",\"item\":\"https:\\\/\\\/canal7slp.tv\\\/2025\\\/\"},{\"@type\":\"ListItem\",\"position\":2,\"name\":\"El Papa Francisco sale del hospital y pide un alto al fuego en Gaza\"}]},{\"@type\":\"WebSite\",\"@id\":\"https:\\\/\\\/canal7slp.tv\\\/2025\\\/#website\",\"url\":\"https:\\\/\\\/canal7slp.tv\\\/2025\\\/\",\"name\":\"N7 - Noticieros Canal 7\",\"description\":\"Somos el Medio\",\"publisher\":{\"@id\":\"https:\\\/\\\/canal7slp.tv\\\/2025\\\/#organization\"},\"potentialAction\":[{\"@type\":\"SearchAction\",\"target\":{\"@type\":\"EntryPoint\",\"urlTemplate\":\"https:\\\/\\\/canal7slp.tv\\\/2025\\\/?s={search_term_string}\"},\"query-input\":{\"@type\":\"PropertyValueSpecification\",\"valueRequired\":true,\"valueName\":\"search_term_string\"}}],\"inLanguage\":\"es\"},{\"@type\":\"Organization\",\"@id\":\"https:\\\/\\\/canal7slp.tv\\\/2025\\\/#organization\",\"name\":\"Noticieros Canal 7\",\"url\":\"https:\\\/\\\/canal7slp.tv\\\/2025\\\/\",\"logo\":{\"@type\":\"ImageObject\",\"inLanguage\":\"es\",\"@id\":\"https:\\\/\\\/canal7slp.tv\\\/2025\\\/#\\\/schema\\\/logo\\\/image\\\/\",\"url\":\"https:\\\/\\\/canal7slp.tv\\\/2025\\\/wp-content\\\/uploads\\\/2021\\\/01\\\/logo-noticieros@2x.png\",\"contentUrl\":\"https:\\\/\\\/canal7slp.tv\\\/2025\\\/wp-content\\\/uploads\\\/2021\\\/01\\\/logo-noticieros@2x.png\",\"width\":1017,\"height\":268,\"caption\":\"Noticieros Canal 7\"},\"image\":{\"@id\":\"https:\\\/\\\/canal7slp.tv\\\/2025\\\/#\\\/schema\\\/logo\\\/image\\\/\"},\"sameAs\":[\"https:\\\/\\\/www.facebook.com\\\/noticieroscanal7atencionciudadana\\\/\",\"https:\\\/\\\/x.com\\\/NOTICIEROS7\",\"https:\\\/\\\/www.instagram.com\\\/canal7_slp\",\"https:\\\/\\\/www.youtube.com\\\/channel\\\/UCliiYs-gP3JfJeqdPrNdd5A\"]},{\"@type\":\"Person\",\"@id\":\"https:\\\/\\\/canal7slp.tv\\\/2025\\\/#\\\/schema\\\/person\\\/271e2b60a96e7cc9d9ac296f4d7e414b\",\"name\":\"Edici\u00f3n Web\",\"image\":{\"@type\":\"ImageObject\",\"inLanguage\":\"es\",\"@id\":\"https:\\\/\\\/secure.gravatar.com\\\/avatar\\\/eee448fc3f7164808013b816ba91ac7e43bbe82a70bebac296f8bc6f0addaa1a?s=96&d=mm&r=g\",\"url\":\"https:\\\/\\\/secure.gravatar.com\\\/avatar\\\/eee448fc3f7164808013b816ba91ac7e43bbe82a70bebac296f8bc6f0addaa1a?s=96&d=mm&r=g\",\"contentUrl\":\"https:\\\/\\\/secure.gravatar.com\\\/avatar\\\/eee448fc3f7164808013b816ba91ac7e43bbe82a70bebac296f8bc6f0addaa1a?s=96&d=mm&r=g\",\"caption\":\"Edici\u00f3n Web\"},\"url\":\"https:\\\/\\\/canal7slp.tv\\\/2025\\\/author\\\/edicionweb\\\/\"}]}<\/script>\n<!-- \/ Yoast SEO plugin. -->","yoast_head_json":{"title":"El Papa Francisco sale del hospital y pide un alto al fuego en Gaza - Canal 7 SLP - 2025","robots":{"index":"index","follow":"follow","max-snippet":"max-snippet:-1","max-image-preview":"max-image-preview:large","max-video-preview":"max-video-preview:-1"},"canonical":"https:\/\/canal7slp.tv\/2025\/el-papa-francisco-sale-del-hospital-y-pide-un-alto-al-fuego-en-gaza\/","og_locale":"es_ES","og_type":"article","og_title":"El Papa Francisco sale del hospital y pide un alto al fuego en Gaza - Canal 7 SLP - 2025","og_description":"Roma.- El Papa Francisco fue dado de alta tras permanecer 38 d\u00edas hospitalizado en el Policl\u00ednico Gemelli de Roma por una grave infecci\u00f3n respiratoria. En su primera aparici\u00f3n p\u00fablica, el Pont\u00edfice se asom\u00f3 a una ventana para agradecer a la multitud y expres\u00f3 su tristeza por los bombardeos en Gaza, pidiendo un alto el fuego definitivo. A pesar de su fr\u00e1gil salud, Francisco salud\u00f3 a los fieles desde su veh\u00edculo mientras recib\u00eda aplausos y v\u00edtores. Hizo una parada inesperada en la Iglesia de Santa Mar\u00eda La Mayor para dejar un ramo de flores en agradecimiento a la Virgen, antes de [&hellip;]","og_url":"https:\/\/canal7slp.tv\/2025\/el-papa-francisco-sale-del-hospital-y-pide-un-alto-al-fuego-en-gaza\/","og_site_name":"Canal 7 SLP - 2025","article_publisher":"https:\/\/www.facebook.com\/noticieroscanal7atencionciudadana\/","article_published_time":"2025-03-23T15:25:37+00:00","og_image":[{"width":785,"height":500,"url":"https:\/\/canal7slp.tv\/2025\/wp-content\/uploads\/2025\/03\/02-15.jpg","type":"image\/jpeg"}],"author":"Edici\u00f3n Web","twitter_card":"summary_large_image","twitter_creator":"@NOTICIEROS7","twitter_site":"@NOTICIEROS7","twitter_misc":{"Escrito por":"Edici\u00f3n Web","Tiempo de lectura":"2 minutos"},"schema":{"@context":"https:\/\/schema.org","@graph":[{"@type":"Article","@id":"https:\/\/canal7slp.tv\/2025\/el-papa-francisco-sale-del-hospital-y-pide-un-alto-al-fuego-en-gaza\/#article","isPartOf":{"@id":"https:\/\/canal7slp.tv\/2025\/el-papa-francisco-sale-del-hospital-y-pide-un-alto-al-fuego-en-gaza\/"},"author":{"name":"Edici\u00f3n Web","@id":"https:\/\/canal7slp.tv\/2025\/#\/schema\/person\/271e2b60a96e7cc9d9ac296f4d7e414b"},"headline":"El Papa Francisco sale del hospital y pide un alto al fuego en Gaza","datePublished":"2025-03-23T15:25:37+00:00","mainEntityOfPage":{"@id":"https:\/\/canal7slp.tv\/2025\/el-papa-francisco-sale-del-hospital-y-pide-un-alto-al-fuego-en-gaza\/"},"wordCount":236,"publisher":{"@id":"https:\/\/canal7slp.tv\/2025\/#organization"},"image":{"@id":"https:\/\/canal7slp.tv\/2025\/el-papa-francisco-sale-del-hospital-y-pide-un-alto-al-fuego-en-gaza\/#primaryimage"},"thumbnailUrl":"https:\/\/canal7slp.tv\/2025\/wp-content\/uploads\/2025\/03\/02-15.jpg","articleSection":["INTERNACIONALES"],"inLanguage":"es"},{"@type":"WebPage","@id":"https:\/\/canal7slp.tv\/2025\/el-papa-francisco-sale-del-hospital-y-pide-un-alto-al-fuego-en-gaza\/","url":"https:\/\/canal7slp.tv\/2025\/el-papa-francisco-sale-del-hospital-y-pide-un-alto-al-fuego-en-gaza\/","name":"El Papa Francisco sale del hospital y pide un alto al fuego en Gaza - Canal 7 SLP - 2025","isPartOf":{"@id":"https:\/\/canal7slp.tv\/2025\/#website"},"primaryImageOfPage":{"@id":"https:\/\/canal7slp.tv\/2025\/el-papa-francisco-sale-del-hospital-y-pide-un-alto-al-fuego-en-gaza\/#primaryimage"},"image":{"@id":"https:\/\/canal7slp.tv\/2025\/el-papa-francisco-sale-del-hospital-y-pide-un-alto-al-fuego-en-gaza\/#primaryimage"},"thumbnailUrl":"https:\/\/canal7slp.tv\/2025\/wp-content\/uploads\/2025\/03\/02-15.jpg","datePublished":"2025-03-23T15:25:37+00:00","breadcrumb":{"@id":"https:\/\/canal7slp.tv\/2025\/el-papa-francisco-sale-del-hospital-y-pide-un-alto-al-fuego-en-gaza\/#breadcrumb"},"inLanguage":"es","potentialAction":[{"@type":"ReadAction","target":["https:\/\/canal7slp.tv\/2025\/el-papa-francisco-sale-del-hospital-y-pide-un-alto-al-fuego-en-gaza\/"]}]},{"@type":"ImageObject","inLanguage":"es","@id":"https:\/\/canal7slp.tv\/2025\/el-papa-francisco-sale-del-hospital-y-pide-un-alto-al-fuego-en-gaza\/#primaryimage","url":"https:\/\/canal7slp.tv\/2025\/wp-content\/uploads\/2025\/03\/02-15.jpg","contentUrl":"https:\/\/canal7slp.tv\/2025\/wp-content\/uploads\/2025\/03\/02-15.jpg","width":785,"height":500},{"@type":"BreadcrumbList","@id":"https:\/\/canal7slp.tv\/2025\/el-papa-francisco-sale-del-hospital-y-pide-un-alto-al-fuego-en-gaza\/#breadcrumb","itemListElement":[{"@type":"ListItem","position":1,"name":"Portada","item":"https:\/\/canal7slp.tv\/2025\/"},{"@type":"ListItem","position":2,"name":"El Papa Francisco sale del hospital y pide un alto al fuego en Gaza"}]},{"@type":"WebSite","@id":"https:\/\/canal7slp.tv\/2025\/#website","url":"https:\/\/canal7slp.tv\/2025\/","name":"N7 - Noticieros Canal 7","description":"Somos el Medio","publisher":{"@id":"https:\/\/canal7slp.tv\/2025\/#organization"},"potentialAction":[{"@type":"SearchAction","target":{"@type":"EntryPoint","urlTemplate":"https:\/\/canal7slp.tv\/2025\/?s={search_term_string}"},"query-input":{"@type":"PropertyValueSpecification","valueRequired":true,"valueName":"search_term_string"}}],"inLanguage":"es"},{"@type":"Organization","@id":"https:\/\/canal7slp.tv\/2025\/#organization","name":"Noticieros Canal 7","url":"https:\/\/canal7slp.tv\/2025\/","logo":{"@type":"ImageObject","inLanguage":"es","@id":"https:\/\/canal7slp.tv\/2025\/#\/schema\/logo\/image\/","url":"https:\/\/canal7slp.tv\/2025\/wp-content\/uploads\/2021\/01\/logo-noticieros@2x.png","contentUrl":"https:\/\/canal7slp.tv\/2025\/wp-content\/uploads\/2021\/01\/logo-noticieros@2x.png","width":1017,"height":268,"caption":"Noticieros Canal 7"},"image":{"@id":"https:\/\/canal7slp.tv\/2025\/#\/schema\/logo\/image\/"},"sameAs":["https:\/\/www.facebook.com\/noticieroscanal7atencionciudadana\/","https:\/\/x.com\/NOTICIEROS7","https:\/\/www.instagram.com\/canal7_slp","https:\/\/www.youtube.com\/channel\/UCliiYs-gP3JfJeqdPrNdd5A"]},{"@type":"Person","@id":"https:\/\/canal7slp.tv\/2025\/#\/schema\/person\/271e2b60a96e7cc9d9ac296f4d7e414b","name":"Edici\u00f3n Web","image":{"@type":"ImageObject","inLanguage":"es","@id":"https:\/\/secure.gravatar.com\/avatar\/eee448fc3f7164808013b816ba91ac7e43bbe82a70bebac296f8bc6f0addaa1a?s=96&d=mm&r=g","url":"https:\/\/secure.gravatar.com\/avatar\/eee448fc3f7164808013b816ba91ac7e43bbe82a70bebac296f8bc6f0addaa1a?s=96&d=mm&r=g","contentUrl":"https:\/\/secure.gravatar.com\/avatar\/eee448fc3f7164808013b816ba91ac7e43bbe82a70bebac296f8bc6f0addaa1a?s=96&d=mm&r=g","caption":"Edici\u00f3n Web"},"url":"https:\/\/canal7slp.tv\/2025\/author\/edicionweb\/"}]}},"_links":{"self":[{"href":"https:\/\/canal7slp.tv\/2025\/wp-json\/wp\/v2\/posts\/161276","targetHints":{"allow":["GET"]}}],"collection":[{"href":"https:\/\/canal7slp.tv\/2025\/wp-json\/wp\/v2\/posts"}],"about":[{"href":"https:\/\/canal7slp.tv\/2025\/wp-json\/wp\/v2\/types\/post"}],"author":[{"embeddable":true,"href":"https:\/\/canal7slp.tv\/2025\/wp-json\/wp\/v2\/users\/2"}],"replies":[{"embeddable":true,"href":"https:\/\/canal7slp.tv\/2025\/wp-json\/wp\/v2\/comments?post=161276"}],"version-history":[{"count":1,"href":"https:\/\/canal7slp.tv\/2025\/wp-json\/wp\/v2\/posts\/161276\/revisions"}],"predecessor-version":[{"id":161278,"href":"https:\/\/canal7slp.tv\/2025\/wp-json\/wp\/v2\/posts\/161276\/revisions\/161278"}],"wp:featuredmedia":[{"embeddable":true,"href":"https:\/\/canal7slp.tv\/2025\/wp-json\/wp\/v2\/media\/161277"}],"wp:attachment":[{"href":"https:\/\/canal7slp.tv\/2025\/wp-json\/wp\/v2\/media?parent=161276"}],"wp:term":[{"taxonomy":"category","embeddable":true,"href":"https:\/\/canal7slp.tv\/2025\/wp-json\/wp\/v2\/categories?post=161276"},{"taxonomy":"post_tag","embeddable":true,"href":"https:\/\/canal7slp.tv\/2025\/wp-json\/wp\/v2\/tags?post=161276"}],"curies":[{"name":"wp","href":"https:\/\/api.w.org\/{rel}","templated":true}]}}