{"id":161206,"date":"2025-03-19T19:02:17","date_gmt":"2025-03-20T01:02:17","guid":{"rendered":"https:\/\/canal7slp.tv\/2025\/?p=161206"},"modified":"2025-03-19T20:23:03","modified_gmt":"2025-03-20T02:23:03","slug":"fortalecen-coordinacion-autoridades-de-seguridad-de-la-federacion-y-slp","status":"publish","type":"post","link":"https:\/\/canal7slp.tv\/2025\/fortalecen-coordinacion-autoridades-de-seguridad-de-la-federacion-y-slp\/","title":{"rendered":"Fortalecen coordinaci\u00f3n, autoridades de seguridad de la federaci\u00f3n y SLP"},"content":{"rendered":"<p style=\"text-align: justify;\">El secretario de Seguridad y Protecci\u00f3n Ciudadana del estado, Jos\u00e9 Luis Ruiz Contreras, sostuvo una reuni\u00f3n con su hom\u00f3logo federal, Omar Garc\u00eda Harfuch, con el prop\u00f3sito de fortalecer la colaboraci\u00f3n entre ambas entidades.<\/p>\n<p style=\"text-align: justify;\">Destac\u00f3 que uno de los principales objetivos del encuentro fue el intercambio de informaci\u00f3n para mejorar la estrategia contra grupos delictivos.<\/p>\n<p style=\"text-align: justify;\">\u201cCompartir informaci\u00f3n fue uno de los principales objetivos que se plantearon con Omar Garc\u00eda Harfuch, Secretario de Seguridad, es el compartir informaci\u00f3n con la finalidad de ir por objetivos claros, identificados en cuanto a su pertenencia a alg\u00fan grupo delictivo con la finalidad de lograr su detenci\u00f3n\u201d, se\u00f1al\u00f3.<\/p>\n<p style=\"text-align: justify;\">Asimismo, indic\u00f3 que esta coordinaci\u00f3n permitir\u00e1 reforzar la seguridad en San Luis Potos\u00ed con el respaldo del Gobierno Federal.<\/p>\n<p style=\"text-align: justify;\">\u00abEsta parte la estaremos trabajando de manera conjunta con el Gobierno Federal, adem\u00e1s de que se va a fortalecer tambi\u00e9n con inteligencia al estado de San Luis Potos\u00ed por una parte y nosotros continuar con el fortalecimiento de la instituci\u00f3n a trav\u00e9s ya de la cuarta convocatoria de la Guardia Civil\u201d, explic\u00f3.<\/p>\n<p style=\"text-align: justify;\">En cuanto a la seguridad en carreteras, el funcionario estatal habl\u00f3 la labor de la Divisi\u00f3n Caminos y anunci\u00f3 nuevas estrategias conjuntas para mejorar la vigilancia en puntos clave.<\/p>\n<p style=\"text-align: justify;\">\u201cReconoci\u00f3 el trabajo que hace la Divisi\u00f3n Caminos en cuanto carreteras, se va a fortalecer esta parte tambi\u00e9n con un grupo de inteligencia por parte de la Secretar\u00eda de Seguridad P\u00fablica Federal en el tramo de la 57 para trabajar en conjunto con la Guardia Civil\u201d, detall\u00f3.<\/p>\n<p style=\"text-align: justify;\">Ruiz Contreras hizo una comparaci\u00f3n con administraciones pasadas, se\u00f1alando que la actual gesti\u00f3n ha recuperado el control de la seguridad en el estado.<\/p>\n<p style=\"text-align: justify;\">\u201cLa diferencia que hay entre colaborar con un sexenio, tanto el federal como el estatal, pues definitivamente el gobierno anterior dej\u00f3 en abandono la seguridad del estado, lo que hoy ha recuperado y retomado por mucho el gobernador Ricardo Gallardo\u201d, afirm\u00f3.<\/p>\n<p style=\"text-align: justify;\">Continu\u00f3: \u00abA nivel federal existe una mayor cercan\u00eda con las instituciones de seguridad, que es lo que ata\u00f1e a tu servidor, hay esa colaboraci\u00f3n, hay ese intercambio de comunicaci\u00f3n, de inteligencia y de intereses por parte de la federaci\u00f3n para que San Luis Potos\u00ed contin\u00fae en este buen camino\u201d.<\/p>\n<p style=\"text-align: justify;\">Finalmente, destac\u00f3 que la estrategia de seguridad implementada en el estado ha dado resultados positivos, seg\u00fan las cifras oficiales.<\/p>\n<p style=\"text-align: justify;\">\u00abContinuar con el esquema de seguridad que tenemos, fortaleciendo la instituci\u00f3n con un combate frontal a toda la incidencia que se presente y que va a la baja, lo reconoci\u00f3; las estad\u00edsticas del Secretariado Ejecutivo as\u00ed lo reflejan, se presentaron por parte de la Secretar\u00eda un informe y de parte del secretario federal de igual manera, fueron coincidentes los n\u00fameros\u201d, concluy\u00f3.<\/p>\n<p style=\"text-align: justify;\">AUTOR: JOS\u00c9 LUIS V\u00c1ZQUEZ<\/p>\n","protected":false},"excerpt":{"rendered":"<p>El secretario de Seguridad y Protecci\u00f3n Ciudadana del estado, Jos\u00e9 Luis Ruiz Contreras, sostuvo una reuni\u00f3n con su hom\u00f3logo federal, Omar Garc\u00eda Harfuch, con el prop\u00f3sito de fortalecer la colaboraci\u00f3n entre ambas entidades. Destac\u00f3 que uno de los principales objetivos del encuentro fue el intercambio de informaci\u00f3n para mejorar la estrategia contra grupos delictivos. \u201cCompartir informaci\u00f3n fue uno de los principales objetivos que se plantearon con Omar Garc\u00eda Harfuch, Secretario de Seguridad, es el compartir informaci\u00f3n con la finalidad de ir por objetivos claros, identificados en cuanto a su pertenencia a alg\u00fan grupo delictivo con la finalidad de lograr su [&hellip;]<\/p>\n","protected":false},"author":1,"featured_media":161207,"comment_status":"closed","ping_status":"closed","sticky":false,"template":"","format":"video","meta":{"_monsterinsights_skip_tracking":false,"_monsterinsights_sitenote_active":false,"_monsterinsights_sitenote_note":"","_monsterinsights_sitenote_category":0,"footnotes":""},"categories":[5,45],"tags":[],"class_list":["post-161206","post","type-post","status-publish","format-video","has-post-thumbnail","hentry","category-destacadas","category-localesyregionales","post_format-post-format-video","post--single"],"yoast_head":"<!-- This site is optimized with the Yoast SEO plugin v27.5 - https:\/\/yoast.com\/product\/yoast-seo-wordpress\/ -->\n<title>Fortalecen coordinaci\u00f3n, autoridades de seguridad de la federaci\u00f3n y SLP - Canal 7 SLP - 2025<\/title>\n<meta name=\"robots\" content=\"index, follow, max-snippet:-1, max-image-preview:large, max-video-preview:-1\" \/>\n<link rel=\"canonical\" href=\"https:\/\/canal7slp.tv\/2025\/fortalecen-coordinacion-autoridades-de-seguridad-de-la-federacion-y-slp\/\" \/>\n<meta property=\"og:locale\" content=\"es_ES\" \/>\n<meta property=\"og:type\" content=\"article\" \/>\n<meta property=\"og:title\" content=\"Fortalecen coordinaci\u00f3n, autoridades de seguridad de la federaci\u00f3n y SLP - Canal 7 SLP - 2025\" \/>\n<meta property=\"og:description\" content=\"El secretario de Seguridad y Protecci\u00f3n Ciudadana del estado, Jos\u00e9 Luis Ruiz Contreras, sostuvo una reuni\u00f3n con su hom\u00f3logo federal, Omar Garc\u00eda Harfuch, con el prop\u00f3sito de fortalecer la colaboraci\u00f3n entre ambas entidades. Destac\u00f3 que uno de los principales objetivos del encuentro fue el intercambio de informaci\u00f3n para mejorar la estrategia contra grupos delictivos. \u201cCompartir informaci\u00f3n fue uno de los principales objetivos que se plantearon con Omar Garc\u00eda Harfuch, Secretario de Seguridad, es el compartir informaci\u00f3n con la finalidad de ir por objetivos claros, identificados en cuanto a su pertenencia a alg\u00fan grupo delictivo con la finalidad de lograr su [&hellip;]\" \/>\n<meta property=\"og:url\" content=\"https:\/\/canal7slp.tv\/2025\/fortalecen-coordinacion-autoridades-de-seguridad-de-la-federacion-y-slp\/\" \/>\n<meta property=\"og:site_name\" content=\"Canal 7 SLP - 2025\" \/>\n<meta property=\"article:publisher\" content=\"https:\/\/www.facebook.com\/noticieroscanal7atencionciudadana\/\" \/>\n<meta property=\"article:published_time\" content=\"2025-03-20T01:02:17+00:00\" \/>\n<meta property=\"article:modified_time\" content=\"2025-03-20T02:23:03+00:00\" \/>\n<meta property=\"og:image\" content=\"https:\/\/canal7slp.tv\/2025\/wp-content\/uploads\/2025\/03\/SEG.jpeg\" \/>\n\t<meta property=\"og:image:width\" content=\"1214\" \/>\n\t<meta property=\"og:image:height\" content=\"686\" \/>\n\t<meta property=\"og:image:type\" content=\"image\/jpeg\" \/>\n<meta name=\"author\" content=\"admin\" \/>\n<meta name=\"twitter:card\" content=\"summary_large_image\" \/>\n<meta name=\"twitter:creator\" content=\"@NOTICIEROS7\" \/>\n<meta name=\"twitter:site\" content=\"@NOTICIEROS7\" \/>\n<meta name=\"twitter:label1\" content=\"Escrito por\" \/>\n\t<meta name=\"twitter:data1\" content=\"admin\" \/>\n\t<meta name=\"twitter:label2\" content=\"Tiempo de lectura\" \/>\n\t<meta name=\"twitter:data2\" content=\"3 minutos\" \/>\n<script type=\"application\/ld+json\" class=\"yoast-schema-graph\">{\"@context\":\"https:\\\/\\\/schema.org\",\"@graph\":[{\"@type\":\"Article\",\"@id\":\"https:\\\/\\\/canal7slp.tv\\\/2025\\\/fortalecen-coordinacion-autoridades-de-seguridad-de-la-federacion-y-slp\\\/#article\",\"isPartOf\":{\"@id\":\"https:\\\/\\\/canal7slp.tv\\\/2025\\\/fortalecen-coordinacion-autoridades-de-seguridad-de-la-federacion-y-slp\\\/\"},\"author\":{\"name\":\"admin\",\"@id\":\"https:\\\/\\\/canal7slp.tv\\\/2025\\\/#\\\/schema\\\/person\\\/1257e7e4a3d5ac29c4732733a887970d\"},\"headline\":\"Fortalecen coordinaci\u00f3n, autoridades de seguridad de la federaci\u00f3n y SLP\",\"datePublished\":\"2025-03-20T01:02:17+00:00\",\"dateModified\":\"2025-03-20T02:23:03+00:00\",\"mainEntityOfPage\":{\"@id\":\"https:\\\/\\\/canal7slp.tv\\\/2025\\\/fortalecen-coordinacion-autoridades-de-seguridad-de-la-federacion-y-slp\\\/\"},\"wordCount\":495,\"publisher\":{\"@id\":\"https:\\\/\\\/canal7slp.tv\\\/2025\\\/#organization\"},\"image\":{\"@id\":\"https:\\\/\\\/canal7slp.tv\\\/2025\\\/fortalecen-coordinacion-autoridades-de-seguridad-de-la-federacion-y-slp\\\/#primaryimage\"},\"thumbnailUrl\":\"https:\\\/\\\/canal7slp.tv\\\/2025\\\/wp-content\\\/uploads\\\/2025\\\/03\\\/SEG.jpeg\",\"articleSection\":[\"DESTACADAS\",\"LOCALES Y REGIONALES\"],\"inLanguage\":\"es\"},{\"@type\":\"WebPage\",\"@id\":\"https:\\\/\\\/canal7slp.tv\\\/2025\\\/fortalecen-coordinacion-autoridades-de-seguridad-de-la-federacion-y-slp\\\/\",\"url\":\"https:\\\/\\\/canal7slp.tv\\\/2025\\\/fortalecen-coordinacion-autoridades-de-seguridad-de-la-federacion-y-slp\\\/\",\"name\":\"Fortalecen coordinaci\u00f3n, autoridades de seguridad de la federaci\u00f3n y SLP - Canal 7 SLP - 2025\",\"isPartOf\":{\"@id\":\"https:\\\/\\\/canal7slp.tv\\\/2025\\\/#website\"},\"primaryImageOfPage\":{\"@id\":\"https:\\\/\\\/canal7slp.tv\\\/2025\\\/fortalecen-coordinacion-autoridades-de-seguridad-de-la-federacion-y-slp\\\/#primaryimage\"},\"image\":{\"@id\":\"https:\\\/\\\/canal7slp.tv\\\/2025\\\/fortalecen-coordinacion-autoridades-de-seguridad-de-la-federacion-y-slp\\\/#primaryimage\"},\"thumbnailUrl\":\"https:\\\/\\\/canal7slp.tv\\\/2025\\\/wp-content\\\/uploads\\\/2025\\\/03\\\/SEG.jpeg\",\"datePublished\":\"2025-03-20T01:02:17+00:00\",\"dateModified\":\"2025-03-20T02:23:03+00:00\",\"breadcrumb\":{\"@id\":\"https:\\\/\\\/canal7slp.tv\\\/2025\\\/fortalecen-coordinacion-autoridades-de-seguridad-de-la-federacion-y-slp\\\/#breadcrumb\"},\"inLanguage\":\"es\",\"potentialAction\":[{\"@type\":\"ReadAction\",\"target\":[\"https:\\\/\\\/canal7slp.tv\\\/2025\\\/fortalecen-coordinacion-autoridades-de-seguridad-de-la-federacion-y-slp\\\/\"]}]},{\"@type\":\"ImageObject\",\"inLanguage\":\"es\",\"@id\":\"https:\\\/\\\/canal7slp.tv\\\/2025\\\/fortalecen-coordinacion-autoridades-de-seguridad-de-la-federacion-y-slp\\\/#primaryimage\",\"url\":\"https:\\\/\\\/canal7slp.tv\\\/2025\\\/wp-content\\\/uploads\\\/2025\\\/03\\\/SEG.jpeg\",\"contentUrl\":\"https:\\\/\\\/canal7slp.tv\\\/2025\\\/wp-content\\\/uploads\\\/2025\\\/03\\\/SEG.jpeg\",\"width\":1214,\"height\":686},{\"@type\":\"BreadcrumbList\",\"@id\":\"https:\\\/\\\/canal7slp.tv\\\/2025\\\/fortalecen-coordinacion-autoridades-de-seguridad-de-la-federacion-y-slp\\\/#breadcrumb\",\"itemListElement\":[{\"@type\":\"ListItem\",\"position\":1,\"name\":\"Portada\",\"item\":\"https:\\\/\\\/canal7slp.tv\\\/2025\\\/\"},{\"@type\":\"ListItem\",\"position\":2,\"name\":\"Fortalecen coordinaci\u00f3n, autoridades de seguridad de la federaci\u00f3n y SLP\"}]},{\"@type\":\"WebSite\",\"@id\":\"https:\\\/\\\/canal7slp.tv\\\/2025\\\/#website\",\"url\":\"https:\\\/\\\/canal7slp.tv\\\/2025\\\/\",\"name\":\"N7 - Noticieros Canal 7\",\"description\":\"Somos el Medio\",\"publisher\":{\"@id\":\"https:\\\/\\\/canal7slp.tv\\\/2025\\\/#organization\"},\"potentialAction\":[{\"@type\":\"SearchAction\",\"target\":{\"@type\":\"EntryPoint\",\"urlTemplate\":\"https:\\\/\\\/canal7slp.tv\\\/2025\\\/?s={search_term_string}\"},\"query-input\":{\"@type\":\"PropertyValueSpecification\",\"valueRequired\":true,\"valueName\":\"search_term_string\"}}],\"inLanguage\":\"es\"},{\"@type\":\"Organization\",\"@id\":\"https:\\\/\\\/canal7slp.tv\\\/2025\\\/#organization\",\"name\":\"Noticieros Canal 7\",\"url\":\"https:\\\/\\\/canal7slp.tv\\\/2025\\\/\",\"logo\":{\"@type\":\"ImageObject\",\"inLanguage\":\"es\",\"@id\":\"https:\\\/\\\/canal7slp.tv\\\/2025\\\/#\\\/schema\\\/logo\\\/image\\\/\",\"url\":\"https:\\\/\\\/canal7slp.tv\\\/2025\\\/wp-content\\\/uploads\\\/2021\\\/01\\\/logo-noticieros@2x.png\",\"contentUrl\":\"https:\\\/\\\/canal7slp.tv\\\/2025\\\/wp-content\\\/uploads\\\/2021\\\/01\\\/logo-noticieros@2x.png\",\"width\":1017,\"height\":268,\"caption\":\"Noticieros Canal 7\"},\"image\":{\"@id\":\"https:\\\/\\\/canal7slp.tv\\\/2025\\\/#\\\/schema\\\/logo\\\/image\\\/\"},\"sameAs\":[\"https:\\\/\\\/www.facebook.com\\\/noticieroscanal7atencionciudadana\\\/\",\"https:\\\/\\\/x.com\\\/NOTICIEROS7\",\"https:\\\/\\\/www.instagram.com\\\/canal7_slp\",\"https:\\\/\\\/www.youtube.com\\\/channel\\\/UCliiYs-gP3JfJeqdPrNdd5A\"]},{\"@type\":\"Person\",\"@id\":\"https:\\\/\\\/canal7slp.tv\\\/2025\\\/#\\\/schema\\\/person\\\/1257e7e4a3d5ac29c4732733a887970d\",\"name\":\"admin\",\"image\":{\"@type\":\"ImageObject\",\"inLanguage\":\"es\",\"@id\":\"https:\\\/\\\/secure.gravatar.com\\\/avatar\\\/d1da498ea933582ecc2b5d72a4eac16ec41c3ec04cf2dc9d46e0b557dedfd5ff?s=96&d=mm&r=g\",\"url\":\"https:\\\/\\\/secure.gravatar.com\\\/avatar\\\/d1da498ea933582ecc2b5d72a4eac16ec41c3ec04cf2dc9d46e0b557dedfd5ff?s=96&d=mm&r=g\",\"contentUrl\":\"https:\\\/\\\/secure.gravatar.com\\\/avatar\\\/d1da498ea933582ecc2b5d72a4eac16ec41c3ec04cf2dc9d46e0b557dedfd5ff?s=96&d=mm&r=g\",\"caption\":\"admin\"},\"sameAs\":[\"https:\\\/\\\/canal7slp.tv\\\/2025\"],\"url\":\"https:\\\/\\\/canal7slp.tv\\\/2025\\\/author\\\/bicefalo\\\/\"}]}<\/script>\n<!-- \/ Yoast SEO plugin. -->","yoast_head_json":{"title":"Fortalecen coordinaci\u00f3n, autoridades de seguridad de la federaci\u00f3n y SLP - Canal 7 SLP - 2025","robots":{"index":"index","follow":"follow","max-snippet":"max-snippet:-1","max-image-preview":"max-image-preview:large","max-video-preview":"max-video-preview:-1"},"canonical":"https:\/\/canal7slp.tv\/2025\/fortalecen-coordinacion-autoridades-de-seguridad-de-la-federacion-y-slp\/","og_locale":"es_ES","og_type":"article","og_title":"Fortalecen coordinaci\u00f3n, autoridades de seguridad de la federaci\u00f3n y SLP - Canal 7 SLP - 2025","og_description":"El secretario de Seguridad y Protecci\u00f3n Ciudadana del estado, Jos\u00e9 Luis Ruiz Contreras, sostuvo una reuni\u00f3n con su hom\u00f3logo federal, Omar Garc\u00eda Harfuch, con el prop\u00f3sito de fortalecer la colaboraci\u00f3n entre ambas entidades. Destac\u00f3 que uno de los principales objetivos del encuentro fue el intercambio de informaci\u00f3n para mejorar la estrategia contra grupos delictivos. \u201cCompartir informaci\u00f3n fue uno de los principales objetivos que se plantearon con Omar Garc\u00eda Harfuch, Secretario de Seguridad, es el compartir informaci\u00f3n con la finalidad de ir por objetivos claros, identificados en cuanto a su pertenencia a alg\u00fan grupo delictivo con la finalidad de lograr su [&hellip;]","og_url":"https:\/\/canal7slp.tv\/2025\/fortalecen-coordinacion-autoridades-de-seguridad-de-la-federacion-y-slp\/","og_site_name":"Canal 7 SLP - 2025","article_publisher":"https:\/\/www.facebook.com\/noticieroscanal7atencionciudadana\/","article_published_time":"2025-03-20T01:02:17+00:00","article_modified_time":"2025-03-20T02:23:03+00:00","og_image":[{"width":1214,"height":686,"url":"https:\/\/canal7slp.tv\/2025\/wp-content\/uploads\/2025\/03\/SEG.jpeg","type":"image\/jpeg"}],"author":"admin","twitter_card":"summary_large_image","twitter_creator":"@NOTICIEROS7","twitter_site":"@NOTICIEROS7","twitter_misc":{"Escrito por":"admin","Tiempo de lectura":"3 minutos"},"schema":{"@context":"https:\/\/schema.org","@graph":[{"@type":"Article","@id":"https:\/\/canal7slp.tv\/2025\/fortalecen-coordinacion-autoridades-de-seguridad-de-la-federacion-y-slp\/#article","isPartOf":{"@id":"https:\/\/canal7slp.tv\/2025\/fortalecen-coordinacion-autoridades-de-seguridad-de-la-federacion-y-slp\/"},"author":{"name":"admin","@id":"https:\/\/canal7slp.tv\/2025\/#\/schema\/person\/1257e7e4a3d5ac29c4732733a887970d"},"headline":"Fortalecen coordinaci\u00f3n, autoridades de seguridad de la federaci\u00f3n y SLP","datePublished":"2025-03-20T01:02:17+00:00","dateModified":"2025-03-20T02:23:03+00:00","mainEntityOfPage":{"@id":"https:\/\/canal7slp.tv\/2025\/fortalecen-coordinacion-autoridades-de-seguridad-de-la-federacion-y-slp\/"},"wordCount":495,"publisher":{"@id":"https:\/\/canal7slp.tv\/2025\/#organization"},"image":{"@id":"https:\/\/canal7slp.tv\/2025\/fortalecen-coordinacion-autoridades-de-seguridad-de-la-federacion-y-slp\/#primaryimage"},"thumbnailUrl":"https:\/\/canal7slp.tv\/2025\/wp-content\/uploads\/2025\/03\/SEG.jpeg","articleSection":["DESTACADAS","LOCALES Y REGIONALES"],"inLanguage":"es"},{"@type":"WebPage","@id":"https:\/\/canal7slp.tv\/2025\/fortalecen-coordinacion-autoridades-de-seguridad-de-la-federacion-y-slp\/","url":"https:\/\/canal7slp.tv\/2025\/fortalecen-coordinacion-autoridades-de-seguridad-de-la-federacion-y-slp\/","name":"Fortalecen coordinaci\u00f3n, autoridades de seguridad de la federaci\u00f3n y SLP - Canal 7 SLP - 2025","isPartOf":{"@id":"https:\/\/canal7slp.tv\/2025\/#website"},"primaryImageOfPage":{"@id":"https:\/\/canal7slp.tv\/2025\/fortalecen-coordinacion-autoridades-de-seguridad-de-la-federacion-y-slp\/#primaryimage"},"image":{"@id":"https:\/\/canal7slp.tv\/2025\/fortalecen-coordinacion-autoridades-de-seguridad-de-la-federacion-y-slp\/#primaryimage"},"thumbnailUrl":"https:\/\/canal7slp.tv\/2025\/wp-content\/uploads\/2025\/03\/SEG.jpeg","datePublished":"2025-03-20T01:02:17+00:00","dateModified":"2025-03-20T02:23:03+00:00","breadcrumb":{"@id":"https:\/\/canal7slp.tv\/2025\/fortalecen-coordinacion-autoridades-de-seguridad-de-la-federacion-y-slp\/#breadcrumb"},"inLanguage":"es","potentialAction":[{"@type":"ReadAction","target":["https:\/\/canal7slp.tv\/2025\/fortalecen-coordinacion-autoridades-de-seguridad-de-la-federacion-y-slp\/"]}]},{"@type":"ImageObject","inLanguage":"es","@id":"https:\/\/canal7slp.tv\/2025\/fortalecen-coordinacion-autoridades-de-seguridad-de-la-federacion-y-slp\/#primaryimage","url":"https:\/\/canal7slp.tv\/2025\/wp-content\/uploads\/2025\/03\/SEG.jpeg","contentUrl":"https:\/\/canal7slp.tv\/2025\/wp-content\/uploads\/2025\/03\/SEG.jpeg","width":1214,"height":686},{"@type":"BreadcrumbList","@id":"https:\/\/canal7slp.tv\/2025\/fortalecen-coordinacion-autoridades-de-seguridad-de-la-federacion-y-slp\/#breadcrumb","itemListElement":[{"@type":"ListItem","position":1,"name":"Portada","item":"https:\/\/canal7slp.tv\/2025\/"},{"@type":"ListItem","position":2,"name":"Fortalecen coordinaci\u00f3n, autoridades de seguridad de la federaci\u00f3n y SLP"}]},{"@type":"WebSite","@id":"https:\/\/canal7slp.tv\/2025\/#website","url":"https:\/\/canal7slp.tv\/2025\/","name":"N7 - Noticieros Canal 7","description":"Somos el Medio","publisher":{"@id":"https:\/\/canal7slp.tv\/2025\/#organization"},"potentialAction":[{"@type":"SearchAction","target":{"@type":"EntryPoint","urlTemplate":"https:\/\/canal7slp.tv\/2025\/?s={search_term_string}"},"query-input":{"@type":"PropertyValueSpecification","valueRequired":true,"valueName":"search_term_string"}}],"inLanguage":"es"},{"@type":"Organization","@id":"https:\/\/canal7slp.tv\/2025\/#organization","name":"Noticieros Canal 7","url":"https:\/\/canal7slp.tv\/2025\/","logo":{"@type":"ImageObject","inLanguage":"es","@id":"https:\/\/canal7slp.tv\/2025\/#\/schema\/logo\/image\/","url":"https:\/\/canal7slp.tv\/2025\/wp-content\/uploads\/2021\/01\/logo-noticieros@2x.png","contentUrl":"https:\/\/canal7slp.tv\/2025\/wp-content\/uploads\/2021\/01\/logo-noticieros@2x.png","width":1017,"height":268,"caption":"Noticieros Canal 7"},"image":{"@id":"https:\/\/canal7slp.tv\/2025\/#\/schema\/logo\/image\/"},"sameAs":["https:\/\/www.facebook.com\/noticieroscanal7atencionciudadana\/","https:\/\/x.com\/NOTICIEROS7","https:\/\/www.instagram.com\/canal7_slp","https:\/\/www.youtube.com\/channel\/UCliiYs-gP3JfJeqdPrNdd5A"]},{"@type":"Person","@id":"https:\/\/canal7slp.tv\/2025\/#\/schema\/person\/1257e7e4a3d5ac29c4732733a887970d","name":"admin","image":{"@type":"ImageObject","inLanguage":"es","@id":"https:\/\/secure.gravatar.com\/avatar\/d1da498ea933582ecc2b5d72a4eac16ec41c3ec04cf2dc9d46e0b557dedfd5ff?s=96&d=mm&r=g","url":"https:\/\/secure.gravatar.com\/avatar\/d1da498ea933582ecc2b5d72a4eac16ec41c3ec04cf2dc9d46e0b557dedfd5ff?s=96&d=mm&r=g","contentUrl":"https:\/\/secure.gravatar.com\/avatar\/d1da498ea933582ecc2b5d72a4eac16ec41c3ec04cf2dc9d46e0b557dedfd5ff?s=96&d=mm&r=g","caption":"admin"},"sameAs":["https:\/\/canal7slp.tv\/2025"],"url":"https:\/\/canal7slp.tv\/2025\/author\/bicefalo\/"}]}},"_links":{"self":[{"href":"https:\/\/canal7slp.tv\/2025\/wp-json\/wp\/v2\/posts\/161206","targetHints":{"allow":["GET"]}}],"collection":[{"href":"https:\/\/canal7slp.tv\/2025\/wp-json\/wp\/v2\/posts"}],"about":[{"href":"https:\/\/canal7slp.tv\/2025\/wp-json\/wp\/v2\/types\/post"}],"author":[{"embeddable":true,"href":"https:\/\/canal7slp.tv\/2025\/wp-json\/wp\/v2\/users\/1"}],"replies":[{"embeddable":true,"href":"https:\/\/canal7slp.tv\/2025\/wp-json\/wp\/v2\/comments?post=161206"}],"version-history":[{"count":1,"href":"https:\/\/canal7slp.tv\/2025\/wp-json\/wp\/v2\/posts\/161206\/revisions"}],"predecessor-version":[{"id":161208,"href":"https:\/\/canal7slp.tv\/2025\/wp-json\/wp\/v2\/posts\/161206\/revisions\/161208"}],"wp:featuredmedia":[{"embeddable":true,"href":"https:\/\/canal7slp.tv\/2025\/wp-json\/wp\/v2\/media\/161207"}],"wp:attachment":[{"href":"https:\/\/canal7slp.tv\/2025\/wp-json\/wp\/v2\/media?parent=161206"}],"wp:term":[{"taxonomy":"category","embeddable":true,"href":"https:\/\/canal7slp.tv\/2025\/wp-json\/wp\/v2\/categories?post=161206"},{"taxonomy":"post_tag","embeddable":true,"href":"https:\/\/canal7slp.tv\/2025\/wp-json\/wp\/v2\/tags?post=161206"}],"curies":[{"name":"wp","href":"https:\/\/api.w.org\/{rel}","templated":true}]}}