{"id":161182,"date":"2025-03-19T15:29:17","date_gmt":"2025-03-19T21:29:17","guid":{"rendered":"https:\/\/canal7slp.tv\/2025\/?p=161182"},"modified":"2025-03-19T15:29:17","modified_gmt":"2025-03-19T21:29:17","slug":"vivienda-en-abandono-de-la-division-del-norte-practicamente-utilizada-como-bano-publico","status":"publish","type":"post","link":"https:\/\/canal7slp.tv\/2025\/vivienda-en-abandono-de-la-division-del-norte-practicamente-utilizada-como-bano-publico\/","title":{"rendered":"Vivienda en abandono de la Divisi\u00f3n del Norte, pr\u00e1cticamente utilizada como ba\u00f1o p\u00fablico"},"content":{"rendered":"<p>Vecinos de la calle Tomas Urbina, en la colonia Divisi\u00f3n del Norte viven constante incertidumbre y es que la negativa del due\u00f1o por mejorar las condiciones de seguridad ha generado que el inmueble sea utilizado como ba\u00f1o p\u00fablico por personas en estado de calle, por m\u00e1s de 40 a\u00f1os.<\/p>\n<p>En la calle Tomas Urbina de la colonia Divisi\u00f3n del Norte se encuentra una vivienda abandonada de peque\u00f1as dimensiones, misma que es una severa problem\u00e1tica para los colonos de este punto en la capital de San Luis Potos\u00ed.<\/p>\n<p>En una primera instancia, el sitio en abandono sirve como punto en el que la fauna nociva pulula, vecinos de este punto afirmaron que incluso alacranes han ingresado a sus viviendas, adem\u00e1s de otras alima\u00f1as que son peligrosas y desagradables, sobre todo en los hogares donde hay ni\u00f1os y beb\u00e9s.<\/p>\n<p>Por otra parte, los j\u00f3venes que consumen bebidas alcoh\u00f3licas en la colonia, adem\u00e1s de personas que van de paso y que no cuentan con un hogar, utilizan el domicilio como ba\u00f1o p\u00fablico ante la falta de medidas de seguridad.<\/p>\n<p>Una de las ciudadanas que ofreci\u00f3 su testimonio de manera an\u00f3nima para el equipo de Atenci\u00f3n Ciudadana, afirm\u00f3 que ha contactado al due\u00f1o de la casa de nombre Manuel quien ha asegurado que no realizar\u00e1 ninguna acci\u00f3n para evitar que personas ingresen al hogar y que ser\u00e1 hasta que compren este predio cuando los nuevos due\u00f1os realicen las mejoras necesarias, sin embargo, ante el costo elevado de este peque\u00f1o lugar, los vecinos temen que nunca se resuelva la problem\u00e1tica.<\/p>\n","protected":false},"excerpt":{"rendered":"<p>Vecinos de la calle Tomas Urbina, en la colonia Divisi\u00f3n del Norte viven constante incertidumbre y es que la negativa del due\u00f1o por mejorar las condiciones de seguridad ha generado que el inmueble sea utilizado como ba\u00f1o p\u00fablico por personas en estado de calle, por m\u00e1s de 40 a\u00f1os. En la calle Tomas Urbina de la colonia Divisi\u00f3n del Norte se encuentra una vivienda abandonada de peque\u00f1as dimensiones, misma que es una severa problem\u00e1tica para los colonos de este punto en la capital de San Luis Potos\u00ed. En una primera instancia, el sitio en abandono sirve como punto en el [&hellip;]<\/p>\n","protected":false},"author":1,"featured_media":161183,"comment_status":"closed","ping_status":"closed","sticky":false,"template":"","format":"video","meta":{"_monsterinsights_skip_tracking":false,"_monsterinsights_sitenote_active":false,"_monsterinsights_sitenote_note":"","_monsterinsights_sitenote_category":0,"footnotes":""},"categories":[45],"tags":[],"class_list":["post-161182","post","type-post","status-publish","format-video","has-post-thumbnail","hentry","category-localesyregionales","post_format-post-format-video","post--single"],"yoast_head":"<!-- This site is optimized with the Yoast SEO plugin v27.5 - https:\/\/yoast.com\/product\/yoast-seo-wordpress\/ -->\n<title>Vivienda en abandono de la Divisi\u00f3n del Norte, pr\u00e1cticamente utilizada como ba\u00f1o p\u00fablico - Canal 7 SLP - 2025<\/title>\n<meta name=\"robots\" content=\"index, follow, max-snippet:-1, max-image-preview:large, max-video-preview:-1\" \/>\n<link rel=\"canonical\" href=\"https:\/\/canal7slp.tv\/2025\/vivienda-en-abandono-de-la-division-del-norte-practicamente-utilizada-como-bano-publico\/\" \/>\n<meta property=\"og:locale\" content=\"es_ES\" \/>\n<meta property=\"og:type\" content=\"article\" \/>\n<meta property=\"og:title\" content=\"Vivienda en abandono de la Divisi\u00f3n del Norte, pr\u00e1cticamente utilizada como ba\u00f1o p\u00fablico - Canal 7 SLP - 2025\" \/>\n<meta property=\"og:description\" content=\"Vecinos de la calle Tomas Urbina, en la colonia Divisi\u00f3n del Norte viven constante incertidumbre y es que la negativa del due\u00f1o por mejorar las condiciones de seguridad ha generado que el inmueble sea utilizado como ba\u00f1o p\u00fablico por personas en estado de calle, por m\u00e1s de 40 a\u00f1os. En la calle Tomas Urbina de la colonia Divisi\u00f3n del Norte se encuentra una vivienda abandonada de peque\u00f1as dimensiones, misma que es una severa problem\u00e1tica para los colonos de este punto en la capital de San Luis Potos\u00ed. En una primera instancia, el sitio en abandono sirve como punto en el [&hellip;]\" \/>\n<meta property=\"og:url\" content=\"https:\/\/canal7slp.tv\/2025\/vivienda-en-abandono-de-la-division-del-norte-practicamente-utilizada-como-bano-publico\/\" \/>\n<meta property=\"og:site_name\" content=\"Canal 7 SLP - 2025\" \/>\n<meta property=\"article:publisher\" content=\"https:\/\/www.facebook.com\/noticieroscanal7atencionciudadana\/\" \/>\n<meta property=\"article:published_time\" content=\"2025-03-19T21:29:17+00:00\" \/>\n<meta property=\"og:image\" content=\"https:\/\/canal7slp.tv\/2025\/wp-content\/uploads\/2025\/03\/casabano.jpeg\" \/>\n\t<meta property=\"og:image:width\" content=\"1268\" \/>\n\t<meta property=\"og:image:height\" content=\"706\" \/>\n\t<meta property=\"og:image:type\" content=\"image\/jpeg\" \/>\n<meta name=\"author\" content=\"admin\" \/>\n<meta name=\"twitter:card\" content=\"summary_large_image\" \/>\n<meta name=\"twitter:creator\" content=\"@NOTICIEROS7\" \/>\n<meta name=\"twitter:site\" content=\"@NOTICIEROS7\" \/>\n<meta name=\"twitter:label1\" content=\"Escrito por\" \/>\n\t<meta name=\"twitter:data1\" content=\"admin\" \/>\n\t<meta name=\"twitter:label2\" content=\"Tiempo de lectura\" \/>\n\t<meta name=\"twitter:data2\" content=\"2 minutos\" \/>\n<script type=\"application\/ld+json\" class=\"yoast-schema-graph\">{\"@context\":\"https:\\\/\\\/schema.org\",\"@graph\":[{\"@type\":\"Article\",\"@id\":\"https:\\\/\\\/canal7slp.tv\\\/2025\\\/vivienda-en-abandono-de-la-division-del-norte-practicamente-utilizada-como-bano-publico\\\/#article\",\"isPartOf\":{\"@id\":\"https:\\\/\\\/canal7slp.tv\\\/2025\\\/vivienda-en-abandono-de-la-division-del-norte-practicamente-utilizada-como-bano-publico\\\/\"},\"author\":{\"name\":\"admin\",\"@id\":\"https:\\\/\\\/canal7slp.tv\\\/2025\\\/#\\\/schema\\\/person\\\/1257e7e4a3d5ac29c4732733a887970d\"},\"headline\":\"Vivienda en abandono de la Divisi\u00f3n del Norte, pr\u00e1cticamente utilizada como ba\u00f1o p\u00fablico\",\"datePublished\":\"2025-03-19T21:29:17+00:00\",\"mainEntityOfPage\":{\"@id\":\"https:\\\/\\\/canal7slp.tv\\\/2025\\\/vivienda-en-abandono-de-la-division-del-norte-practicamente-utilizada-como-bano-publico\\\/\"},\"wordCount\":296,\"publisher\":{\"@id\":\"https:\\\/\\\/canal7slp.tv\\\/2025\\\/#organization\"},\"image\":{\"@id\":\"https:\\\/\\\/canal7slp.tv\\\/2025\\\/vivienda-en-abandono-de-la-division-del-norte-practicamente-utilizada-como-bano-publico\\\/#primaryimage\"},\"thumbnailUrl\":\"https:\\\/\\\/canal7slp.tv\\\/2025\\\/wp-content\\\/uploads\\\/2025\\\/03\\\/casabano.jpeg\",\"articleSection\":[\"LOCALES Y REGIONALES\"],\"inLanguage\":\"es\"},{\"@type\":\"WebPage\",\"@id\":\"https:\\\/\\\/canal7slp.tv\\\/2025\\\/vivienda-en-abandono-de-la-division-del-norte-practicamente-utilizada-como-bano-publico\\\/\",\"url\":\"https:\\\/\\\/canal7slp.tv\\\/2025\\\/vivienda-en-abandono-de-la-division-del-norte-practicamente-utilizada-como-bano-publico\\\/\",\"name\":\"Vivienda en abandono de la Divisi\u00f3n del Norte, pr\u00e1cticamente utilizada como ba\u00f1o p\u00fablico - Canal 7 SLP - 2025\",\"isPartOf\":{\"@id\":\"https:\\\/\\\/canal7slp.tv\\\/2025\\\/#website\"},\"primaryImageOfPage\":{\"@id\":\"https:\\\/\\\/canal7slp.tv\\\/2025\\\/vivienda-en-abandono-de-la-division-del-norte-practicamente-utilizada-como-bano-publico\\\/#primaryimage\"},\"image\":{\"@id\":\"https:\\\/\\\/canal7slp.tv\\\/2025\\\/vivienda-en-abandono-de-la-division-del-norte-practicamente-utilizada-como-bano-publico\\\/#primaryimage\"},\"thumbnailUrl\":\"https:\\\/\\\/canal7slp.tv\\\/2025\\\/wp-content\\\/uploads\\\/2025\\\/03\\\/casabano.jpeg\",\"datePublished\":\"2025-03-19T21:29:17+00:00\",\"breadcrumb\":{\"@id\":\"https:\\\/\\\/canal7slp.tv\\\/2025\\\/vivienda-en-abandono-de-la-division-del-norte-practicamente-utilizada-como-bano-publico\\\/#breadcrumb\"},\"inLanguage\":\"es\",\"potentialAction\":[{\"@type\":\"ReadAction\",\"target\":[\"https:\\\/\\\/canal7slp.tv\\\/2025\\\/vivienda-en-abandono-de-la-division-del-norte-practicamente-utilizada-como-bano-publico\\\/\"]}]},{\"@type\":\"ImageObject\",\"inLanguage\":\"es\",\"@id\":\"https:\\\/\\\/canal7slp.tv\\\/2025\\\/vivienda-en-abandono-de-la-division-del-norte-practicamente-utilizada-como-bano-publico\\\/#primaryimage\",\"url\":\"https:\\\/\\\/canal7slp.tv\\\/2025\\\/wp-content\\\/uploads\\\/2025\\\/03\\\/casabano.jpeg\",\"contentUrl\":\"https:\\\/\\\/canal7slp.tv\\\/2025\\\/wp-content\\\/uploads\\\/2025\\\/03\\\/casabano.jpeg\",\"width\":1268,\"height\":706},{\"@type\":\"BreadcrumbList\",\"@id\":\"https:\\\/\\\/canal7slp.tv\\\/2025\\\/vivienda-en-abandono-de-la-division-del-norte-practicamente-utilizada-como-bano-publico\\\/#breadcrumb\",\"itemListElement\":[{\"@type\":\"ListItem\",\"position\":1,\"name\":\"Portada\",\"item\":\"https:\\\/\\\/canal7slp.tv\\\/2025\\\/\"},{\"@type\":\"ListItem\",\"position\":2,\"name\":\"Vivienda en abandono de la Divisi\u00f3n del Norte, pr\u00e1cticamente utilizada como ba\u00f1o p\u00fablico\"}]},{\"@type\":\"WebSite\",\"@id\":\"https:\\\/\\\/canal7slp.tv\\\/2025\\\/#website\",\"url\":\"https:\\\/\\\/canal7slp.tv\\\/2025\\\/\",\"name\":\"N7 - Noticieros Canal 7\",\"description\":\"Somos el Medio\",\"publisher\":{\"@id\":\"https:\\\/\\\/canal7slp.tv\\\/2025\\\/#organization\"},\"potentialAction\":[{\"@type\":\"SearchAction\",\"target\":{\"@type\":\"EntryPoint\",\"urlTemplate\":\"https:\\\/\\\/canal7slp.tv\\\/2025\\\/?s={search_term_string}\"},\"query-input\":{\"@type\":\"PropertyValueSpecification\",\"valueRequired\":true,\"valueName\":\"search_term_string\"}}],\"inLanguage\":\"es\"},{\"@type\":\"Organization\",\"@id\":\"https:\\\/\\\/canal7slp.tv\\\/2025\\\/#organization\",\"name\":\"Noticieros Canal 7\",\"url\":\"https:\\\/\\\/canal7slp.tv\\\/2025\\\/\",\"logo\":{\"@type\":\"ImageObject\",\"inLanguage\":\"es\",\"@id\":\"https:\\\/\\\/canal7slp.tv\\\/2025\\\/#\\\/schema\\\/logo\\\/image\\\/\",\"url\":\"https:\\\/\\\/canal7slp.tv\\\/2025\\\/wp-content\\\/uploads\\\/2021\\\/01\\\/logo-noticieros@2x.png\",\"contentUrl\":\"https:\\\/\\\/canal7slp.tv\\\/2025\\\/wp-content\\\/uploads\\\/2021\\\/01\\\/logo-noticieros@2x.png\",\"width\":1017,\"height\":268,\"caption\":\"Noticieros Canal 7\"},\"image\":{\"@id\":\"https:\\\/\\\/canal7slp.tv\\\/2025\\\/#\\\/schema\\\/logo\\\/image\\\/\"},\"sameAs\":[\"https:\\\/\\\/www.facebook.com\\\/noticieroscanal7atencionciudadana\\\/\",\"https:\\\/\\\/x.com\\\/NOTICIEROS7\",\"https:\\\/\\\/www.instagram.com\\\/canal7_slp\",\"https:\\\/\\\/www.youtube.com\\\/channel\\\/UCliiYs-gP3JfJeqdPrNdd5A\"]},{\"@type\":\"Person\",\"@id\":\"https:\\\/\\\/canal7slp.tv\\\/2025\\\/#\\\/schema\\\/person\\\/1257e7e4a3d5ac29c4732733a887970d\",\"name\":\"admin\",\"image\":{\"@type\":\"ImageObject\",\"inLanguage\":\"es\",\"@id\":\"https:\\\/\\\/secure.gravatar.com\\\/avatar\\\/d1da498ea933582ecc2b5d72a4eac16ec41c3ec04cf2dc9d46e0b557dedfd5ff?s=96&d=mm&r=g\",\"url\":\"https:\\\/\\\/secure.gravatar.com\\\/avatar\\\/d1da498ea933582ecc2b5d72a4eac16ec41c3ec04cf2dc9d46e0b557dedfd5ff?s=96&d=mm&r=g\",\"contentUrl\":\"https:\\\/\\\/secure.gravatar.com\\\/avatar\\\/d1da498ea933582ecc2b5d72a4eac16ec41c3ec04cf2dc9d46e0b557dedfd5ff?s=96&d=mm&r=g\",\"caption\":\"admin\"},\"sameAs\":[\"https:\\\/\\\/canal7slp.tv\\\/2025\"],\"url\":\"https:\\\/\\\/canal7slp.tv\\\/2025\\\/author\\\/bicefalo\\\/\"}]}<\/script>\n<!-- \/ Yoast SEO plugin. -->","yoast_head_json":{"title":"Vivienda en abandono de la Divisi\u00f3n del Norte, pr\u00e1cticamente utilizada como ba\u00f1o p\u00fablico - Canal 7 SLP - 2025","robots":{"index":"index","follow":"follow","max-snippet":"max-snippet:-1","max-image-preview":"max-image-preview:large","max-video-preview":"max-video-preview:-1"},"canonical":"https:\/\/canal7slp.tv\/2025\/vivienda-en-abandono-de-la-division-del-norte-practicamente-utilizada-como-bano-publico\/","og_locale":"es_ES","og_type":"article","og_title":"Vivienda en abandono de la Divisi\u00f3n del Norte, pr\u00e1cticamente utilizada como ba\u00f1o p\u00fablico - Canal 7 SLP - 2025","og_description":"Vecinos de la calle Tomas Urbina, en la colonia Divisi\u00f3n del Norte viven constante incertidumbre y es que la negativa del due\u00f1o por mejorar las condiciones de seguridad ha generado que el inmueble sea utilizado como ba\u00f1o p\u00fablico por personas en estado de calle, por m\u00e1s de 40 a\u00f1os. En la calle Tomas Urbina de la colonia Divisi\u00f3n del Norte se encuentra una vivienda abandonada de peque\u00f1as dimensiones, misma que es una severa problem\u00e1tica para los colonos de este punto en la capital de San Luis Potos\u00ed. En una primera instancia, el sitio en abandono sirve como punto en el [&hellip;]","og_url":"https:\/\/canal7slp.tv\/2025\/vivienda-en-abandono-de-la-division-del-norte-practicamente-utilizada-como-bano-publico\/","og_site_name":"Canal 7 SLP - 2025","article_publisher":"https:\/\/www.facebook.com\/noticieroscanal7atencionciudadana\/","article_published_time":"2025-03-19T21:29:17+00:00","og_image":[{"width":1268,"height":706,"url":"https:\/\/canal7slp.tv\/2025\/wp-content\/uploads\/2025\/03\/casabano.jpeg","type":"image\/jpeg"}],"author":"admin","twitter_card":"summary_large_image","twitter_creator":"@NOTICIEROS7","twitter_site":"@NOTICIEROS7","twitter_misc":{"Escrito por":"admin","Tiempo de lectura":"2 minutos"},"schema":{"@context":"https:\/\/schema.org","@graph":[{"@type":"Article","@id":"https:\/\/canal7slp.tv\/2025\/vivienda-en-abandono-de-la-division-del-norte-practicamente-utilizada-como-bano-publico\/#article","isPartOf":{"@id":"https:\/\/canal7slp.tv\/2025\/vivienda-en-abandono-de-la-division-del-norte-practicamente-utilizada-como-bano-publico\/"},"author":{"name":"admin","@id":"https:\/\/canal7slp.tv\/2025\/#\/schema\/person\/1257e7e4a3d5ac29c4732733a887970d"},"headline":"Vivienda en abandono de la Divisi\u00f3n del Norte, pr\u00e1cticamente utilizada como ba\u00f1o p\u00fablico","datePublished":"2025-03-19T21:29:17+00:00","mainEntityOfPage":{"@id":"https:\/\/canal7slp.tv\/2025\/vivienda-en-abandono-de-la-division-del-norte-practicamente-utilizada-como-bano-publico\/"},"wordCount":296,"publisher":{"@id":"https:\/\/canal7slp.tv\/2025\/#organization"},"image":{"@id":"https:\/\/canal7slp.tv\/2025\/vivienda-en-abandono-de-la-division-del-norte-practicamente-utilizada-como-bano-publico\/#primaryimage"},"thumbnailUrl":"https:\/\/canal7slp.tv\/2025\/wp-content\/uploads\/2025\/03\/casabano.jpeg","articleSection":["LOCALES Y REGIONALES"],"inLanguage":"es"},{"@type":"WebPage","@id":"https:\/\/canal7slp.tv\/2025\/vivienda-en-abandono-de-la-division-del-norte-practicamente-utilizada-como-bano-publico\/","url":"https:\/\/canal7slp.tv\/2025\/vivienda-en-abandono-de-la-division-del-norte-practicamente-utilizada-como-bano-publico\/","name":"Vivienda en abandono de la Divisi\u00f3n del Norte, pr\u00e1cticamente utilizada como ba\u00f1o p\u00fablico - Canal 7 SLP - 2025","isPartOf":{"@id":"https:\/\/canal7slp.tv\/2025\/#website"},"primaryImageOfPage":{"@id":"https:\/\/canal7slp.tv\/2025\/vivienda-en-abandono-de-la-division-del-norte-practicamente-utilizada-como-bano-publico\/#primaryimage"},"image":{"@id":"https:\/\/canal7slp.tv\/2025\/vivienda-en-abandono-de-la-division-del-norte-practicamente-utilizada-como-bano-publico\/#primaryimage"},"thumbnailUrl":"https:\/\/canal7slp.tv\/2025\/wp-content\/uploads\/2025\/03\/casabano.jpeg","datePublished":"2025-03-19T21:29:17+00:00","breadcrumb":{"@id":"https:\/\/canal7slp.tv\/2025\/vivienda-en-abandono-de-la-division-del-norte-practicamente-utilizada-como-bano-publico\/#breadcrumb"},"inLanguage":"es","potentialAction":[{"@type":"ReadAction","target":["https:\/\/canal7slp.tv\/2025\/vivienda-en-abandono-de-la-division-del-norte-practicamente-utilizada-como-bano-publico\/"]}]},{"@type":"ImageObject","inLanguage":"es","@id":"https:\/\/canal7slp.tv\/2025\/vivienda-en-abandono-de-la-division-del-norte-practicamente-utilizada-como-bano-publico\/#primaryimage","url":"https:\/\/canal7slp.tv\/2025\/wp-content\/uploads\/2025\/03\/casabano.jpeg","contentUrl":"https:\/\/canal7slp.tv\/2025\/wp-content\/uploads\/2025\/03\/casabano.jpeg","width":1268,"height":706},{"@type":"BreadcrumbList","@id":"https:\/\/canal7slp.tv\/2025\/vivienda-en-abandono-de-la-division-del-norte-practicamente-utilizada-como-bano-publico\/#breadcrumb","itemListElement":[{"@type":"ListItem","position":1,"name":"Portada","item":"https:\/\/canal7slp.tv\/2025\/"},{"@type":"ListItem","position":2,"name":"Vivienda en abandono de la Divisi\u00f3n del Norte, pr\u00e1cticamente utilizada como ba\u00f1o p\u00fablico"}]},{"@type":"WebSite","@id":"https:\/\/canal7slp.tv\/2025\/#website","url":"https:\/\/canal7slp.tv\/2025\/","name":"N7 - Noticieros Canal 7","description":"Somos el Medio","publisher":{"@id":"https:\/\/canal7slp.tv\/2025\/#organization"},"potentialAction":[{"@type":"SearchAction","target":{"@type":"EntryPoint","urlTemplate":"https:\/\/canal7slp.tv\/2025\/?s={search_term_string}"},"query-input":{"@type":"PropertyValueSpecification","valueRequired":true,"valueName":"search_term_string"}}],"inLanguage":"es"},{"@type":"Organization","@id":"https:\/\/canal7slp.tv\/2025\/#organization","name":"Noticieros Canal 7","url":"https:\/\/canal7slp.tv\/2025\/","logo":{"@type":"ImageObject","inLanguage":"es","@id":"https:\/\/canal7slp.tv\/2025\/#\/schema\/logo\/image\/","url":"https:\/\/canal7slp.tv\/2025\/wp-content\/uploads\/2021\/01\/logo-noticieros@2x.png","contentUrl":"https:\/\/canal7slp.tv\/2025\/wp-content\/uploads\/2021\/01\/logo-noticieros@2x.png","width":1017,"height":268,"caption":"Noticieros Canal 7"},"image":{"@id":"https:\/\/canal7slp.tv\/2025\/#\/schema\/logo\/image\/"},"sameAs":["https:\/\/www.facebook.com\/noticieroscanal7atencionciudadana\/","https:\/\/x.com\/NOTICIEROS7","https:\/\/www.instagram.com\/canal7_slp","https:\/\/www.youtube.com\/channel\/UCliiYs-gP3JfJeqdPrNdd5A"]},{"@type":"Person","@id":"https:\/\/canal7slp.tv\/2025\/#\/schema\/person\/1257e7e4a3d5ac29c4732733a887970d","name":"admin","image":{"@type":"ImageObject","inLanguage":"es","@id":"https:\/\/secure.gravatar.com\/avatar\/d1da498ea933582ecc2b5d72a4eac16ec41c3ec04cf2dc9d46e0b557dedfd5ff?s=96&d=mm&r=g","url":"https:\/\/secure.gravatar.com\/avatar\/d1da498ea933582ecc2b5d72a4eac16ec41c3ec04cf2dc9d46e0b557dedfd5ff?s=96&d=mm&r=g","contentUrl":"https:\/\/secure.gravatar.com\/avatar\/d1da498ea933582ecc2b5d72a4eac16ec41c3ec04cf2dc9d46e0b557dedfd5ff?s=96&d=mm&r=g","caption":"admin"},"sameAs":["https:\/\/canal7slp.tv\/2025"],"url":"https:\/\/canal7slp.tv\/2025\/author\/bicefalo\/"}]}},"_links":{"self":[{"href":"https:\/\/canal7slp.tv\/2025\/wp-json\/wp\/v2\/posts\/161182","targetHints":{"allow":["GET"]}}],"collection":[{"href":"https:\/\/canal7slp.tv\/2025\/wp-json\/wp\/v2\/posts"}],"about":[{"href":"https:\/\/canal7slp.tv\/2025\/wp-json\/wp\/v2\/types\/post"}],"author":[{"embeddable":true,"href":"https:\/\/canal7slp.tv\/2025\/wp-json\/wp\/v2\/users\/1"}],"replies":[{"embeddable":true,"href":"https:\/\/canal7slp.tv\/2025\/wp-json\/wp\/v2\/comments?post=161182"}],"version-history":[{"count":1,"href":"https:\/\/canal7slp.tv\/2025\/wp-json\/wp\/v2\/posts\/161182\/revisions"}],"predecessor-version":[{"id":161184,"href":"https:\/\/canal7slp.tv\/2025\/wp-json\/wp\/v2\/posts\/161182\/revisions\/161184"}],"wp:featuredmedia":[{"embeddable":true,"href":"https:\/\/canal7slp.tv\/2025\/wp-json\/wp\/v2\/media\/161183"}],"wp:attachment":[{"href":"https:\/\/canal7slp.tv\/2025\/wp-json\/wp\/v2\/media?parent=161182"}],"wp:term":[{"taxonomy":"category","embeddable":true,"href":"https:\/\/canal7slp.tv\/2025\/wp-json\/wp\/v2\/categories?post=161182"},{"taxonomy":"post_tag","embeddable":true,"href":"https:\/\/canal7slp.tv\/2025\/wp-json\/wp\/v2\/tags?post=161182"}],"curies":[{"name":"wp","href":"https:\/\/api.w.org\/{rel}","templated":true}]}}