{"id":161159,"date":"2025-03-18T23:21:22","date_gmt":"2025-03-19T05:21:22","guid":{"rendered":"https:\/\/canal7slp.tv\/2025\/?p=161159"},"modified":"2025-03-18T23:22:18","modified_gmt":"2025-03-19T05:22:18","slug":"ciclistas-potosinos-protagonista-en-copa-zapopan-2025","status":"publish","type":"post","link":"https:\/\/canal7slp.tv\/2025\/ciclistas-potosinos-protagonista-en-copa-zapopan-2025\/","title":{"rendered":"Ciclistas Potosinos  Protagonista En Copa Zapopan 2025"},"content":{"rendered":"<p><span style=\"font-weight: 400;\">Los ciclistas de San Luis Potos\u00ed fueron protagonistas en la importante Copa Zapopan 2025, obteniendo varios podium.<\/span><\/p>\n<p><span style=\"font-weight: 400;\">\u00a0En la rama Femenil \u201cB\u201d, la competidora Jimena M\u00e9ndez S\u00e1nchez, se llev\u00f3 el segundo lugar, solo atr\u00e1s de quien es la actual campeona nacional de la categor\u00eda.<\/span><\/p>\n<p><span style=\"font-weight: 400;\">En la categor\u00eda Juvenil \u201cC\u201d, el primero y tercer lugar fueron para los competidores potosinos, Luis Francisco Alem\u00e1n Carranza\u00a0 y Jonathan Yahir Hern\u00e1ndez Torres, respectivamente.<\/span><\/p>\n<p><span style=\"font-weight: 400;\">Otra competidora que tambi\u00e9n puso en alto el nombre de San Luis Potos\u00ed fue Mariana Abigail Cardona Santos,\u00a0 quien obtuvo el segundo lugar en la categor\u00eda Juvenil \u201cC\u201d.<\/span><\/p>\n","protected":false},"excerpt":{"rendered":"<p>Los ciclistas de San Luis Potos\u00ed fueron protagonistas en la importante Copa Zapopan 2025, obteniendo varios podium. \u00a0En la rama Femenil \u201cB\u201d, la competidora Jimena M\u00e9ndez S\u00e1nchez, se llev\u00f3 el segundo lugar, solo atr\u00e1s de quien es la actual campeona nacional de la categor\u00eda. En la categor\u00eda Juvenil \u201cC\u201d, el primero y tercer lugar fueron para los competidores potosinos, Luis Francisco Alem\u00e1n Carranza\u00a0 y Jonathan Yahir Hern\u00e1ndez Torres, respectivamente. Otra competidora que tambi\u00e9n puso en alto el nombre de San Luis Potos\u00ed fue Mariana Abigail Cardona Santos,\u00a0 quien obtuvo el segundo lugar en la categor\u00eda Juvenil \u201cC\u201d.<\/p>\n","protected":false},"author":1,"featured_media":161160,"comment_status":"closed","ping_status":"closed","sticky":false,"template":"","format":"video","meta":{"_monsterinsights_skip_tracking":false,"_monsterinsights_sitenote_active":false,"_monsterinsights_sitenote_note":"","_monsterinsights_sitenote_category":0,"footnotes":""},"categories":[7],"tags":[],"class_list":["post-161159","post","type-post","status-publish","format-video","has-post-thumbnail","hentry","category-deportes","post_format-post-format-video","post--single"],"yoast_head":"<!-- This site is optimized with the Yoast SEO plugin v27.5 - https:\/\/yoast.com\/product\/yoast-seo-wordpress\/ -->\n<title>Ciclistas Potosinos Protagonista En Copa Zapopan 2025 - Canal 7 SLP - 2025<\/title>\n<meta name=\"robots\" content=\"index, follow, max-snippet:-1, max-image-preview:large, max-video-preview:-1\" \/>\n<link rel=\"canonical\" href=\"https:\/\/canal7slp.tv\/2025\/ciclistas-potosinos-protagonista-en-copa-zapopan-2025\/\" \/>\n<meta property=\"og:locale\" content=\"es_ES\" \/>\n<meta property=\"og:type\" content=\"article\" \/>\n<meta property=\"og:title\" content=\"Ciclistas Potosinos Protagonista En Copa Zapopan 2025 - Canal 7 SLP - 2025\" \/>\n<meta property=\"og:description\" content=\"Los ciclistas de San Luis Potos\u00ed fueron protagonistas en la importante Copa Zapopan 2025, obteniendo varios podium. \u00a0En la rama Femenil \u201cB\u201d, la competidora Jimena M\u00e9ndez S\u00e1nchez, se llev\u00f3 el segundo lugar, solo atr\u00e1s de quien es la actual campeona nacional de la categor\u00eda. En la categor\u00eda Juvenil \u201cC\u201d, el primero y tercer lugar fueron para los competidores potosinos, Luis Francisco Alem\u00e1n Carranza\u00a0 y Jonathan Yahir Hern\u00e1ndez Torres, respectivamente. Otra competidora que tambi\u00e9n puso en alto el nombre de San Luis Potos\u00ed fue Mariana Abigail Cardona Santos,\u00a0 quien obtuvo el segundo lugar en la categor\u00eda Juvenil \u201cC\u201d.\" \/>\n<meta property=\"og:url\" content=\"https:\/\/canal7slp.tv\/2025\/ciclistas-potosinos-protagonista-en-copa-zapopan-2025\/\" \/>\n<meta property=\"og:site_name\" content=\"Canal 7 SLP - 2025\" \/>\n<meta property=\"article:publisher\" content=\"https:\/\/www.facebook.com\/noticieroscanal7atencionciudadana\/\" \/>\n<meta property=\"article:published_time\" content=\"2025-03-19T05:21:22+00:00\" \/>\n<meta property=\"article:modified_time\" content=\"2025-03-19T05:22:18+00:00\" \/>\n<meta property=\"og:image\" content=\"https:\/\/canal7slp.tv\/2025\/wp-content\/uploads\/2025\/03\/ciclis.jpg\" \/>\n\t<meta property=\"og:image:width\" content=\"1227\" \/>\n\t<meta property=\"og:image:height\" content=\"689\" \/>\n\t<meta property=\"og:image:type\" content=\"image\/jpeg\" \/>\n<meta name=\"author\" content=\"admin\" \/>\n<meta name=\"twitter:card\" content=\"summary_large_image\" \/>\n<meta name=\"twitter:creator\" content=\"@NOTICIEROS7\" \/>\n<meta name=\"twitter:site\" content=\"@NOTICIEROS7\" \/>\n<meta name=\"twitter:label1\" content=\"Escrito por\" \/>\n\t<meta name=\"twitter:data1\" content=\"admin\" \/>\n\t<meta name=\"twitter:label2\" content=\"Tiempo de lectura\" \/>\n\t<meta name=\"twitter:data2\" content=\"1 minuto\" \/>\n<script type=\"application\/ld+json\" class=\"yoast-schema-graph\">{\"@context\":\"https:\\\/\\\/schema.org\",\"@graph\":[{\"@type\":\"Article\",\"@id\":\"https:\\\/\\\/canal7slp.tv\\\/2025\\\/ciclistas-potosinos-protagonista-en-copa-zapopan-2025\\\/#article\",\"isPartOf\":{\"@id\":\"https:\\\/\\\/canal7slp.tv\\\/2025\\\/ciclistas-potosinos-protagonista-en-copa-zapopan-2025\\\/\"},\"author\":{\"name\":\"admin\",\"@id\":\"https:\\\/\\\/canal7slp.tv\\\/2025\\\/#\\\/schema\\\/person\\\/1257e7e4a3d5ac29c4732733a887970d\"},\"headline\":\"Ciclistas Potosinos Protagonista En Copa Zapopan 2025\",\"datePublished\":\"2025-03-19T05:21:22+00:00\",\"dateModified\":\"2025-03-19T05:22:18+00:00\",\"mainEntityOfPage\":{\"@id\":\"https:\\\/\\\/canal7slp.tv\\\/2025\\\/ciclistas-potosinos-protagonista-en-copa-zapopan-2025\\\/\"},\"wordCount\":111,\"publisher\":{\"@id\":\"https:\\\/\\\/canal7slp.tv\\\/2025\\\/#organization\"},\"image\":{\"@id\":\"https:\\\/\\\/canal7slp.tv\\\/2025\\\/ciclistas-potosinos-protagonista-en-copa-zapopan-2025\\\/#primaryimage\"},\"thumbnailUrl\":\"https:\\\/\\\/canal7slp.tv\\\/2025\\\/wp-content\\\/uploads\\\/2025\\\/03\\\/ciclis.jpg\",\"articleSection\":[\"DEPORTES\"],\"inLanguage\":\"es\"},{\"@type\":\"WebPage\",\"@id\":\"https:\\\/\\\/canal7slp.tv\\\/2025\\\/ciclistas-potosinos-protagonista-en-copa-zapopan-2025\\\/\",\"url\":\"https:\\\/\\\/canal7slp.tv\\\/2025\\\/ciclistas-potosinos-protagonista-en-copa-zapopan-2025\\\/\",\"name\":\"Ciclistas Potosinos Protagonista En Copa Zapopan 2025 - Canal 7 SLP - 2025\",\"isPartOf\":{\"@id\":\"https:\\\/\\\/canal7slp.tv\\\/2025\\\/#website\"},\"primaryImageOfPage\":{\"@id\":\"https:\\\/\\\/canal7slp.tv\\\/2025\\\/ciclistas-potosinos-protagonista-en-copa-zapopan-2025\\\/#primaryimage\"},\"image\":{\"@id\":\"https:\\\/\\\/canal7slp.tv\\\/2025\\\/ciclistas-potosinos-protagonista-en-copa-zapopan-2025\\\/#primaryimage\"},\"thumbnailUrl\":\"https:\\\/\\\/canal7slp.tv\\\/2025\\\/wp-content\\\/uploads\\\/2025\\\/03\\\/ciclis.jpg\",\"datePublished\":\"2025-03-19T05:21:22+00:00\",\"dateModified\":\"2025-03-19T05:22:18+00:00\",\"breadcrumb\":{\"@id\":\"https:\\\/\\\/canal7slp.tv\\\/2025\\\/ciclistas-potosinos-protagonista-en-copa-zapopan-2025\\\/#breadcrumb\"},\"inLanguage\":\"es\",\"potentialAction\":[{\"@type\":\"ReadAction\",\"target\":[\"https:\\\/\\\/canal7slp.tv\\\/2025\\\/ciclistas-potosinos-protagonista-en-copa-zapopan-2025\\\/\"]}]},{\"@type\":\"ImageObject\",\"inLanguage\":\"es\",\"@id\":\"https:\\\/\\\/canal7slp.tv\\\/2025\\\/ciclistas-potosinos-protagonista-en-copa-zapopan-2025\\\/#primaryimage\",\"url\":\"https:\\\/\\\/canal7slp.tv\\\/2025\\\/wp-content\\\/uploads\\\/2025\\\/03\\\/ciclis.jpg\",\"contentUrl\":\"https:\\\/\\\/canal7slp.tv\\\/2025\\\/wp-content\\\/uploads\\\/2025\\\/03\\\/ciclis.jpg\",\"width\":1227,\"height\":689},{\"@type\":\"BreadcrumbList\",\"@id\":\"https:\\\/\\\/canal7slp.tv\\\/2025\\\/ciclistas-potosinos-protagonista-en-copa-zapopan-2025\\\/#breadcrumb\",\"itemListElement\":[{\"@type\":\"ListItem\",\"position\":1,\"name\":\"Portada\",\"item\":\"https:\\\/\\\/canal7slp.tv\\\/2025\\\/\"},{\"@type\":\"ListItem\",\"position\":2,\"name\":\"Ciclistas Potosinos Protagonista En Copa Zapopan 2025\"}]},{\"@type\":\"WebSite\",\"@id\":\"https:\\\/\\\/canal7slp.tv\\\/2025\\\/#website\",\"url\":\"https:\\\/\\\/canal7slp.tv\\\/2025\\\/\",\"name\":\"N7 - Noticieros Canal 7\",\"description\":\"Somos el Medio\",\"publisher\":{\"@id\":\"https:\\\/\\\/canal7slp.tv\\\/2025\\\/#organization\"},\"potentialAction\":[{\"@type\":\"SearchAction\",\"target\":{\"@type\":\"EntryPoint\",\"urlTemplate\":\"https:\\\/\\\/canal7slp.tv\\\/2025\\\/?s={search_term_string}\"},\"query-input\":{\"@type\":\"PropertyValueSpecification\",\"valueRequired\":true,\"valueName\":\"search_term_string\"}}],\"inLanguage\":\"es\"},{\"@type\":\"Organization\",\"@id\":\"https:\\\/\\\/canal7slp.tv\\\/2025\\\/#organization\",\"name\":\"Noticieros Canal 7\",\"url\":\"https:\\\/\\\/canal7slp.tv\\\/2025\\\/\",\"logo\":{\"@type\":\"ImageObject\",\"inLanguage\":\"es\",\"@id\":\"https:\\\/\\\/canal7slp.tv\\\/2025\\\/#\\\/schema\\\/logo\\\/image\\\/\",\"url\":\"https:\\\/\\\/canal7slp.tv\\\/2025\\\/wp-content\\\/uploads\\\/2021\\\/01\\\/logo-noticieros@2x.png\",\"contentUrl\":\"https:\\\/\\\/canal7slp.tv\\\/2025\\\/wp-content\\\/uploads\\\/2021\\\/01\\\/logo-noticieros@2x.png\",\"width\":1017,\"height\":268,\"caption\":\"Noticieros Canal 7\"},\"image\":{\"@id\":\"https:\\\/\\\/canal7slp.tv\\\/2025\\\/#\\\/schema\\\/logo\\\/image\\\/\"},\"sameAs\":[\"https:\\\/\\\/www.facebook.com\\\/noticieroscanal7atencionciudadana\\\/\",\"https:\\\/\\\/x.com\\\/NOTICIEROS7\",\"https:\\\/\\\/www.instagram.com\\\/canal7_slp\",\"https:\\\/\\\/www.youtube.com\\\/channel\\\/UCliiYs-gP3JfJeqdPrNdd5A\"]},{\"@type\":\"Person\",\"@id\":\"https:\\\/\\\/canal7slp.tv\\\/2025\\\/#\\\/schema\\\/person\\\/1257e7e4a3d5ac29c4732733a887970d\",\"name\":\"admin\",\"image\":{\"@type\":\"ImageObject\",\"inLanguage\":\"es\",\"@id\":\"https:\\\/\\\/secure.gravatar.com\\\/avatar\\\/d1da498ea933582ecc2b5d72a4eac16ec41c3ec04cf2dc9d46e0b557dedfd5ff?s=96&d=mm&r=g\",\"url\":\"https:\\\/\\\/secure.gravatar.com\\\/avatar\\\/d1da498ea933582ecc2b5d72a4eac16ec41c3ec04cf2dc9d46e0b557dedfd5ff?s=96&d=mm&r=g\",\"contentUrl\":\"https:\\\/\\\/secure.gravatar.com\\\/avatar\\\/d1da498ea933582ecc2b5d72a4eac16ec41c3ec04cf2dc9d46e0b557dedfd5ff?s=96&d=mm&r=g\",\"caption\":\"admin\"},\"sameAs\":[\"https:\\\/\\\/canal7slp.tv\\\/2025\"],\"url\":\"https:\\\/\\\/canal7slp.tv\\\/2025\\\/author\\\/bicefalo\\\/\"}]}<\/script>\n<!-- \/ Yoast SEO plugin. -->","yoast_head_json":{"title":"Ciclistas Potosinos Protagonista En Copa Zapopan 2025 - Canal 7 SLP - 2025","robots":{"index":"index","follow":"follow","max-snippet":"max-snippet:-1","max-image-preview":"max-image-preview:large","max-video-preview":"max-video-preview:-1"},"canonical":"https:\/\/canal7slp.tv\/2025\/ciclistas-potosinos-protagonista-en-copa-zapopan-2025\/","og_locale":"es_ES","og_type":"article","og_title":"Ciclistas Potosinos Protagonista En Copa Zapopan 2025 - Canal 7 SLP - 2025","og_description":"Los ciclistas de San Luis Potos\u00ed fueron protagonistas en la importante Copa Zapopan 2025, obteniendo varios podium. \u00a0En la rama Femenil \u201cB\u201d, la competidora Jimena M\u00e9ndez S\u00e1nchez, se llev\u00f3 el segundo lugar, solo atr\u00e1s de quien es la actual campeona nacional de la categor\u00eda. En la categor\u00eda Juvenil \u201cC\u201d, el primero y tercer lugar fueron para los competidores potosinos, Luis Francisco Alem\u00e1n Carranza\u00a0 y Jonathan Yahir Hern\u00e1ndez Torres, respectivamente. Otra competidora que tambi\u00e9n puso en alto el nombre de San Luis Potos\u00ed fue Mariana Abigail Cardona Santos,\u00a0 quien obtuvo el segundo lugar en la categor\u00eda Juvenil \u201cC\u201d.","og_url":"https:\/\/canal7slp.tv\/2025\/ciclistas-potosinos-protagonista-en-copa-zapopan-2025\/","og_site_name":"Canal 7 SLP - 2025","article_publisher":"https:\/\/www.facebook.com\/noticieroscanal7atencionciudadana\/","article_published_time":"2025-03-19T05:21:22+00:00","article_modified_time":"2025-03-19T05:22:18+00:00","og_image":[{"width":1227,"height":689,"url":"https:\/\/canal7slp.tv\/2025\/wp-content\/uploads\/2025\/03\/ciclis.jpg","type":"image\/jpeg"}],"author":"admin","twitter_card":"summary_large_image","twitter_creator":"@NOTICIEROS7","twitter_site":"@NOTICIEROS7","twitter_misc":{"Escrito por":"admin","Tiempo de lectura":"1 minuto"},"schema":{"@context":"https:\/\/schema.org","@graph":[{"@type":"Article","@id":"https:\/\/canal7slp.tv\/2025\/ciclistas-potosinos-protagonista-en-copa-zapopan-2025\/#article","isPartOf":{"@id":"https:\/\/canal7slp.tv\/2025\/ciclistas-potosinos-protagonista-en-copa-zapopan-2025\/"},"author":{"name":"admin","@id":"https:\/\/canal7slp.tv\/2025\/#\/schema\/person\/1257e7e4a3d5ac29c4732733a887970d"},"headline":"Ciclistas Potosinos Protagonista En Copa Zapopan 2025","datePublished":"2025-03-19T05:21:22+00:00","dateModified":"2025-03-19T05:22:18+00:00","mainEntityOfPage":{"@id":"https:\/\/canal7slp.tv\/2025\/ciclistas-potosinos-protagonista-en-copa-zapopan-2025\/"},"wordCount":111,"publisher":{"@id":"https:\/\/canal7slp.tv\/2025\/#organization"},"image":{"@id":"https:\/\/canal7slp.tv\/2025\/ciclistas-potosinos-protagonista-en-copa-zapopan-2025\/#primaryimage"},"thumbnailUrl":"https:\/\/canal7slp.tv\/2025\/wp-content\/uploads\/2025\/03\/ciclis.jpg","articleSection":["DEPORTES"],"inLanguage":"es"},{"@type":"WebPage","@id":"https:\/\/canal7slp.tv\/2025\/ciclistas-potosinos-protagonista-en-copa-zapopan-2025\/","url":"https:\/\/canal7slp.tv\/2025\/ciclistas-potosinos-protagonista-en-copa-zapopan-2025\/","name":"Ciclistas Potosinos Protagonista En Copa Zapopan 2025 - Canal 7 SLP - 2025","isPartOf":{"@id":"https:\/\/canal7slp.tv\/2025\/#website"},"primaryImageOfPage":{"@id":"https:\/\/canal7slp.tv\/2025\/ciclistas-potosinos-protagonista-en-copa-zapopan-2025\/#primaryimage"},"image":{"@id":"https:\/\/canal7slp.tv\/2025\/ciclistas-potosinos-protagonista-en-copa-zapopan-2025\/#primaryimage"},"thumbnailUrl":"https:\/\/canal7slp.tv\/2025\/wp-content\/uploads\/2025\/03\/ciclis.jpg","datePublished":"2025-03-19T05:21:22+00:00","dateModified":"2025-03-19T05:22:18+00:00","breadcrumb":{"@id":"https:\/\/canal7slp.tv\/2025\/ciclistas-potosinos-protagonista-en-copa-zapopan-2025\/#breadcrumb"},"inLanguage":"es","potentialAction":[{"@type":"ReadAction","target":["https:\/\/canal7slp.tv\/2025\/ciclistas-potosinos-protagonista-en-copa-zapopan-2025\/"]}]},{"@type":"ImageObject","inLanguage":"es","@id":"https:\/\/canal7slp.tv\/2025\/ciclistas-potosinos-protagonista-en-copa-zapopan-2025\/#primaryimage","url":"https:\/\/canal7slp.tv\/2025\/wp-content\/uploads\/2025\/03\/ciclis.jpg","contentUrl":"https:\/\/canal7slp.tv\/2025\/wp-content\/uploads\/2025\/03\/ciclis.jpg","width":1227,"height":689},{"@type":"BreadcrumbList","@id":"https:\/\/canal7slp.tv\/2025\/ciclistas-potosinos-protagonista-en-copa-zapopan-2025\/#breadcrumb","itemListElement":[{"@type":"ListItem","position":1,"name":"Portada","item":"https:\/\/canal7slp.tv\/2025\/"},{"@type":"ListItem","position":2,"name":"Ciclistas Potosinos Protagonista En Copa Zapopan 2025"}]},{"@type":"WebSite","@id":"https:\/\/canal7slp.tv\/2025\/#website","url":"https:\/\/canal7slp.tv\/2025\/","name":"N7 - Noticieros Canal 7","description":"Somos el Medio","publisher":{"@id":"https:\/\/canal7slp.tv\/2025\/#organization"},"potentialAction":[{"@type":"SearchAction","target":{"@type":"EntryPoint","urlTemplate":"https:\/\/canal7slp.tv\/2025\/?s={search_term_string}"},"query-input":{"@type":"PropertyValueSpecification","valueRequired":true,"valueName":"search_term_string"}}],"inLanguage":"es"},{"@type":"Organization","@id":"https:\/\/canal7slp.tv\/2025\/#organization","name":"Noticieros Canal 7","url":"https:\/\/canal7slp.tv\/2025\/","logo":{"@type":"ImageObject","inLanguage":"es","@id":"https:\/\/canal7slp.tv\/2025\/#\/schema\/logo\/image\/","url":"https:\/\/canal7slp.tv\/2025\/wp-content\/uploads\/2021\/01\/logo-noticieros@2x.png","contentUrl":"https:\/\/canal7slp.tv\/2025\/wp-content\/uploads\/2021\/01\/logo-noticieros@2x.png","width":1017,"height":268,"caption":"Noticieros Canal 7"},"image":{"@id":"https:\/\/canal7slp.tv\/2025\/#\/schema\/logo\/image\/"},"sameAs":["https:\/\/www.facebook.com\/noticieroscanal7atencionciudadana\/","https:\/\/x.com\/NOTICIEROS7","https:\/\/www.instagram.com\/canal7_slp","https:\/\/www.youtube.com\/channel\/UCliiYs-gP3JfJeqdPrNdd5A"]},{"@type":"Person","@id":"https:\/\/canal7slp.tv\/2025\/#\/schema\/person\/1257e7e4a3d5ac29c4732733a887970d","name":"admin","image":{"@type":"ImageObject","inLanguage":"es","@id":"https:\/\/secure.gravatar.com\/avatar\/d1da498ea933582ecc2b5d72a4eac16ec41c3ec04cf2dc9d46e0b557dedfd5ff?s=96&d=mm&r=g","url":"https:\/\/secure.gravatar.com\/avatar\/d1da498ea933582ecc2b5d72a4eac16ec41c3ec04cf2dc9d46e0b557dedfd5ff?s=96&d=mm&r=g","contentUrl":"https:\/\/secure.gravatar.com\/avatar\/d1da498ea933582ecc2b5d72a4eac16ec41c3ec04cf2dc9d46e0b557dedfd5ff?s=96&d=mm&r=g","caption":"admin"},"sameAs":["https:\/\/canal7slp.tv\/2025"],"url":"https:\/\/canal7slp.tv\/2025\/author\/bicefalo\/"}]}},"_links":{"self":[{"href":"https:\/\/canal7slp.tv\/2025\/wp-json\/wp\/v2\/posts\/161159","targetHints":{"allow":["GET"]}}],"collection":[{"href":"https:\/\/canal7slp.tv\/2025\/wp-json\/wp\/v2\/posts"}],"about":[{"href":"https:\/\/canal7slp.tv\/2025\/wp-json\/wp\/v2\/types\/post"}],"author":[{"embeddable":true,"href":"https:\/\/canal7slp.tv\/2025\/wp-json\/wp\/v2\/users\/1"}],"replies":[{"embeddable":true,"href":"https:\/\/canal7slp.tv\/2025\/wp-json\/wp\/v2\/comments?post=161159"}],"version-history":[{"count":2,"href":"https:\/\/canal7slp.tv\/2025\/wp-json\/wp\/v2\/posts\/161159\/revisions"}],"predecessor-version":[{"id":161163,"href":"https:\/\/canal7slp.tv\/2025\/wp-json\/wp\/v2\/posts\/161159\/revisions\/161163"}],"wp:featuredmedia":[{"embeddable":true,"href":"https:\/\/canal7slp.tv\/2025\/wp-json\/wp\/v2\/media\/161160"}],"wp:attachment":[{"href":"https:\/\/canal7slp.tv\/2025\/wp-json\/wp\/v2\/media?parent=161159"}],"wp:term":[{"taxonomy":"category","embeddable":true,"href":"https:\/\/canal7slp.tv\/2025\/wp-json\/wp\/v2\/categories?post=161159"},{"taxonomy":"post_tag","embeddable":true,"href":"https:\/\/canal7slp.tv\/2025\/wp-json\/wp\/v2\/tags?post=161159"}],"curies":[{"name":"wp","href":"https:\/\/api.w.org\/{rel}","templated":true}]}}