{"id":161156,"date":"2025-03-18T23:18:47","date_gmt":"2025-03-19T05:18:47","guid":{"rendered":"https:\/\/canal7slp.tv\/2025\/?p=161156"},"modified":"2025-03-19T20:30:13","modified_gmt":"2025-03-20T02:30:13","slug":"cordero-y-hernandez-dominaron-la-tercera-edicion-del-rally-aguascalientes","status":"publish","type":"post","link":"https:\/\/canal7slp.tv\/2025\/cordero-y-hernandez-dominaron-la-tercera-edicion-del-rally-aguascalientes\/","title":{"rendered":"Cordero Y Hern\u00e1ndez Dominaron La Tercera Edici\u00f3n Del Rally Aguascalientes"},"content":{"rendered":"<p><span style=\"font-weight: 400;\">Concluy\u00f3 con \u00e9xito la tercera edici\u00f3n del Rally Aguascalientes , primera fecha de la temporada 2025 del Campeonato Mexicano de Rallies .<\/span><\/p>\n<p><span style=\"font-weight: 400;\">\u00a0<\/span><span style=\"font-weight: 400;\">En donde el piloto Ricardo Cordero junto con su navegante Marco Hern\u00e1ndez, se coronaron como los vencedores absolutos de la contienda hidroc\u00e1lida, demostrando un desempe\u00f1o impecable a lo largo de las 11 etapas de velocidad cronometrada.<\/span><\/p>\n<p><span style=\"font-weight: 400;\">\u00a0<\/span><span style=\"font-weight: 400;\">El potosino Ricardo Cordero domin\u00f3 el rally de principio a fin, reafirmando su posici\u00f3n como uno de los m\u00e1ximos exponentes del automovilismo de rally en M\u00e9xico. Con este resultado, tambi\u00e9n se adjudica el primer lugar tanto en el CMR como en el FIA NACAM Rally Championship , iniciando la temporada con una s\u00f3lida actuaci\u00f3n.<\/span><\/p>\n","protected":false},"excerpt":{"rendered":"<p>Concluy\u00f3 con \u00e9xito la tercera edici\u00f3n del Rally Aguascalientes , primera fecha de la temporada 2025 del Campeonato Mexicano de Rallies . \u00a0En donde el piloto Ricardo Cordero junto con su navegante Marco Hern\u00e1ndez, se coronaron como los vencedores absolutos de la contienda hidroc\u00e1lida, demostrando un desempe\u00f1o impecable a lo largo de las 11 etapas de velocidad cronometrada. \u00a0El potosino Ricardo Cordero domin\u00f3 el rally de principio a fin, reafirmando su posici\u00f3n como uno de los m\u00e1ximos exponentes del automovilismo de rally en M\u00e9xico. Con este resultado, tambi\u00e9n se adjudica el primer lugar tanto en el CMR como en el [&hellip;]<\/p>\n","protected":false},"author":1,"featured_media":161157,"comment_status":"closed","ping_status":"closed","sticky":false,"template":"","format":"video","meta":{"_monsterinsights_skip_tracking":false,"_monsterinsights_sitenote_active":false,"_monsterinsights_sitenote_note":"","_monsterinsights_sitenote_category":0,"footnotes":""},"categories":[7,5],"tags":[],"class_list":["post-161156","post","type-post","status-publish","format-video","has-post-thumbnail","hentry","category-deportes","category-destacadas","post_format-post-format-video","post--single"],"yoast_head":"<!-- This site is optimized with the Yoast SEO plugin v27.5 - https:\/\/yoast.com\/product\/yoast-seo-wordpress\/ -->\n<title>Cordero Y Hern\u00e1ndez Dominaron La Tercera Edici\u00f3n Del Rally Aguascalientes - Canal 7 SLP - 2025<\/title>\n<meta name=\"robots\" content=\"index, follow, max-snippet:-1, max-image-preview:large, max-video-preview:-1\" \/>\n<link rel=\"canonical\" href=\"https:\/\/canal7slp.tv\/2025\/cordero-y-hernandez-dominaron-la-tercera-edicion-del-rally-aguascalientes\/\" \/>\n<meta property=\"og:locale\" content=\"es_ES\" \/>\n<meta property=\"og:type\" content=\"article\" \/>\n<meta property=\"og:title\" content=\"Cordero Y Hern\u00e1ndez Dominaron La Tercera Edici\u00f3n Del Rally Aguascalientes - Canal 7 SLP - 2025\" \/>\n<meta property=\"og:description\" content=\"Concluy\u00f3 con \u00e9xito la tercera edici\u00f3n del Rally Aguascalientes , primera fecha de la temporada 2025 del Campeonato Mexicano de Rallies . \u00a0En donde el piloto Ricardo Cordero junto con su navegante Marco Hern\u00e1ndez, se coronaron como los vencedores absolutos de la contienda hidroc\u00e1lida, demostrando un desempe\u00f1o impecable a lo largo de las 11 etapas de velocidad cronometrada. \u00a0El potosino Ricardo Cordero domin\u00f3 el rally de principio a fin, reafirmando su posici\u00f3n como uno de los m\u00e1ximos exponentes del automovilismo de rally en M\u00e9xico. Con este resultado, tambi\u00e9n se adjudica el primer lugar tanto en el CMR como en el [&hellip;]\" \/>\n<meta property=\"og:url\" content=\"https:\/\/canal7slp.tv\/2025\/cordero-y-hernandez-dominaron-la-tercera-edicion-del-rally-aguascalientes\/\" \/>\n<meta property=\"og:site_name\" content=\"Canal 7 SLP - 2025\" \/>\n<meta property=\"article:publisher\" content=\"https:\/\/www.facebook.com\/noticieroscanal7atencionciudadana\/\" \/>\n<meta property=\"article:published_time\" content=\"2025-03-19T05:18:47+00:00\" \/>\n<meta property=\"article:modified_time\" content=\"2025-03-20T02:30:13+00:00\" \/>\n<meta property=\"og:image\" content=\"https:\/\/canal7slp.tv\/2025\/wp-content\/uploads\/2025\/03\/rally.jpg\" \/>\n\t<meta property=\"og:image:width\" content=\"1230\" \/>\n\t<meta property=\"og:image:height\" content=\"691\" \/>\n\t<meta property=\"og:image:type\" content=\"image\/jpeg\" \/>\n<meta name=\"author\" content=\"admin\" \/>\n<meta name=\"twitter:card\" content=\"summary_large_image\" \/>\n<meta name=\"twitter:creator\" content=\"@NOTICIEROS7\" \/>\n<meta name=\"twitter:site\" content=\"@NOTICIEROS7\" \/>\n<meta name=\"twitter:label1\" content=\"Escrito por\" \/>\n\t<meta name=\"twitter:data1\" content=\"admin\" \/>\n\t<meta name=\"twitter:label2\" content=\"Tiempo de lectura\" \/>\n\t<meta name=\"twitter:data2\" content=\"1 minuto\" \/>\n<script type=\"application\/ld+json\" class=\"yoast-schema-graph\">{\"@context\":\"https:\\\/\\\/schema.org\",\"@graph\":[{\"@type\":\"Article\",\"@id\":\"https:\\\/\\\/canal7slp.tv\\\/2025\\\/cordero-y-hernandez-dominaron-la-tercera-edicion-del-rally-aguascalientes\\\/#article\",\"isPartOf\":{\"@id\":\"https:\\\/\\\/canal7slp.tv\\\/2025\\\/cordero-y-hernandez-dominaron-la-tercera-edicion-del-rally-aguascalientes\\\/\"},\"author\":{\"name\":\"admin\",\"@id\":\"https:\\\/\\\/canal7slp.tv\\\/2025\\\/#\\\/schema\\\/person\\\/1257e7e4a3d5ac29c4732733a887970d\"},\"headline\":\"Cordero Y Hern\u00e1ndez Dominaron La Tercera Edici\u00f3n Del Rally Aguascalientes\",\"datePublished\":\"2025-03-19T05:18:47+00:00\",\"dateModified\":\"2025-03-20T02:30:13+00:00\",\"mainEntityOfPage\":{\"@id\":\"https:\\\/\\\/canal7slp.tv\\\/2025\\\/cordero-y-hernandez-dominaron-la-tercera-edicion-del-rally-aguascalientes\\\/\"},\"wordCount\":129,\"publisher\":{\"@id\":\"https:\\\/\\\/canal7slp.tv\\\/2025\\\/#organization\"},\"image\":{\"@id\":\"https:\\\/\\\/canal7slp.tv\\\/2025\\\/cordero-y-hernandez-dominaron-la-tercera-edicion-del-rally-aguascalientes\\\/#primaryimage\"},\"thumbnailUrl\":\"https:\\\/\\\/canal7slp.tv\\\/2025\\\/wp-content\\\/uploads\\\/2025\\\/03\\\/rally.jpg\",\"articleSection\":[\"DEPORTES\",\"DESTACADAS\"],\"inLanguage\":\"es\"},{\"@type\":\"WebPage\",\"@id\":\"https:\\\/\\\/canal7slp.tv\\\/2025\\\/cordero-y-hernandez-dominaron-la-tercera-edicion-del-rally-aguascalientes\\\/\",\"url\":\"https:\\\/\\\/canal7slp.tv\\\/2025\\\/cordero-y-hernandez-dominaron-la-tercera-edicion-del-rally-aguascalientes\\\/\",\"name\":\"Cordero Y Hern\u00e1ndez Dominaron La Tercera Edici\u00f3n Del Rally Aguascalientes - Canal 7 SLP - 2025\",\"isPartOf\":{\"@id\":\"https:\\\/\\\/canal7slp.tv\\\/2025\\\/#website\"},\"primaryImageOfPage\":{\"@id\":\"https:\\\/\\\/canal7slp.tv\\\/2025\\\/cordero-y-hernandez-dominaron-la-tercera-edicion-del-rally-aguascalientes\\\/#primaryimage\"},\"image\":{\"@id\":\"https:\\\/\\\/canal7slp.tv\\\/2025\\\/cordero-y-hernandez-dominaron-la-tercera-edicion-del-rally-aguascalientes\\\/#primaryimage\"},\"thumbnailUrl\":\"https:\\\/\\\/canal7slp.tv\\\/2025\\\/wp-content\\\/uploads\\\/2025\\\/03\\\/rally.jpg\",\"datePublished\":\"2025-03-19T05:18:47+00:00\",\"dateModified\":\"2025-03-20T02:30:13+00:00\",\"breadcrumb\":{\"@id\":\"https:\\\/\\\/canal7slp.tv\\\/2025\\\/cordero-y-hernandez-dominaron-la-tercera-edicion-del-rally-aguascalientes\\\/#breadcrumb\"},\"inLanguage\":\"es\",\"potentialAction\":[{\"@type\":\"ReadAction\",\"target\":[\"https:\\\/\\\/canal7slp.tv\\\/2025\\\/cordero-y-hernandez-dominaron-la-tercera-edicion-del-rally-aguascalientes\\\/\"]}]},{\"@type\":\"ImageObject\",\"inLanguage\":\"es\",\"@id\":\"https:\\\/\\\/canal7slp.tv\\\/2025\\\/cordero-y-hernandez-dominaron-la-tercera-edicion-del-rally-aguascalientes\\\/#primaryimage\",\"url\":\"https:\\\/\\\/canal7slp.tv\\\/2025\\\/wp-content\\\/uploads\\\/2025\\\/03\\\/rally.jpg\",\"contentUrl\":\"https:\\\/\\\/canal7slp.tv\\\/2025\\\/wp-content\\\/uploads\\\/2025\\\/03\\\/rally.jpg\",\"width\":1230,\"height\":691},{\"@type\":\"BreadcrumbList\",\"@id\":\"https:\\\/\\\/canal7slp.tv\\\/2025\\\/cordero-y-hernandez-dominaron-la-tercera-edicion-del-rally-aguascalientes\\\/#breadcrumb\",\"itemListElement\":[{\"@type\":\"ListItem\",\"position\":1,\"name\":\"Portada\",\"item\":\"https:\\\/\\\/canal7slp.tv\\\/2025\\\/\"},{\"@type\":\"ListItem\",\"position\":2,\"name\":\"Cordero Y Hern\u00e1ndez Dominaron La Tercera Edici\u00f3n Del Rally Aguascalientes\"}]},{\"@type\":\"WebSite\",\"@id\":\"https:\\\/\\\/canal7slp.tv\\\/2025\\\/#website\",\"url\":\"https:\\\/\\\/canal7slp.tv\\\/2025\\\/\",\"name\":\"N7 - Noticieros Canal 7\",\"description\":\"Somos el Medio\",\"publisher\":{\"@id\":\"https:\\\/\\\/canal7slp.tv\\\/2025\\\/#organization\"},\"potentialAction\":[{\"@type\":\"SearchAction\",\"target\":{\"@type\":\"EntryPoint\",\"urlTemplate\":\"https:\\\/\\\/canal7slp.tv\\\/2025\\\/?s={search_term_string}\"},\"query-input\":{\"@type\":\"PropertyValueSpecification\",\"valueRequired\":true,\"valueName\":\"search_term_string\"}}],\"inLanguage\":\"es\"},{\"@type\":\"Organization\",\"@id\":\"https:\\\/\\\/canal7slp.tv\\\/2025\\\/#organization\",\"name\":\"Noticieros Canal 7\",\"url\":\"https:\\\/\\\/canal7slp.tv\\\/2025\\\/\",\"logo\":{\"@type\":\"ImageObject\",\"inLanguage\":\"es\",\"@id\":\"https:\\\/\\\/canal7slp.tv\\\/2025\\\/#\\\/schema\\\/logo\\\/image\\\/\",\"url\":\"https:\\\/\\\/canal7slp.tv\\\/2025\\\/wp-content\\\/uploads\\\/2021\\\/01\\\/logo-noticieros@2x.png\",\"contentUrl\":\"https:\\\/\\\/canal7slp.tv\\\/2025\\\/wp-content\\\/uploads\\\/2021\\\/01\\\/logo-noticieros@2x.png\",\"width\":1017,\"height\":268,\"caption\":\"Noticieros Canal 7\"},\"image\":{\"@id\":\"https:\\\/\\\/canal7slp.tv\\\/2025\\\/#\\\/schema\\\/logo\\\/image\\\/\"},\"sameAs\":[\"https:\\\/\\\/www.facebook.com\\\/noticieroscanal7atencionciudadana\\\/\",\"https:\\\/\\\/x.com\\\/NOTICIEROS7\",\"https:\\\/\\\/www.instagram.com\\\/canal7_slp\",\"https:\\\/\\\/www.youtube.com\\\/channel\\\/UCliiYs-gP3JfJeqdPrNdd5A\"]},{\"@type\":\"Person\",\"@id\":\"https:\\\/\\\/canal7slp.tv\\\/2025\\\/#\\\/schema\\\/person\\\/1257e7e4a3d5ac29c4732733a887970d\",\"name\":\"admin\",\"image\":{\"@type\":\"ImageObject\",\"inLanguage\":\"es\",\"@id\":\"https:\\\/\\\/secure.gravatar.com\\\/avatar\\\/d1da498ea933582ecc2b5d72a4eac16ec41c3ec04cf2dc9d46e0b557dedfd5ff?s=96&d=mm&r=g\",\"url\":\"https:\\\/\\\/secure.gravatar.com\\\/avatar\\\/d1da498ea933582ecc2b5d72a4eac16ec41c3ec04cf2dc9d46e0b557dedfd5ff?s=96&d=mm&r=g\",\"contentUrl\":\"https:\\\/\\\/secure.gravatar.com\\\/avatar\\\/d1da498ea933582ecc2b5d72a4eac16ec41c3ec04cf2dc9d46e0b557dedfd5ff?s=96&d=mm&r=g\",\"caption\":\"admin\"},\"sameAs\":[\"https:\\\/\\\/canal7slp.tv\\\/2025\"],\"url\":\"https:\\\/\\\/canal7slp.tv\\\/2025\\\/author\\\/bicefalo\\\/\"}]}<\/script>\n<!-- \/ Yoast SEO plugin. -->","yoast_head_json":{"title":"Cordero Y Hern\u00e1ndez Dominaron La Tercera Edici\u00f3n Del Rally Aguascalientes - Canal 7 SLP - 2025","robots":{"index":"index","follow":"follow","max-snippet":"max-snippet:-1","max-image-preview":"max-image-preview:large","max-video-preview":"max-video-preview:-1"},"canonical":"https:\/\/canal7slp.tv\/2025\/cordero-y-hernandez-dominaron-la-tercera-edicion-del-rally-aguascalientes\/","og_locale":"es_ES","og_type":"article","og_title":"Cordero Y Hern\u00e1ndez Dominaron La Tercera Edici\u00f3n Del Rally Aguascalientes - Canal 7 SLP - 2025","og_description":"Concluy\u00f3 con \u00e9xito la tercera edici\u00f3n del Rally Aguascalientes , primera fecha de la temporada 2025 del Campeonato Mexicano de Rallies . \u00a0En donde el piloto Ricardo Cordero junto con su navegante Marco Hern\u00e1ndez, se coronaron como los vencedores absolutos de la contienda hidroc\u00e1lida, demostrando un desempe\u00f1o impecable a lo largo de las 11 etapas de velocidad cronometrada. \u00a0El potosino Ricardo Cordero domin\u00f3 el rally de principio a fin, reafirmando su posici\u00f3n como uno de los m\u00e1ximos exponentes del automovilismo de rally en M\u00e9xico. Con este resultado, tambi\u00e9n se adjudica el primer lugar tanto en el CMR como en el [&hellip;]","og_url":"https:\/\/canal7slp.tv\/2025\/cordero-y-hernandez-dominaron-la-tercera-edicion-del-rally-aguascalientes\/","og_site_name":"Canal 7 SLP - 2025","article_publisher":"https:\/\/www.facebook.com\/noticieroscanal7atencionciudadana\/","article_published_time":"2025-03-19T05:18:47+00:00","article_modified_time":"2025-03-20T02:30:13+00:00","og_image":[{"width":1230,"height":691,"url":"https:\/\/canal7slp.tv\/2025\/wp-content\/uploads\/2025\/03\/rally.jpg","type":"image\/jpeg"}],"author":"admin","twitter_card":"summary_large_image","twitter_creator":"@NOTICIEROS7","twitter_site":"@NOTICIEROS7","twitter_misc":{"Escrito por":"admin","Tiempo de lectura":"1 minuto"},"schema":{"@context":"https:\/\/schema.org","@graph":[{"@type":"Article","@id":"https:\/\/canal7slp.tv\/2025\/cordero-y-hernandez-dominaron-la-tercera-edicion-del-rally-aguascalientes\/#article","isPartOf":{"@id":"https:\/\/canal7slp.tv\/2025\/cordero-y-hernandez-dominaron-la-tercera-edicion-del-rally-aguascalientes\/"},"author":{"name":"admin","@id":"https:\/\/canal7slp.tv\/2025\/#\/schema\/person\/1257e7e4a3d5ac29c4732733a887970d"},"headline":"Cordero Y Hern\u00e1ndez Dominaron La Tercera Edici\u00f3n Del Rally Aguascalientes","datePublished":"2025-03-19T05:18:47+00:00","dateModified":"2025-03-20T02:30:13+00:00","mainEntityOfPage":{"@id":"https:\/\/canal7slp.tv\/2025\/cordero-y-hernandez-dominaron-la-tercera-edicion-del-rally-aguascalientes\/"},"wordCount":129,"publisher":{"@id":"https:\/\/canal7slp.tv\/2025\/#organization"},"image":{"@id":"https:\/\/canal7slp.tv\/2025\/cordero-y-hernandez-dominaron-la-tercera-edicion-del-rally-aguascalientes\/#primaryimage"},"thumbnailUrl":"https:\/\/canal7slp.tv\/2025\/wp-content\/uploads\/2025\/03\/rally.jpg","articleSection":["DEPORTES","DESTACADAS"],"inLanguage":"es"},{"@type":"WebPage","@id":"https:\/\/canal7slp.tv\/2025\/cordero-y-hernandez-dominaron-la-tercera-edicion-del-rally-aguascalientes\/","url":"https:\/\/canal7slp.tv\/2025\/cordero-y-hernandez-dominaron-la-tercera-edicion-del-rally-aguascalientes\/","name":"Cordero Y Hern\u00e1ndez Dominaron La Tercera Edici\u00f3n Del Rally Aguascalientes - Canal 7 SLP - 2025","isPartOf":{"@id":"https:\/\/canal7slp.tv\/2025\/#website"},"primaryImageOfPage":{"@id":"https:\/\/canal7slp.tv\/2025\/cordero-y-hernandez-dominaron-la-tercera-edicion-del-rally-aguascalientes\/#primaryimage"},"image":{"@id":"https:\/\/canal7slp.tv\/2025\/cordero-y-hernandez-dominaron-la-tercera-edicion-del-rally-aguascalientes\/#primaryimage"},"thumbnailUrl":"https:\/\/canal7slp.tv\/2025\/wp-content\/uploads\/2025\/03\/rally.jpg","datePublished":"2025-03-19T05:18:47+00:00","dateModified":"2025-03-20T02:30:13+00:00","breadcrumb":{"@id":"https:\/\/canal7slp.tv\/2025\/cordero-y-hernandez-dominaron-la-tercera-edicion-del-rally-aguascalientes\/#breadcrumb"},"inLanguage":"es","potentialAction":[{"@type":"ReadAction","target":["https:\/\/canal7slp.tv\/2025\/cordero-y-hernandez-dominaron-la-tercera-edicion-del-rally-aguascalientes\/"]}]},{"@type":"ImageObject","inLanguage":"es","@id":"https:\/\/canal7slp.tv\/2025\/cordero-y-hernandez-dominaron-la-tercera-edicion-del-rally-aguascalientes\/#primaryimage","url":"https:\/\/canal7slp.tv\/2025\/wp-content\/uploads\/2025\/03\/rally.jpg","contentUrl":"https:\/\/canal7slp.tv\/2025\/wp-content\/uploads\/2025\/03\/rally.jpg","width":1230,"height":691},{"@type":"BreadcrumbList","@id":"https:\/\/canal7slp.tv\/2025\/cordero-y-hernandez-dominaron-la-tercera-edicion-del-rally-aguascalientes\/#breadcrumb","itemListElement":[{"@type":"ListItem","position":1,"name":"Portada","item":"https:\/\/canal7slp.tv\/2025\/"},{"@type":"ListItem","position":2,"name":"Cordero Y Hern\u00e1ndez Dominaron La Tercera Edici\u00f3n Del Rally Aguascalientes"}]},{"@type":"WebSite","@id":"https:\/\/canal7slp.tv\/2025\/#website","url":"https:\/\/canal7slp.tv\/2025\/","name":"N7 - Noticieros Canal 7","description":"Somos el Medio","publisher":{"@id":"https:\/\/canal7slp.tv\/2025\/#organization"},"potentialAction":[{"@type":"SearchAction","target":{"@type":"EntryPoint","urlTemplate":"https:\/\/canal7slp.tv\/2025\/?s={search_term_string}"},"query-input":{"@type":"PropertyValueSpecification","valueRequired":true,"valueName":"search_term_string"}}],"inLanguage":"es"},{"@type":"Organization","@id":"https:\/\/canal7slp.tv\/2025\/#organization","name":"Noticieros Canal 7","url":"https:\/\/canal7slp.tv\/2025\/","logo":{"@type":"ImageObject","inLanguage":"es","@id":"https:\/\/canal7slp.tv\/2025\/#\/schema\/logo\/image\/","url":"https:\/\/canal7slp.tv\/2025\/wp-content\/uploads\/2021\/01\/logo-noticieros@2x.png","contentUrl":"https:\/\/canal7slp.tv\/2025\/wp-content\/uploads\/2021\/01\/logo-noticieros@2x.png","width":1017,"height":268,"caption":"Noticieros Canal 7"},"image":{"@id":"https:\/\/canal7slp.tv\/2025\/#\/schema\/logo\/image\/"},"sameAs":["https:\/\/www.facebook.com\/noticieroscanal7atencionciudadana\/","https:\/\/x.com\/NOTICIEROS7","https:\/\/www.instagram.com\/canal7_slp","https:\/\/www.youtube.com\/channel\/UCliiYs-gP3JfJeqdPrNdd5A"]},{"@type":"Person","@id":"https:\/\/canal7slp.tv\/2025\/#\/schema\/person\/1257e7e4a3d5ac29c4732733a887970d","name":"admin","image":{"@type":"ImageObject","inLanguage":"es","@id":"https:\/\/secure.gravatar.com\/avatar\/d1da498ea933582ecc2b5d72a4eac16ec41c3ec04cf2dc9d46e0b557dedfd5ff?s=96&d=mm&r=g","url":"https:\/\/secure.gravatar.com\/avatar\/d1da498ea933582ecc2b5d72a4eac16ec41c3ec04cf2dc9d46e0b557dedfd5ff?s=96&d=mm&r=g","contentUrl":"https:\/\/secure.gravatar.com\/avatar\/d1da498ea933582ecc2b5d72a4eac16ec41c3ec04cf2dc9d46e0b557dedfd5ff?s=96&d=mm&r=g","caption":"admin"},"sameAs":["https:\/\/canal7slp.tv\/2025"],"url":"https:\/\/canal7slp.tv\/2025\/author\/bicefalo\/"}]}},"_links":{"self":[{"href":"https:\/\/canal7slp.tv\/2025\/wp-json\/wp\/v2\/posts\/161156","targetHints":{"allow":["GET"]}}],"collection":[{"href":"https:\/\/canal7slp.tv\/2025\/wp-json\/wp\/v2\/posts"}],"about":[{"href":"https:\/\/canal7slp.tv\/2025\/wp-json\/wp\/v2\/types\/post"}],"author":[{"embeddable":true,"href":"https:\/\/canal7slp.tv\/2025\/wp-json\/wp\/v2\/users\/1"}],"replies":[{"embeddable":true,"href":"https:\/\/canal7slp.tv\/2025\/wp-json\/wp\/v2\/comments?post=161156"}],"version-history":[{"count":1,"href":"https:\/\/canal7slp.tv\/2025\/wp-json\/wp\/v2\/posts\/161156\/revisions"}],"predecessor-version":[{"id":161158,"href":"https:\/\/canal7slp.tv\/2025\/wp-json\/wp\/v2\/posts\/161156\/revisions\/161158"}],"wp:featuredmedia":[{"embeddable":true,"href":"https:\/\/canal7slp.tv\/2025\/wp-json\/wp\/v2\/media\/161157"}],"wp:attachment":[{"href":"https:\/\/canal7slp.tv\/2025\/wp-json\/wp\/v2\/media?parent=161156"}],"wp:term":[{"taxonomy":"category","embeddable":true,"href":"https:\/\/canal7slp.tv\/2025\/wp-json\/wp\/v2\/categories?post=161156"},{"taxonomy":"post_tag","embeddable":true,"href":"https:\/\/canal7slp.tv\/2025\/wp-json\/wp\/v2\/tags?post=161156"}],"curies":[{"name":"wp","href":"https:\/\/api.w.org\/{rel}","templated":true}]}}