{"id":161102,"date":"2025-03-18T12:17:06","date_gmt":"2025-03-18T18:17:06","guid":{"rendered":"https:\/\/canal7slp.tv\/2025\/?p=161102"},"modified":"2025-03-18T12:17:06","modified_gmt":"2025-03-18T18:17:06","slug":"construccion-de-centro-de-rehabilitacion-proyecto-conjunto-de-autoridades-de-rioverde-y-sociedad-civil","status":"publish","type":"post","link":"https:\/\/canal7slp.tv\/2025\/construccion-de-centro-de-rehabilitacion-proyecto-conjunto-de-autoridades-de-rioverde-y-sociedad-civil\/","title":{"rendered":"Construcci\u00f3n de Centro de Rehabilitaci\u00f3n, proyecto conjunto de autoridades de Rioverde y sociedad civil"},"content":{"rendered":"<p>Rioverde. &#8211;<\/p>\n<p>El director del Programa Municipal de Prevenci\u00f3n de Adicciones (PROMUPA), Juan de Dios Hern\u00e1ndez Dom\u00ednguez, inform\u00f3 que el Ayuntamiento de Rioverde trabaja en coordinaci\u00f3n con la asociaci\u00f3n civil CRAADYR para la construcci\u00f3n de un centro de rehabilitaci\u00f3n de adicciones.<\/p>\n<p>El inmueble, ubicado en las inmediaciones de la colonia Mar\u00eda Asunci\u00f3n, presenta un avance del 60 por ciento y contar\u00e1 con espacios para que familiares participen en el proceso de recuperaci\u00f3n de personas que viven con esta enfermedad.<\/p>\n<p>Hern\u00e1ndez Dom\u00ednguez, destac\u00f3 que el gobierno municipal otorgar\u00e1 becas para reducir el costo del tratamiento, el cual tiene una duraci\u00f3n de seis meses y quedar\u00e1 en aproximadamente 7 mil pesos en total.<\/p>\n<p>El titular de PROMUPA hizo un llamado a las familias que enfrentan esta problem\u00e1tica a no perder la esperanza, destacando que el apoyo integral incluyendo consultas psiqui\u00e1tricas, psicol\u00f3gicas y reuniones, es clave para la recuperaci\u00f3n. Adem\u00e1s, mencion\u00f3 que existen testimonios de j\u00f3venes que han logrado superar esta situaci\u00f3n gracias a la intervenci\u00f3n oportuna.<\/p>\n<p>Por: X\u00f3chitl Morales Castro.<\/p>\n","protected":false},"excerpt":{"rendered":"<p>Rioverde. &#8211; El director del Programa Municipal de Prevenci\u00f3n de Adicciones (PROMUPA), Juan de Dios Hern\u00e1ndez Dom\u00ednguez, inform\u00f3 que el Ayuntamiento de Rioverde trabaja en coordinaci\u00f3n con la asociaci\u00f3n civil CRAADYR para la construcci\u00f3n de un centro de rehabilitaci\u00f3n de adicciones. El inmueble, ubicado en las inmediaciones de la colonia Mar\u00eda Asunci\u00f3n, presenta un avance del 60 por ciento y contar\u00e1 con espacios para que familiares participen en el proceso de recuperaci\u00f3n de personas que viven con esta enfermedad. Hern\u00e1ndez Dom\u00ednguez, destac\u00f3 que el gobierno municipal otorgar\u00e1 becas para reducir el costo del tratamiento, el cual tiene una duraci\u00f3n de [&hellip;]<\/p>\n","protected":false},"author":1,"featured_media":161103,"comment_status":"closed","ping_status":"closed","sticky":false,"template":"","format":"video","meta":{"_monsterinsights_skip_tracking":false,"_monsterinsights_sitenote_active":false,"_monsterinsights_sitenote_note":"","_monsterinsights_sitenote_category":0,"footnotes":""},"categories":[5,43],"tags":[],"class_list":["post-161102","post","type-post","status-publish","format-video","has-post-thumbnail","hentry","category-destacadas","category-interior","post_format-post-format-video","post--single"],"yoast_head":"<!-- This site is optimized with the Yoast SEO plugin v27.5 - https:\/\/yoast.com\/product\/yoast-seo-wordpress\/ -->\n<title>Construcci\u00f3n de Centro de Rehabilitaci\u00f3n, proyecto conjunto de autoridades de Rioverde y sociedad civil - Canal 7 SLP - 2025<\/title>\n<meta name=\"robots\" content=\"index, follow, max-snippet:-1, max-image-preview:large, max-video-preview:-1\" \/>\n<link rel=\"canonical\" href=\"https:\/\/canal7slp.tv\/2025\/construccion-de-centro-de-rehabilitacion-proyecto-conjunto-de-autoridades-de-rioverde-y-sociedad-civil\/\" \/>\n<meta property=\"og:locale\" content=\"es_ES\" \/>\n<meta property=\"og:type\" content=\"article\" \/>\n<meta property=\"og:title\" content=\"Construcci\u00f3n de Centro de Rehabilitaci\u00f3n, proyecto conjunto de autoridades de Rioverde y sociedad civil - Canal 7 SLP - 2025\" \/>\n<meta property=\"og:description\" content=\"Rioverde. &#8211; El director del Programa Municipal de Prevenci\u00f3n de Adicciones (PROMUPA), Juan de Dios Hern\u00e1ndez Dom\u00ednguez, inform\u00f3 que el Ayuntamiento de Rioverde trabaja en coordinaci\u00f3n con la asociaci\u00f3n civil CRAADYR para la construcci\u00f3n de un centro de rehabilitaci\u00f3n de adicciones. El inmueble, ubicado en las inmediaciones de la colonia Mar\u00eda Asunci\u00f3n, presenta un avance del 60 por ciento y contar\u00e1 con espacios para que familiares participen en el proceso de recuperaci\u00f3n de personas que viven con esta enfermedad. Hern\u00e1ndez Dom\u00ednguez, destac\u00f3 que el gobierno municipal otorgar\u00e1 becas para reducir el costo del tratamiento, el cual tiene una duraci\u00f3n de [&hellip;]\" \/>\n<meta property=\"og:url\" content=\"https:\/\/canal7slp.tv\/2025\/construccion-de-centro-de-rehabilitacion-proyecto-conjunto-de-autoridades-de-rioverde-y-sociedad-civil\/\" \/>\n<meta property=\"og:site_name\" content=\"Canal 7 SLP - 2025\" \/>\n<meta property=\"article:publisher\" content=\"https:\/\/www.facebook.com\/noticieroscanal7atencionciudadana\/\" \/>\n<meta property=\"article:published_time\" content=\"2025-03-18T18:17:06+00:00\" \/>\n<meta property=\"og:image\" content=\"https:\/\/canal7slp.tv\/2025\/wp-content\/uploads\/2025\/03\/ebbdb613-20ad-48dc-aa4c-b13a9d6eb65f.jpeg\" \/>\n\t<meta property=\"og:image:width\" content=\"1370\" \/>\n\t<meta property=\"og:image:height\" content=\"764\" \/>\n\t<meta property=\"og:image:type\" content=\"image\/jpeg\" \/>\n<meta name=\"author\" content=\"admin\" \/>\n<meta name=\"twitter:card\" content=\"summary_large_image\" \/>\n<meta name=\"twitter:creator\" content=\"@NOTICIEROS7\" \/>\n<meta name=\"twitter:site\" content=\"@NOTICIEROS7\" \/>\n<meta name=\"twitter:label1\" content=\"Escrito por\" \/>\n\t<meta name=\"twitter:data1\" content=\"admin\" \/>\n\t<meta name=\"twitter:label2\" content=\"Tiempo de lectura\" \/>\n\t<meta name=\"twitter:data2\" content=\"1 minuto\" \/>\n<script type=\"application\/ld+json\" class=\"yoast-schema-graph\">{\"@context\":\"https:\\\/\\\/schema.org\",\"@graph\":[{\"@type\":\"Article\",\"@id\":\"https:\\\/\\\/canal7slp.tv\\\/2025\\\/construccion-de-centro-de-rehabilitacion-proyecto-conjunto-de-autoridades-de-rioverde-y-sociedad-civil\\\/#article\",\"isPartOf\":{\"@id\":\"https:\\\/\\\/canal7slp.tv\\\/2025\\\/construccion-de-centro-de-rehabilitacion-proyecto-conjunto-de-autoridades-de-rioverde-y-sociedad-civil\\\/\"},\"author\":{\"name\":\"admin\",\"@id\":\"https:\\\/\\\/canal7slp.tv\\\/2025\\\/#\\\/schema\\\/person\\\/1257e7e4a3d5ac29c4732733a887970d\"},\"headline\":\"Construcci\u00f3n de Centro de Rehabilitaci\u00f3n, proyecto conjunto de autoridades de Rioverde y sociedad civil\",\"datePublished\":\"2025-03-18T18:17:06+00:00\",\"mainEntityOfPage\":{\"@id\":\"https:\\\/\\\/canal7slp.tv\\\/2025\\\/construccion-de-centro-de-rehabilitacion-proyecto-conjunto-de-autoridades-de-rioverde-y-sociedad-civil\\\/\"},\"wordCount\":204,\"publisher\":{\"@id\":\"https:\\\/\\\/canal7slp.tv\\\/2025\\\/#organization\"},\"image\":{\"@id\":\"https:\\\/\\\/canal7slp.tv\\\/2025\\\/construccion-de-centro-de-rehabilitacion-proyecto-conjunto-de-autoridades-de-rioverde-y-sociedad-civil\\\/#primaryimage\"},\"thumbnailUrl\":\"https:\\\/\\\/canal7slp.tv\\\/2025\\\/wp-content\\\/uploads\\\/2025\\\/03\\\/ebbdb613-20ad-48dc-aa4c-b13a9d6eb65f.jpeg\",\"articleSection\":[\"DESTACADAS\",\"INTERIOR DEL ESTADO\"],\"inLanguage\":\"es\"},{\"@type\":\"WebPage\",\"@id\":\"https:\\\/\\\/canal7slp.tv\\\/2025\\\/construccion-de-centro-de-rehabilitacion-proyecto-conjunto-de-autoridades-de-rioverde-y-sociedad-civil\\\/\",\"url\":\"https:\\\/\\\/canal7slp.tv\\\/2025\\\/construccion-de-centro-de-rehabilitacion-proyecto-conjunto-de-autoridades-de-rioverde-y-sociedad-civil\\\/\",\"name\":\"Construcci\u00f3n de Centro de Rehabilitaci\u00f3n, proyecto conjunto de autoridades de Rioverde y sociedad civil - Canal 7 SLP - 2025\",\"isPartOf\":{\"@id\":\"https:\\\/\\\/canal7slp.tv\\\/2025\\\/#website\"},\"primaryImageOfPage\":{\"@id\":\"https:\\\/\\\/canal7slp.tv\\\/2025\\\/construccion-de-centro-de-rehabilitacion-proyecto-conjunto-de-autoridades-de-rioverde-y-sociedad-civil\\\/#primaryimage\"},\"image\":{\"@id\":\"https:\\\/\\\/canal7slp.tv\\\/2025\\\/construccion-de-centro-de-rehabilitacion-proyecto-conjunto-de-autoridades-de-rioverde-y-sociedad-civil\\\/#primaryimage\"},\"thumbnailUrl\":\"https:\\\/\\\/canal7slp.tv\\\/2025\\\/wp-content\\\/uploads\\\/2025\\\/03\\\/ebbdb613-20ad-48dc-aa4c-b13a9d6eb65f.jpeg\",\"datePublished\":\"2025-03-18T18:17:06+00:00\",\"breadcrumb\":{\"@id\":\"https:\\\/\\\/canal7slp.tv\\\/2025\\\/construccion-de-centro-de-rehabilitacion-proyecto-conjunto-de-autoridades-de-rioverde-y-sociedad-civil\\\/#breadcrumb\"},\"inLanguage\":\"es\",\"potentialAction\":[{\"@type\":\"ReadAction\",\"target\":[\"https:\\\/\\\/canal7slp.tv\\\/2025\\\/construccion-de-centro-de-rehabilitacion-proyecto-conjunto-de-autoridades-de-rioverde-y-sociedad-civil\\\/\"]}]},{\"@type\":\"ImageObject\",\"inLanguage\":\"es\",\"@id\":\"https:\\\/\\\/canal7slp.tv\\\/2025\\\/construccion-de-centro-de-rehabilitacion-proyecto-conjunto-de-autoridades-de-rioverde-y-sociedad-civil\\\/#primaryimage\",\"url\":\"https:\\\/\\\/canal7slp.tv\\\/2025\\\/wp-content\\\/uploads\\\/2025\\\/03\\\/ebbdb613-20ad-48dc-aa4c-b13a9d6eb65f.jpeg\",\"contentUrl\":\"https:\\\/\\\/canal7slp.tv\\\/2025\\\/wp-content\\\/uploads\\\/2025\\\/03\\\/ebbdb613-20ad-48dc-aa4c-b13a9d6eb65f.jpeg\",\"width\":1370,\"height\":764},{\"@type\":\"BreadcrumbList\",\"@id\":\"https:\\\/\\\/canal7slp.tv\\\/2025\\\/construccion-de-centro-de-rehabilitacion-proyecto-conjunto-de-autoridades-de-rioverde-y-sociedad-civil\\\/#breadcrumb\",\"itemListElement\":[{\"@type\":\"ListItem\",\"position\":1,\"name\":\"Portada\",\"item\":\"https:\\\/\\\/canal7slp.tv\\\/2025\\\/\"},{\"@type\":\"ListItem\",\"position\":2,\"name\":\"Construcci\u00f3n de Centro de Rehabilitaci\u00f3n, proyecto conjunto de autoridades de Rioverde y sociedad civil\"}]},{\"@type\":\"WebSite\",\"@id\":\"https:\\\/\\\/canal7slp.tv\\\/2025\\\/#website\",\"url\":\"https:\\\/\\\/canal7slp.tv\\\/2025\\\/\",\"name\":\"N7 - Noticieros Canal 7\",\"description\":\"Somos el Medio\",\"publisher\":{\"@id\":\"https:\\\/\\\/canal7slp.tv\\\/2025\\\/#organization\"},\"potentialAction\":[{\"@type\":\"SearchAction\",\"target\":{\"@type\":\"EntryPoint\",\"urlTemplate\":\"https:\\\/\\\/canal7slp.tv\\\/2025\\\/?s={search_term_string}\"},\"query-input\":{\"@type\":\"PropertyValueSpecification\",\"valueRequired\":true,\"valueName\":\"search_term_string\"}}],\"inLanguage\":\"es\"},{\"@type\":\"Organization\",\"@id\":\"https:\\\/\\\/canal7slp.tv\\\/2025\\\/#organization\",\"name\":\"Noticieros Canal 7\",\"url\":\"https:\\\/\\\/canal7slp.tv\\\/2025\\\/\",\"logo\":{\"@type\":\"ImageObject\",\"inLanguage\":\"es\",\"@id\":\"https:\\\/\\\/canal7slp.tv\\\/2025\\\/#\\\/schema\\\/logo\\\/image\\\/\",\"url\":\"https:\\\/\\\/canal7slp.tv\\\/2025\\\/wp-content\\\/uploads\\\/2021\\\/01\\\/logo-noticieros@2x.png\",\"contentUrl\":\"https:\\\/\\\/canal7slp.tv\\\/2025\\\/wp-content\\\/uploads\\\/2021\\\/01\\\/logo-noticieros@2x.png\",\"width\":1017,\"height\":268,\"caption\":\"Noticieros Canal 7\"},\"image\":{\"@id\":\"https:\\\/\\\/canal7slp.tv\\\/2025\\\/#\\\/schema\\\/logo\\\/image\\\/\"},\"sameAs\":[\"https:\\\/\\\/www.facebook.com\\\/noticieroscanal7atencionciudadana\\\/\",\"https:\\\/\\\/x.com\\\/NOTICIEROS7\",\"https:\\\/\\\/www.instagram.com\\\/canal7_slp\",\"https:\\\/\\\/www.youtube.com\\\/channel\\\/UCliiYs-gP3JfJeqdPrNdd5A\"]},{\"@type\":\"Person\",\"@id\":\"https:\\\/\\\/canal7slp.tv\\\/2025\\\/#\\\/schema\\\/person\\\/1257e7e4a3d5ac29c4732733a887970d\",\"name\":\"admin\",\"image\":{\"@type\":\"ImageObject\",\"inLanguage\":\"es\",\"@id\":\"https:\\\/\\\/secure.gravatar.com\\\/avatar\\\/d1da498ea933582ecc2b5d72a4eac16ec41c3ec04cf2dc9d46e0b557dedfd5ff?s=96&d=mm&r=g\",\"url\":\"https:\\\/\\\/secure.gravatar.com\\\/avatar\\\/d1da498ea933582ecc2b5d72a4eac16ec41c3ec04cf2dc9d46e0b557dedfd5ff?s=96&d=mm&r=g\",\"contentUrl\":\"https:\\\/\\\/secure.gravatar.com\\\/avatar\\\/d1da498ea933582ecc2b5d72a4eac16ec41c3ec04cf2dc9d46e0b557dedfd5ff?s=96&d=mm&r=g\",\"caption\":\"admin\"},\"sameAs\":[\"https:\\\/\\\/canal7slp.tv\\\/2025\"],\"url\":\"https:\\\/\\\/canal7slp.tv\\\/2025\\\/author\\\/bicefalo\\\/\"}]}<\/script>\n<!-- \/ Yoast SEO plugin. -->","yoast_head_json":{"title":"Construcci\u00f3n de Centro de Rehabilitaci\u00f3n, proyecto conjunto de autoridades de Rioverde y sociedad civil - Canal 7 SLP - 2025","robots":{"index":"index","follow":"follow","max-snippet":"max-snippet:-1","max-image-preview":"max-image-preview:large","max-video-preview":"max-video-preview:-1"},"canonical":"https:\/\/canal7slp.tv\/2025\/construccion-de-centro-de-rehabilitacion-proyecto-conjunto-de-autoridades-de-rioverde-y-sociedad-civil\/","og_locale":"es_ES","og_type":"article","og_title":"Construcci\u00f3n de Centro de Rehabilitaci\u00f3n, proyecto conjunto de autoridades de Rioverde y sociedad civil - Canal 7 SLP - 2025","og_description":"Rioverde. &#8211; El director del Programa Municipal de Prevenci\u00f3n de Adicciones (PROMUPA), Juan de Dios Hern\u00e1ndez Dom\u00ednguez, inform\u00f3 que el Ayuntamiento de Rioverde trabaja en coordinaci\u00f3n con la asociaci\u00f3n civil CRAADYR para la construcci\u00f3n de un centro de rehabilitaci\u00f3n de adicciones. El inmueble, ubicado en las inmediaciones de la colonia Mar\u00eda Asunci\u00f3n, presenta un avance del 60 por ciento y contar\u00e1 con espacios para que familiares participen en el proceso de recuperaci\u00f3n de personas que viven con esta enfermedad. Hern\u00e1ndez Dom\u00ednguez, destac\u00f3 que el gobierno municipal otorgar\u00e1 becas para reducir el costo del tratamiento, el cual tiene una duraci\u00f3n de [&hellip;]","og_url":"https:\/\/canal7slp.tv\/2025\/construccion-de-centro-de-rehabilitacion-proyecto-conjunto-de-autoridades-de-rioverde-y-sociedad-civil\/","og_site_name":"Canal 7 SLP - 2025","article_publisher":"https:\/\/www.facebook.com\/noticieroscanal7atencionciudadana\/","article_published_time":"2025-03-18T18:17:06+00:00","og_image":[{"width":1370,"height":764,"url":"https:\/\/canal7slp.tv\/2025\/wp-content\/uploads\/2025\/03\/ebbdb613-20ad-48dc-aa4c-b13a9d6eb65f.jpeg","type":"image\/jpeg"}],"author":"admin","twitter_card":"summary_large_image","twitter_creator":"@NOTICIEROS7","twitter_site":"@NOTICIEROS7","twitter_misc":{"Escrito por":"admin","Tiempo de lectura":"1 minuto"},"schema":{"@context":"https:\/\/schema.org","@graph":[{"@type":"Article","@id":"https:\/\/canal7slp.tv\/2025\/construccion-de-centro-de-rehabilitacion-proyecto-conjunto-de-autoridades-de-rioverde-y-sociedad-civil\/#article","isPartOf":{"@id":"https:\/\/canal7slp.tv\/2025\/construccion-de-centro-de-rehabilitacion-proyecto-conjunto-de-autoridades-de-rioverde-y-sociedad-civil\/"},"author":{"name":"admin","@id":"https:\/\/canal7slp.tv\/2025\/#\/schema\/person\/1257e7e4a3d5ac29c4732733a887970d"},"headline":"Construcci\u00f3n de Centro de Rehabilitaci\u00f3n, proyecto conjunto de autoridades de Rioverde y sociedad civil","datePublished":"2025-03-18T18:17:06+00:00","mainEntityOfPage":{"@id":"https:\/\/canal7slp.tv\/2025\/construccion-de-centro-de-rehabilitacion-proyecto-conjunto-de-autoridades-de-rioverde-y-sociedad-civil\/"},"wordCount":204,"publisher":{"@id":"https:\/\/canal7slp.tv\/2025\/#organization"},"image":{"@id":"https:\/\/canal7slp.tv\/2025\/construccion-de-centro-de-rehabilitacion-proyecto-conjunto-de-autoridades-de-rioverde-y-sociedad-civil\/#primaryimage"},"thumbnailUrl":"https:\/\/canal7slp.tv\/2025\/wp-content\/uploads\/2025\/03\/ebbdb613-20ad-48dc-aa4c-b13a9d6eb65f.jpeg","articleSection":["DESTACADAS","INTERIOR DEL ESTADO"],"inLanguage":"es"},{"@type":"WebPage","@id":"https:\/\/canal7slp.tv\/2025\/construccion-de-centro-de-rehabilitacion-proyecto-conjunto-de-autoridades-de-rioverde-y-sociedad-civil\/","url":"https:\/\/canal7slp.tv\/2025\/construccion-de-centro-de-rehabilitacion-proyecto-conjunto-de-autoridades-de-rioverde-y-sociedad-civil\/","name":"Construcci\u00f3n de Centro de Rehabilitaci\u00f3n, proyecto conjunto de autoridades de Rioverde y sociedad civil - Canal 7 SLP - 2025","isPartOf":{"@id":"https:\/\/canal7slp.tv\/2025\/#website"},"primaryImageOfPage":{"@id":"https:\/\/canal7slp.tv\/2025\/construccion-de-centro-de-rehabilitacion-proyecto-conjunto-de-autoridades-de-rioverde-y-sociedad-civil\/#primaryimage"},"image":{"@id":"https:\/\/canal7slp.tv\/2025\/construccion-de-centro-de-rehabilitacion-proyecto-conjunto-de-autoridades-de-rioverde-y-sociedad-civil\/#primaryimage"},"thumbnailUrl":"https:\/\/canal7slp.tv\/2025\/wp-content\/uploads\/2025\/03\/ebbdb613-20ad-48dc-aa4c-b13a9d6eb65f.jpeg","datePublished":"2025-03-18T18:17:06+00:00","breadcrumb":{"@id":"https:\/\/canal7slp.tv\/2025\/construccion-de-centro-de-rehabilitacion-proyecto-conjunto-de-autoridades-de-rioverde-y-sociedad-civil\/#breadcrumb"},"inLanguage":"es","potentialAction":[{"@type":"ReadAction","target":["https:\/\/canal7slp.tv\/2025\/construccion-de-centro-de-rehabilitacion-proyecto-conjunto-de-autoridades-de-rioverde-y-sociedad-civil\/"]}]},{"@type":"ImageObject","inLanguage":"es","@id":"https:\/\/canal7slp.tv\/2025\/construccion-de-centro-de-rehabilitacion-proyecto-conjunto-de-autoridades-de-rioverde-y-sociedad-civil\/#primaryimage","url":"https:\/\/canal7slp.tv\/2025\/wp-content\/uploads\/2025\/03\/ebbdb613-20ad-48dc-aa4c-b13a9d6eb65f.jpeg","contentUrl":"https:\/\/canal7slp.tv\/2025\/wp-content\/uploads\/2025\/03\/ebbdb613-20ad-48dc-aa4c-b13a9d6eb65f.jpeg","width":1370,"height":764},{"@type":"BreadcrumbList","@id":"https:\/\/canal7slp.tv\/2025\/construccion-de-centro-de-rehabilitacion-proyecto-conjunto-de-autoridades-de-rioverde-y-sociedad-civil\/#breadcrumb","itemListElement":[{"@type":"ListItem","position":1,"name":"Portada","item":"https:\/\/canal7slp.tv\/2025\/"},{"@type":"ListItem","position":2,"name":"Construcci\u00f3n de Centro de Rehabilitaci\u00f3n, proyecto conjunto de autoridades de Rioverde y sociedad civil"}]},{"@type":"WebSite","@id":"https:\/\/canal7slp.tv\/2025\/#website","url":"https:\/\/canal7slp.tv\/2025\/","name":"N7 - Noticieros Canal 7","description":"Somos el Medio","publisher":{"@id":"https:\/\/canal7slp.tv\/2025\/#organization"},"potentialAction":[{"@type":"SearchAction","target":{"@type":"EntryPoint","urlTemplate":"https:\/\/canal7slp.tv\/2025\/?s={search_term_string}"},"query-input":{"@type":"PropertyValueSpecification","valueRequired":true,"valueName":"search_term_string"}}],"inLanguage":"es"},{"@type":"Organization","@id":"https:\/\/canal7slp.tv\/2025\/#organization","name":"Noticieros Canal 7","url":"https:\/\/canal7slp.tv\/2025\/","logo":{"@type":"ImageObject","inLanguage":"es","@id":"https:\/\/canal7slp.tv\/2025\/#\/schema\/logo\/image\/","url":"https:\/\/canal7slp.tv\/2025\/wp-content\/uploads\/2021\/01\/logo-noticieros@2x.png","contentUrl":"https:\/\/canal7slp.tv\/2025\/wp-content\/uploads\/2021\/01\/logo-noticieros@2x.png","width":1017,"height":268,"caption":"Noticieros Canal 7"},"image":{"@id":"https:\/\/canal7slp.tv\/2025\/#\/schema\/logo\/image\/"},"sameAs":["https:\/\/www.facebook.com\/noticieroscanal7atencionciudadana\/","https:\/\/x.com\/NOTICIEROS7","https:\/\/www.instagram.com\/canal7_slp","https:\/\/www.youtube.com\/channel\/UCliiYs-gP3JfJeqdPrNdd5A"]},{"@type":"Person","@id":"https:\/\/canal7slp.tv\/2025\/#\/schema\/person\/1257e7e4a3d5ac29c4732733a887970d","name":"admin","image":{"@type":"ImageObject","inLanguage":"es","@id":"https:\/\/secure.gravatar.com\/avatar\/d1da498ea933582ecc2b5d72a4eac16ec41c3ec04cf2dc9d46e0b557dedfd5ff?s=96&d=mm&r=g","url":"https:\/\/secure.gravatar.com\/avatar\/d1da498ea933582ecc2b5d72a4eac16ec41c3ec04cf2dc9d46e0b557dedfd5ff?s=96&d=mm&r=g","contentUrl":"https:\/\/secure.gravatar.com\/avatar\/d1da498ea933582ecc2b5d72a4eac16ec41c3ec04cf2dc9d46e0b557dedfd5ff?s=96&d=mm&r=g","caption":"admin"},"sameAs":["https:\/\/canal7slp.tv\/2025"],"url":"https:\/\/canal7slp.tv\/2025\/author\/bicefalo\/"}]}},"_links":{"self":[{"href":"https:\/\/canal7slp.tv\/2025\/wp-json\/wp\/v2\/posts\/161102","targetHints":{"allow":["GET"]}}],"collection":[{"href":"https:\/\/canal7slp.tv\/2025\/wp-json\/wp\/v2\/posts"}],"about":[{"href":"https:\/\/canal7slp.tv\/2025\/wp-json\/wp\/v2\/types\/post"}],"author":[{"embeddable":true,"href":"https:\/\/canal7slp.tv\/2025\/wp-json\/wp\/v2\/users\/1"}],"replies":[{"embeddable":true,"href":"https:\/\/canal7slp.tv\/2025\/wp-json\/wp\/v2\/comments?post=161102"}],"version-history":[{"count":1,"href":"https:\/\/canal7slp.tv\/2025\/wp-json\/wp\/v2\/posts\/161102\/revisions"}],"predecessor-version":[{"id":161104,"href":"https:\/\/canal7slp.tv\/2025\/wp-json\/wp\/v2\/posts\/161102\/revisions\/161104"}],"wp:featuredmedia":[{"embeddable":true,"href":"https:\/\/canal7slp.tv\/2025\/wp-json\/wp\/v2\/media\/161103"}],"wp:attachment":[{"href":"https:\/\/canal7slp.tv\/2025\/wp-json\/wp\/v2\/media?parent=161102"}],"wp:term":[{"taxonomy":"category","embeddable":true,"href":"https:\/\/canal7slp.tv\/2025\/wp-json\/wp\/v2\/categories?post=161102"},{"taxonomy":"post_tag","embeddable":true,"href":"https:\/\/canal7slp.tv\/2025\/wp-json\/wp\/v2\/tags?post=161102"}],"curies":[{"name":"wp","href":"https:\/\/api.w.org\/{rel}","templated":true}]}}