{"id":161056,"date":"2025-03-17T14:28:30","date_gmt":"2025-03-17T20:28:30","guid":{"rendered":"https:\/\/canal7slp.tv\/2025\/?p=161056"},"modified":"2025-03-17T14:28:30","modified_gmt":"2025-03-17T20:28:30","slug":"se-coordina-icat-con-otros-centros-de-capacitacion-en-la-validacion-de-programas","status":"publish","type":"post","link":"https:\/\/canal7slp.tv\/2025\/se-coordina-icat-con-otros-centros-de-capacitacion-en-la-validacion-de-programas\/","title":{"rendered":"Se coordina ICAT con otros centros de capacitaci\u00f3n, en la validaci\u00f3n de programas"},"content":{"rendered":"<blockquote><p>ICAT en SLP fortalece educaci\u00f3n y preparaci\u00f3n para la labor.<\/p><\/blockquote>\n<p>La directora general del Instituto de Capacitaci\u00f3n para el Trabajo del Estado de San Luis Potos\u00ed, Rosa Estefan\u00eda Flores Saldierna, habl\u00f3 sobre el programa de apoyo a otras instituciones para validar la preparaci\u00f3n de educandos que buscar\u00e1n trabajo una vez concluido el respectivo curso.<\/p>\n<p>Rosa Estefan\u00eda Flores Saldierna<br \/>\nDirectora General ICAT en SLP Programa \u201cValida tus cursos\u201d del Instituto de Capacitaci\u00f3n para el Trabajo en San Luis Potos\u00ed, fomenta la certificaci\u00f3n de otros espacios de preparaci\u00f3n para la labor, as\u00ed lo indic\u00f3 la directora general de mencionado instituto, Rosa Estefan\u00eda Flores Saldierna.<\/p>\n<p>\u201cEste es un programa espec\u00edfico para aquellas escuelas que tambi\u00e9n se dedican a dar la capacitaci\u00f3n, pero no tienen c\u00f3mo acreditar, ni validar los conocimientos que nosotros como ente p\u00fablico y gubernamental, nosotros tenemos esa validez\u201d.<\/p>\n<p>Contar con documentos es fundamental para el ciudadano que busca trabajo.<\/p>\n<p>\u201cAqu\u00ed todos los documentos, pues ahora si que son, pues papelito habla y nosotros ese es el beneficio que tenemos, que tenemos un documento que avala y certifica\u201d.<\/p>\n<p>Se realizar\u00e1 una visita a diversos institutos de capacitaci\u00f3n.<\/p>\n<p>\u201cPor ah\u00ed vamos a estar a trav\u00e9s del \u00e1rea t\u00e9cnico acad\u00e9mico, visitando a las escuelas que pudieran estar interesadas, vamos a ir directamente con ellas para ofrecerle este tipo de servicio\u201d.<\/p>\n<p>Record\u00f3 que en primera instancia, el ICAT tiene las acreditaciones suficientes.<\/p>\n<p>\u201cSomos un agente capacitador, reconocido por la Secretar\u00eda del Trabajo y Previsi\u00f3n Social, as\u00ed como por la SEP y la Direcci\u00f3n General de Centros de Formaci\u00f3n para el Trabajo, tambi\u00e9n contamos con una entidad de certificaci\u00f3n de la red Conocer\u201d.<\/p>\n","protected":false},"excerpt":{"rendered":"<p>ICAT en SLP fortalece educaci\u00f3n y preparaci\u00f3n para la labor. La directora general del Instituto de Capacitaci\u00f3n para el Trabajo del Estado de San Luis Potos\u00ed, Rosa Estefan\u00eda Flores Saldierna, habl\u00f3 sobre el programa de apoyo a otras instituciones para validar la preparaci\u00f3n de educandos que buscar\u00e1n trabajo una vez concluido el respectivo curso. Rosa Estefan\u00eda Flores Saldierna Directora General ICAT en SLP Programa \u201cValida tus cursos\u201d del Instituto de Capacitaci\u00f3n para el Trabajo en San Luis Potos\u00ed, fomenta la certificaci\u00f3n de otros espacios de preparaci\u00f3n para la labor, as\u00ed lo indic\u00f3 la directora general de mencionado instituto, Rosa Estefan\u00eda [&hellip;]<\/p>\n","protected":false},"author":1,"featured_media":161058,"comment_status":"closed","ping_status":"closed","sticky":false,"template":"","format":"video","meta":{"_monsterinsights_skip_tracking":false,"_monsterinsights_sitenote_active":false,"_monsterinsights_sitenote_note":"","_monsterinsights_sitenote_category":0,"footnotes":""},"categories":[5,45],"tags":[],"class_list":["post-161056","post","type-post","status-publish","format-video","has-post-thumbnail","hentry","category-destacadas","category-localesyregionales","post_format-post-format-video","post--single"],"yoast_head":"<!-- This site is optimized with the Yoast SEO plugin v27.4 - https:\/\/yoast.com\/product\/yoast-seo-wordpress\/ -->\n<title>Se coordina ICAT con otros centros de capacitaci\u00f3n, en la validaci\u00f3n de programas - Canal 7 SLP - 2025<\/title>\n<meta name=\"robots\" content=\"index, follow, max-snippet:-1, max-image-preview:large, max-video-preview:-1\" \/>\n<link rel=\"canonical\" href=\"https:\/\/canal7slp.tv\/2025\/se-coordina-icat-con-otros-centros-de-capacitacion-en-la-validacion-de-programas\/\" \/>\n<meta property=\"og:locale\" content=\"es_ES\" \/>\n<meta property=\"og:type\" content=\"article\" \/>\n<meta property=\"og:title\" content=\"Se coordina ICAT con otros centros de capacitaci\u00f3n, en la validaci\u00f3n de programas - Canal 7 SLP - 2025\" \/>\n<meta property=\"og:description\" content=\"ICAT en SLP fortalece educaci\u00f3n y preparaci\u00f3n para la labor. La directora general del Instituto de Capacitaci\u00f3n para el Trabajo del Estado de San Luis Potos\u00ed, Rosa Estefan\u00eda Flores Saldierna, habl\u00f3 sobre el programa de apoyo a otras instituciones para validar la preparaci\u00f3n de educandos que buscar\u00e1n trabajo una vez concluido el respectivo curso. Rosa Estefan\u00eda Flores Saldierna Directora General ICAT en SLP Programa \u201cValida tus cursos\u201d del Instituto de Capacitaci\u00f3n para el Trabajo en San Luis Potos\u00ed, fomenta la certificaci\u00f3n de otros espacios de preparaci\u00f3n para la labor, as\u00ed lo indic\u00f3 la directora general de mencionado instituto, Rosa Estefan\u00eda [&hellip;]\" \/>\n<meta property=\"og:url\" content=\"https:\/\/canal7slp.tv\/2025\/se-coordina-icat-con-otros-centros-de-capacitacion-en-la-validacion-de-programas\/\" \/>\n<meta property=\"og:site_name\" content=\"Canal 7 SLP - 2025\" \/>\n<meta property=\"article:publisher\" content=\"https:\/\/www.facebook.com\/noticieroscanal7atencionciudadana\/\" \/>\n<meta property=\"article:published_time\" content=\"2025-03-17T20:28:30+00:00\" \/>\n<meta property=\"og:image\" content=\"https:\/\/canal7slp.tv\/2025\/wp-content\/uploads\/2025\/03\/d9cb4ef1-2798-4de4-8141-6c51caa19007.jpeg\" \/>\n\t<meta property=\"og:image:width\" content=\"1271\" \/>\n\t<meta property=\"og:image:height\" content=\"709\" \/>\n\t<meta property=\"og:image:type\" content=\"image\/jpeg\" \/>\n<meta name=\"author\" content=\"admin\" \/>\n<meta name=\"twitter:card\" content=\"summary_large_image\" \/>\n<meta name=\"twitter:creator\" content=\"@NOTICIEROS7\" \/>\n<meta name=\"twitter:site\" content=\"@NOTICIEROS7\" \/>\n<meta name=\"twitter:label1\" content=\"Escrito por\" \/>\n\t<meta name=\"twitter:data1\" content=\"admin\" \/>\n\t<meta name=\"twitter:label2\" content=\"Tiempo de lectura\" \/>\n\t<meta name=\"twitter:data2\" content=\"2 minutos\" \/>\n<script type=\"application\/ld+json\" class=\"yoast-schema-graph\">{\"@context\":\"https:\\\/\\\/schema.org\",\"@graph\":[{\"@type\":\"Article\",\"@id\":\"https:\\\/\\\/canal7slp.tv\\\/2025\\\/se-coordina-icat-con-otros-centros-de-capacitacion-en-la-validacion-de-programas\\\/#article\",\"isPartOf\":{\"@id\":\"https:\\\/\\\/canal7slp.tv\\\/2025\\\/se-coordina-icat-con-otros-centros-de-capacitacion-en-la-validacion-de-programas\\\/\"},\"author\":{\"name\":\"admin\",\"@id\":\"https:\\\/\\\/canal7slp.tv\\\/2025\\\/#\\\/schema\\\/person\\\/1257e7e4a3d5ac29c4732733a887970d\"},\"headline\":\"Se coordina ICAT con otros centros de capacitaci\u00f3n, en la validaci\u00f3n de programas\",\"datePublished\":\"2025-03-17T20:28:30+00:00\",\"mainEntityOfPage\":{\"@id\":\"https:\\\/\\\/canal7slp.tv\\\/2025\\\/se-coordina-icat-con-otros-centros-de-capacitacion-en-la-validacion-de-programas\\\/\"},\"wordCount\":309,\"publisher\":{\"@id\":\"https:\\\/\\\/canal7slp.tv\\\/2025\\\/#organization\"},\"image\":{\"@id\":\"https:\\\/\\\/canal7slp.tv\\\/2025\\\/se-coordina-icat-con-otros-centros-de-capacitacion-en-la-validacion-de-programas\\\/#primaryimage\"},\"thumbnailUrl\":\"https:\\\/\\\/canal7slp.tv\\\/2025\\\/wp-content\\\/uploads\\\/2025\\\/03\\\/d9cb4ef1-2798-4de4-8141-6c51caa19007.jpeg\",\"articleSection\":[\"DESTACADAS\",\"LOCALES Y REGIONALES\"],\"inLanguage\":\"es\"},{\"@type\":\"WebPage\",\"@id\":\"https:\\\/\\\/canal7slp.tv\\\/2025\\\/se-coordina-icat-con-otros-centros-de-capacitacion-en-la-validacion-de-programas\\\/\",\"url\":\"https:\\\/\\\/canal7slp.tv\\\/2025\\\/se-coordina-icat-con-otros-centros-de-capacitacion-en-la-validacion-de-programas\\\/\",\"name\":\"Se coordina ICAT con otros centros de capacitaci\u00f3n, en la validaci\u00f3n de programas - Canal 7 SLP - 2025\",\"isPartOf\":{\"@id\":\"https:\\\/\\\/canal7slp.tv\\\/2025\\\/#website\"},\"primaryImageOfPage\":{\"@id\":\"https:\\\/\\\/canal7slp.tv\\\/2025\\\/se-coordina-icat-con-otros-centros-de-capacitacion-en-la-validacion-de-programas\\\/#primaryimage\"},\"image\":{\"@id\":\"https:\\\/\\\/canal7slp.tv\\\/2025\\\/se-coordina-icat-con-otros-centros-de-capacitacion-en-la-validacion-de-programas\\\/#primaryimage\"},\"thumbnailUrl\":\"https:\\\/\\\/canal7slp.tv\\\/2025\\\/wp-content\\\/uploads\\\/2025\\\/03\\\/d9cb4ef1-2798-4de4-8141-6c51caa19007.jpeg\",\"datePublished\":\"2025-03-17T20:28:30+00:00\",\"breadcrumb\":{\"@id\":\"https:\\\/\\\/canal7slp.tv\\\/2025\\\/se-coordina-icat-con-otros-centros-de-capacitacion-en-la-validacion-de-programas\\\/#breadcrumb\"},\"inLanguage\":\"es\",\"potentialAction\":[{\"@type\":\"ReadAction\",\"target\":[\"https:\\\/\\\/canal7slp.tv\\\/2025\\\/se-coordina-icat-con-otros-centros-de-capacitacion-en-la-validacion-de-programas\\\/\"]}]},{\"@type\":\"ImageObject\",\"inLanguage\":\"es\",\"@id\":\"https:\\\/\\\/canal7slp.tv\\\/2025\\\/se-coordina-icat-con-otros-centros-de-capacitacion-en-la-validacion-de-programas\\\/#primaryimage\",\"url\":\"https:\\\/\\\/canal7slp.tv\\\/2025\\\/wp-content\\\/uploads\\\/2025\\\/03\\\/d9cb4ef1-2798-4de4-8141-6c51caa19007.jpeg\",\"contentUrl\":\"https:\\\/\\\/canal7slp.tv\\\/2025\\\/wp-content\\\/uploads\\\/2025\\\/03\\\/d9cb4ef1-2798-4de4-8141-6c51caa19007.jpeg\",\"width\":1271,\"height\":709},{\"@type\":\"BreadcrumbList\",\"@id\":\"https:\\\/\\\/canal7slp.tv\\\/2025\\\/se-coordina-icat-con-otros-centros-de-capacitacion-en-la-validacion-de-programas\\\/#breadcrumb\",\"itemListElement\":[{\"@type\":\"ListItem\",\"position\":1,\"name\":\"Portada\",\"item\":\"https:\\\/\\\/canal7slp.tv\\\/2025\\\/\"},{\"@type\":\"ListItem\",\"position\":2,\"name\":\"Se coordina ICAT con otros centros de capacitaci\u00f3n, en la validaci\u00f3n de programas\"}]},{\"@type\":\"WebSite\",\"@id\":\"https:\\\/\\\/canal7slp.tv\\\/2025\\\/#website\",\"url\":\"https:\\\/\\\/canal7slp.tv\\\/2025\\\/\",\"name\":\"N7 - Noticieros Canal 7\",\"description\":\"Somos el Medio\",\"publisher\":{\"@id\":\"https:\\\/\\\/canal7slp.tv\\\/2025\\\/#organization\"},\"potentialAction\":[{\"@type\":\"SearchAction\",\"target\":{\"@type\":\"EntryPoint\",\"urlTemplate\":\"https:\\\/\\\/canal7slp.tv\\\/2025\\\/?s={search_term_string}\"},\"query-input\":{\"@type\":\"PropertyValueSpecification\",\"valueRequired\":true,\"valueName\":\"search_term_string\"}}],\"inLanguage\":\"es\"},{\"@type\":\"Organization\",\"@id\":\"https:\\\/\\\/canal7slp.tv\\\/2025\\\/#organization\",\"name\":\"Noticieros Canal 7\",\"url\":\"https:\\\/\\\/canal7slp.tv\\\/2025\\\/\",\"logo\":{\"@type\":\"ImageObject\",\"inLanguage\":\"es\",\"@id\":\"https:\\\/\\\/canal7slp.tv\\\/2025\\\/#\\\/schema\\\/logo\\\/image\\\/\",\"url\":\"https:\\\/\\\/canal7slp.tv\\\/2025\\\/wp-content\\\/uploads\\\/2021\\\/01\\\/logo-noticieros@2x.png\",\"contentUrl\":\"https:\\\/\\\/canal7slp.tv\\\/2025\\\/wp-content\\\/uploads\\\/2021\\\/01\\\/logo-noticieros@2x.png\",\"width\":1017,\"height\":268,\"caption\":\"Noticieros Canal 7\"},\"image\":{\"@id\":\"https:\\\/\\\/canal7slp.tv\\\/2025\\\/#\\\/schema\\\/logo\\\/image\\\/\"},\"sameAs\":[\"https:\\\/\\\/www.facebook.com\\\/noticieroscanal7atencionciudadana\\\/\",\"https:\\\/\\\/x.com\\\/NOTICIEROS7\",\"https:\\\/\\\/www.instagram.com\\\/canal7_slp\",\"https:\\\/\\\/www.youtube.com\\\/channel\\\/UCliiYs-gP3JfJeqdPrNdd5A\"]},{\"@type\":\"Person\",\"@id\":\"https:\\\/\\\/canal7slp.tv\\\/2025\\\/#\\\/schema\\\/person\\\/1257e7e4a3d5ac29c4732733a887970d\",\"name\":\"admin\",\"image\":{\"@type\":\"ImageObject\",\"inLanguage\":\"es\",\"@id\":\"https:\\\/\\\/secure.gravatar.com\\\/avatar\\\/d1da498ea933582ecc2b5d72a4eac16ec41c3ec04cf2dc9d46e0b557dedfd5ff?s=96&d=mm&r=g\",\"url\":\"https:\\\/\\\/secure.gravatar.com\\\/avatar\\\/d1da498ea933582ecc2b5d72a4eac16ec41c3ec04cf2dc9d46e0b557dedfd5ff?s=96&d=mm&r=g\",\"contentUrl\":\"https:\\\/\\\/secure.gravatar.com\\\/avatar\\\/d1da498ea933582ecc2b5d72a4eac16ec41c3ec04cf2dc9d46e0b557dedfd5ff?s=96&d=mm&r=g\",\"caption\":\"admin\"},\"sameAs\":[\"https:\\\/\\\/canal7slp.tv\\\/2025\"],\"url\":\"https:\\\/\\\/canal7slp.tv\\\/2025\\\/author\\\/bicefalo\\\/\"}]}<\/script>\n<!-- \/ Yoast SEO plugin. -->","yoast_head_json":{"title":"Se coordina ICAT con otros centros de capacitaci\u00f3n, en la validaci\u00f3n de programas - Canal 7 SLP - 2025","robots":{"index":"index","follow":"follow","max-snippet":"max-snippet:-1","max-image-preview":"max-image-preview:large","max-video-preview":"max-video-preview:-1"},"canonical":"https:\/\/canal7slp.tv\/2025\/se-coordina-icat-con-otros-centros-de-capacitacion-en-la-validacion-de-programas\/","og_locale":"es_ES","og_type":"article","og_title":"Se coordina ICAT con otros centros de capacitaci\u00f3n, en la validaci\u00f3n de programas - Canal 7 SLP - 2025","og_description":"ICAT en SLP fortalece educaci\u00f3n y preparaci\u00f3n para la labor. La directora general del Instituto de Capacitaci\u00f3n para el Trabajo del Estado de San Luis Potos\u00ed, Rosa Estefan\u00eda Flores Saldierna, habl\u00f3 sobre el programa de apoyo a otras instituciones para validar la preparaci\u00f3n de educandos que buscar\u00e1n trabajo una vez concluido el respectivo curso. Rosa Estefan\u00eda Flores Saldierna Directora General ICAT en SLP Programa \u201cValida tus cursos\u201d del Instituto de Capacitaci\u00f3n para el Trabajo en San Luis Potos\u00ed, fomenta la certificaci\u00f3n de otros espacios de preparaci\u00f3n para la labor, as\u00ed lo indic\u00f3 la directora general de mencionado instituto, Rosa Estefan\u00eda [&hellip;]","og_url":"https:\/\/canal7slp.tv\/2025\/se-coordina-icat-con-otros-centros-de-capacitacion-en-la-validacion-de-programas\/","og_site_name":"Canal 7 SLP - 2025","article_publisher":"https:\/\/www.facebook.com\/noticieroscanal7atencionciudadana\/","article_published_time":"2025-03-17T20:28:30+00:00","og_image":[{"width":1271,"height":709,"url":"https:\/\/canal7slp.tv\/2025\/wp-content\/uploads\/2025\/03\/d9cb4ef1-2798-4de4-8141-6c51caa19007.jpeg","type":"image\/jpeg"}],"author":"admin","twitter_card":"summary_large_image","twitter_creator":"@NOTICIEROS7","twitter_site":"@NOTICIEROS7","twitter_misc":{"Escrito por":"admin","Tiempo de lectura":"2 minutos"},"schema":{"@context":"https:\/\/schema.org","@graph":[{"@type":"Article","@id":"https:\/\/canal7slp.tv\/2025\/se-coordina-icat-con-otros-centros-de-capacitacion-en-la-validacion-de-programas\/#article","isPartOf":{"@id":"https:\/\/canal7slp.tv\/2025\/se-coordina-icat-con-otros-centros-de-capacitacion-en-la-validacion-de-programas\/"},"author":{"name":"admin","@id":"https:\/\/canal7slp.tv\/2025\/#\/schema\/person\/1257e7e4a3d5ac29c4732733a887970d"},"headline":"Se coordina ICAT con otros centros de capacitaci\u00f3n, en la validaci\u00f3n de programas","datePublished":"2025-03-17T20:28:30+00:00","mainEntityOfPage":{"@id":"https:\/\/canal7slp.tv\/2025\/se-coordina-icat-con-otros-centros-de-capacitacion-en-la-validacion-de-programas\/"},"wordCount":309,"publisher":{"@id":"https:\/\/canal7slp.tv\/2025\/#organization"},"image":{"@id":"https:\/\/canal7slp.tv\/2025\/se-coordina-icat-con-otros-centros-de-capacitacion-en-la-validacion-de-programas\/#primaryimage"},"thumbnailUrl":"https:\/\/canal7slp.tv\/2025\/wp-content\/uploads\/2025\/03\/d9cb4ef1-2798-4de4-8141-6c51caa19007.jpeg","articleSection":["DESTACADAS","LOCALES Y REGIONALES"],"inLanguage":"es"},{"@type":"WebPage","@id":"https:\/\/canal7slp.tv\/2025\/se-coordina-icat-con-otros-centros-de-capacitacion-en-la-validacion-de-programas\/","url":"https:\/\/canal7slp.tv\/2025\/se-coordina-icat-con-otros-centros-de-capacitacion-en-la-validacion-de-programas\/","name":"Se coordina ICAT con otros centros de capacitaci\u00f3n, en la validaci\u00f3n de programas - Canal 7 SLP - 2025","isPartOf":{"@id":"https:\/\/canal7slp.tv\/2025\/#website"},"primaryImageOfPage":{"@id":"https:\/\/canal7slp.tv\/2025\/se-coordina-icat-con-otros-centros-de-capacitacion-en-la-validacion-de-programas\/#primaryimage"},"image":{"@id":"https:\/\/canal7slp.tv\/2025\/se-coordina-icat-con-otros-centros-de-capacitacion-en-la-validacion-de-programas\/#primaryimage"},"thumbnailUrl":"https:\/\/canal7slp.tv\/2025\/wp-content\/uploads\/2025\/03\/d9cb4ef1-2798-4de4-8141-6c51caa19007.jpeg","datePublished":"2025-03-17T20:28:30+00:00","breadcrumb":{"@id":"https:\/\/canal7slp.tv\/2025\/se-coordina-icat-con-otros-centros-de-capacitacion-en-la-validacion-de-programas\/#breadcrumb"},"inLanguage":"es","potentialAction":[{"@type":"ReadAction","target":["https:\/\/canal7slp.tv\/2025\/se-coordina-icat-con-otros-centros-de-capacitacion-en-la-validacion-de-programas\/"]}]},{"@type":"ImageObject","inLanguage":"es","@id":"https:\/\/canal7slp.tv\/2025\/se-coordina-icat-con-otros-centros-de-capacitacion-en-la-validacion-de-programas\/#primaryimage","url":"https:\/\/canal7slp.tv\/2025\/wp-content\/uploads\/2025\/03\/d9cb4ef1-2798-4de4-8141-6c51caa19007.jpeg","contentUrl":"https:\/\/canal7slp.tv\/2025\/wp-content\/uploads\/2025\/03\/d9cb4ef1-2798-4de4-8141-6c51caa19007.jpeg","width":1271,"height":709},{"@type":"BreadcrumbList","@id":"https:\/\/canal7slp.tv\/2025\/se-coordina-icat-con-otros-centros-de-capacitacion-en-la-validacion-de-programas\/#breadcrumb","itemListElement":[{"@type":"ListItem","position":1,"name":"Portada","item":"https:\/\/canal7slp.tv\/2025\/"},{"@type":"ListItem","position":2,"name":"Se coordina ICAT con otros centros de capacitaci\u00f3n, en la validaci\u00f3n de programas"}]},{"@type":"WebSite","@id":"https:\/\/canal7slp.tv\/2025\/#website","url":"https:\/\/canal7slp.tv\/2025\/","name":"N7 - Noticieros Canal 7","description":"Somos el Medio","publisher":{"@id":"https:\/\/canal7slp.tv\/2025\/#organization"},"potentialAction":[{"@type":"SearchAction","target":{"@type":"EntryPoint","urlTemplate":"https:\/\/canal7slp.tv\/2025\/?s={search_term_string}"},"query-input":{"@type":"PropertyValueSpecification","valueRequired":true,"valueName":"search_term_string"}}],"inLanguage":"es"},{"@type":"Organization","@id":"https:\/\/canal7slp.tv\/2025\/#organization","name":"Noticieros Canal 7","url":"https:\/\/canal7slp.tv\/2025\/","logo":{"@type":"ImageObject","inLanguage":"es","@id":"https:\/\/canal7slp.tv\/2025\/#\/schema\/logo\/image\/","url":"https:\/\/canal7slp.tv\/2025\/wp-content\/uploads\/2021\/01\/logo-noticieros@2x.png","contentUrl":"https:\/\/canal7slp.tv\/2025\/wp-content\/uploads\/2021\/01\/logo-noticieros@2x.png","width":1017,"height":268,"caption":"Noticieros Canal 7"},"image":{"@id":"https:\/\/canal7slp.tv\/2025\/#\/schema\/logo\/image\/"},"sameAs":["https:\/\/www.facebook.com\/noticieroscanal7atencionciudadana\/","https:\/\/x.com\/NOTICIEROS7","https:\/\/www.instagram.com\/canal7_slp","https:\/\/www.youtube.com\/channel\/UCliiYs-gP3JfJeqdPrNdd5A"]},{"@type":"Person","@id":"https:\/\/canal7slp.tv\/2025\/#\/schema\/person\/1257e7e4a3d5ac29c4732733a887970d","name":"admin","image":{"@type":"ImageObject","inLanguage":"es","@id":"https:\/\/secure.gravatar.com\/avatar\/d1da498ea933582ecc2b5d72a4eac16ec41c3ec04cf2dc9d46e0b557dedfd5ff?s=96&d=mm&r=g","url":"https:\/\/secure.gravatar.com\/avatar\/d1da498ea933582ecc2b5d72a4eac16ec41c3ec04cf2dc9d46e0b557dedfd5ff?s=96&d=mm&r=g","contentUrl":"https:\/\/secure.gravatar.com\/avatar\/d1da498ea933582ecc2b5d72a4eac16ec41c3ec04cf2dc9d46e0b557dedfd5ff?s=96&d=mm&r=g","caption":"admin"},"sameAs":["https:\/\/canal7slp.tv\/2025"],"url":"https:\/\/canal7slp.tv\/2025\/author\/bicefalo\/"}]}},"_links":{"self":[{"href":"https:\/\/canal7slp.tv\/2025\/wp-json\/wp\/v2\/posts\/161056","targetHints":{"allow":["GET"]}}],"collection":[{"href":"https:\/\/canal7slp.tv\/2025\/wp-json\/wp\/v2\/posts"}],"about":[{"href":"https:\/\/canal7slp.tv\/2025\/wp-json\/wp\/v2\/types\/post"}],"author":[{"embeddable":true,"href":"https:\/\/canal7slp.tv\/2025\/wp-json\/wp\/v2\/users\/1"}],"replies":[{"embeddable":true,"href":"https:\/\/canal7slp.tv\/2025\/wp-json\/wp\/v2\/comments?post=161056"}],"version-history":[{"count":1,"href":"https:\/\/canal7slp.tv\/2025\/wp-json\/wp\/v2\/posts\/161056\/revisions"}],"predecessor-version":[{"id":161059,"href":"https:\/\/canal7slp.tv\/2025\/wp-json\/wp\/v2\/posts\/161056\/revisions\/161059"}],"wp:featuredmedia":[{"embeddable":true,"href":"https:\/\/canal7slp.tv\/2025\/wp-json\/wp\/v2\/media\/161058"}],"wp:attachment":[{"href":"https:\/\/canal7slp.tv\/2025\/wp-json\/wp\/v2\/media?parent=161056"}],"wp:term":[{"taxonomy":"category","embeddable":true,"href":"https:\/\/canal7slp.tv\/2025\/wp-json\/wp\/v2\/categories?post=161056"},{"taxonomy":"post_tag","embeddable":true,"href":"https:\/\/canal7slp.tv\/2025\/wp-json\/wp\/v2\/tags?post=161056"}],"curies":[{"name":"wp","href":"https:\/\/api.w.org\/{rel}","templated":true}]}}