{"id":161054,"date":"2025-03-17T14:26:54","date_gmt":"2025-03-17T20:26:54","guid":{"rendered":"https:\/\/canal7slp.tv\/2025\/?p=161054"},"modified":"2025-03-17T14:26:54","modified_gmt":"2025-03-17T20:26:54","slug":"cuestiona-ip-motivo-por-el-que-impuesto-verde-no-contempla-a-ladrilleras","status":"publish","type":"post","link":"https:\/\/canal7slp.tv\/2025\/cuestiona-ip-motivo-por-el-que-impuesto-verde-no-contempla-a-ladrilleras\/","title":{"rendered":"Cuestiona IP motivo por el que Impuesto Verde no contempla a ladrilleras"},"content":{"rendered":"<blockquote><p>P\u00e9sima legislaci\u00f3n ha provocado retrasos en la activaci\u00f3n del \u201cImpuesto Verde\u201d.<\/p><\/blockquote>\n<p>El presidente de la Confederaci\u00f3n Patronal de la Rep\u00fablica Mexicana en San Luis Potos\u00ed, Luis Gerardo Ortu\u00f1o D\u00edaz Infante, asever\u00f3 que los lineamientos del Impuesto Ecol\u00f3gico por la Emisi\u00f3n de Gases a la Atm\u00f3sfera aun no han quedado claros al 100% para empresarios debido a la p\u00e9sima forma en que fue creado por el Poder Legislativo de la LXIII Legislatura.<\/p>\n<p>Los lineamientos del Impuesto Ecol\u00f3gico por la Emisi\u00f3n de Gases a la Atmosfera aun no han quedado claros al 100% para empresarios debido a la p\u00e9sima forma en que fue creado por el Poder Legislativo de la LXIII Legislatura, as\u00ed lo expuso el presidente de la Coparmex en San Luis Potos\u00ed, Luis Gerardo Ortu\u00f1o D\u00edaz Infante.<\/p>\n<p>\u201cBueno, pues es el resultado precisamente de una p\u00e9sima legislaci\u00f3n, de la legislaci\u00f3n anterior, hoy vemos diputados que legislaron mal este impuesto y siguen en puestos pol\u00edticos\u201d.<\/p>\n<p>Una de las grandes fallas, es el no incorporar a las ladrilleras dentro del denominado \u201cimpuesto verde\u201d.<\/p>\n<p>\u201cLo que s\u00ed es claro es que hay fuentes fijas que generan m\u00e1s que gases de efecto invernadero como son las ladrilleras y el gobierno pues hace caso omiso a atender esta problem\u00e1tica que no viene de este sexenio, viene de a\u00f1os atr\u00e1s\u201d.<\/p>\n<p>El impuesto se aprob\u00f3 para las empresas.<\/p>\n<p>\u201cEs un impuesto que emane de gases de efecto invernadero en los procesos industriales principalmente, en bases fijas; dentro de las f\u00e1bricas pues hay consumo de gas, consumo de combust\u00f3leo, consumo de diesel y bueno, pues estos de alguna manera hacen que emanen gases de efecto invernadero a la atmosfera y pues bueno, este impuesto dice la ley que preferentemente lo recaudado pues se usar\u00e1 para la remediaci\u00f3n, ese preferentemente pues deja una gran inc\u00f3gnita si se va a usar o no\u201d.<\/p>\n<p>En teor\u00eda ser\u00e1 durante marzo que se tribute por primera vez.<\/p>\n<p>\u201cBueno, se supone que \u00edbamos a empezar a tributar desde el a\u00f1o pasado, solicitamos por ah\u00ed la pr\u00f3rroga para que de alguna manera se nos diera a conocer las formas de operaci\u00f3n y las formas de pago de esta nueva tributaci\u00f3n (\u2026) habla el Gobierno del Estado que da una pr\u00f3rroga al mes de marzo, esperemos que m\u00e1s que quede solucionado el tema del cobro, pues que quede muy claro el tema de la tributaci\u00f3n, c\u00f3mo va a ser, a qui\u00e9n va a ser, c\u00f3mo se va a medir, porque como te vuelvo a comentar, hay muchas lagunas y dudas de los que van a contribuir al tema de este impuesto\u201d.<\/p>\n","protected":false},"excerpt":{"rendered":"<p>P\u00e9sima legislaci\u00f3n ha provocado retrasos en la activaci\u00f3n del \u201cImpuesto Verde\u201d. El presidente de la Confederaci\u00f3n Patronal de la Rep\u00fablica Mexicana en San Luis Potos\u00ed, Luis Gerardo Ortu\u00f1o D\u00edaz Infante, asever\u00f3 que los lineamientos del Impuesto Ecol\u00f3gico por la Emisi\u00f3n de Gases a la Atm\u00f3sfera aun no han quedado claros al 100% para empresarios debido a la p\u00e9sima forma en que fue creado por el Poder Legislativo de la LXIII Legislatura. Los lineamientos del Impuesto Ecol\u00f3gico por la Emisi\u00f3n de Gases a la Atmosfera aun no han quedado claros al 100% para empresarios debido a la p\u00e9sima forma en que [&hellip;]<\/p>\n","protected":false},"author":1,"featured_media":161055,"comment_status":"closed","ping_status":"closed","sticky":false,"template":"","format":"video","meta":{"_monsterinsights_skip_tracking":false,"_monsterinsights_sitenote_active":false,"_monsterinsights_sitenote_note":"","_monsterinsights_sitenote_category":0,"footnotes":""},"categories":[3,45],"tags":[],"class_list":["post-161054","post","type-post","status-publish","format-video","has-post-thumbnail","hentry","category-congreso","category-localesyregionales","post_format-post-format-video","post--single"],"yoast_head":"<!-- This site is optimized with the Yoast SEO plugin v27.4 - https:\/\/yoast.com\/product\/yoast-seo-wordpress\/ -->\n<title>Cuestiona IP motivo por el que Impuesto Verde no contempla a ladrilleras - Canal 7 SLP - 2025<\/title>\n<meta name=\"robots\" content=\"index, follow, max-snippet:-1, max-image-preview:large, max-video-preview:-1\" \/>\n<link rel=\"canonical\" href=\"https:\/\/canal7slp.tv\/2025\/cuestiona-ip-motivo-por-el-que-impuesto-verde-no-contempla-a-ladrilleras\/\" \/>\n<meta property=\"og:locale\" content=\"es_ES\" \/>\n<meta property=\"og:type\" content=\"article\" \/>\n<meta property=\"og:title\" content=\"Cuestiona IP motivo por el que Impuesto Verde no contempla a ladrilleras - Canal 7 SLP - 2025\" \/>\n<meta property=\"og:description\" content=\"P\u00e9sima legislaci\u00f3n ha provocado retrasos en la activaci\u00f3n del \u201cImpuesto Verde\u201d. El presidente de la Confederaci\u00f3n Patronal de la Rep\u00fablica Mexicana en San Luis Potos\u00ed, Luis Gerardo Ortu\u00f1o D\u00edaz Infante, asever\u00f3 que los lineamientos del Impuesto Ecol\u00f3gico por la Emisi\u00f3n de Gases a la Atm\u00f3sfera aun no han quedado claros al 100% para empresarios debido a la p\u00e9sima forma en que fue creado por el Poder Legislativo de la LXIII Legislatura. Los lineamientos del Impuesto Ecol\u00f3gico por la Emisi\u00f3n de Gases a la Atmosfera aun no han quedado claros al 100% para empresarios debido a la p\u00e9sima forma en que [&hellip;]\" \/>\n<meta property=\"og:url\" content=\"https:\/\/canal7slp.tv\/2025\/cuestiona-ip-motivo-por-el-que-impuesto-verde-no-contempla-a-ladrilleras\/\" \/>\n<meta property=\"og:site_name\" content=\"Canal 7 SLP - 2025\" \/>\n<meta property=\"article:publisher\" content=\"https:\/\/www.facebook.com\/noticieroscanal7atencionciudadana\/\" \/>\n<meta property=\"article:published_time\" content=\"2025-03-17T20:26:54+00:00\" \/>\n<meta property=\"og:image\" content=\"https:\/\/canal7slp.tv\/2025\/wp-content\/uploads\/2025\/03\/451fb91d-8bbd-4136-8ba4-2ba87e2b4ca5.jpeg\" \/>\n\t<meta property=\"og:image:width\" content=\"1262\" \/>\n\t<meta property=\"og:image:height\" content=\"711\" \/>\n\t<meta property=\"og:image:type\" content=\"image\/jpeg\" \/>\n<meta name=\"author\" content=\"admin\" \/>\n<meta name=\"twitter:card\" content=\"summary_large_image\" \/>\n<meta name=\"twitter:creator\" content=\"@NOTICIEROS7\" \/>\n<meta name=\"twitter:site\" content=\"@NOTICIEROS7\" \/>\n<meta name=\"twitter:label1\" content=\"Escrito por\" \/>\n\t<meta name=\"twitter:data1\" content=\"admin\" \/>\n\t<meta name=\"twitter:label2\" content=\"Tiempo de lectura\" \/>\n\t<meta name=\"twitter:data2\" content=\"3 minutos\" \/>\n<script type=\"application\/ld+json\" class=\"yoast-schema-graph\">{\"@context\":\"https:\\\/\\\/schema.org\",\"@graph\":[{\"@type\":\"Article\",\"@id\":\"https:\\\/\\\/canal7slp.tv\\\/2025\\\/cuestiona-ip-motivo-por-el-que-impuesto-verde-no-contempla-a-ladrilleras\\\/#article\",\"isPartOf\":{\"@id\":\"https:\\\/\\\/canal7slp.tv\\\/2025\\\/cuestiona-ip-motivo-por-el-que-impuesto-verde-no-contempla-a-ladrilleras\\\/\"},\"author\":{\"name\":\"admin\",\"@id\":\"https:\\\/\\\/canal7slp.tv\\\/2025\\\/#\\\/schema\\\/person\\\/1257e7e4a3d5ac29c4732733a887970d\"},\"headline\":\"Cuestiona IP motivo por el que Impuesto Verde no contempla a ladrilleras\",\"datePublished\":\"2025-03-17T20:26:54+00:00\",\"mainEntityOfPage\":{\"@id\":\"https:\\\/\\\/canal7slp.tv\\\/2025\\\/cuestiona-ip-motivo-por-el-que-impuesto-verde-no-contempla-a-ladrilleras\\\/\"},\"wordCount\":473,\"publisher\":{\"@id\":\"https:\\\/\\\/canal7slp.tv\\\/2025\\\/#organization\"},\"image\":{\"@id\":\"https:\\\/\\\/canal7slp.tv\\\/2025\\\/cuestiona-ip-motivo-por-el-que-impuesto-verde-no-contempla-a-ladrilleras\\\/#primaryimage\"},\"thumbnailUrl\":\"https:\\\/\\\/canal7slp.tv\\\/2025\\\/wp-content\\\/uploads\\\/2025\\\/03\\\/451fb91d-8bbd-4136-8ba4-2ba87e2b4ca5.jpeg\",\"articleSection\":[\"CONGRESO\",\"LOCALES Y REGIONALES\"],\"inLanguage\":\"es\"},{\"@type\":\"WebPage\",\"@id\":\"https:\\\/\\\/canal7slp.tv\\\/2025\\\/cuestiona-ip-motivo-por-el-que-impuesto-verde-no-contempla-a-ladrilleras\\\/\",\"url\":\"https:\\\/\\\/canal7slp.tv\\\/2025\\\/cuestiona-ip-motivo-por-el-que-impuesto-verde-no-contempla-a-ladrilleras\\\/\",\"name\":\"Cuestiona IP motivo por el que Impuesto Verde no contempla a ladrilleras - Canal 7 SLP - 2025\",\"isPartOf\":{\"@id\":\"https:\\\/\\\/canal7slp.tv\\\/2025\\\/#website\"},\"primaryImageOfPage\":{\"@id\":\"https:\\\/\\\/canal7slp.tv\\\/2025\\\/cuestiona-ip-motivo-por-el-que-impuesto-verde-no-contempla-a-ladrilleras\\\/#primaryimage\"},\"image\":{\"@id\":\"https:\\\/\\\/canal7slp.tv\\\/2025\\\/cuestiona-ip-motivo-por-el-que-impuesto-verde-no-contempla-a-ladrilleras\\\/#primaryimage\"},\"thumbnailUrl\":\"https:\\\/\\\/canal7slp.tv\\\/2025\\\/wp-content\\\/uploads\\\/2025\\\/03\\\/451fb91d-8bbd-4136-8ba4-2ba87e2b4ca5.jpeg\",\"datePublished\":\"2025-03-17T20:26:54+00:00\",\"breadcrumb\":{\"@id\":\"https:\\\/\\\/canal7slp.tv\\\/2025\\\/cuestiona-ip-motivo-por-el-que-impuesto-verde-no-contempla-a-ladrilleras\\\/#breadcrumb\"},\"inLanguage\":\"es\",\"potentialAction\":[{\"@type\":\"ReadAction\",\"target\":[\"https:\\\/\\\/canal7slp.tv\\\/2025\\\/cuestiona-ip-motivo-por-el-que-impuesto-verde-no-contempla-a-ladrilleras\\\/\"]}]},{\"@type\":\"ImageObject\",\"inLanguage\":\"es\",\"@id\":\"https:\\\/\\\/canal7slp.tv\\\/2025\\\/cuestiona-ip-motivo-por-el-que-impuesto-verde-no-contempla-a-ladrilleras\\\/#primaryimage\",\"url\":\"https:\\\/\\\/canal7slp.tv\\\/2025\\\/wp-content\\\/uploads\\\/2025\\\/03\\\/451fb91d-8bbd-4136-8ba4-2ba87e2b4ca5.jpeg\",\"contentUrl\":\"https:\\\/\\\/canal7slp.tv\\\/2025\\\/wp-content\\\/uploads\\\/2025\\\/03\\\/451fb91d-8bbd-4136-8ba4-2ba87e2b4ca5.jpeg\",\"width\":1262,\"height\":711},{\"@type\":\"BreadcrumbList\",\"@id\":\"https:\\\/\\\/canal7slp.tv\\\/2025\\\/cuestiona-ip-motivo-por-el-que-impuesto-verde-no-contempla-a-ladrilleras\\\/#breadcrumb\",\"itemListElement\":[{\"@type\":\"ListItem\",\"position\":1,\"name\":\"Portada\",\"item\":\"https:\\\/\\\/canal7slp.tv\\\/2025\\\/\"},{\"@type\":\"ListItem\",\"position\":2,\"name\":\"Cuestiona IP motivo por el que Impuesto Verde no contempla a ladrilleras\"}]},{\"@type\":\"WebSite\",\"@id\":\"https:\\\/\\\/canal7slp.tv\\\/2025\\\/#website\",\"url\":\"https:\\\/\\\/canal7slp.tv\\\/2025\\\/\",\"name\":\"N7 - Noticieros Canal 7\",\"description\":\"Somos el Medio\",\"publisher\":{\"@id\":\"https:\\\/\\\/canal7slp.tv\\\/2025\\\/#organization\"},\"potentialAction\":[{\"@type\":\"SearchAction\",\"target\":{\"@type\":\"EntryPoint\",\"urlTemplate\":\"https:\\\/\\\/canal7slp.tv\\\/2025\\\/?s={search_term_string}\"},\"query-input\":{\"@type\":\"PropertyValueSpecification\",\"valueRequired\":true,\"valueName\":\"search_term_string\"}}],\"inLanguage\":\"es\"},{\"@type\":\"Organization\",\"@id\":\"https:\\\/\\\/canal7slp.tv\\\/2025\\\/#organization\",\"name\":\"Noticieros Canal 7\",\"url\":\"https:\\\/\\\/canal7slp.tv\\\/2025\\\/\",\"logo\":{\"@type\":\"ImageObject\",\"inLanguage\":\"es\",\"@id\":\"https:\\\/\\\/canal7slp.tv\\\/2025\\\/#\\\/schema\\\/logo\\\/image\\\/\",\"url\":\"https:\\\/\\\/canal7slp.tv\\\/2025\\\/wp-content\\\/uploads\\\/2021\\\/01\\\/logo-noticieros@2x.png\",\"contentUrl\":\"https:\\\/\\\/canal7slp.tv\\\/2025\\\/wp-content\\\/uploads\\\/2021\\\/01\\\/logo-noticieros@2x.png\",\"width\":1017,\"height\":268,\"caption\":\"Noticieros Canal 7\"},\"image\":{\"@id\":\"https:\\\/\\\/canal7slp.tv\\\/2025\\\/#\\\/schema\\\/logo\\\/image\\\/\"},\"sameAs\":[\"https:\\\/\\\/www.facebook.com\\\/noticieroscanal7atencionciudadana\\\/\",\"https:\\\/\\\/x.com\\\/NOTICIEROS7\",\"https:\\\/\\\/www.instagram.com\\\/canal7_slp\",\"https:\\\/\\\/www.youtube.com\\\/channel\\\/UCliiYs-gP3JfJeqdPrNdd5A\"]},{\"@type\":\"Person\",\"@id\":\"https:\\\/\\\/canal7slp.tv\\\/2025\\\/#\\\/schema\\\/person\\\/1257e7e4a3d5ac29c4732733a887970d\",\"name\":\"admin\",\"image\":{\"@type\":\"ImageObject\",\"inLanguage\":\"es\",\"@id\":\"https:\\\/\\\/secure.gravatar.com\\\/avatar\\\/d1da498ea933582ecc2b5d72a4eac16ec41c3ec04cf2dc9d46e0b557dedfd5ff?s=96&d=mm&r=g\",\"url\":\"https:\\\/\\\/secure.gravatar.com\\\/avatar\\\/d1da498ea933582ecc2b5d72a4eac16ec41c3ec04cf2dc9d46e0b557dedfd5ff?s=96&d=mm&r=g\",\"contentUrl\":\"https:\\\/\\\/secure.gravatar.com\\\/avatar\\\/d1da498ea933582ecc2b5d72a4eac16ec41c3ec04cf2dc9d46e0b557dedfd5ff?s=96&d=mm&r=g\",\"caption\":\"admin\"},\"sameAs\":[\"https:\\\/\\\/canal7slp.tv\\\/2025\"],\"url\":\"https:\\\/\\\/canal7slp.tv\\\/2025\\\/author\\\/bicefalo\\\/\"}]}<\/script>\n<!-- \/ Yoast SEO plugin. -->","yoast_head_json":{"title":"Cuestiona IP motivo por el que Impuesto Verde no contempla a ladrilleras - Canal 7 SLP - 2025","robots":{"index":"index","follow":"follow","max-snippet":"max-snippet:-1","max-image-preview":"max-image-preview:large","max-video-preview":"max-video-preview:-1"},"canonical":"https:\/\/canal7slp.tv\/2025\/cuestiona-ip-motivo-por-el-que-impuesto-verde-no-contempla-a-ladrilleras\/","og_locale":"es_ES","og_type":"article","og_title":"Cuestiona IP motivo por el que Impuesto Verde no contempla a ladrilleras - Canal 7 SLP - 2025","og_description":"P\u00e9sima legislaci\u00f3n ha provocado retrasos en la activaci\u00f3n del \u201cImpuesto Verde\u201d. El presidente de la Confederaci\u00f3n Patronal de la Rep\u00fablica Mexicana en San Luis Potos\u00ed, Luis Gerardo Ortu\u00f1o D\u00edaz Infante, asever\u00f3 que los lineamientos del Impuesto Ecol\u00f3gico por la Emisi\u00f3n de Gases a la Atm\u00f3sfera aun no han quedado claros al 100% para empresarios debido a la p\u00e9sima forma en que fue creado por el Poder Legislativo de la LXIII Legislatura. Los lineamientos del Impuesto Ecol\u00f3gico por la Emisi\u00f3n de Gases a la Atmosfera aun no han quedado claros al 100% para empresarios debido a la p\u00e9sima forma en que [&hellip;]","og_url":"https:\/\/canal7slp.tv\/2025\/cuestiona-ip-motivo-por-el-que-impuesto-verde-no-contempla-a-ladrilleras\/","og_site_name":"Canal 7 SLP - 2025","article_publisher":"https:\/\/www.facebook.com\/noticieroscanal7atencionciudadana\/","article_published_time":"2025-03-17T20:26:54+00:00","og_image":[{"width":1262,"height":711,"url":"https:\/\/canal7slp.tv\/2025\/wp-content\/uploads\/2025\/03\/451fb91d-8bbd-4136-8ba4-2ba87e2b4ca5.jpeg","type":"image\/jpeg"}],"author":"admin","twitter_card":"summary_large_image","twitter_creator":"@NOTICIEROS7","twitter_site":"@NOTICIEROS7","twitter_misc":{"Escrito por":"admin","Tiempo de lectura":"3 minutos"},"schema":{"@context":"https:\/\/schema.org","@graph":[{"@type":"Article","@id":"https:\/\/canal7slp.tv\/2025\/cuestiona-ip-motivo-por-el-que-impuesto-verde-no-contempla-a-ladrilleras\/#article","isPartOf":{"@id":"https:\/\/canal7slp.tv\/2025\/cuestiona-ip-motivo-por-el-que-impuesto-verde-no-contempla-a-ladrilleras\/"},"author":{"name":"admin","@id":"https:\/\/canal7slp.tv\/2025\/#\/schema\/person\/1257e7e4a3d5ac29c4732733a887970d"},"headline":"Cuestiona IP motivo por el que Impuesto Verde no contempla a ladrilleras","datePublished":"2025-03-17T20:26:54+00:00","mainEntityOfPage":{"@id":"https:\/\/canal7slp.tv\/2025\/cuestiona-ip-motivo-por-el-que-impuesto-verde-no-contempla-a-ladrilleras\/"},"wordCount":473,"publisher":{"@id":"https:\/\/canal7slp.tv\/2025\/#organization"},"image":{"@id":"https:\/\/canal7slp.tv\/2025\/cuestiona-ip-motivo-por-el-que-impuesto-verde-no-contempla-a-ladrilleras\/#primaryimage"},"thumbnailUrl":"https:\/\/canal7slp.tv\/2025\/wp-content\/uploads\/2025\/03\/451fb91d-8bbd-4136-8ba4-2ba87e2b4ca5.jpeg","articleSection":["CONGRESO","LOCALES Y REGIONALES"],"inLanguage":"es"},{"@type":"WebPage","@id":"https:\/\/canal7slp.tv\/2025\/cuestiona-ip-motivo-por-el-que-impuesto-verde-no-contempla-a-ladrilleras\/","url":"https:\/\/canal7slp.tv\/2025\/cuestiona-ip-motivo-por-el-que-impuesto-verde-no-contempla-a-ladrilleras\/","name":"Cuestiona IP motivo por el que Impuesto Verde no contempla a ladrilleras - Canal 7 SLP - 2025","isPartOf":{"@id":"https:\/\/canal7slp.tv\/2025\/#website"},"primaryImageOfPage":{"@id":"https:\/\/canal7slp.tv\/2025\/cuestiona-ip-motivo-por-el-que-impuesto-verde-no-contempla-a-ladrilleras\/#primaryimage"},"image":{"@id":"https:\/\/canal7slp.tv\/2025\/cuestiona-ip-motivo-por-el-que-impuesto-verde-no-contempla-a-ladrilleras\/#primaryimage"},"thumbnailUrl":"https:\/\/canal7slp.tv\/2025\/wp-content\/uploads\/2025\/03\/451fb91d-8bbd-4136-8ba4-2ba87e2b4ca5.jpeg","datePublished":"2025-03-17T20:26:54+00:00","breadcrumb":{"@id":"https:\/\/canal7slp.tv\/2025\/cuestiona-ip-motivo-por-el-que-impuesto-verde-no-contempla-a-ladrilleras\/#breadcrumb"},"inLanguage":"es","potentialAction":[{"@type":"ReadAction","target":["https:\/\/canal7slp.tv\/2025\/cuestiona-ip-motivo-por-el-que-impuesto-verde-no-contempla-a-ladrilleras\/"]}]},{"@type":"ImageObject","inLanguage":"es","@id":"https:\/\/canal7slp.tv\/2025\/cuestiona-ip-motivo-por-el-que-impuesto-verde-no-contempla-a-ladrilleras\/#primaryimage","url":"https:\/\/canal7slp.tv\/2025\/wp-content\/uploads\/2025\/03\/451fb91d-8bbd-4136-8ba4-2ba87e2b4ca5.jpeg","contentUrl":"https:\/\/canal7slp.tv\/2025\/wp-content\/uploads\/2025\/03\/451fb91d-8bbd-4136-8ba4-2ba87e2b4ca5.jpeg","width":1262,"height":711},{"@type":"BreadcrumbList","@id":"https:\/\/canal7slp.tv\/2025\/cuestiona-ip-motivo-por-el-que-impuesto-verde-no-contempla-a-ladrilleras\/#breadcrumb","itemListElement":[{"@type":"ListItem","position":1,"name":"Portada","item":"https:\/\/canal7slp.tv\/2025\/"},{"@type":"ListItem","position":2,"name":"Cuestiona IP motivo por el que Impuesto Verde no contempla a ladrilleras"}]},{"@type":"WebSite","@id":"https:\/\/canal7slp.tv\/2025\/#website","url":"https:\/\/canal7slp.tv\/2025\/","name":"N7 - Noticieros Canal 7","description":"Somos el Medio","publisher":{"@id":"https:\/\/canal7slp.tv\/2025\/#organization"},"potentialAction":[{"@type":"SearchAction","target":{"@type":"EntryPoint","urlTemplate":"https:\/\/canal7slp.tv\/2025\/?s={search_term_string}"},"query-input":{"@type":"PropertyValueSpecification","valueRequired":true,"valueName":"search_term_string"}}],"inLanguage":"es"},{"@type":"Organization","@id":"https:\/\/canal7slp.tv\/2025\/#organization","name":"Noticieros Canal 7","url":"https:\/\/canal7slp.tv\/2025\/","logo":{"@type":"ImageObject","inLanguage":"es","@id":"https:\/\/canal7slp.tv\/2025\/#\/schema\/logo\/image\/","url":"https:\/\/canal7slp.tv\/2025\/wp-content\/uploads\/2021\/01\/logo-noticieros@2x.png","contentUrl":"https:\/\/canal7slp.tv\/2025\/wp-content\/uploads\/2021\/01\/logo-noticieros@2x.png","width":1017,"height":268,"caption":"Noticieros Canal 7"},"image":{"@id":"https:\/\/canal7slp.tv\/2025\/#\/schema\/logo\/image\/"},"sameAs":["https:\/\/www.facebook.com\/noticieroscanal7atencionciudadana\/","https:\/\/x.com\/NOTICIEROS7","https:\/\/www.instagram.com\/canal7_slp","https:\/\/www.youtube.com\/channel\/UCliiYs-gP3JfJeqdPrNdd5A"]},{"@type":"Person","@id":"https:\/\/canal7slp.tv\/2025\/#\/schema\/person\/1257e7e4a3d5ac29c4732733a887970d","name":"admin","image":{"@type":"ImageObject","inLanguage":"es","@id":"https:\/\/secure.gravatar.com\/avatar\/d1da498ea933582ecc2b5d72a4eac16ec41c3ec04cf2dc9d46e0b557dedfd5ff?s=96&d=mm&r=g","url":"https:\/\/secure.gravatar.com\/avatar\/d1da498ea933582ecc2b5d72a4eac16ec41c3ec04cf2dc9d46e0b557dedfd5ff?s=96&d=mm&r=g","contentUrl":"https:\/\/secure.gravatar.com\/avatar\/d1da498ea933582ecc2b5d72a4eac16ec41c3ec04cf2dc9d46e0b557dedfd5ff?s=96&d=mm&r=g","caption":"admin"},"sameAs":["https:\/\/canal7slp.tv\/2025"],"url":"https:\/\/canal7slp.tv\/2025\/author\/bicefalo\/"}]}},"_links":{"self":[{"href":"https:\/\/canal7slp.tv\/2025\/wp-json\/wp\/v2\/posts\/161054","targetHints":{"allow":["GET"]}}],"collection":[{"href":"https:\/\/canal7slp.tv\/2025\/wp-json\/wp\/v2\/posts"}],"about":[{"href":"https:\/\/canal7slp.tv\/2025\/wp-json\/wp\/v2\/types\/post"}],"author":[{"embeddable":true,"href":"https:\/\/canal7slp.tv\/2025\/wp-json\/wp\/v2\/users\/1"}],"replies":[{"embeddable":true,"href":"https:\/\/canal7slp.tv\/2025\/wp-json\/wp\/v2\/comments?post=161054"}],"version-history":[{"count":1,"href":"https:\/\/canal7slp.tv\/2025\/wp-json\/wp\/v2\/posts\/161054\/revisions"}],"predecessor-version":[{"id":161057,"href":"https:\/\/canal7slp.tv\/2025\/wp-json\/wp\/v2\/posts\/161054\/revisions\/161057"}],"wp:featuredmedia":[{"embeddable":true,"href":"https:\/\/canal7slp.tv\/2025\/wp-json\/wp\/v2\/media\/161055"}],"wp:attachment":[{"href":"https:\/\/canal7slp.tv\/2025\/wp-json\/wp\/v2\/media?parent=161054"}],"wp:term":[{"taxonomy":"category","embeddable":true,"href":"https:\/\/canal7slp.tv\/2025\/wp-json\/wp\/v2\/categories?post=161054"},{"taxonomy":"post_tag","embeddable":true,"href":"https:\/\/canal7slp.tv\/2025\/wp-json\/wp\/v2\/tags?post=161054"}],"curies":[{"name":"wp","href":"https:\/\/api.w.org\/{rel}","templated":true}]}}