{"id":161051,"date":"2025-03-17T14:17:10","date_gmt":"2025-03-17T20:17:10","guid":{"rendered":"https:\/\/canal7slp.tv\/2025\/?p=161051"},"modified":"2025-03-17T14:17:10","modified_gmt":"2025-03-17T20:17:10","slug":"registra-voz-y-dignidad-25-hallazgos-de-campos-de-exterminio-en-slp-durante-los-ultimos-seis-meses","status":"publish","type":"post","link":"https:\/\/canal7slp.tv\/2025\/registra-voz-y-dignidad-25-hallazgos-de-campos-de-exterminio-en-slp-durante-los-ultimos-seis-meses\/","title":{"rendered":"Registra Voz y Dignidad 25 hallazgos de campos de exterminio en SLP durante los \u00faltimos seis meses"},"content":{"rendered":"<blockquote><p>Aproximadamente medio millar de personas desaparecidas advierte el Colectivo Voz y Dignidad por los Nuestros, se tiene en registro en San Luis Potos\u00ed.<\/p><\/blockquote>\n<p>Y tan solo de septiembre pasado al d\u00eda de hoy, 25 zonas de exterminio fueron detectadas en la entidad.<\/p>\n<p>En todos los municipios ha ocurrido, aclara la presidenta del organismo, Edith P\u00e9rez Rodr\u00edguez.<\/p>\n<p>Ahond\u00f3 en los hallazgos de las zonas media y huasteca.<\/p>\n<p>Reiter\u00f3 que de septiembre de 2024 a la fecha han sido descubiertas alrededor de 25 fosas.<\/p>\n<p>Coment\u00f3 que desde el colectivo se act\u00faa con mesura al no publicar todo lo que se encuentra y de la forma en que se da.<\/p>\n<p>Respecto las desapariciones, comparti\u00f3 lo que atraviesa a las familias tambi\u00e9n como v\u00edctimas incluso las prendas o calzado.<\/p>\n<p>Respecto la actuaci\u00f3n de las autoridades afirm\u00f3 que aunque el Centro de Identificaci\u00f3n se encuentra listo o preparado con un documento en revisi\u00f3n para lo que compete el an\u00e1lisis, falta mucho.<\/p>\n<p>Relat\u00f3 que 200 indicios se sometieron a revisi\u00f3n en Alemania, correspondientes a 22 carpetas de investigaci\u00f3n.<\/p>\n<p>La presidenta del colectivo Voz y Dignidad por los Nuestros San Luis Potos\u00ed llam\u00f3 a la reflexi\u00f3n no solamente de la parte de las autoridades sino poblaci\u00f3n en general que a\u00fan no comprende lo grave que es este panorama de desaparici\u00f3n, impunidad y obst\u00e1culos en el pa\u00eds.<\/p>\n","protected":false},"excerpt":{"rendered":"<p>Aproximadamente medio millar de personas desaparecidas advierte el Colectivo Voz y Dignidad por los Nuestros, se tiene en registro en San Luis Potos\u00ed. Y tan solo de septiembre pasado al d\u00eda de hoy, 25 zonas de exterminio fueron detectadas en la entidad. En todos los municipios ha ocurrido, aclara la presidenta del organismo, Edith P\u00e9rez Rodr\u00edguez. Ahond\u00f3 en los hallazgos de las zonas media y huasteca. Reiter\u00f3 que de septiembre de 2024 a la fecha han sido descubiertas alrededor de 25 fosas. Coment\u00f3 que desde el colectivo se act\u00faa con mesura al no publicar todo lo que se encuentra y [&hellip;]<\/p>\n","protected":false},"author":1,"featured_media":161052,"comment_status":"closed","ping_status":"closed","sticky":false,"template":"","format":"video","meta":{"_monsterinsights_skip_tracking":false,"_monsterinsights_sitenote_active":false,"_monsterinsights_sitenote_note":"","_monsterinsights_sitenote_category":0,"footnotes":""},"categories":[45],"tags":[],"class_list":["post-161051","post","type-post","status-publish","format-video","has-post-thumbnail","hentry","category-localesyregionales","post_format-post-format-video","post--single"],"yoast_head":"<!-- This site is optimized with the Yoast SEO plugin v27.4 - https:\/\/yoast.com\/product\/yoast-seo-wordpress\/ -->\n<title>Registra Voz y Dignidad 25 hallazgos de campos de exterminio en SLP durante los \u00faltimos seis meses - Canal 7 SLP - 2025<\/title>\n<meta name=\"robots\" content=\"index, follow, max-snippet:-1, max-image-preview:large, max-video-preview:-1\" \/>\n<link rel=\"canonical\" href=\"https:\/\/canal7slp.tv\/2025\/registra-voz-y-dignidad-25-hallazgos-de-campos-de-exterminio-en-slp-durante-los-ultimos-seis-meses\/\" \/>\n<meta property=\"og:locale\" content=\"es_ES\" \/>\n<meta property=\"og:type\" content=\"article\" \/>\n<meta property=\"og:title\" content=\"Registra Voz y Dignidad 25 hallazgos de campos de exterminio en SLP durante los \u00faltimos seis meses - Canal 7 SLP - 2025\" \/>\n<meta property=\"og:description\" content=\"Aproximadamente medio millar de personas desaparecidas advierte el Colectivo Voz y Dignidad por los Nuestros, se tiene en registro en San Luis Potos\u00ed. Y tan solo de septiembre pasado al d\u00eda de hoy, 25 zonas de exterminio fueron detectadas en la entidad. En todos los municipios ha ocurrido, aclara la presidenta del organismo, Edith P\u00e9rez Rodr\u00edguez. Ahond\u00f3 en los hallazgos de las zonas media y huasteca. Reiter\u00f3 que de septiembre de 2024 a la fecha han sido descubiertas alrededor de 25 fosas. Coment\u00f3 que desde el colectivo se act\u00faa con mesura al no publicar todo lo que se encuentra y [&hellip;]\" \/>\n<meta property=\"og:url\" content=\"https:\/\/canal7slp.tv\/2025\/registra-voz-y-dignidad-25-hallazgos-de-campos-de-exterminio-en-slp-durante-los-ultimos-seis-meses\/\" \/>\n<meta property=\"og:site_name\" content=\"Canal 7 SLP - 2025\" \/>\n<meta property=\"article:publisher\" content=\"https:\/\/www.facebook.com\/noticieroscanal7atencionciudadana\/\" \/>\n<meta property=\"article:published_time\" content=\"2025-03-17T20:17:10+00:00\" \/>\n<meta property=\"og:image\" content=\"https:\/\/canal7slp.tv\/2025\/wp-content\/uploads\/2025\/03\/ec285ecd-d7b9-4401-8131-57154da99972.jpeg\" \/>\n\t<meta property=\"og:image:width\" content=\"1600\" \/>\n\t<meta property=\"og:image:height\" content=\"900\" \/>\n\t<meta property=\"og:image:type\" content=\"image\/jpeg\" \/>\n<meta name=\"author\" content=\"admin\" \/>\n<meta name=\"twitter:card\" content=\"summary_large_image\" \/>\n<meta name=\"twitter:creator\" content=\"@NOTICIEROS7\" \/>\n<meta name=\"twitter:site\" content=\"@NOTICIEROS7\" \/>\n<meta name=\"twitter:label1\" content=\"Escrito por\" \/>\n\t<meta name=\"twitter:data1\" content=\"admin\" \/>\n\t<meta name=\"twitter:label2\" content=\"Tiempo de lectura\" \/>\n\t<meta name=\"twitter:data2\" content=\"2 minutos\" \/>\n<script type=\"application\/ld+json\" class=\"yoast-schema-graph\">{\"@context\":\"https:\\\/\\\/schema.org\",\"@graph\":[{\"@type\":\"Article\",\"@id\":\"https:\\\/\\\/canal7slp.tv\\\/2025\\\/registra-voz-y-dignidad-25-hallazgos-de-campos-de-exterminio-en-slp-durante-los-ultimos-seis-meses\\\/#article\",\"isPartOf\":{\"@id\":\"https:\\\/\\\/canal7slp.tv\\\/2025\\\/registra-voz-y-dignidad-25-hallazgos-de-campos-de-exterminio-en-slp-durante-los-ultimos-seis-meses\\\/\"},\"author\":{\"name\":\"admin\",\"@id\":\"https:\\\/\\\/canal7slp.tv\\\/2025\\\/#\\\/schema\\\/person\\\/1257e7e4a3d5ac29c4732733a887970d\"},\"headline\":\"Registra Voz y Dignidad 25 hallazgos de campos de exterminio en SLP durante los \u00faltimos seis meses\",\"datePublished\":\"2025-03-17T20:17:10+00:00\",\"mainEntityOfPage\":{\"@id\":\"https:\\\/\\\/canal7slp.tv\\\/2025\\\/registra-voz-y-dignidad-25-hallazgos-de-campos-de-exterminio-en-slp-durante-los-ultimos-seis-meses\\\/\"},\"wordCount\":248,\"publisher\":{\"@id\":\"https:\\\/\\\/canal7slp.tv\\\/2025\\\/#organization\"},\"image\":{\"@id\":\"https:\\\/\\\/canal7slp.tv\\\/2025\\\/registra-voz-y-dignidad-25-hallazgos-de-campos-de-exterminio-en-slp-durante-los-ultimos-seis-meses\\\/#primaryimage\"},\"thumbnailUrl\":\"https:\\\/\\\/canal7slp.tv\\\/2025\\\/wp-content\\\/uploads\\\/2025\\\/03\\\/ec285ecd-d7b9-4401-8131-57154da99972.jpeg\",\"articleSection\":[\"LOCALES Y REGIONALES\"],\"inLanguage\":\"es\"},{\"@type\":\"WebPage\",\"@id\":\"https:\\\/\\\/canal7slp.tv\\\/2025\\\/registra-voz-y-dignidad-25-hallazgos-de-campos-de-exterminio-en-slp-durante-los-ultimos-seis-meses\\\/\",\"url\":\"https:\\\/\\\/canal7slp.tv\\\/2025\\\/registra-voz-y-dignidad-25-hallazgos-de-campos-de-exterminio-en-slp-durante-los-ultimos-seis-meses\\\/\",\"name\":\"Registra Voz y Dignidad 25 hallazgos de campos de exterminio en SLP durante los \u00faltimos seis meses - Canal 7 SLP - 2025\",\"isPartOf\":{\"@id\":\"https:\\\/\\\/canal7slp.tv\\\/2025\\\/#website\"},\"primaryImageOfPage\":{\"@id\":\"https:\\\/\\\/canal7slp.tv\\\/2025\\\/registra-voz-y-dignidad-25-hallazgos-de-campos-de-exterminio-en-slp-durante-los-ultimos-seis-meses\\\/#primaryimage\"},\"image\":{\"@id\":\"https:\\\/\\\/canal7slp.tv\\\/2025\\\/registra-voz-y-dignidad-25-hallazgos-de-campos-de-exterminio-en-slp-durante-los-ultimos-seis-meses\\\/#primaryimage\"},\"thumbnailUrl\":\"https:\\\/\\\/canal7slp.tv\\\/2025\\\/wp-content\\\/uploads\\\/2025\\\/03\\\/ec285ecd-d7b9-4401-8131-57154da99972.jpeg\",\"datePublished\":\"2025-03-17T20:17:10+00:00\",\"breadcrumb\":{\"@id\":\"https:\\\/\\\/canal7slp.tv\\\/2025\\\/registra-voz-y-dignidad-25-hallazgos-de-campos-de-exterminio-en-slp-durante-los-ultimos-seis-meses\\\/#breadcrumb\"},\"inLanguage\":\"es\",\"potentialAction\":[{\"@type\":\"ReadAction\",\"target\":[\"https:\\\/\\\/canal7slp.tv\\\/2025\\\/registra-voz-y-dignidad-25-hallazgos-de-campos-de-exterminio-en-slp-durante-los-ultimos-seis-meses\\\/\"]}]},{\"@type\":\"ImageObject\",\"inLanguage\":\"es\",\"@id\":\"https:\\\/\\\/canal7slp.tv\\\/2025\\\/registra-voz-y-dignidad-25-hallazgos-de-campos-de-exterminio-en-slp-durante-los-ultimos-seis-meses\\\/#primaryimage\",\"url\":\"https:\\\/\\\/canal7slp.tv\\\/2025\\\/wp-content\\\/uploads\\\/2025\\\/03\\\/ec285ecd-d7b9-4401-8131-57154da99972.jpeg\",\"contentUrl\":\"https:\\\/\\\/canal7slp.tv\\\/2025\\\/wp-content\\\/uploads\\\/2025\\\/03\\\/ec285ecd-d7b9-4401-8131-57154da99972.jpeg\",\"width\":1600,\"height\":900},{\"@type\":\"BreadcrumbList\",\"@id\":\"https:\\\/\\\/canal7slp.tv\\\/2025\\\/registra-voz-y-dignidad-25-hallazgos-de-campos-de-exterminio-en-slp-durante-los-ultimos-seis-meses\\\/#breadcrumb\",\"itemListElement\":[{\"@type\":\"ListItem\",\"position\":1,\"name\":\"Portada\",\"item\":\"https:\\\/\\\/canal7slp.tv\\\/2025\\\/\"},{\"@type\":\"ListItem\",\"position\":2,\"name\":\"Registra Voz y Dignidad 25 hallazgos de campos de exterminio en SLP durante los \u00faltimos seis meses\"}]},{\"@type\":\"WebSite\",\"@id\":\"https:\\\/\\\/canal7slp.tv\\\/2025\\\/#website\",\"url\":\"https:\\\/\\\/canal7slp.tv\\\/2025\\\/\",\"name\":\"N7 - Noticieros Canal 7\",\"description\":\"Somos el Medio\",\"publisher\":{\"@id\":\"https:\\\/\\\/canal7slp.tv\\\/2025\\\/#organization\"},\"potentialAction\":[{\"@type\":\"SearchAction\",\"target\":{\"@type\":\"EntryPoint\",\"urlTemplate\":\"https:\\\/\\\/canal7slp.tv\\\/2025\\\/?s={search_term_string}\"},\"query-input\":{\"@type\":\"PropertyValueSpecification\",\"valueRequired\":true,\"valueName\":\"search_term_string\"}}],\"inLanguage\":\"es\"},{\"@type\":\"Organization\",\"@id\":\"https:\\\/\\\/canal7slp.tv\\\/2025\\\/#organization\",\"name\":\"Noticieros Canal 7\",\"url\":\"https:\\\/\\\/canal7slp.tv\\\/2025\\\/\",\"logo\":{\"@type\":\"ImageObject\",\"inLanguage\":\"es\",\"@id\":\"https:\\\/\\\/canal7slp.tv\\\/2025\\\/#\\\/schema\\\/logo\\\/image\\\/\",\"url\":\"https:\\\/\\\/canal7slp.tv\\\/2025\\\/wp-content\\\/uploads\\\/2021\\\/01\\\/logo-noticieros@2x.png\",\"contentUrl\":\"https:\\\/\\\/canal7slp.tv\\\/2025\\\/wp-content\\\/uploads\\\/2021\\\/01\\\/logo-noticieros@2x.png\",\"width\":1017,\"height\":268,\"caption\":\"Noticieros Canal 7\"},\"image\":{\"@id\":\"https:\\\/\\\/canal7slp.tv\\\/2025\\\/#\\\/schema\\\/logo\\\/image\\\/\"},\"sameAs\":[\"https:\\\/\\\/www.facebook.com\\\/noticieroscanal7atencionciudadana\\\/\",\"https:\\\/\\\/x.com\\\/NOTICIEROS7\",\"https:\\\/\\\/www.instagram.com\\\/canal7_slp\",\"https:\\\/\\\/www.youtube.com\\\/channel\\\/UCliiYs-gP3JfJeqdPrNdd5A\"]},{\"@type\":\"Person\",\"@id\":\"https:\\\/\\\/canal7slp.tv\\\/2025\\\/#\\\/schema\\\/person\\\/1257e7e4a3d5ac29c4732733a887970d\",\"name\":\"admin\",\"image\":{\"@type\":\"ImageObject\",\"inLanguage\":\"es\",\"@id\":\"https:\\\/\\\/secure.gravatar.com\\\/avatar\\\/d1da498ea933582ecc2b5d72a4eac16ec41c3ec04cf2dc9d46e0b557dedfd5ff?s=96&d=mm&r=g\",\"url\":\"https:\\\/\\\/secure.gravatar.com\\\/avatar\\\/d1da498ea933582ecc2b5d72a4eac16ec41c3ec04cf2dc9d46e0b557dedfd5ff?s=96&d=mm&r=g\",\"contentUrl\":\"https:\\\/\\\/secure.gravatar.com\\\/avatar\\\/d1da498ea933582ecc2b5d72a4eac16ec41c3ec04cf2dc9d46e0b557dedfd5ff?s=96&d=mm&r=g\",\"caption\":\"admin\"},\"sameAs\":[\"https:\\\/\\\/canal7slp.tv\\\/2025\"],\"url\":\"https:\\\/\\\/canal7slp.tv\\\/2025\\\/author\\\/bicefalo\\\/\"}]}<\/script>\n<!-- \/ Yoast SEO plugin. -->","yoast_head_json":{"title":"Registra Voz y Dignidad 25 hallazgos de campos de exterminio en SLP durante los \u00faltimos seis meses - Canal 7 SLP - 2025","robots":{"index":"index","follow":"follow","max-snippet":"max-snippet:-1","max-image-preview":"max-image-preview:large","max-video-preview":"max-video-preview:-1"},"canonical":"https:\/\/canal7slp.tv\/2025\/registra-voz-y-dignidad-25-hallazgos-de-campos-de-exterminio-en-slp-durante-los-ultimos-seis-meses\/","og_locale":"es_ES","og_type":"article","og_title":"Registra Voz y Dignidad 25 hallazgos de campos de exterminio en SLP durante los \u00faltimos seis meses - Canal 7 SLP - 2025","og_description":"Aproximadamente medio millar de personas desaparecidas advierte el Colectivo Voz y Dignidad por los Nuestros, se tiene en registro en San Luis Potos\u00ed. Y tan solo de septiembre pasado al d\u00eda de hoy, 25 zonas de exterminio fueron detectadas en la entidad. En todos los municipios ha ocurrido, aclara la presidenta del organismo, Edith P\u00e9rez Rodr\u00edguez. Ahond\u00f3 en los hallazgos de las zonas media y huasteca. Reiter\u00f3 que de septiembre de 2024 a la fecha han sido descubiertas alrededor de 25 fosas. Coment\u00f3 que desde el colectivo se act\u00faa con mesura al no publicar todo lo que se encuentra y [&hellip;]","og_url":"https:\/\/canal7slp.tv\/2025\/registra-voz-y-dignidad-25-hallazgos-de-campos-de-exterminio-en-slp-durante-los-ultimos-seis-meses\/","og_site_name":"Canal 7 SLP - 2025","article_publisher":"https:\/\/www.facebook.com\/noticieroscanal7atencionciudadana\/","article_published_time":"2025-03-17T20:17:10+00:00","og_image":[{"width":1600,"height":900,"url":"https:\/\/canal7slp.tv\/2025\/wp-content\/uploads\/2025\/03\/ec285ecd-d7b9-4401-8131-57154da99972.jpeg","type":"image\/jpeg"}],"author":"admin","twitter_card":"summary_large_image","twitter_creator":"@NOTICIEROS7","twitter_site":"@NOTICIEROS7","twitter_misc":{"Escrito por":"admin","Tiempo de lectura":"2 minutos"},"schema":{"@context":"https:\/\/schema.org","@graph":[{"@type":"Article","@id":"https:\/\/canal7slp.tv\/2025\/registra-voz-y-dignidad-25-hallazgos-de-campos-de-exterminio-en-slp-durante-los-ultimos-seis-meses\/#article","isPartOf":{"@id":"https:\/\/canal7slp.tv\/2025\/registra-voz-y-dignidad-25-hallazgos-de-campos-de-exterminio-en-slp-durante-los-ultimos-seis-meses\/"},"author":{"name":"admin","@id":"https:\/\/canal7slp.tv\/2025\/#\/schema\/person\/1257e7e4a3d5ac29c4732733a887970d"},"headline":"Registra Voz y Dignidad 25 hallazgos de campos de exterminio en SLP durante los \u00faltimos seis meses","datePublished":"2025-03-17T20:17:10+00:00","mainEntityOfPage":{"@id":"https:\/\/canal7slp.tv\/2025\/registra-voz-y-dignidad-25-hallazgos-de-campos-de-exterminio-en-slp-durante-los-ultimos-seis-meses\/"},"wordCount":248,"publisher":{"@id":"https:\/\/canal7slp.tv\/2025\/#organization"},"image":{"@id":"https:\/\/canal7slp.tv\/2025\/registra-voz-y-dignidad-25-hallazgos-de-campos-de-exterminio-en-slp-durante-los-ultimos-seis-meses\/#primaryimage"},"thumbnailUrl":"https:\/\/canal7slp.tv\/2025\/wp-content\/uploads\/2025\/03\/ec285ecd-d7b9-4401-8131-57154da99972.jpeg","articleSection":["LOCALES Y REGIONALES"],"inLanguage":"es"},{"@type":"WebPage","@id":"https:\/\/canal7slp.tv\/2025\/registra-voz-y-dignidad-25-hallazgos-de-campos-de-exterminio-en-slp-durante-los-ultimos-seis-meses\/","url":"https:\/\/canal7slp.tv\/2025\/registra-voz-y-dignidad-25-hallazgos-de-campos-de-exterminio-en-slp-durante-los-ultimos-seis-meses\/","name":"Registra Voz y Dignidad 25 hallazgos de campos de exterminio en SLP durante los \u00faltimos seis meses - Canal 7 SLP - 2025","isPartOf":{"@id":"https:\/\/canal7slp.tv\/2025\/#website"},"primaryImageOfPage":{"@id":"https:\/\/canal7slp.tv\/2025\/registra-voz-y-dignidad-25-hallazgos-de-campos-de-exterminio-en-slp-durante-los-ultimos-seis-meses\/#primaryimage"},"image":{"@id":"https:\/\/canal7slp.tv\/2025\/registra-voz-y-dignidad-25-hallazgos-de-campos-de-exterminio-en-slp-durante-los-ultimos-seis-meses\/#primaryimage"},"thumbnailUrl":"https:\/\/canal7slp.tv\/2025\/wp-content\/uploads\/2025\/03\/ec285ecd-d7b9-4401-8131-57154da99972.jpeg","datePublished":"2025-03-17T20:17:10+00:00","breadcrumb":{"@id":"https:\/\/canal7slp.tv\/2025\/registra-voz-y-dignidad-25-hallazgos-de-campos-de-exterminio-en-slp-durante-los-ultimos-seis-meses\/#breadcrumb"},"inLanguage":"es","potentialAction":[{"@type":"ReadAction","target":["https:\/\/canal7slp.tv\/2025\/registra-voz-y-dignidad-25-hallazgos-de-campos-de-exterminio-en-slp-durante-los-ultimos-seis-meses\/"]}]},{"@type":"ImageObject","inLanguage":"es","@id":"https:\/\/canal7slp.tv\/2025\/registra-voz-y-dignidad-25-hallazgos-de-campos-de-exterminio-en-slp-durante-los-ultimos-seis-meses\/#primaryimage","url":"https:\/\/canal7slp.tv\/2025\/wp-content\/uploads\/2025\/03\/ec285ecd-d7b9-4401-8131-57154da99972.jpeg","contentUrl":"https:\/\/canal7slp.tv\/2025\/wp-content\/uploads\/2025\/03\/ec285ecd-d7b9-4401-8131-57154da99972.jpeg","width":1600,"height":900},{"@type":"BreadcrumbList","@id":"https:\/\/canal7slp.tv\/2025\/registra-voz-y-dignidad-25-hallazgos-de-campos-de-exterminio-en-slp-durante-los-ultimos-seis-meses\/#breadcrumb","itemListElement":[{"@type":"ListItem","position":1,"name":"Portada","item":"https:\/\/canal7slp.tv\/2025\/"},{"@type":"ListItem","position":2,"name":"Registra Voz y Dignidad 25 hallazgos de campos de exterminio en SLP durante los \u00faltimos seis meses"}]},{"@type":"WebSite","@id":"https:\/\/canal7slp.tv\/2025\/#website","url":"https:\/\/canal7slp.tv\/2025\/","name":"N7 - Noticieros Canal 7","description":"Somos el Medio","publisher":{"@id":"https:\/\/canal7slp.tv\/2025\/#organization"},"potentialAction":[{"@type":"SearchAction","target":{"@type":"EntryPoint","urlTemplate":"https:\/\/canal7slp.tv\/2025\/?s={search_term_string}"},"query-input":{"@type":"PropertyValueSpecification","valueRequired":true,"valueName":"search_term_string"}}],"inLanguage":"es"},{"@type":"Organization","@id":"https:\/\/canal7slp.tv\/2025\/#organization","name":"Noticieros Canal 7","url":"https:\/\/canal7slp.tv\/2025\/","logo":{"@type":"ImageObject","inLanguage":"es","@id":"https:\/\/canal7slp.tv\/2025\/#\/schema\/logo\/image\/","url":"https:\/\/canal7slp.tv\/2025\/wp-content\/uploads\/2021\/01\/logo-noticieros@2x.png","contentUrl":"https:\/\/canal7slp.tv\/2025\/wp-content\/uploads\/2021\/01\/logo-noticieros@2x.png","width":1017,"height":268,"caption":"Noticieros Canal 7"},"image":{"@id":"https:\/\/canal7slp.tv\/2025\/#\/schema\/logo\/image\/"},"sameAs":["https:\/\/www.facebook.com\/noticieroscanal7atencionciudadana\/","https:\/\/x.com\/NOTICIEROS7","https:\/\/www.instagram.com\/canal7_slp","https:\/\/www.youtube.com\/channel\/UCliiYs-gP3JfJeqdPrNdd5A"]},{"@type":"Person","@id":"https:\/\/canal7slp.tv\/2025\/#\/schema\/person\/1257e7e4a3d5ac29c4732733a887970d","name":"admin","image":{"@type":"ImageObject","inLanguage":"es","@id":"https:\/\/secure.gravatar.com\/avatar\/d1da498ea933582ecc2b5d72a4eac16ec41c3ec04cf2dc9d46e0b557dedfd5ff?s=96&d=mm&r=g","url":"https:\/\/secure.gravatar.com\/avatar\/d1da498ea933582ecc2b5d72a4eac16ec41c3ec04cf2dc9d46e0b557dedfd5ff?s=96&d=mm&r=g","contentUrl":"https:\/\/secure.gravatar.com\/avatar\/d1da498ea933582ecc2b5d72a4eac16ec41c3ec04cf2dc9d46e0b557dedfd5ff?s=96&d=mm&r=g","caption":"admin"},"sameAs":["https:\/\/canal7slp.tv\/2025"],"url":"https:\/\/canal7slp.tv\/2025\/author\/bicefalo\/"}]}},"_links":{"self":[{"href":"https:\/\/canal7slp.tv\/2025\/wp-json\/wp\/v2\/posts\/161051","targetHints":{"allow":["GET"]}}],"collection":[{"href":"https:\/\/canal7slp.tv\/2025\/wp-json\/wp\/v2\/posts"}],"about":[{"href":"https:\/\/canal7slp.tv\/2025\/wp-json\/wp\/v2\/types\/post"}],"author":[{"embeddable":true,"href":"https:\/\/canal7slp.tv\/2025\/wp-json\/wp\/v2\/users\/1"}],"replies":[{"embeddable":true,"href":"https:\/\/canal7slp.tv\/2025\/wp-json\/wp\/v2\/comments?post=161051"}],"version-history":[{"count":1,"href":"https:\/\/canal7slp.tv\/2025\/wp-json\/wp\/v2\/posts\/161051\/revisions"}],"predecessor-version":[{"id":161053,"href":"https:\/\/canal7slp.tv\/2025\/wp-json\/wp\/v2\/posts\/161051\/revisions\/161053"}],"wp:featuredmedia":[{"embeddable":true,"href":"https:\/\/canal7slp.tv\/2025\/wp-json\/wp\/v2\/media\/161052"}],"wp:attachment":[{"href":"https:\/\/canal7slp.tv\/2025\/wp-json\/wp\/v2\/media?parent=161051"}],"wp:term":[{"taxonomy":"category","embeddable":true,"href":"https:\/\/canal7slp.tv\/2025\/wp-json\/wp\/v2\/categories?post=161051"},{"taxonomy":"post_tag","embeddable":true,"href":"https:\/\/canal7slp.tv\/2025\/wp-json\/wp\/v2\/tags?post=161051"}],"curies":[{"name":"wp","href":"https:\/\/api.w.org\/{rel}","templated":true}]}}