{"id":161041,"date":"2025-03-17T11:08:06","date_gmt":"2025-03-17T17:08:06","guid":{"rendered":"https:\/\/canal7slp.tv\/2025\/?p=161041"},"modified":"2025-03-17T11:08:06","modified_gmt":"2025-03-17T17:08:06","slug":"publica-vaticano-primera-imagen-del-papa-francisco-desde-su-hospitalizacion","status":"publish","type":"post","link":"https:\/\/canal7slp.tv\/2025\/publica-vaticano-primera-imagen-del-papa-francisco-desde-su-hospitalizacion\/","title":{"rendered":"PUBLICA VATICANO PRIMERA IMAGEN DEL PAPA FRANCISCO DESDE SU HOSPITALIZACI\u00d3N"},"content":{"rendered":"<blockquote><p>El Vaticano ha publicado la primera imagen del Papa Francisco desde que fue ingresado en el hospital Gemelli de Roma el pasado 14 de febrero.<\/p><\/blockquote>\n<p>La causa por la que permanece internado ha sido una bronquitis -que deriv\u00f3 en neumon\u00eda y una infecci\u00f3n polimicrobiana-.<\/p>\n<p>La fotograf\u00eda publicada en el perfil oficial de X de la Santa Sede, muestra a Francisco al celebrar misa en su sala de oraci\u00f3n.<\/p>\n<p>El Pont\u00edfice es reportado estable.<\/p>\n<p>Sin embargo, a\u00fan requiere terapia m\u00e9dica hospitalaria; as\u00ed como fisioterapia motora y respiratoria.<\/p>\n","protected":false},"excerpt":{"rendered":"<p>El Vaticano ha publicado la primera imagen del Papa Francisco desde que fue ingresado en el hospital Gemelli de Roma el pasado 14 de febrero. La causa por la que permanece internado ha sido una bronquitis -que deriv\u00f3 en neumon\u00eda y una infecci\u00f3n polimicrobiana-. La fotograf\u00eda publicada en el perfil oficial de X de la Santa Sede, muestra a Francisco al celebrar misa en su sala de oraci\u00f3n. El Pont\u00edfice es reportado estable. Sin embargo, a\u00fan requiere terapia m\u00e9dica hospitalaria; as\u00ed como fisioterapia motora y respiratoria.<\/p>\n","protected":false},"author":1,"featured_media":161042,"comment_status":"closed","ping_status":"closed","sticky":false,"template":"","format":"standard","meta":{"_monsterinsights_skip_tracking":false,"_monsterinsights_sitenote_active":false,"_monsterinsights_sitenote_note":"","_monsterinsights_sitenote_category":0,"footnotes":""},"categories":[44],"tags":[],"class_list":["post-161041","post","type-post","status-publish","format-standard","has-post-thumbnail","hentry","category-internacional","post--single"],"yoast_head":"<!-- This site is optimized with the Yoast SEO plugin v27.5 - https:\/\/yoast.com\/product\/yoast-seo-wordpress\/ -->\n<title>PUBLICA VATICANO PRIMERA IMAGEN DEL PAPA FRANCISCO DESDE SU HOSPITALIZACI\u00d3N - Canal 7 SLP - 2025<\/title>\n<meta name=\"robots\" content=\"index, follow, max-snippet:-1, max-image-preview:large, max-video-preview:-1\" \/>\n<link rel=\"canonical\" href=\"https:\/\/canal7slp.tv\/2025\/publica-vaticano-primera-imagen-del-papa-francisco-desde-su-hospitalizacion\/\" \/>\n<meta property=\"og:locale\" content=\"es_ES\" \/>\n<meta property=\"og:type\" content=\"article\" \/>\n<meta property=\"og:title\" content=\"PUBLICA VATICANO PRIMERA IMAGEN DEL PAPA FRANCISCO DESDE SU HOSPITALIZACI\u00d3N - Canal 7 SLP - 2025\" \/>\n<meta property=\"og:description\" content=\"El Vaticano ha publicado la primera imagen del Papa Francisco desde que fue ingresado en el hospital Gemelli de Roma el pasado 14 de febrero. La causa por la que permanece internado ha sido una bronquitis -que deriv\u00f3 en neumon\u00eda y una infecci\u00f3n polimicrobiana-. La fotograf\u00eda publicada en el perfil oficial de X de la Santa Sede, muestra a Francisco al celebrar misa en su sala de oraci\u00f3n. El Pont\u00edfice es reportado estable. Sin embargo, a\u00fan requiere terapia m\u00e9dica hospitalaria; as\u00ed como fisioterapia motora y respiratoria.\" \/>\n<meta property=\"og:url\" content=\"https:\/\/canal7slp.tv\/2025\/publica-vaticano-primera-imagen-del-papa-francisco-desde-su-hospitalizacion\/\" \/>\n<meta property=\"og:site_name\" content=\"Canal 7 SLP - 2025\" \/>\n<meta property=\"article:publisher\" content=\"https:\/\/www.facebook.com\/noticieroscanal7atencionciudadana\/\" \/>\n<meta property=\"article:published_time\" content=\"2025-03-17T17:08:06+00:00\" \/>\n<meta property=\"og:image\" content=\"https:\/\/canal7slp.tv\/2025\/wp-content\/uploads\/2025\/03\/141ad880-e9b4-4dd6-9961-fb1e22a010f8.jpeg\" \/>\n\t<meta property=\"og:image:width\" content=\"639\" \/>\n\t<meta property=\"og:image:height\" content=\"474\" \/>\n\t<meta property=\"og:image:type\" content=\"image\/jpeg\" \/>\n<meta name=\"author\" content=\"admin\" \/>\n<meta name=\"twitter:card\" content=\"summary_large_image\" \/>\n<meta name=\"twitter:creator\" content=\"@NOTICIEROS7\" \/>\n<meta name=\"twitter:site\" content=\"@NOTICIEROS7\" \/>\n<meta name=\"twitter:label1\" content=\"Escrito por\" \/>\n\t<meta name=\"twitter:data1\" content=\"admin\" \/>\n\t<meta name=\"twitter:label2\" content=\"Tiempo de lectura\" \/>\n\t<meta name=\"twitter:data2\" content=\"1 minuto\" \/>\n<script type=\"application\/ld+json\" class=\"yoast-schema-graph\">{\"@context\":\"https:\\\/\\\/schema.org\",\"@graph\":[{\"@type\":\"Article\",\"@id\":\"https:\\\/\\\/canal7slp.tv\\\/2025\\\/publica-vaticano-primera-imagen-del-papa-francisco-desde-su-hospitalizacion\\\/#article\",\"isPartOf\":{\"@id\":\"https:\\\/\\\/canal7slp.tv\\\/2025\\\/publica-vaticano-primera-imagen-del-papa-francisco-desde-su-hospitalizacion\\\/\"},\"author\":{\"name\":\"admin\",\"@id\":\"https:\\\/\\\/canal7slp.tv\\\/2025\\\/#\\\/schema\\\/person\\\/1257e7e4a3d5ac29c4732733a887970d\"},\"headline\":\"PUBLICA VATICANO PRIMERA IMAGEN DEL PAPA FRANCISCO DESDE SU HOSPITALIZACI\u00d3N\",\"datePublished\":\"2025-03-17T17:08:06+00:00\",\"mainEntityOfPage\":{\"@id\":\"https:\\\/\\\/canal7slp.tv\\\/2025\\\/publica-vaticano-primera-imagen-del-papa-francisco-desde-su-hospitalizacion\\\/\"},\"wordCount\":103,\"publisher\":{\"@id\":\"https:\\\/\\\/canal7slp.tv\\\/2025\\\/#organization\"},\"image\":{\"@id\":\"https:\\\/\\\/canal7slp.tv\\\/2025\\\/publica-vaticano-primera-imagen-del-papa-francisco-desde-su-hospitalizacion\\\/#primaryimage\"},\"thumbnailUrl\":\"https:\\\/\\\/canal7slp.tv\\\/2025\\\/wp-content\\\/uploads\\\/2025\\\/03\\\/141ad880-e9b4-4dd6-9961-fb1e22a010f8.jpeg\",\"articleSection\":[\"INTERNACIONALES\"],\"inLanguage\":\"es\"},{\"@type\":\"WebPage\",\"@id\":\"https:\\\/\\\/canal7slp.tv\\\/2025\\\/publica-vaticano-primera-imagen-del-papa-francisco-desde-su-hospitalizacion\\\/\",\"url\":\"https:\\\/\\\/canal7slp.tv\\\/2025\\\/publica-vaticano-primera-imagen-del-papa-francisco-desde-su-hospitalizacion\\\/\",\"name\":\"PUBLICA VATICANO PRIMERA IMAGEN DEL PAPA FRANCISCO DESDE SU HOSPITALIZACI\u00d3N - Canal 7 SLP - 2025\",\"isPartOf\":{\"@id\":\"https:\\\/\\\/canal7slp.tv\\\/2025\\\/#website\"},\"primaryImageOfPage\":{\"@id\":\"https:\\\/\\\/canal7slp.tv\\\/2025\\\/publica-vaticano-primera-imagen-del-papa-francisco-desde-su-hospitalizacion\\\/#primaryimage\"},\"image\":{\"@id\":\"https:\\\/\\\/canal7slp.tv\\\/2025\\\/publica-vaticano-primera-imagen-del-papa-francisco-desde-su-hospitalizacion\\\/#primaryimage\"},\"thumbnailUrl\":\"https:\\\/\\\/canal7slp.tv\\\/2025\\\/wp-content\\\/uploads\\\/2025\\\/03\\\/141ad880-e9b4-4dd6-9961-fb1e22a010f8.jpeg\",\"datePublished\":\"2025-03-17T17:08:06+00:00\",\"breadcrumb\":{\"@id\":\"https:\\\/\\\/canal7slp.tv\\\/2025\\\/publica-vaticano-primera-imagen-del-papa-francisco-desde-su-hospitalizacion\\\/#breadcrumb\"},\"inLanguage\":\"es\",\"potentialAction\":[{\"@type\":\"ReadAction\",\"target\":[\"https:\\\/\\\/canal7slp.tv\\\/2025\\\/publica-vaticano-primera-imagen-del-papa-francisco-desde-su-hospitalizacion\\\/\"]}]},{\"@type\":\"ImageObject\",\"inLanguage\":\"es\",\"@id\":\"https:\\\/\\\/canal7slp.tv\\\/2025\\\/publica-vaticano-primera-imagen-del-papa-francisco-desde-su-hospitalizacion\\\/#primaryimage\",\"url\":\"https:\\\/\\\/canal7slp.tv\\\/2025\\\/wp-content\\\/uploads\\\/2025\\\/03\\\/141ad880-e9b4-4dd6-9961-fb1e22a010f8.jpeg\",\"contentUrl\":\"https:\\\/\\\/canal7slp.tv\\\/2025\\\/wp-content\\\/uploads\\\/2025\\\/03\\\/141ad880-e9b4-4dd6-9961-fb1e22a010f8.jpeg\",\"width\":639,\"height\":474},{\"@type\":\"BreadcrumbList\",\"@id\":\"https:\\\/\\\/canal7slp.tv\\\/2025\\\/publica-vaticano-primera-imagen-del-papa-francisco-desde-su-hospitalizacion\\\/#breadcrumb\",\"itemListElement\":[{\"@type\":\"ListItem\",\"position\":1,\"name\":\"Portada\",\"item\":\"https:\\\/\\\/canal7slp.tv\\\/2025\\\/\"},{\"@type\":\"ListItem\",\"position\":2,\"name\":\"PUBLICA VATICANO PRIMERA IMAGEN DEL PAPA FRANCISCO DESDE SU HOSPITALIZACI\u00d3N\"}]},{\"@type\":\"WebSite\",\"@id\":\"https:\\\/\\\/canal7slp.tv\\\/2025\\\/#website\",\"url\":\"https:\\\/\\\/canal7slp.tv\\\/2025\\\/\",\"name\":\"N7 - Noticieros Canal 7\",\"description\":\"Somos el Medio\",\"publisher\":{\"@id\":\"https:\\\/\\\/canal7slp.tv\\\/2025\\\/#organization\"},\"potentialAction\":[{\"@type\":\"SearchAction\",\"target\":{\"@type\":\"EntryPoint\",\"urlTemplate\":\"https:\\\/\\\/canal7slp.tv\\\/2025\\\/?s={search_term_string}\"},\"query-input\":{\"@type\":\"PropertyValueSpecification\",\"valueRequired\":true,\"valueName\":\"search_term_string\"}}],\"inLanguage\":\"es\"},{\"@type\":\"Organization\",\"@id\":\"https:\\\/\\\/canal7slp.tv\\\/2025\\\/#organization\",\"name\":\"Noticieros Canal 7\",\"url\":\"https:\\\/\\\/canal7slp.tv\\\/2025\\\/\",\"logo\":{\"@type\":\"ImageObject\",\"inLanguage\":\"es\",\"@id\":\"https:\\\/\\\/canal7slp.tv\\\/2025\\\/#\\\/schema\\\/logo\\\/image\\\/\",\"url\":\"https:\\\/\\\/canal7slp.tv\\\/2025\\\/wp-content\\\/uploads\\\/2021\\\/01\\\/logo-noticieros@2x.png\",\"contentUrl\":\"https:\\\/\\\/canal7slp.tv\\\/2025\\\/wp-content\\\/uploads\\\/2021\\\/01\\\/logo-noticieros@2x.png\",\"width\":1017,\"height\":268,\"caption\":\"Noticieros Canal 7\"},\"image\":{\"@id\":\"https:\\\/\\\/canal7slp.tv\\\/2025\\\/#\\\/schema\\\/logo\\\/image\\\/\"},\"sameAs\":[\"https:\\\/\\\/www.facebook.com\\\/noticieroscanal7atencionciudadana\\\/\",\"https:\\\/\\\/x.com\\\/NOTICIEROS7\",\"https:\\\/\\\/www.instagram.com\\\/canal7_slp\",\"https:\\\/\\\/www.youtube.com\\\/channel\\\/UCliiYs-gP3JfJeqdPrNdd5A\"]},{\"@type\":\"Person\",\"@id\":\"https:\\\/\\\/canal7slp.tv\\\/2025\\\/#\\\/schema\\\/person\\\/1257e7e4a3d5ac29c4732733a887970d\",\"name\":\"admin\",\"image\":{\"@type\":\"ImageObject\",\"inLanguage\":\"es\",\"@id\":\"https:\\\/\\\/secure.gravatar.com\\\/avatar\\\/d1da498ea933582ecc2b5d72a4eac16ec41c3ec04cf2dc9d46e0b557dedfd5ff?s=96&d=mm&r=g\",\"url\":\"https:\\\/\\\/secure.gravatar.com\\\/avatar\\\/d1da498ea933582ecc2b5d72a4eac16ec41c3ec04cf2dc9d46e0b557dedfd5ff?s=96&d=mm&r=g\",\"contentUrl\":\"https:\\\/\\\/secure.gravatar.com\\\/avatar\\\/d1da498ea933582ecc2b5d72a4eac16ec41c3ec04cf2dc9d46e0b557dedfd5ff?s=96&d=mm&r=g\",\"caption\":\"admin\"},\"sameAs\":[\"https:\\\/\\\/canal7slp.tv\\\/2025\"],\"url\":\"https:\\\/\\\/canal7slp.tv\\\/2025\\\/author\\\/bicefalo\\\/\"}]}<\/script>\n<!-- \/ Yoast SEO plugin. -->","yoast_head_json":{"title":"PUBLICA VATICANO PRIMERA IMAGEN DEL PAPA FRANCISCO DESDE SU HOSPITALIZACI\u00d3N - Canal 7 SLP - 2025","robots":{"index":"index","follow":"follow","max-snippet":"max-snippet:-1","max-image-preview":"max-image-preview:large","max-video-preview":"max-video-preview:-1"},"canonical":"https:\/\/canal7slp.tv\/2025\/publica-vaticano-primera-imagen-del-papa-francisco-desde-su-hospitalizacion\/","og_locale":"es_ES","og_type":"article","og_title":"PUBLICA VATICANO PRIMERA IMAGEN DEL PAPA FRANCISCO DESDE SU HOSPITALIZACI\u00d3N - Canal 7 SLP - 2025","og_description":"El Vaticano ha publicado la primera imagen del Papa Francisco desde que fue ingresado en el hospital Gemelli de Roma el pasado 14 de febrero. La causa por la que permanece internado ha sido una bronquitis -que deriv\u00f3 en neumon\u00eda y una infecci\u00f3n polimicrobiana-. La fotograf\u00eda publicada en el perfil oficial de X de la Santa Sede, muestra a Francisco al celebrar misa en su sala de oraci\u00f3n. El Pont\u00edfice es reportado estable. Sin embargo, a\u00fan requiere terapia m\u00e9dica hospitalaria; as\u00ed como fisioterapia motora y respiratoria.","og_url":"https:\/\/canal7slp.tv\/2025\/publica-vaticano-primera-imagen-del-papa-francisco-desde-su-hospitalizacion\/","og_site_name":"Canal 7 SLP - 2025","article_publisher":"https:\/\/www.facebook.com\/noticieroscanal7atencionciudadana\/","article_published_time":"2025-03-17T17:08:06+00:00","og_image":[{"width":639,"height":474,"url":"https:\/\/canal7slp.tv\/2025\/wp-content\/uploads\/2025\/03\/141ad880-e9b4-4dd6-9961-fb1e22a010f8.jpeg","type":"image\/jpeg"}],"author":"admin","twitter_card":"summary_large_image","twitter_creator":"@NOTICIEROS7","twitter_site":"@NOTICIEROS7","twitter_misc":{"Escrito por":"admin","Tiempo de lectura":"1 minuto"},"schema":{"@context":"https:\/\/schema.org","@graph":[{"@type":"Article","@id":"https:\/\/canal7slp.tv\/2025\/publica-vaticano-primera-imagen-del-papa-francisco-desde-su-hospitalizacion\/#article","isPartOf":{"@id":"https:\/\/canal7slp.tv\/2025\/publica-vaticano-primera-imagen-del-papa-francisco-desde-su-hospitalizacion\/"},"author":{"name":"admin","@id":"https:\/\/canal7slp.tv\/2025\/#\/schema\/person\/1257e7e4a3d5ac29c4732733a887970d"},"headline":"PUBLICA VATICANO PRIMERA IMAGEN DEL PAPA FRANCISCO DESDE SU HOSPITALIZACI\u00d3N","datePublished":"2025-03-17T17:08:06+00:00","mainEntityOfPage":{"@id":"https:\/\/canal7slp.tv\/2025\/publica-vaticano-primera-imagen-del-papa-francisco-desde-su-hospitalizacion\/"},"wordCount":103,"publisher":{"@id":"https:\/\/canal7slp.tv\/2025\/#organization"},"image":{"@id":"https:\/\/canal7slp.tv\/2025\/publica-vaticano-primera-imagen-del-papa-francisco-desde-su-hospitalizacion\/#primaryimage"},"thumbnailUrl":"https:\/\/canal7slp.tv\/2025\/wp-content\/uploads\/2025\/03\/141ad880-e9b4-4dd6-9961-fb1e22a010f8.jpeg","articleSection":["INTERNACIONALES"],"inLanguage":"es"},{"@type":"WebPage","@id":"https:\/\/canal7slp.tv\/2025\/publica-vaticano-primera-imagen-del-papa-francisco-desde-su-hospitalizacion\/","url":"https:\/\/canal7slp.tv\/2025\/publica-vaticano-primera-imagen-del-papa-francisco-desde-su-hospitalizacion\/","name":"PUBLICA VATICANO PRIMERA IMAGEN DEL PAPA FRANCISCO DESDE SU HOSPITALIZACI\u00d3N - Canal 7 SLP - 2025","isPartOf":{"@id":"https:\/\/canal7slp.tv\/2025\/#website"},"primaryImageOfPage":{"@id":"https:\/\/canal7slp.tv\/2025\/publica-vaticano-primera-imagen-del-papa-francisco-desde-su-hospitalizacion\/#primaryimage"},"image":{"@id":"https:\/\/canal7slp.tv\/2025\/publica-vaticano-primera-imagen-del-papa-francisco-desde-su-hospitalizacion\/#primaryimage"},"thumbnailUrl":"https:\/\/canal7slp.tv\/2025\/wp-content\/uploads\/2025\/03\/141ad880-e9b4-4dd6-9961-fb1e22a010f8.jpeg","datePublished":"2025-03-17T17:08:06+00:00","breadcrumb":{"@id":"https:\/\/canal7slp.tv\/2025\/publica-vaticano-primera-imagen-del-papa-francisco-desde-su-hospitalizacion\/#breadcrumb"},"inLanguage":"es","potentialAction":[{"@type":"ReadAction","target":["https:\/\/canal7slp.tv\/2025\/publica-vaticano-primera-imagen-del-papa-francisco-desde-su-hospitalizacion\/"]}]},{"@type":"ImageObject","inLanguage":"es","@id":"https:\/\/canal7slp.tv\/2025\/publica-vaticano-primera-imagen-del-papa-francisco-desde-su-hospitalizacion\/#primaryimage","url":"https:\/\/canal7slp.tv\/2025\/wp-content\/uploads\/2025\/03\/141ad880-e9b4-4dd6-9961-fb1e22a010f8.jpeg","contentUrl":"https:\/\/canal7slp.tv\/2025\/wp-content\/uploads\/2025\/03\/141ad880-e9b4-4dd6-9961-fb1e22a010f8.jpeg","width":639,"height":474},{"@type":"BreadcrumbList","@id":"https:\/\/canal7slp.tv\/2025\/publica-vaticano-primera-imagen-del-papa-francisco-desde-su-hospitalizacion\/#breadcrumb","itemListElement":[{"@type":"ListItem","position":1,"name":"Portada","item":"https:\/\/canal7slp.tv\/2025\/"},{"@type":"ListItem","position":2,"name":"PUBLICA VATICANO PRIMERA IMAGEN DEL PAPA FRANCISCO DESDE SU HOSPITALIZACI\u00d3N"}]},{"@type":"WebSite","@id":"https:\/\/canal7slp.tv\/2025\/#website","url":"https:\/\/canal7slp.tv\/2025\/","name":"N7 - Noticieros Canal 7","description":"Somos el Medio","publisher":{"@id":"https:\/\/canal7slp.tv\/2025\/#organization"},"potentialAction":[{"@type":"SearchAction","target":{"@type":"EntryPoint","urlTemplate":"https:\/\/canal7slp.tv\/2025\/?s={search_term_string}"},"query-input":{"@type":"PropertyValueSpecification","valueRequired":true,"valueName":"search_term_string"}}],"inLanguage":"es"},{"@type":"Organization","@id":"https:\/\/canal7slp.tv\/2025\/#organization","name":"Noticieros Canal 7","url":"https:\/\/canal7slp.tv\/2025\/","logo":{"@type":"ImageObject","inLanguage":"es","@id":"https:\/\/canal7slp.tv\/2025\/#\/schema\/logo\/image\/","url":"https:\/\/canal7slp.tv\/2025\/wp-content\/uploads\/2021\/01\/logo-noticieros@2x.png","contentUrl":"https:\/\/canal7slp.tv\/2025\/wp-content\/uploads\/2021\/01\/logo-noticieros@2x.png","width":1017,"height":268,"caption":"Noticieros Canal 7"},"image":{"@id":"https:\/\/canal7slp.tv\/2025\/#\/schema\/logo\/image\/"},"sameAs":["https:\/\/www.facebook.com\/noticieroscanal7atencionciudadana\/","https:\/\/x.com\/NOTICIEROS7","https:\/\/www.instagram.com\/canal7_slp","https:\/\/www.youtube.com\/channel\/UCliiYs-gP3JfJeqdPrNdd5A"]},{"@type":"Person","@id":"https:\/\/canal7slp.tv\/2025\/#\/schema\/person\/1257e7e4a3d5ac29c4732733a887970d","name":"admin","image":{"@type":"ImageObject","inLanguage":"es","@id":"https:\/\/secure.gravatar.com\/avatar\/d1da498ea933582ecc2b5d72a4eac16ec41c3ec04cf2dc9d46e0b557dedfd5ff?s=96&d=mm&r=g","url":"https:\/\/secure.gravatar.com\/avatar\/d1da498ea933582ecc2b5d72a4eac16ec41c3ec04cf2dc9d46e0b557dedfd5ff?s=96&d=mm&r=g","contentUrl":"https:\/\/secure.gravatar.com\/avatar\/d1da498ea933582ecc2b5d72a4eac16ec41c3ec04cf2dc9d46e0b557dedfd5ff?s=96&d=mm&r=g","caption":"admin"},"sameAs":["https:\/\/canal7slp.tv\/2025"],"url":"https:\/\/canal7slp.tv\/2025\/author\/bicefalo\/"}]}},"_links":{"self":[{"href":"https:\/\/canal7slp.tv\/2025\/wp-json\/wp\/v2\/posts\/161041","targetHints":{"allow":["GET"]}}],"collection":[{"href":"https:\/\/canal7slp.tv\/2025\/wp-json\/wp\/v2\/posts"}],"about":[{"href":"https:\/\/canal7slp.tv\/2025\/wp-json\/wp\/v2\/types\/post"}],"author":[{"embeddable":true,"href":"https:\/\/canal7slp.tv\/2025\/wp-json\/wp\/v2\/users\/1"}],"replies":[{"embeddable":true,"href":"https:\/\/canal7slp.tv\/2025\/wp-json\/wp\/v2\/comments?post=161041"}],"version-history":[{"count":1,"href":"https:\/\/canal7slp.tv\/2025\/wp-json\/wp\/v2\/posts\/161041\/revisions"}],"predecessor-version":[{"id":161043,"href":"https:\/\/canal7slp.tv\/2025\/wp-json\/wp\/v2\/posts\/161041\/revisions\/161043"}],"wp:featuredmedia":[{"embeddable":true,"href":"https:\/\/canal7slp.tv\/2025\/wp-json\/wp\/v2\/media\/161042"}],"wp:attachment":[{"href":"https:\/\/canal7slp.tv\/2025\/wp-json\/wp\/v2\/media?parent=161041"}],"wp:term":[{"taxonomy":"category","embeddable":true,"href":"https:\/\/canal7slp.tv\/2025\/wp-json\/wp\/v2\/categories?post=161041"},{"taxonomy":"post_tag","embeddable":true,"href":"https:\/\/canal7slp.tv\/2025\/wp-json\/wp\/v2\/tags?post=161041"}],"curies":[{"name":"wp","href":"https:\/\/api.w.org\/{rel}","templated":true}]}}