{"id":161019,"date":"2025-03-16T18:37:43","date_gmt":"2025-03-17T00:37:43","guid":{"rendered":"https:\/\/canal7slp.tv\/2025\/?p=161019"},"modified":"2025-03-16T18:37:43","modified_gmt":"2025-03-17T00:37:43","slug":"rechaza-mark-carney-que-canada-pueda-ser-parte-de-estados-unidos","status":"publish","type":"post","link":"https:\/\/canal7slp.tv\/2025\/rechaza-mark-carney-que-canada-pueda-ser-parte-de-estados-unidos\/","title":{"rendered":"RECHAZA MARK CARNEY QUE CANAD\u00c1 PUEDA SER PARTE DE ESTADOS UNIDOS"},"content":{"rendered":"<blockquote><p>El nuevo primer ministro de Canad\u00e1, Mark Carney se dirigir\u00e1 este lunes a Par\u00eds y Londres.<\/p><\/blockquote>\n<p>El objetivo es buscar alianzas mientras enfrenta ataques del presidente estadounidense, Donald Trump a la soberan\u00eda y econom\u00eda canadiense.<\/p>\n<p>Carney har\u00eda su primer viaje al extranjero, a las capitales de los dos pa\u00edses que moldearon la existencia temprana de Canad\u00e1.<\/p>\n<p>En su ceremonia de toma de posesi\u00f3n, Carney hab\u00eda destacado que el pa\u00eds se construy\u00f3 en la base de tres pueblos: franc\u00e9s, ingl\u00e9s e ind\u00edgena.<\/p>\n<p>Afirm\u00f3 que Canad\u00e1 es fundamentalmente diferente de Estados Unidos y \u201cnunca, jam\u00e1s, de ninguna manera, ser\u00e1 parte de Estados Unidos\u201d.<\/p>\n","protected":false},"excerpt":{"rendered":"<p>El nuevo primer ministro de Canad\u00e1, Mark Carney se dirigir\u00e1 este lunes a Par\u00eds y Londres. El objetivo es buscar alianzas mientras enfrenta ataques del presidente estadounidense, Donald Trump a la soberan\u00eda y econom\u00eda canadiense. Carney har\u00eda su primer viaje al extranjero, a las capitales de los dos pa\u00edses que moldearon la existencia temprana de Canad\u00e1. En su ceremonia de toma de posesi\u00f3n, Carney hab\u00eda destacado que el pa\u00eds se construy\u00f3 en la base de tres pueblos: franc\u00e9s, ingl\u00e9s e ind\u00edgena. Afirm\u00f3 que Canad\u00e1 es fundamentalmente diferente de Estados Unidos y \u201cnunca, jam\u00e1s, de ninguna manera, ser\u00e1 parte de Estados [&hellip;]<\/p>\n","protected":false},"author":1,"featured_media":161020,"comment_status":"closed","ping_status":"closed","sticky":false,"template":"","format":"standard","meta":{"_monsterinsights_skip_tracking":false,"_monsterinsights_sitenote_active":false,"_monsterinsights_sitenote_note":"","_monsterinsights_sitenote_category":0,"footnotes":""},"categories":[44],"tags":[],"class_list":["post-161019","post","type-post","status-publish","format-standard","has-post-thumbnail","hentry","category-internacional","post--single"],"yoast_head":"<!-- This site is optimized with the Yoast SEO plugin v27.5 - https:\/\/yoast.com\/product\/yoast-seo-wordpress\/ -->\n<title>RECHAZA MARK CARNEY QUE CANAD\u00c1 PUEDA SER PARTE DE ESTADOS UNIDOS - Canal 7 SLP - 2025<\/title>\n<meta name=\"robots\" content=\"index, follow, max-snippet:-1, max-image-preview:large, max-video-preview:-1\" \/>\n<link rel=\"canonical\" href=\"https:\/\/canal7slp.tv\/2025\/rechaza-mark-carney-que-canada-pueda-ser-parte-de-estados-unidos\/\" \/>\n<meta property=\"og:locale\" content=\"es_ES\" \/>\n<meta property=\"og:type\" content=\"article\" \/>\n<meta property=\"og:title\" content=\"RECHAZA MARK CARNEY QUE CANAD\u00c1 PUEDA SER PARTE DE ESTADOS UNIDOS - Canal 7 SLP - 2025\" \/>\n<meta property=\"og:description\" content=\"El nuevo primer ministro de Canad\u00e1, Mark Carney se dirigir\u00e1 este lunes a Par\u00eds y Londres. El objetivo es buscar alianzas mientras enfrenta ataques del presidente estadounidense, Donald Trump a la soberan\u00eda y econom\u00eda canadiense. Carney har\u00eda su primer viaje al extranjero, a las capitales de los dos pa\u00edses que moldearon la existencia temprana de Canad\u00e1. En su ceremonia de toma de posesi\u00f3n, Carney hab\u00eda destacado que el pa\u00eds se construy\u00f3 en la base de tres pueblos: franc\u00e9s, ingl\u00e9s e ind\u00edgena. Afirm\u00f3 que Canad\u00e1 es fundamentalmente diferente de Estados Unidos y \u201cnunca, jam\u00e1s, de ninguna manera, ser\u00e1 parte de Estados [&hellip;]\" \/>\n<meta property=\"og:url\" content=\"https:\/\/canal7slp.tv\/2025\/rechaza-mark-carney-que-canada-pueda-ser-parte-de-estados-unidos\/\" \/>\n<meta property=\"og:site_name\" content=\"Canal 7 SLP - 2025\" \/>\n<meta property=\"article:publisher\" content=\"https:\/\/www.facebook.com\/noticieroscanal7atencionciudadana\/\" \/>\n<meta property=\"article:published_time\" content=\"2025-03-17T00:37:43+00:00\" \/>\n<meta property=\"og:image\" content=\"https:\/\/canal7slp.tv\/2025\/wp-content\/uploads\/2025\/03\/4489afb7-a595-4994-b0bf-74ca30e0cbdf.jpeg\" \/>\n\t<meta property=\"og:image:width\" content=\"646\" \/>\n\t<meta property=\"og:image:height\" content=\"592\" \/>\n\t<meta property=\"og:image:type\" content=\"image\/jpeg\" \/>\n<meta name=\"author\" content=\"admin\" \/>\n<meta name=\"twitter:card\" content=\"summary_large_image\" \/>\n<meta name=\"twitter:creator\" content=\"@NOTICIEROS7\" \/>\n<meta name=\"twitter:site\" content=\"@NOTICIEROS7\" \/>\n<meta name=\"twitter:label1\" content=\"Escrito por\" \/>\n\t<meta name=\"twitter:data1\" content=\"admin\" \/>\n\t<meta name=\"twitter:label2\" content=\"Tiempo de lectura\" \/>\n\t<meta name=\"twitter:data2\" content=\"1 minuto\" \/>\n<script type=\"application\/ld+json\" class=\"yoast-schema-graph\">{\"@context\":\"https:\\\/\\\/schema.org\",\"@graph\":[{\"@type\":\"Article\",\"@id\":\"https:\\\/\\\/canal7slp.tv\\\/2025\\\/rechaza-mark-carney-que-canada-pueda-ser-parte-de-estados-unidos\\\/#article\",\"isPartOf\":{\"@id\":\"https:\\\/\\\/canal7slp.tv\\\/2025\\\/rechaza-mark-carney-que-canada-pueda-ser-parte-de-estados-unidos\\\/\"},\"author\":{\"name\":\"admin\",\"@id\":\"https:\\\/\\\/canal7slp.tv\\\/2025\\\/#\\\/schema\\\/person\\\/1257e7e4a3d5ac29c4732733a887970d\"},\"headline\":\"RECHAZA MARK CARNEY QUE CANAD\u00c1 PUEDA SER PARTE DE ESTADOS UNIDOS\",\"datePublished\":\"2025-03-17T00:37:43+00:00\",\"mainEntityOfPage\":{\"@id\":\"https:\\\/\\\/canal7slp.tv\\\/2025\\\/rechaza-mark-carney-que-canada-pueda-ser-parte-de-estados-unidos\\\/\"},\"wordCount\":124,\"publisher\":{\"@id\":\"https:\\\/\\\/canal7slp.tv\\\/2025\\\/#organization\"},\"image\":{\"@id\":\"https:\\\/\\\/canal7slp.tv\\\/2025\\\/rechaza-mark-carney-que-canada-pueda-ser-parte-de-estados-unidos\\\/#primaryimage\"},\"thumbnailUrl\":\"https:\\\/\\\/canal7slp.tv\\\/2025\\\/wp-content\\\/uploads\\\/2025\\\/03\\\/4489afb7-a595-4994-b0bf-74ca30e0cbdf.jpeg\",\"articleSection\":[\"INTERNACIONALES\"],\"inLanguage\":\"es\"},{\"@type\":\"WebPage\",\"@id\":\"https:\\\/\\\/canal7slp.tv\\\/2025\\\/rechaza-mark-carney-que-canada-pueda-ser-parte-de-estados-unidos\\\/\",\"url\":\"https:\\\/\\\/canal7slp.tv\\\/2025\\\/rechaza-mark-carney-que-canada-pueda-ser-parte-de-estados-unidos\\\/\",\"name\":\"RECHAZA MARK CARNEY QUE CANAD\u00c1 PUEDA SER PARTE DE ESTADOS UNIDOS - Canal 7 SLP - 2025\",\"isPartOf\":{\"@id\":\"https:\\\/\\\/canal7slp.tv\\\/2025\\\/#website\"},\"primaryImageOfPage\":{\"@id\":\"https:\\\/\\\/canal7slp.tv\\\/2025\\\/rechaza-mark-carney-que-canada-pueda-ser-parte-de-estados-unidos\\\/#primaryimage\"},\"image\":{\"@id\":\"https:\\\/\\\/canal7slp.tv\\\/2025\\\/rechaza-mark-carney-que-canada-pueda-ser-parte-de-estados-unidos\\\/#primaryimage\"},\"thumbnailUrl\":\"https:\\\/\\\/canal7slp.tv\\\/2025\\\/wp-content\\\/uploads\\\/2025\\\/03\\\/4489afb7-a595-4994-b0bf-74ca30e0cbdf.jpeg\",\"datePublished\":\"2025-03-17T00:37:43+00:00\",\"breadcrumb\":{\"@id\":\"https:\\\/\\\/canal7slp.tv\\\/2025\\\/rechaza-mark-carney-que-canada-pueda-ser-parte-de-estados-unidos\\\/#breadcrumb\"},\"inLanguage\":\"es\",\"potentialAction\":[{\"@type\":\"ReadAction\",\"target\":[\"https:\\\/\\\/canal7slp.tv\\\/2025\\\/rechaza-mark-carney-que-canada-pueda-ser-parte-de-estados-unidos\\\/\"]}]},{\"@type\":\"ImageObject\",\"inLanguage\":\"es\",\"@id\":\"https:\\\/\\\/canal7slp.tv\\\/2025\\\/rechaza-mark-carney-que-canada-pueda-ser-parte-de-estados-unidos\\\/#primaryimage\",\"url\":\"https:\\\/\\\/canal7slp.tv\\\/2025\\\/wp-content\\\/uploads\\\/2025\\\/03\\\/4489afb7-a595-4994-b0bf-74ca30e0cbdf.jpeg\",\"contentUrl\":\"https:\\\/\\\/canal7slp.tv\\\/2025\\\/wp-content\\\/uploads\\\/2025\\\/03\\\/4489afb7-a595-4994-b0bf-74ca30e0cbdf.jpeg\",\"width\":646,\"height\":592},{\"@type\":\"BreadcrumbList\",\"@id\":\"https:\\\/\\\/canal7slp.tv\\\/2025\\\/rechaza-mark-carney-que-canada-pueda-ser-parte-de-estados-unidos\\\/#breadcrumb\",\"itemListElement\":[{\"@type\":\"ListItem\",\"position\":1,\"name\":\"Portada\",\"item\":\"https:\\\/\\\/canal7slp.tv\\\/2025\\\/\"},{\"@type\":\"ListItem\",\"position\":2,\"name\":\"RECHAZA MARK CARNEY QUE CANAD\u00c1 PUEDA SER PARTE DE ESTADOS UNIDOS\"}]},{\"@type\":\"WebSite\",\"@id\":\"https:\\\/\\\/canal7slp.tv\\\/2025\\\/#website\",\"url\":\"https:\\\/\\\/canal7slp.tv\\\/2025\\\/\",\"name\":\"N7 - Noticieros Canal 7\",\"description\":\"Somos el Medio\",\"publisher\":{\"@id\":\"https:\\\/\\\/canal7slp.tv\\\/2025\\\/#organization\"},\"potentialAction\":[{\"@type\":\"SearchAction\",\"target\":{\"@type\":\"EntryPoint\",\"urlTemplate\":\"https:\\\/\\\/canal7slp.tv\\\/2025\\\/?s={search_term_string}\"},\"query-input\":{\"@type\":\"PropertyValueSpecification\",\"valueRequired\":true,\"valueName\":\"search_term_string\"}}],\"inLanguage\":\"es\"},{\"@type\":\"Organization\",\"@id\":\"https:\\\/\\\/canal7slp.tv\\\/2025\\\/#organization\",\"name\":\"Noticieros Canal 7\",\"url\":\"https:\\\/\\\/canal7slp.tv\\\/2025\\\/\",\"logo\":{\"@type\":\"ImageObject\",\"inLanguage\":\"es\",\"@id\":\"https:\\\/\\\/canal7slp.tv\\\/2025\\\/#\\\/schema\\\/logo\\\/image\\\/\",\"url\":\"https:\\\/\\\/canal7slp.tv\\\/2025\\\/wp-content\\\/uploads\\\/2021\\\/01\\\/logo-noticieros@2x.png\",\"contentUrl\":\"https:\\\/\\\/canal7slp.tv\\\/2025\\\/wp-content\\\/uploads\\\/2021\\\/01\\\/logo-noticieros@2x.png\",\"width\":1017,\"height\":268,\"caption\":\"Noticieros Canal 7\"},\"image\":{\"@id\":\"https:\\\/\\\/canal7slp.tv\\\/2025\\\/#\\\/schema\\\/logo\\\/image\\\/\"},\"sameAs\":[\"https:\\\/\\\/www.facebook.com\\\/noticieroscanal7atencionciudadana\\\/\",\"https:\\\/\\\/x.com\\\/NOTICIEROS7\",\"https:\\\/\\\/www.instagram.com\\\/canal7_slp\",\"https:\\\/\\\/www.youtube.com\\\/channel\\\/UCliiYs-gP3JfJeqdPrNdd5A\"]},{\"@type\":\"Person\",\"@id\":\"https:\\\/\\\/canal7slp.tv\\\/2025\\\/#\\\/schema\\\/person\\\/1257e7e4a3d5ac29c4732733a887970d\",\"name\":\"admin\",\"image\":{\"@type\":\"ImageObject\",\"inLanguage\":\"es\",\"@id\":\"https:\\\/\\\/secure.gravatar.com\\\/avatar\\\/d1da498ea933582ecc2b5d72a4eac16ec41c3ec04cf2dc9d46e0b557dedfd5ff?s=96&d=mm&r=g\",\"url\":\"https:\\\/\\\/secure.gravatar.com\\\/avatar\\\/d1da498ea933582ecc2b5d72a4eac16ec41c3ec04cf2dc9d46e0b557dedfd5ff?s=96&d=mm&r=g\",\"contentUrl\":\"https:\\\/\\\/secure.gravatar.com\\\/avatar\\\/d1da498ea933582ecc2b5d72a4eac16ec41c3ec04cf2dc9d46e0b557dedfd5ff?s=96&d=mm&r=g\",\"caption\":\"admin\"},\"sameAs\":[\"https:\\\/\\\/canal7slp.tv\\\/2025\"],\"url\":\"https:\\\/\\\/canal7slp.tv\\\/2025\\\/author\\\/bicefalo\\\/\"}]}<\/script>\n<!-- \/ Yoast SEO plugin. -->","yoast_head_json":{"title":"RECHAZA MARK CARNEY QUE CANAD\u00c1 PUEDA SER PARTE DE ESTADOS UNIDOS - Canal 7 SLP - 2025","robots":{"index":"index","follow":"follow","max-snippet":"max-snippet:-1","max-image-preview":"max-image-preview:large","max-video-preview":"max-video-preview:-1"},"canonical":"https:\/\/canal7slp.tv\/2025\/rechaza-mark-carney-que-canada-pueda-ser-parte-de-estados-unidos\/","og_locale":"es_ES","og_type":"article","og_title":"RECHAZA MARK CARNEY QUE CANAD\u00c1 PUEDA SER PARTE DE ESTADOS UNIDOS - Canal 7 SLP - 2025","og_description":"El nuevo primer ministro de Canad\u00e1, Mark Carney se dirigir\u00e1 este lunes a Par\u00eds y Londres. El objetivo es buscar alianzas mientras enfrenta ataques del presidente estadounidense, Donald Trump a la soberan\u00eda y econom\u00eda canadiense. Carney har\u00eda su primer viaje al extranjero, a las capitales de los dos pa\u00edses que moldearon la existencia temprana de Canad\u00e1. En su ceremonia de toma de posesi\u00f3n, Carney hab\u00eda destacado que el pa\u00eds se construy\u00f3 en la base de tres pueblos: franc\u00e9s, ingl\u00e9s e ind\u00edgena. Afirm\u00f3 que Canad\u00e1 es fundamentalmente diferente de Estados Unidos y \u201cnunca, jam\u00e1s, de ninguna manera, ser\u00e1 parte de Estados [&hellip;]","og_url":"https:\/\/canal7slp.tv\/2025\/rechaza-mark-carney-que-canada-pueda-ser-parte-de-estados-unidos\/","og_site_name":"Canal 7 SLP - 2025","article_publisher":"https:\/\/www.facebook.com\/noticieroscanal7atencionciudadana\/","article_published_time":"2025-03-17T00:37:43+00:00","og_image":[{"width":646,"height":592,"url":"https:\/\/canal7slp.tv\/2025\/wp-content\/uploads\/2025\/03\/4489afb7-a595-4994-b0bf-74ca30e0cbdf.jpeg","type":"image\/jpeg"}],"author":"admin","twitter_card":"summary_large_image","twitter_creator":"@NOTICIEROS7","twitter_site":"@NOTICIEROS7","twitter_misc":{"Escrito por":"admin","Tiempo de lectura":"1 minuto"},"schema":{"@context":"https:\/\/schema.org","@graph":[{"@type":"Article","@id":"https:\/\/canal7slp.tv\/2025\/rechaza-mark-carney-que-canada-pueda-ser-parte-de-estados-unidos\/#article","isPartOf":{"@id":"https:\/\/canal7slp.tv\/2025\/rechaza-mark-carney-que-canada-pueda-ser-parte-de-estados-unidos\/"},"author":{"name":"admin","@id":"https:\/\/canal7slp.tv\/2025\/#\/schema\/person\/1257e7e4a3d5ac29c4732733a887970d"},"headline":"RECHAZA MARK CARNEY QUE CANAD\u00c1 PUEDA SER PARTE DE ESTADOS UNIDOS","datePublished":"2025-03-17T00:37:43+00:00","mainEntityOfPage":{"@id":"https:\/\/canal7slp.tv\/2025\/rechaza-mark-carney-que-canada-pueda-ser-parte-de-estados-unidos\/"},"wordCount":124,"publisher":{"@id":"https:\/\/canal7slp.tv\/2025\/#organization"},"image":{"@id":"https:\/\/canal7slp.tv\/2025\/rechaza-mark-carney-que-canada-pueda-ser-parte-de-estados-unidos\/#primaryimage"},"thumbnailUrl":"https:\/\/canal7slp.tv\/2025\/wp-content\/uploads\/2025\/03\/4489afb7-a595-4994-b0bf-74ca30e0cbdf.jpeg","articleSection":["INTERNACIONALES"],"inLanguage":"es"},{"@type":"WebPage","@id":"https:\/\/canal7slp.tv\/2025\/rechaza-mark-carney-que-canada-pueda-ser-parte-de-estados-unidos\/","url":"https:\/\/canal7slp.tv\/2025\/rechaza-mark-carney-que-canada-pueda-ser-parte-de-estados-unidos\/","name":"RECHAZA MARK CARNEY QUE CANAD\u00c1 PUEDA SER PARTE DE ESTADOS UNIDOS - Canal 7 SLP - 2025","isPartOf":{"@id":"https:\/\/canal7slp.tv\/2025\/#website"},"primaryImageOfPage":{"@id":"https:\/\/canal7slp.tv\/2025\/rechaza-mark-carney-que-canada-pueda-ser-parte-de-estados-unidos\/#primaryimage"},"image":{"@id":"https:\/\/canal7slp.tv\/2025\/rechaza-mark-carney-que-canada-pueda-ser-parte-de-estados-unidos\/#primaryimage"},"thumbnailUrl":"https:\/\/canal7slp.tv\/2025\/wp-content\/uploads\/2025\/03\/4489afb7-a595-4994-b0bf-74ca30e0cbdf.jpeg","datePublished":"2025-03-17T00:37:43+00:00","breadcrumb":{"@id":"https:\/\/canal7slp.tv\/2025\/rechaza-mark-carney-que-canada-pueda-ser-parte-de-estados-unidos\/#breadcrumb"},"inLanguage":"es","potentialAction":[{"@type":"ReadAction","target":["https:\/\/canal7slp.tv\/2025\/rechaza-mark-carney-que-canada-pueda-ser-parte-de-estados-unidos\/"]}]},{"@type":"ImageObject","inLanguage":"es","@id":"https:\/\/canal7slp.tv\/2025\/rechaza-mark-carney-que-canada-pueda-ser-parte-de-estados-unidos\/#primaryimage","url":"https:\/\/canal7slp.tv\/2025\/wp-content\/uploads\/2025\/03\/4489afb7-a595-4994-b0bf-74ca30e0cbdf.jpeg","contentUrl":"https:\/\/canal7slp.tv\/2025\/wp-content\/uploads\/2025\/03\/4489afb7-a595-4994-b0bf-74ca30e0cbdf.jpeg","width":646,"height":592},{"@type":"BreadcrumbList","@id":"https:\/\/canal7slp.tv\/2025\/rechaza-mark-carney-que-canada-pueda-ser-parte-de-estados-unidos\/#breadcrumb","itemListElement":[{"@type":"ListItem","position":1,"name":"Portada","item":"https:\/\/canal7slp.tv\/2025\/"},{"@type":"ListItem","position":2,"name":"RECHAZA MARK CARNEY QUE CANAD\u00c1 PUEDA SER PARTE DE ESTADOS UNIDOS"}]},{"@type":"WebSite","@id":"https:\/\/canal7slp.tv\/2025\/#website","url":"https:\/\/canal7slp.tv\/2025\/","name":"N7 - Noticieros Canal 7","description":"Somos el Medio","publisher":{"@id":"https:\/\/canal7slp.tv\/2025\/#organization"},"potentialAction":[{"@type":"SearchAction","target":{"@type":"EntryPoint","urlTemplate":"https:\/\/canal7slp.tv\/2025\/?s={search_term_string}"},"query-input":{"@type":"PropertyValueSpecification","valueRequired":true,"valueName":"search_term_string"}}],"inLanguage":"es"},{"@type":"Organization","@id":"https:\/\/canal7slp.tv\/2025\/#organization","name":"Noticieros Canal 7","url":"https:\/\/canal7slp.tv\/2025\/","logo":{"@type":"ImageObject","inLanguage":"es","@id":"https:\/\/canal7slp.tv\/2025\/#\/schema\/logo\/image\/","url":"https:\/\/canal7slp.tv\/2025\/wp-content\/uploads\/2021\/01\/logo-noticieros@2x.png","contentUrl":"https:\/\/canal7slp.tv\/2025\/wp-content\/uploads\/2021\/01\/logo-noticieros@2x.png","width":1017,"height":268,"caption":"Noticieros Canal 7"},"image":{"@id":"https:\/\/canal7slp.tv\/2025\/#\/schema\/logo\/image\/"},"sameAs":["https:\/\/www.facebook.com\/noticieroscanal7atencionciudadana\/","https:\/\/x.com\/NOTICIEROS7","https:\/\/www.instagram.com\/canal7_slp","https:\/\/www.youtube.com\/channel\/UCliiYs-gP3JfJeqdPrNdd5A"]},{"@type":"Person","@id":"https:\/\/canal7slp.tv\/2025\/#\/schema\/person\/1257e7e4a3d5ac29c4732733a887970d","name":"admin","image":{"@type":"ImageObject","inLanguage":"es","@id":"https:\/\/secure.gravatar.com\/avatar\/d1da498ea933582ecc2b5d72a4eac16ec41c3ec04cf2dc9d46e0b557dedfd5ff?s=96&d=mm&r=g","url":"https:\/\/secure.gravatar.com\/avatar\/d1da498ea933582ecc2b5d72a4eac16ec41c3ec04cf2dc9d46e0b557dedfd5ff?s=96&d=mm&r=g","contentUrl":"https:\/\/secure.gravatar.com\/avatar\/d1da498ea933582ecc2b5d72a4eac16ec41c3ec04cf2dc9d46e0b557dedfd5ff?s=96&d=mm&r=g","caption":"admin"},"sameAs":["https:\/\/canal7slp.tv\/2025"],"url":"https:\/\/canal7slp.tv\/2025\/author\/bicefalo\/"}]}},"_links":{"self":[{"href":"https:\/\/canal7slp.tv\/2025\/wp-json\/wp\/v2\/posts\/161019","targetHints":{"allow":["GET"]}}],"collection":[{"href":"https:\/\/canal7slp.tv\/2025\/wp-json\/wp\/v2\/posts"}],"about":[{"href":"https:\/\/canal7slp.tv\/2025\/wp-json\/wp\/v2\/types\/post"}],"author":[{"embeddable":true,"href":"https:\/\/canal7slp.tv\/2025\/wp-json\/wp\/v2\/users\/1"}],"replies":[{"embeddable":true,"href":"https:\/\/canal7slp.tv\/2025\/wp-json\/wp\/v2\/comments?post=161019"}],"version-history":[{"count":1,"href":"https:\/\/canal7slp.tv\/2025\/wp-json\/wp\/v2\/posts\/161019\/revisions"}],"predecessor-version":[{"id":161021,"href":"https:\/\/canal7slp.tv\/2025\/wp-json\/wp\/v2\/posts\/161019\/revisions\/161021"}],"wp:featuredmedia":[{"embeddable":true,"href":"https:\/\/canal7slp.tv\/2025\/wp-json\/wp\/v2\/media\/161020"}],"wp:attachment":[{"href":"https:\/\/canal7slp.tv\/2025\/wp-json\/wp\/v2\/media?parent=161019"}],"wp:term":[{"taxonomy":"category","embeddable":true,"href":"https:\/\/canal7slp.tv\/2025\/wp-json\/wp\/v2\/categories?post=161019"},{"taxonomy":"post_tag","embeddable":true,"href":"https:\/\/canal7slp.tv\/2025\/wp-json\/wp\/v2\/tags?post=161019"}],"curies":[{"name":"wp","href":"https:\/\/api.w.org\/{rel}","templated":true}]}}