{"id":161005,"date":"2025-03-15T23:15:04","date_gmt":"2025-03-16T05:15:04","guid":{"rendered":"https:\/\/canal7slp.tv\/2025\/?p=161005"},"modified":"2025-03-16T12:15:46","modified_gmt":"2025-03-16T18:15:46","slug":"sobrevive-pescador-tras-95-dias-a-la-deriva-en-el-pacifico","status":"publish","type":"post","link":"https:\/\/canal7slp.tv\/2025\/sobrevive-pescador-tras-95-dias-a-la-deriva-en-el-pacifico\/","title":{"rendered":"SOBREVIVE PESCADOR, TRAS 95 D\u00cdAS A LA DERIVA EN EL PAC\u00cdFICO"},"content":{"rendered":"<p>Un pescador peruano pas\u00f3 95 d\u00edas perdido en el oc\u00e9ano Pac\u00edfico.<\/p>\n<p>Dijo haber sobrevivido al comer cucarachas, p\u00e1jaros y tortugas.<\/p>\n<p>Ya se encuentra de regreso en su pa\u00eds y en breve, volver\u00eda a casa.<\/p>\n<p>M\u00e1ximo Napa hab\u00eda salido de pesca desde diciembre en Marcona -en la costa sur peruana-.<\/p>\n<p>Llevaba v\u00edveres para un viaje de dos semanas.<\/p>\n<p>A los 10 d\u00edas, un temporal habr\u00eda desviado el rumbo de su embarcaci\u00f3n.<\/p>\n<p>Su familia inici\u00f3 la b\u00fasqueda, pero patrullas mar\u00edtimas peruanas no pudieron localizarlo.<\/p>\n<p>Un barco pesquero ecuatoriano le descubri\u00f3 a aproximadamente mil 094 kil\u00f3metros de la costa del pa\u00eds.<\/p>\n<p>Estaba sumamente deshidratado.<\/p>\n<p>M\u00e1ximo relat\u00f3 que se mantuvo fuerte al pensar en su familia -incluida su nieta de dos meses-.<\/p>\n<p>Coment\u00f3 que tomaba agua de lluvia y se quedaba sin comida.<\/p>\n<p>Dijo haber pasado as\u00ed los \u00faltimos 15 d\u00edas.<\/p>\n","protected":false},"excerpt":{"rendered":"<p>Un pescador peruano pas\u00f3 95 d\u00edas perdido en el oc\u00e9ano Pac\u00edfico. Dijo haber sobrevivido al comer cucarachas, p\u00e1jaros y tortugas. Ya se encuentra de regreso en su pa\u00eds y en breve, volver\u00eda a casa. M\u00e1ximo Napa hab\u00eda salido de pesca desde diciembre en Marcona -en la costa sur peruana-. Llevaba v\u00edveres para un viaje de dos semanas. A los 10 d\u00edas, un temporal habr\u00eda desviado el rumbo de su embarcaci\u00f3n. Su familia inici\u00f3 la b\u00fasqueda, pero patrullas mar\u00edtimas peruanas no pudieron localizarlo. Un barco pesquero ecuatoriano le descubri\u00f3 a aproximadamente mil 094 kil\u00f3metros de la costa del pa\u00eds. Estaba sumamente [&hellip;]<\/p>\n","protected":false},"author":1,"featured_media":161006,"comment_status":"closed","ping_status":"closed","sticky":false,"template":"","format":"standard","meta":{"_monsterinsights_skip_tracking":false,"_monsterinsights_sitenote_active":false,"_monsterinsights_sitenote_note":"","_monsterinsights_sitenote_category":0,"footnotes":""},"categories":[44],"tags":[],"class_list":["post-161005","post","type-post","status-publish","format-standard","has-post-thumbnail","hentry","category-internacional","post--single"],"yoast_head":"<!-- This site is optimized with the Yoast SEO plugin v27.4 - https:\/\/yoast.com\/product\/yoast-seo-wordpress\/ -->\n<title>SOBREVIVE PESCADOR, TRAS 95 D\u00cdAS A LA DERIVA EN EL PAC\u00cdFICO - Canal 7 SLP - 2025<\/title>\n<meta name=\"robots\" content=\"index, follow, max-snippet:-1, max-image-preview:large, max-video-preview:-1\" \/>\n<link rel=\"canonical\" href=\"https:\/\/canal7slp.tv\/2025\/sobrevive-pescador-tras-95-dias-a-la-deriva-en-el-pacifico\/\" \/>\n<meta property=\"og:locale\" content=\"es_ES\" \/>\n<meta property=\"og:type\" content=\"article\" \/>\n<meta property=\"og:title\" content=\"SOBREVIVE PESCADOR, TRAS 95 D\u00cdAS A LA DERIVA EN EL PAC\u00cdFICO - Canal 7 SLP - 2025\" \/>\n<meta property=\"og:description\" content=\"Un pescador peruano pas\u00f3 95 d\u00edas perdido en el oc\u00e9ano Pac\u00edfico. Dijo haber sobrevivido al comer cucarachas, p\u00e1jaros y tortugas. Ya se encuentra de regreso en su pa\u00eds y en breve, volver\u00eda a casa. M\u00e1ximo Napa hab\u00eda salido de pesca desde diciembre en Marcona -en la costa sur peruana-. Llevaba v\u00edveres para un viaje de dos semanas. A los 10 d\u00edas, un temporal habr\u00eda desviado el rumbo de su embarcaci\u00f3n. Su familia inici\u00f3 la b\u00fasqueda, pero patrullas mar\u00edtimas peruanas no pudieron localizarlo. Un barco pesquero ecuatoriano le descubri\u00f3 a aproximadamente mil 094 kil\u00f3metros de la costa del pa\u00eds. Estaba sumamente [&hellip;]\" \/>\n<meta property=\"og:url\" content=\"https:\/\/canal7slp.tv\/2025\/sobrevive-pescador-tras-95-dias-a-la-deriva-en-el-pacifico\/\" \/>\n<meta property=\"og:site_name\" content=\"Canal 7 SLP - 2025\" \/>\n<meta property=\"article:publisher\" content=\"https:\/\/www.facebook.com\/noticieroscanal7atencionciudadana\/\" \/>\n<meta property=\"article:published_time\" content=\"2025-03-16T05:15:04+00:00\" \/>\n<meta property=\"article:modified_time\" content=\"2025-03-16T18:15:46+00:00\" \/>\n<meta property=\"og:image\" content=\"https:\/\/canal7slp.tv\/2025\/wp-content\/uploads\/2025\/03\/37346ecd-b8ca-4ae4-b20d-b6c6aaa3b2dc-1.jpeg\" \/>\n\t<meta property=\"og:image:width\" content=\"458\" \/>\n\t<meta property=\"og:image:height\" content=\"473\" \/>\n\t<meta property=\"og:image:type\" content=\"image\/jpeg\" \/>\n<meta name=\"author\" content=\"admin\" \/>\n<meta name=\"twitter:card\" content=\"summary_large_image\" \/>\n<meta name=\"twitter:creator\" content=\"@NOTICIEROS7\" \/>\n<meta name=\"twitter:site\" content=\"@NOTICIEROS7\" \/>\n<meta name=\"twitter:label1\" content=\"Escrito por\" \/>\n\t<meta name=\"twitter:data1\" content=\"admin\" \/>\n\t<meta name=\"twitter:label2\" content=\"Tiempo de lectura\" \/>\n\t<meta name=\"twitter:data2\" content=\"1 minuto\" \/>\n<script type=\"application\/ld+json\" class=\"yoast-schema-graph\">{\"@context\":\"https:\\\/\\\/schema.org\",\"@graph\":[{\"@type\":\"Article\",\"@id\":\"https:\\\/\\\/canal7slp.tv\\\/2025\\\/sobrevive-pescador-tras-95-dias-a-la-deriva-en-el-pacifico\\\/#article\",\"isPartOf\":{\"@id\":\"https:\\\/\\\/canal7slp.tv\\\/2025\\\/sobrevive-pescador-tras-95-dias-a-la-deriva-en-el-pacifico\\\/\"},\"author\":{\"name\":\"admin\",\"@id\":\"https:\\\/\\\/canal7slp.tv\\\/2025\\\/#\\\/schema\\\/person\\\/1257e7e4a3d5ac29c4732733a887970d\"},\"headline\":\"SOBREVIVE PESCADOR, TRAS 95 D\u00cdAS A LA DERIVA EN EL PAC\u00cdFICO\",\"datePublished\":\"2025-03-16T05:15:04+00:00\",\"dateModified\":\"2025-03-16T18:15:46+00:00\",\"mainEntityOfPage\":{\"@id\":\"https:\\\/\\\/canal7slp.tv\\\/2025\\\/sobrevive-pescador-tras-95-dias-a-la-deriva-en-el-pacifico\\\/\"},\"wordCount\":163,\"publisher\":{\"@id\":\"https:\\\/\\\/canal7slp.tv\\\/2025\\\/#organization\"},\"image\":{\"@id\":\"https:\\\/\\\/canal7slp.tv\\\/2025\\\/sobrevive-pescador-tras-95-dias-a-la-deriva-en-el-pacifico\\\/#primaryimage\"},\"thumbnailUrl\":\"https:\\\/\\\/canal7slp.tv\\\/2025\\\/wp-content\\\/uploads\\\/2025\\\/03\\\/37346ecd-b8ca-4ae4-b20d-b6c6aaa3b2dc-1.jpeg\",\"articleSection\":[\"INTERNACIONALES\"],\"inLanguage\":\"es\"},{\"@type\":\"WebPage\",\"@id\":\"https:\\\/\\\/canal7slp.tv\\\/2025\\\/sobrevive-pescador-tras-95-dias-a-la-deriva-en-el-pacifico\\\/\",\"url\":\"https:\\\/\\\/canal7slp.tv\\\/2025\\\/sobrevive-pescador-tras-95-dias-a-la-deriva-en-el-pacifico\\\/\",\"name\":\"SOBREVIVE PESCADOR, TRAS 95 D\u00cdAS A LA DERIVA EN EL PAC\u00cdFICO - Canal 7 SLP - 2025\",\"isPartOf\":{\"@id\":\"https:\\\/\\\/canal7slp.tv\\\/2025\\\/#website\"},\"primaryImageOfPage\":{\"@id\":\"https:\\\/\\\/canal7slp.tv\\\/2025\\\/sobrevive-pescador-tras-95-dias-a-la-deriva-en-el-pacifico\\\/#primaryimage\"},\"image\":{\"@id\":\"https:\\\/\\\/canal7slp.tv\\\/2025\\\/sobrevive-pescador-tras-95-dias-a-la-deriva-en-el-pacifico\\\/#primaryimage\"},\"thumbnailUrl\":\"https:\\\/\\\/canal7slp.tv\\\/2025\\\/wp-content\\\/uploads\\\/2025\\\/03\\\/37346ecd-b8ca-4ae4-b20d-b6c6aaa3b2dc-1.jpeg\",\"datePublished\":\"2025-03-16T05:15:04+00:00\",\"dateModified\":\"2025-03-16T18:15:46+00:00\",\"breadcrumb\":{\"@id\":\"https:\\\/\\\/canal7slp.tv\\\/2025\\\/sobrevive-pescador-tras-95-dias-a-la-deriva-en-el-pacifico\\\/#breadcrumb\"},\"inLanguage\":\"es\",\"potentialAction\":[{\"@type\":\"ReadAction\",\"target\":[\"https:\\\/\\\/canal7slp.tv\\\/2025\\\/sobrevive-pescador-tras-95-dias-a-la-deriva-en-el-pacifico\\\/\"]}]},{\"@type\":\"ImageObject\",\"inLanguage\":\"es\",\"@id\":\"https:\\\/\\\/canal7slp.tv\\\/2025\\\/sobrevive-pescador-tras-95-dias-a-la-deriva-en-el-pacifico\\\/#primaryimage\",\"url\":\"https:\\\/\\\/canal7slp.tv\\\/2025\\\/wp-content\\\/uploads\\\/2025\\\/03\\\/37346ecd-b8ca-4ae4-b20d-b6c6aaa3b2dc-1.jpeg\",\"contentUrl\":\"https:\\\/\\\/canal7slp.tv\\\/2025\\\/wp-content\\\/uploads\\\/2025\\\/03\\\/37346ecd-b8ca-4ae4-b20d-b6c6aaa3b2dc-1.jpeg\",\"width\":458,\"height\":473},{\"@type\":\"BreadcrumbList\",\"@id\":\"https:\\\/\\\/canal7slp.tv\\\/2025\\\/sobrevive-pescador-tras-95-dias-a-la-deriva-en-el-pacifico\\\/#breadcrumb\",\"itemListElement\":[{\"@type\":\"ListItem\",\"position\":1,\"name\":\"Portada\",\"item\":\"https:\\\/\\\/canal7slp.tv\\\/2025\\\/\"},{\"@type\":\"ListItem\",\"position\":2,\"name\":\"SOBREVIVE PESCADOR, TRAS 95 D\u00cdAS A LA DERIVA EN EL PAC\u00cdFICO\"}]},{\"@type\":\"WebSite\",\"@id\":\"https:\\\/\\\/canal7slp.tv\\\/2025\\\/#website\",\"url\":\"https:\\\/\\\/canal7slp.tv\\\/2025\\\/\",\"name\":\"N7 - Noticieros Canal 7\",\"description\":\"Somos el Medio\",\"publisher\":{\"@id\":\"https:\\\/\\\/canal7slp.tv\\\/2025\\\/#organization\"},\"potentialAction\":[{\"@type\":\"SearchAction\",\"target\":{\"@type\":\"EntryPoint\",\"urlTemplate\":\"https:\\\/\\\/canal7slp.tv\\\/2025\\\/?s={search_term_string}\"},\"query-input\":{\"@type\":\"PropertyValueSpecification\",\"valueRequired\":true,\"valueName\":\"search_term_string\"}}],\"inLanguage\":\"es\"},{\"@type\":\"Organization\",\"@id\":\"https:\\\/\\\/canal7slp.tv\\\/2025\\\/#organization\",\"name\":\"Noticieros Canal 7\",\"url\":\"https:\\\/\\\/canal7slp.tv\\\/2025\\\/\",\"logo\":{\"@type\":\"ImageObject\",\"inLanguage\":\"es\",\"@id\":\"https:\\\/\\\/canal7slp.tv\\\/2025\\\/#\\\/schema\\\/logo\\\/image\\\/\",\"url\":\"https:\\\/\\\/canal7slp.tv\\\/2025\\\/wp-content\\\/uploads\\\/2021\\\/01\\\/logo-noticieros@2x.png\",\"contentUrl\":\"https:\\\/\\\/canal7slp.tv\\\/2025\\\/wp-content\\\/uploads\\\/2021\\\/01\\\/logo-noticieros@2x.png\",\"width\":1017,\"height\":268,\"caption\":\"Noticieros Canal 7\"},\"image\":{\"@id\":\"https:\\\/\\\/canal7slp.tv\\\/2025\\\/#\\\/schema\\\/logo\\\/image\\\/\"},\"sameAs\":[\"https:\\\/\\\/www.facebook.com\\\/noticieroscanal7atencionciudadana\\\/\",\"https:\\\/\\\/x.com\\\/NOTICIEROS7\",\"https:\\\/\\\/www.instagram.com\\\/canal7_slp\",\"https:\\\/\\\/www.youtube.com\\\/channel\\\/UCliiYs-gP3JfJeqdPrNdd5A\"]},{\"@type\":\"Person\",\"@id\":\"https:\\\/\\\/canal7slp.tv\\\/2025\\\/#\\\/schema\\\/person\\\/1257e7e4a3d5ac29c4732733a887970d\",\"name\":\"admin\",\"image\":{\"@type\":\"ImageObject\",\"inLanguage\":\"es\",\"@id\":\"https:\\\/\\\/secure.gravatar.com\\\/avatar\\\/d1da498ea933582ecc2b5d72a4eac16ec41c3ec04cf2dc9d46e0b557dedfd5ff?s=96&d=mm&r=g\",\"url\":\"https:\\\/\\\/secure.gravatar.com\\\/avatar\\\/d1da498ea933582ecc2b5d72a4eac16ec41c3ec04cf2dc9d46e0b557dedfd5ff?s=96&d=mm&r=g\",\"contentUrl\":\"https:\\\/\\\/secure.gravatar.com\\\/avatar\\\/d1da498ea933582ecc2b5d72a4eac16ec41c3ec04cf2dc9d46e0b557dedfd5ff?s=96&d=mm&r=g\",\"caption\":\"admin\"},\"sameAs\":[\"https:\\\/\\\/canal7slp.tv\\\/2025\"],\"url\":\"https:\\\/\\\/canal7slp.tv\\\/2025\\\/author\\\/bicefalo\\\/\"}]}<\/script>\n<!-- \/ Yoast SEO plugin. -->","yoast_head_json":{"title":"SOBREVIVE PESCADOR, TRAS 95 D\u00cdAS A LA DERIVA EN EL PAC\u00cdFICO - Canal 7 SLP - 2025","robots":{"index":"index","follow":"follow","max-snippet":"max-snippet:-1","max-image-preview":"max-image-preview:large","max-video-preview":"max-video-preview:-1"},"canonical":"https:\/\/canal7slp.tv\/2025\/sobrevive-pescador-tras-95-dias-a-la-deriva-en-el-pacifico\/","og_locale":"es_ES","og_type":"article","og_title":"SOBREVIVE PESCADOR, TRAS 95 D\u00cdAS A LA DERIVA EN EL PAC\u00cdFICO - Canal 7 SLP - 2025","og_description":"Un pescador peruano pas\u00f3 95 d\u00edas perdido en el oc\u00e9ano Pac\u00edfico. Dijo haber sobrevivido al comer cucarachas, p\u00e1jaros y tortugas. Ya se encuentra de regreso en su pa\u00eds y en breve, volver\u00eda a casa. M\u00e1ximo Napa hab\u00eda salido de pesca desde diciembre en Marcona -en la costa sur peruana-. Llevaba v\u00edveres para un viaje de dos semanas. A los 10 d\u00edas, un temporal habr\u00eda desviado el rumbo de su embarcaci\u00f3n. Su familia inici\u00f3 la b\u00fasqueda, pero patrullas mar\u00edtimas peruanas no pudieron localizarlo. Un barco pesquero ecuatoriano le descubri\u00f3 a aproximadamente mil 094 kil\u00f3metros de la costa del pa\u00eds. Estaba sumamente [&hellip;]","og_url":"https:\/\/canal7slp.tv\/2025\/sobrevive-pescador-tras-95-dias-a-la-deriva-en-el-pacifico\/","og_site_name":"Canal 7 SLP - 2025","article_publisher":"https:\/\/www.facebook.com\/noticieroscanal7atencionciudadana\/","article_published_time":"2025-03-16T05:15:04+00:00","article_modified_time":"2025-03-16T18:15:46+00:00","og_image":[{"width":458,"height":473,"url":"https:\/\/canal7slp.tv\/2025\/wp-content\/uploads\/2025\/03\/37346ecd-b8ca-4ae4-b20d-b6c6aaa3b2dc-1.jpeg","type":"image\/jpeg"}],"author":"admin","twitter_card":"summary_large_image","twitter_creator":"@NOTICIEROS7","twitter_site":"@NOTICIEROS7","twitter_misc":{"Escrito por":"admin","Tiempo de lectura":"1 minuto"},"schema":{"@context":"https:\/\/schema.org","@graph":[{"@type":"Article","@id":"https:\/\/canal7slp.tv\/2025\/sobrevive-pescador-tras-95-dias-a-la-deriva-en-el-pacifico\/#article","isPartOf":{"@id":"https:\/\/canal7slp.tv\/2025\/sobrevive-pescador-tras-95-dias-a-la-deriva-en-el-pacifico\/"},"author":{"name":"admin","@id":"https:\/\/canal7slp.tv\/2025\/#\/schema\/person\/1257e7e4a3d5ac29c4732733a887970d"},"headline":"SOBREVIVE PESCADOR, TRAS 95 D\u00cdAS A LA DERIVA EN EL PAC\u00cdFICO","datePublished":"2025-03-16T05:15:04+00:00","dateModified":"2025-03-16T18:15:46+00:00","mainEntityOfPage":{"@id":"https:\/\/canal7slp.tv\/2025\/sobrevive-pescador-tras-95-dias-a-la-deriva-en-el-pacifico\/"},"wordCount":163,"publisher":{"@id":"https:\/\/canal7slp.tv\/2025\/#organization"},"image":{"@id":"https:\/\/canal7slp.tv\/2025\/sobrevive-pescador-tras-95-dias-a-la-deriva-en-el-pacifico\/#primaryimage"},"thumbnailUrl":"https:\/\/canal7slp.tv\/2025\/wp-content\/uploads\/2025\/03\/37346ecd-b8ca-4ae4-b20d-b6c6aaa3b2dc-1.jpeg","articleSection":["INTERNACIONALES"],"inLanguage":"es"},{"@type":"WebPage","@id":"https:\/\/canal7slp.tv\/2025\/sobrevive-pescador-tras-95-dias-a-la-deriva-en-el-pacifico\/","url":"https:\/\/canal7slp.tv\/2025\/sobrevive-pescador-tras-95-dias-a-la-deriva-en-el-pacifico\/","name":"SOBREVIVE PESCADOR, TRAS 95 D\u00cdAS A LA DERIVA EN EL PAC\u00cdFICO - Canal 7 SLP - 2025","isPartOf":{"@id":"https:\/\/canal7slp.tv\/2025\/#website"},"primaryImageOfPage":{"@id":"https:\/\/canal7slp.tv\/2025\/sobrevive-pescador-tras-95-dias-a-la-deriva-en-el-pacifico\/#primaryimage"},"image":{"@id":"https:\/\/canal7slp.tv\/2025\/sobrevive-pescador-tras-95-dias-a-la-deriva-en-el-pacifico\/#primaryimage"},"thumbnailUrl":"https:\/\/canal7slp.tv\/2025\/wp-content\/uploads\/2025\/03\/37346ecd-b8ca-4ae4-b20d-b6c6aaa3b2dc-1.jpeg","datePublished":"2025-03-16T05:15:04+00:00","dateModified":"2025-03-16T18:15:46+00:00","breadcrumb":{"@id":"https:\/\/canal7slp.tv\/2025\/sobrevive-pescador-tras-95-dias-a-la-deriva-en-el-pacifico\/#breadcrumb"},"inLanguage":"es","potentialAction":[{"@type":"ReadAction","target":["https:\/\/canal7slp.tv\/2025\/sobrevive-pescador-tras-95-dias-a-la-deriva-en-el-pacifico\/"]}]},{"@type":"ImageObject","inLanguage":"es","@id":"https:\/\/canal7slp.tv\/2025\/sobrevive-pescador-tras-95-dias-a-la-deriva-en-el-pacifico\/#primaryimage","url":"https:\/\/canal7slp.tv\/2025\/wp-content\/uploads\/2025\/03\/37346ecd-b8ca-4ae4-b20d-b6c6aaa3b2dc-1.jpeg","contentUrl":"https:\/\/canal7slp.tv\/2025\/wp-content\/uploads\/2025\/03\/37346ecd-b8ca-4ae4-b20d-b6c6aaa3b2dc-1.jpeg","width":458,"height":473},{"@type":"BreadcrumbList","@id":"https:\/\/canal7slp.tv\/2025\/sobrevive-pescador-tras-95-dias-a-la-deriva-en-el-pacifico\/#breadcrumb","itemListElement":[{"@type":"ListItem","position":1,"name":"Portada","item":"https:\/\/canal7slp.tv\/2025\/"},{"@type":"ListItem","position":2,"name":"SOBREVIVE PESCADOR, TRAS 95 D\u00cdAS A LA DERIVA EN EL PAC\u00cdFICO"}]},{"@type":"WebSite","@id":"https:\/\/canal7slp.tv\/2025\/#website","url":"https:\/\/canal7slp.tv\/2025\/","name":"N7 - Noticieros Canal 7","description":"Somos el Medio","publisher":{"@id":"https:\/\/canal7slp.tv\/2025\/#organization"},"potentialAction":[{"@type":"SearchAction","target":{"@type":"EntryPoint","urlTemplate":"https:\/\/canal7slp.tv\/2025\/?s={search_term_string}"},"query-input":{"@type":"PropertyValueSpecification","valueRequired":true,"valueName":"search_term_string"}}],"inLanguage":"es"},{"@type":"Organization","@id":"https:\/\/canal7slp.tv\/2025\/#organization","name":"Noticieros Canal 7","url":"https:\/\/canal7slp.tv\/2025\/","logo":{"@type":"ImageObject","inLanguage":"es","@id":"https:\/\/canal7slp.tv\/2025\/#\/schema\/logo\/image\/","url":"https:\/\/canal7slp.tv\/2025\/wp-content\/uploads\/2021\/01\/logo-noticieros@2x.png","contentUrl":"https:\/\/canal7slp.tv\/2025\/wp-content\/uploads\/2021\/01\/logo-noticieros@2x.png","width":1017,"height":268,"caption":"Noticieros Canal 7"},"image":{"@id":"https:\/\/canal7slp.tv\/2025\/#\/schema\/logo\/image\/"},"sameAs":["https:\/\/www.facebook.com\/noticieroscanal7atencionciudadana\/","https:\/\/x.com\/NOTICIEROS7","https:\/\/www.instagram.com\/canal7_slp","https:\/\/www.youtube.com\/channel\/UCliiYs-gP3JfJeqdPrNdd5A"]},{"@type":"Person","@id":"https:\/\/canal7slp.tv\/2025\/#\/schema\/person\/1257e7e4a3d5ac29c4732733a887970d","name":"admin","image":{"@type":"ImageObject","inLanguage":"es","@id":"https:\/\/secure.gravatar.com\/avatar\/d1da498ea933582ecc2b5d72a4eac16ec41c3ec04cf2dc9d46e0b557dedfd5ff?s=96&d=mm&r=g","url":"https:\/\/secure.gravatar.com\/avatar\/d1da498ea933582ecc2b5d72a4eac16ec41c3ec04cf2dc9d46e0b557dedfd5ff?s=96&d=mm&r=g","contentUrl":"https:\/\/secure.gravatar.com\/avatar\/d1da498ea933582ecc2b5d72a4eac16ec41c3ec04cf2dc9d46e0b557dedfd5ff?s=96&d=mm&r=g","caption":"admin"},"sameAs":["https:\/\/canal7slp.tv\/2025"],"url":"https:\/\/canal7slp.tv\/2025\/author\/bicefalo\/"}]}},"_links":{"self":[{"href":"https:\/\/canal7slp.tv\/2025\/wp-json\/wp\/v2\/posts\/161005","targetHints":{"allow":["GET"]}}],"collection":[{"href":"https:\/\/canal7slp.tv\/2025\/wp-json\/wp\/v2\/posts"}],"about":[{"href":"https:\/\/canal7slp.tv\/2025\/wp-json\/wp\/v2\/types\/post"}],"author":[{"embeddable":true,"href":"https:\/\/canal7slp.tv\/2025\/wp-json\/wp\/v2\/users\/1"}],"replies":[{"embeddable":true,"href":"https:\/\/canal7slp.tv\/2025\/wp-json\/wp\/v2\/comments?post=161005"}],"version-history":[{"count":1,"href":"https:\/\/canal7slp.tv\/2025\/wp-json\/wp\/v2\/posts\/161005\/revisions"}],"predecessor-version":[{"id":161007,"href":"https:\/\/canal7slp.tv\/2025\/wp-json\/wp\/v2\/posts\/161005\/revisions\/161007"}],"wp:featuredmedia":[{"embeddable":true,"href":"https:\/\/canal7slp.tv\/2025\/wp-json\/wp\/v2\/media\/161006"}],"wp:attachment":[{"href":"https:\/\/canal7slp.tv\/2025\/wp-json\/wp\/v2\/media?parent=161005"}],"wp:term":[{"taxonomy":"category","embeddable":true,"href":"https:\/\/canal7slp.tv\/2025\/wp-json\/wp\/v2\/categories?post=161005"},{"taxonomy":"post_tag","embeddable":true,"href":"https:\/\/canal7slp.tv\/2025\/wp-json\/wp\/v2\/tags?post=161005"}],"curies":[{"name":"wp","href":"https:\/\/api.w.org\/{rel}","templated":true}]}}