{"id":161002,"date":"2025-03-15T22:14:05","date_gmt":"2025-03-16T04:14:05","guid":{"rendered":"https:\/\/canal7slp.tv\/2025\/?p=161002"},"modified":"2025-03-16T12:16:05","modified_gmt":"2025-03-16T18:16:05","slug":"protesta-estudiantado-de-institucion-privada-de-monterrey-por-presunto-encubrimiento-de-caso-de-abuso-sexual","status":"publish","type":"post","link":"https:\/\/canal7slp.tv\/2025\/protesta-estudiantado-de-institucion-privada-de-monterrey-por-presunto-encubrimiento-de-caso-de-abuso-sexual\/","title":{"rendered":"PROTESTA ESTUDIANTADO DE INSTITUCI\u00d3N PRIVADA DE MONTERREY POR PRESUNTO ENCUBRIMIENTO DE CASO DE ABUSO SEXUAL"},"content":{"rendered":"<blockquote><p>Estudiantes de la preparatoria TecMilenio en Monterrey, Nuevo Le\u00f3n, protestaron en el plantel por un supuesto caso de abuso sexual en las instalaciones.<\/p><\/blockquote>\n<p>Al parecer ser\u00eda en agravio de un joven de 16 a\u00f1os, identificado como \u201cRudy\u201d.<\/p>\n<p>De acuerdo con alumnado que se congreg\u00f3 fuera de la escuela, Rudy tiene una condici\u00f3n de TDAH (Trastorno por D\u00e9ficit de Atenci\u00f3n e Hiperactividad).<\/p>\n<p>Supuestamente fue atacado por cinco de sus compa\u00f1eros en un ba\u00f1o del plantel.<\/p>\n<p>Durante la protesta, alumnado se\u00f1al\u00f3 que Rudy intent\u00f3 defenderse y golpe\u00f3 a uno de los probables agresores.<\/p>\n<p>En la instituci\u00f3n educativa se decidi\u00f3 suspender tres d\u00edas a la v\u00edctima tres d\u00edas por golpear al presunto agresor -raz\u00f3n por la que acusaron a los directivos de encubrimiento-.<\/p>\n<p>J\u00f3venes se\u00f1alados de atacar a Rudy continuaron en clases, como rutina normal.<\/p>\n<p>Por ello, estudiantado se manifest\u00f3 contra directivos de la escuela y form\u00f3 el movimiento Justicia para Rudy.<\/p>\n","protected":false},"excerpt":{"rendered":"<p>Estudiantes de la preparatoria TecMilenio en Monterrey, Nuevo Le\u00f3n, protestaron en el plantel por un supuesto caso de abuso sexual en las instalaciones. Al parecer ser\u00eda en agravio de un joven de 16 a\u00f1os, identificado como \u201cRudy\u201d. De acuerdo con alumnado que se congreg\u00f3 fuera de la escuela, Rudy tiene una condici\u00f3n de TDAH (Trastorno por D\u00e9ficit de Atenci\u00f3n e Hiperactividad). Supuestamente fue atacado por cinco de sus compa\u00f1eros en un ba\u00f1o del plantel. Durante la protesta, alumnado se\u00f1al\u00f3 que Rudy intent\u00f3 defenderse y golpe\u00f3 a uno de los probables agresores. En la instituci\u00f3n educativa se decidi\u00f3 suspender tres d\u00edas [&hellip;]<\/p>\n","protected":false},"author":1,"featured_media":161003,"comment_status":"closed","ping_status":"closed","sticky":false,"template":"","format":"standard","meta":{"_monsterinsights_skip_tracking":false,"_monsterinsights_sitenote_active":false,"_monsterinsights_sitenote_note":"","_monsterinsights_sitenote_category":0,"footnotes":""},"categories":[46],"tags":[],"class_list":["post-161002","post","type-post","status-publish","format-standard","has-post-thumbnail","hentry","category-nacional","post--single"],"yoast_head":"<!-- This site is optimized with the Yoast SEO plugin v27.4 - https:\/\/yoast.com\/product\/yoast-seo-wordpress\/ -->\n<title>PROTESTA ESTUDIANTADO DE INSTITUCI\u00d3N PRIVADA DE MONTERREY POR PRESUNTO ENCUBRIMIENTO DE CASO DE ABUSO SEXUAL - Canal 7 SLP - 2025<\/title>\n<meta name=\"robots\" content=\"index, follow, max-snippet:-1, max-image-preview:large, max-video-preview:-1\" \/>\n<link rel=\"canonical\" href=\"https:\/\/canal7slp.tv\/2025\/protesta-estudiantado-de-institucion-privada-de-monterrey-por-presunto-encubrimiento-de-caso-de-abuso-sexual\/\" \/>\n<meta property=\"og:locale\" content=\"es_ES\" \/>\n<meta property=\"og:type\" content=\"article\" \/>\n<meta property=\"og:title\" content=\"PROTESTA ESTUDIANTADO DE INSTITUCI\u00d3N PRIVADA DE MONTERREY POR PRESUNTO ENCUBRIMIENTO DE CASO DE ABUSO SEXUAL - Canal 7 SLP - 2025\" \/>\n<meta property=\"og:description\" content=\"Estudiantes de la preparatoria TecMilenio en Monterrey, Nuevo Le\u00f3n, protestaron en el plantel por un supuesto caso de abuso sexual en las instalaciones. Al parecer ser\u00eda en agravio de un joven de 16 a\u00f1os, identificado como \u201cRudy\u201d. De acuerdo con alumnado que se congreg\u00f3 fuera de la escuela, Rudy tiene una condici\u00f3n de TDAH (Trastorno por D\u00e9ficit de Atenci\u00f3n e Hiperactividad). Supuestamente fue atacado por cinco de sus compa\u00f1eros en un ba\u00f1o del plantel. Durante la protesta, alumnado se\u00f1al\u00f3 que Rudy intent\u00f3 defenderse y golpe\u00f3 a uno de los probables agresores. En la instituci\u00f3n educativa se decidi\u00f3 suspender tres d\u00edas [&hellip;]\" \/>\n<meta property=\"og:url\" content=\"https:\/\/canal7slp.tv\/2025\/protesta-estudiantado-de-institucion-privada-de-monterrey-por-presunto-encubrimiento-de-caso-de-abuso-sexual\/\" \/>\n<meta property=\"og:site_name\" content=\"Canal 7 SLP - 2025\" \/>\n<meta property=\"article:publisher\" content=\"https:\/\/www.facebook.com\/noticieroscanal7atencionciudadana\/\" \/>\n<meta property=\"article:published_time\" content=\"2025-03-16T04:14:05+00:00\" \/>\n<meta property=\"article:modified_time\" content=\"2025-03-16T18:16:05+00:00\" \/>\n<meta property=\"og:image\" content=\"https:\/\/canal7slp.tv\/2025\/wp-content\/uploads\/2025\/03\/8fcec082-59e8-4f7b-a0f9-7e198ff23023.jpeg\" \/>\n\t<meta property=\"og:image:width\" content=\"720\" \/>\n\t<meta property=\"og:image:height\" content=\"278\" \/>\n\t<meta property=\"og:image:type\" content=\"image\/jpeg\" \/>\n<meta name=\"author\" content=\"admin\" \/>\n<meta name=\"twitter:card\" content=\"summary_large_image\" \/>\n<meta name=\"twitter:creator\" content=\"@NOTICIEROS7\" \/>\n<meta name=\"twitter:site\" content=\"@NOTICIEROS7\" \/>\n<meta name=\"twitter:label1\" content=\"Escrito por\" \/>\n\t<meta name=\"twitter:data1\" content=\"admin\" \/>\n\t<meta name=\"twitter:label2\" content=\"Tiempo de lectura\" \/>\n\t<meta name=\"twitter:data2\" content=\"1 minuto\" \/>\n<script type=\"application\/ld+json\" class=\"yoast-schema-graph\">{\"@context\":\"https:\\\/\\\/schema.org\",\"@graph\":[{\"@type\":\"Article\",\"@id\":\"https:\\\/\\\/canal7slp.tv\\\/2025\\\/protesta-estudiantado-de-institucion-privada-de-monterrey-por-presunto-encubrimiento-de-caso-de-abuso-sexual\\\/#article\",\"isPartOf\":{\"@id\":\"https:\\\/\\\/canal7slp.tv\\\/2025\\\/protesta-estudiantado-de-institucion-privada-de-monterrey-por-presunto-encubrimiento-de-caso-de-abuso-sexual\\\/\"},\"author\":{\"name\":\"admin\",\"@id\":\"https:\\\/\\\/canal7slp.tv\\\/2025\\\/#\\\/schema\\\/person\\\/1257e7e4a3d5ac29c4732733a887970d\"},\"headline\":\"PROTESTA ESTUDIANTADO DE INSTITUCI\u00d3N PRIVADA DE MONTERREY POR PRESUNTO ENCUBRIMIENTO DE CASO DE ABUSO SEXUAL\",\"datePublished\":\"2025-03-16T04:14:05+00:00\",\"dateModified\":\"2025-03-16T18:16:05+00:00\",\"mainEntityOfPage\":{\"@id\":\"https:\\\/\\\/canal7slp.tv\\\/2025\\\/protesta-estudiantado-de-institucion-privada-de-monterrey-por-presunto-encubrimiento-de-caso-de-abuso-sexual\\\/\"},\"wordCount\":180,\"publisher\":{\"@id\":\"https:\\\/\\\/canal7slp.tv\\\/2025\\\/#organization\"},\"image\":{\"@id\":\"https:\\\/\\\/canal7slp.tv\\\/2025\\\/protesta-estudiantado-de-institucion-privada-de-monterrey-por-presunto-encubrimiento-de-caso-de-abuso-sexual\\\/#primaryimage\"},\"thumbnailUrl\":\"https:\\\/\\\/canal7slp.tv\\\/2025\\\/wp-content\\\/uploads\\\/2025\\\/03\\\/8fcec082-59e8-4f7b-a0f9-7e198ff23023.jpeg\",\"articleSection\":[\"NACIONALES\"],\"inLanguage\":\"es\"},{\"@type\":\"WebPage\",\"@id\":\"https:\\\/\\\/canal7slp.tv\\\/2025\\\/protesta-estudiantado-de-institucion-privada-de-monterrey-por-presunto-encubrimiento-de-caso-de-abuso-sexual\\\/\",\"url\":\"https:\\\/\\\/canal7slp.tv\\\/2025\\\/protesta-estudiantado-de-institucion-privada-de-monterrey-por-presunto-encubrimiento-de-caso-de-abuso-sexual\\\/\",\"name\":\"PROTESTA ESTUDIANTADO DE INSTITUCI\u00d3N PRIVADA DE MONTERREY POR PRESUNTO ENCUBRIMIENTO DE CASO DE ABUSO SEXUAL - Canal 7 SLP - 2025\",\"isPartOf\":{\"@id\":\"https:\\\/\\\/canal7slp.tv\\\/2025\\\/#website\"},\"primaryImageOfPage\":{\"@id\":\"https:\\\/\\\/canal7slp.tv\\\/2025\\\/protesta-estudiantado-de-institucion-privada-de-monterrey-por-presunto-encubrimiento-de-caso-de-abuso-sexual\\\/#primaryimage\"},\"image\":{\"@id\":\"https:\\\/\\\/canal7slp.tv\\\/2025\\\/protesta-estudiantado-de-institucion-privada-de-monterrey-por-presunto-encubrimiento-de-caso-de-abuso-sexual\\\/#primaryimage\"},\"thumbnailUrl\":\"https:\\\/\\\/canal7slp.tv\\\/2025\\\/wp-content\\\/uploads\\\/2025\\\/03\\\/8fcec082-59e8-4f7b-a0f9-7e198ff23023.jpeg\",\"datePublished\":\"2025-03-16T04:14:05+00:00\",\"dateModified\":\"2025-03-16T18:16:05+00:00\",\"breadcrumb\":{\"@id\":\"https:\\\/\\\/canal7slp.tv\\\/2025\\\/protesta-estudiantado-de-institucion-privada-de-monterrey-por-presunto-encubrimiento-de-caso-de-abuso-sexual\\\/#breadcrumb\"},\"inLanguage\":\"es\",\"potentialAction\":[{\"@type\":\"ReadAction\",\"target\":[\"https:\\\/\\\/canal7slp.tv\\\/2025\\\/protesta-estudiantado-de-institucion-privada-de-monterrey-por-presunto-encubrimiento-de-caso-de-abuso-sexual\\\/\"]}]},{\"@type\":\"ImageObject\",\"inLanguage\":\"es\",\"@id\":\"https:\\\/\\\/canal7slp.tv\\\/2025\\\/protesta-estudiantado-de-institucion-privada-de-monterrey-por-presunto-encubrimiento-de-caso-de-abuso-sexual\\\/#primaryimage\",\"url\":\"https:\\\/\\\/canal7slp.tv\\\/2025\\\/wp-content\\\/uploads\\\/2025\\\/03\\\/8fcec082-59e8-4f7b-a0f9-7e198ff23023.jpeg\",\"contentUrl\":\"https:\\\/\\\/canal7slp.tv\\\/2025\\\/wp-content\\\/uploads\\\/2025\\\/03\\\/8fcec082-59e8-4f7b-a0f9-7e198ff23023.jpeg\",\"width\":720,\"height\":278},{\"@type\":\"BreadcrumbList\",\"@id\":\"https:\\\/\\\/canal7slp.tv\\\/2025\\\/protesta-estudiantado-de-institucion-privada-de-monterrey-por-presunto-encubrimiento-de-caso-de-abuso-sexual\\\/#breadcrumb\",\"itemListElement\":[{\"@type\":\"ListItem\",\"position\":1,\"name\":\"Portada\",\"item\":\"https:\\\/\\\/canal7slp.tv\\\/2025\\\/\"},{\"@type\":\"ListItem\",\"position\":2,\"name\":\"PROTESTA ESTUDIANTADO DE INSTITUCI\u00d3N PRIVADA DE MONTERREY POR PRESUNTO ENCUBRIMIENTO DE CASO DE ABUSO SEXUAL\"}]},{\"@type\":\"WebSite\",\"@id\":\"https:\\\/\\\/canal7slp.tv\\\/2025\\\/#website\",\"url\":\"https:\\\/\\\/canal7slp.tv\\\/2025\\\/\",\"name\":\"N7 - Noticieros Canal 7\",\"description\":\"Somos el Medio\",\"publisher\":{\"@id\":\"https:\\\/\\\/canal7slp.tv\\\/2025\\\/#organization\"},\"potentialAction\":[{\"@type\":\"SearchAction\",\"target\":{\"@type\":\"EntryPoint\",\"urlTemplate\":\"https:\\\/\\\/canal7slp.tv\\\/2025\\\/?s={search_term_string}\"},\"query-input\":{\"@type\":\"PropertyValueSpecification\",\"valueRequired\":true,\"valueName\":\"search_term_string\"}}],\"inLanguage\":\"es\"},{\"@type\":\"Organization\",\"@id\":\"https:\\\/\\\/canal7slp.tv\\\/2025\\\/#organization\",\"name\":\"Noticieros Canal 7\",\"url\":\"https:\\\/\\\/canal7slp.tv\\\/2025\\\/\",\"logo\":{\"@type\":\"ImageObject\",\"inLanguage\":\"es\",\"@id\":\"https:\\\/\\\/canal7slp.tv\\\/2025\\\/#\\\/schema\\\/logo\\\/image\\\/\",\"url\":\"https:\\\/\\\/canal7slp.tv\\\/2025\\\/wp-content\\\/uploads\\\/2021\\\/01\\\/logo-noticieros@2x.png\",\"contentUrl\":\"https:\\\/\\\/canal7slp.tv\\\/2025\\\/wp-content\\\/uploads\\\/2021\\\/01\\\/logo-noticieros@2x.png\",\"width\":1017,\"height\":268,\"caption\":\"Noticieros Canal 7\"},\"image\":{\"@id\":\"https:\\\/\\\/canal7slp.tv\\\/2025\\\/#\\\/schema\\\/logo\\\/image\\\/\"},\"sameAs\":[\"https:\\\/\\\/www.facebook.com\\\/noticieroscanal7atencionciudadana\\\/\",\"https:\\\/\\\/x.com\\\/NOTICIEROS7\",\"https:\\\/\\\/www.instagram.com\\\/canal7_slp\",\"https:\\\/\\\/www.youtube.com\\\/channel\\\/UCliiYs-gP3JfJeqdPrNdd5A\"]},{\"@type\":\"Person\",\"@id\":\"https:\\\/\\\/canal7slp.tv\\\/2025\\\/#\\\/schema\\\/person\\\/1257e7e4a3d5ac29c4732733a887970d\",\"name\":\"admin\",\"image\":{\"@type\":\"ImageObject\",\"inLanguage\":\"es\",\"@id\":\"https:\\\/\\\/secure.gravatar.com\\\/avatar\\\/d1da498ea933582ecc2b5d72a4eac16ec41c3ec04cf2dc9d46e0b557dedfd5ff?s=96&d=mm&r=g\",\"url\":\"https:\\\/\\\/secure.gravatar.com\\\/avatar\\\/d1da498ea933582ecc2b5d72a4eac16ec41c3ec04cf2dc9d46e0b557dedfd5ff?s=96&d=mm&r=g\",\"contentUrl\":\"https:\\\/\\\/secure.gravatar.com\\\/avatar\\\/d1da498ea933582ecc2b5d72a4eac16ec41c3ec04cf2dc9d46e0b557dedfd5ff?s=96&d=mm&r=g\",\"caption\":\"admin\"},\"sameAs\":[\"https:\\\/\\\/canal7slp.tv\\\/2025\"],\"url\":\"https:\\\/\\\/canal7slp.tv\\\/2025\\\/author\\\/bicefalo\\\/\"}]}<\/script>\n<!-- \/ Yoast SEO plugin. -->","yoast_head_json":{"title":"PROTESTA ESTUDIANTADO DE INSTITUCI\u00d3N PRIVADA DE MONTERREY POR PRESUNTO ENCUBRIMIENTO DE CASO DE ABUSO SEXUAL - Canal 7 SLP - 2025","robots":{"index":"index","follow":"follow","max-snippet":"max-snippet:-1","max-image-preview":"max-image-preview:large","max-video-preview":"max-video-preview:-1"},"canonical":"https:\/\/canal7slp.tv\/2025\/protesta-estudiantado-de-institucion-privada-de-monterrey-por-presunto-encubrimiento-de-caso-de-abuso-sexual\/","og_locale":"es_ES","og_type":"article","og_title":"PROTESTA ESTUDIANTADO DE INSTITUCI\u00d3N PRIVADA DE MONTERREY POR PRESUNTO ENCUBRIMIENTO DE CASO DE ABUSO SEXUAL - Canal 7 SLP - 2025","og_description":"Estudiantes de la preparatoria TecMilenio en Monterrey, Nuevo Le\u00f3n, protestaron en el plantel por un supuesto caso de abuso sexual en las instalaciones. Al parecer ser\u00eda en agravio de un joven de 16 a\u00f1os, identificado como \u201cRudy\u201d. De acuerdo con alumnado que se congreg\u00f3 fuera de la escuela, Rudy tiene una condici\u00f3n de TDAH (Trastorno por D\u00e9ficit de Atenci\u00f3n e Hiperactividad). Supuestamente fue atacado por cinco de sus compa\u00f1eros en un ba\u00f1o del plantel. Durante la protesta, alumnado se\u00f1al\u00f3 que Rudy intent\u00f3 defenderse y golpe\u00f3 a uno de los probables agresores. En la instituci\u00f3n educativa se decidi\u00f3 suspender tres d\u00edas [&hellip;]","og_url":"https:\/\/canal7slp.tv\/2025\/protesta-estudiantado-de-institucion-privada-de-monterrey-por-presunto-encubrimiento-de-caso-de-abuso-sexual\/","og_site_name":"Canal 7 SLP - 2025","article_publisher":"https:\/\/www.facebook.com\/noticieroscanal7atencionciudadana\/","article_published_time":"2025-03-16T04:14:05+00:00","article_modified_time":"2025-03-16T18:16:05+00:00","og_image":[{"width":720,"height":278,"url":"https:\/\/canal7slp.tv\/2025\/wp-content\/uploads\/2025\/03\/8fcec082-59e8-4f7b-a0f9-7e198ff23023.jpeg","type":"image\/jpeg"}],"author":"admin","twitter_card":"summary_large_image","twitter_creator":"@NOTICIEROS7","twitter_site":"@NOTICIEROS7","twitter_misc":{"Escrito por":"admin","Tiempo de lectura":"1 minuto"},"schema":{"@context":"https:\/\/schema.org","@graph":[{"@type":"Article","@id":"https:\/\/canal7slp.tv\/2025\/protesta-estudiantado-de-institucion-privada-de-monterrey-por-presunto-encubrimiento-de-caso-de-abuso-sexual\/#article","isPartOf":{"@id":"https:\/\/canal7slp.tv\/2025\/protesta-estudiantado-de-institucion-privada-de-monterrey-por-presunto-encubrimiento-de-caso-de-abuso-sexual\/"},"author":{"name":"admin","@id":"https:\/\/canal7slp.tv\/2025\/#\/schema\/person\/1257e7e4a3d5ac29c4732733a887970d"},"headline":"PROTESTA ESTUDIANTADO DE INSTITUCI\u00d3N PRIVADA DE MONTERREY POR PRESUNTO ENCUBRIMIENTO DE CASO DE ABUSO SEXUAL","datePublished":"2025-03-16T04:14:05+00:00","dateModified":"2025-03-16T18:16:05+00:00","mainEntityOfPage":{"@id":"https:\/\/canal7slp.tv\/2025\/protesta-estudiantado-de-institucion-privada-de-monterrey-por-presunto-encubrimiento-de-caso-de-abuso-sexual\/"},"wordCount":180,"publisher":{"@id":"https:\/\/canal7slp.tv\/2025\/#organization"},"image":{"@id":"https:\/\/canal7slp.tv\/2025\/protesta-estudiantado-de-institucion-privada-de-monterrey-por-presunto-encubrimiento-de-caso-de-abuso-sexual\/#primaryimage"},"thumbnailUrl":"https:\/\/canal7slp.tv\/2025\/wp-content\/uploads\/2025\/03\/8fcec082-59e8-4f7b-a0f9-7e198ff23023.jpeg","articleSection":["NACIONALES"],"inLanguage":"es"},{"@type":"WebPage","@id":"https:\/\/canal7slp.tv\/2025\/protesta-estudiantado-de-institucion-privada-de-monterrey-por-presunto-encubrimiento-de-caso-de-abuso-sexual\/","url":"https:\/\/canal7slp.tv\/2025\/protesta-estudiantado-de-institucion-privada-de-monterrey-por-presunto-encubrimiento-de-caso-de-abuso-sexual\/","name":"PROTESTA ESTUDIANTADO DE INSTITUCI\u00d3N PRIVADA DE MONTERREY POR PRESUNTO ENCUBRIMIENTO DE CASO DE ABUSO SEXUAL - Canal 7 SLP - 2025","isPartOf":{"@id":"https:\/\/canal7slp.tv\/2025\/#website"},"primaryImageOfPage":{"@id":"https:\/\/canal7slp.tv\/2025\/protesta-estudiantado-de-institucion-privada-de-monterrey-por-presunto-encubrimiento-de-caso-de-abuso-sexual\/#primaryimage"},"image":{"@id":"https:\/\/canal7slp.tv\/2025\/protesta-estudiantado-de-institucion-privada-de-monterrey-por-presunto-encubrimiento-de-caso-de-abuso-sexual\/#primaryimage"},"thumbnailUrl":"https:\/\/canal7slp.tv\/2025\/wp-content\/uploads\/2025\/03\/8fcec082-59e8-4f7b-a0f9-7e198ff23023.jpeg","datePublished":"2025-03-16T04:14:05+00:00","dateModified":"2025-03-16T18:16:05+00:00","breadcrumb":{"@id":"https:\/\/canal7slp.tv\/2025\/protesta-estudiantado-de-institucion-privada-de-monterrey-por-presunto-encubrimiento-de-caso-de-abuso-sexual\/#breadcrumb"},"inLanguage":"es","potentialAction":[{"@type":"ReadAction","target":["https:\/\/canal7slp.tv\/2025\/protesta-estudiantado-de-institucion-privada-de-monterrey-por-presunto-encubrimiento-de-caso-de-abuso-sexual\/"]}]},{"@type":"ImageObject","inLanguage":"es","@id":"https:\/\/canal7slp.tv\/2025\/protesta-estudiantado-de-institucion-privada-de-monterrey-por-presunto-encubrimiento-de-caso-de-abuso-sexual\/#primaryimage","url":"https:\/\/canal7slp.tv\/2025\/wp-content\/uploads\/2025\/03\/8fcec082-59e8-4f7b-a0f9-7e198ff23023.jpeg","contentUrl":"https:\/\/canal7slp.tv\/2025\/wp-content\/uploads\/2025\/03\/8fcec082-59e8-4f7b-a0f9-7e198ff23023.jpeg","width":720,"height":278},{"@type":"BreadcrumbList","@id":"https:\/\/canal7slp.tv\/2025\/protesta-estudiantado-de-institucion-privada-de-monterrey-por-presunto-encubrimiento-de-caso-de-abuso-sexual\/#breadcrumb","itemListElement":[{"@type":"ListItem","position":1,"name":"Portada","item":"https:\/\/canal7slp.tv\/2025\/"},{"@type":"ListItem","position":2,"name":"PROTESTA ESTUDIANTADO DE INSTITUCI\u00d3N PRIVADA DE MONTERREY POR PRESUNTO ENCUBRIMIENTO DE CASO DE ABUSO SEXUAL"}]},{"@type":"WebSite","@id":"https:\/\/canal7slp.tv\/2025\/#website","url":"https:\/\/canal7slp.tv\/2025\/","name":"N7 - Noticieros Canal 7","description":"Somos el Medio","publisher":{"@id":"https:\/\/canal7slp.tv\/2025\/#organization"},"potentialAction":[{"@type":"SearchAction","target":{"@type":"EntryPoint","urlTemplate":"https:\/\/canal7slp.tv\/2025\/?s={search_term_string}"},"query-input":{"@type":"PropertyValueSpecification","valueRequired":true,"valueName":"search_term_string"}}],"inLanguage":"es"},{"@type":"Organization","@id":"https:\/\/canal7slp.tv\/2025\/#organization","name":"Noticieros Canal 7","url":"https:\/\/canal7slp.tv\/2025\/","logo":{"@type":"ImageObject","inLanguage":"es","@id":"https:\/\/canal7slp.tv\/2025\/#\/schema\/logo\/image\/","url":"https:\/\/canal7slp.tv\/2025\/wp-content\/uploads\/2021\/01\/logo-noticieros@2x.png","contentUrl":"https:\/\/canal7slp.tv\/2025\/wp-content\/uploads\/2021\/01\/logo-noticieros@2x.png","width":1017,"height":268,"caption":"Noticieros Canal 7"},"image":{"@id":"https:\/\/canal7slp.tv\/2025\/#\/schema\/logo\/image\/"},"sameAs":["https:\/\/www.facebook.com\/noticieroscanal7atencionciudadana\/","https:\/\/x.com\/NOTICIEROS7","https:\/\/www.instagram.com\/canal7_slp","https:\/\/www.youtube.com\/channel\/UCliiYs-gP3JfJeqdPrNdd5A"]},{"@type":"Person","@id":"https:\/\/canal7slp.tv\/2025\/#\/schema\/person\/1257e7e4a3d5ac29c4732733a887970d","name":"admin","image":{"@type":"ImageObject","inLanguage":"es","@id":"https:\/\/secure.gravatar.com\/avatar\/d1da498ea933582ecc2b5d72a4eac16ec41c3ec04cf2dc9d46e0b557dedfd5ff?s=96&d=mm&r=g","url":"https:\/\/secure.gravatar.com\/avatar\/d1da498ea933582ecc2b5d72a4eac16ec41c3ec04cf2dc9d46e0b557dedfd5ff?s=96&d=mm&r=g","contentUrl":"https:\/\/secure.gravatar.com\/avatar\/d1da498ea933582ecc2b5d72a4eac16ec41c3ec04cf2dc9d46e0b557dedfd5ff?s=96&d=mm&r=g","caption":"admin"},"sameAs":["https:\/\/canal7slp.tv\/2025"],"url":"https:\/\/canal7slp.tv\/2025\/author\/bicefalo\/"}]}},"_links":{"self":[{"href":"https:\/\/canal7slp.tv\/2025\/wp-json\/wp\/v2\/posts\/161002","targetHints":{"allow":["GET"]}}],"collection":[{"href":"https:\/\/canal7slp.tv\/2025\/wp-json\/wp\/v2\/posts"}],"about":[{"href":"https:\/\/canal7slp.tv\/2025\/wp-json\/wp\/v2\/types\/post"}],"author":[{"embeddable":true,"href":"https:\/\/canal7slp.tv\/2025\/wp-json\/wp\/v2\/users\/1"}],"replies":[{"embeddable":true,"href":"https:\/\/canal7slp.tv\/2025\/wp-json\/wp\/v2\/comments?post=161002"}],"version-history":[{"count":1,"href":"https:\/\/canal7slp.tv\/2025\/wp-json\/wp\/v2\/posts\/161002\/revisions"}],"predecessor-version":[{"id":161004,"href":"https:\/\/canal7slp.tv\/2025\/wp-json\/wp\/v2\/posts\/161002\/revisions\/161004"}],"wp:featuredmedia":[{"embeddable":true,"href":"https:\/\/canal7slp.tv\/2025\/wp-json\/wp\/v2\/media\/161003"}],"wp:attachment":[{"href":"https:\/\/canal7slp.tv\/2025\/wp-json\/wp\/v2\/media?parent=161002"}],"wp:term":[{"taxonomy":"category","embeddable":true,"href":"https:\/\/canal7slp.tv\/2025\/wp-json\/wp\/v2\/categories?post=161002"},{"taxonomy":"post_tag","embeddable":true,"href":"https:\/\/canal7slp.tv\/2025\/wp-json\/wp\/v2\/tags?post=161002"}],"curies":[{"name":"wp","href":"https:\/\/api.w.org\/{rel}","templated":true}]}}