{"id":160999,"date":"2025-03-15T21:45:07","date_gmt":"2025-03-16T03:45:07","guid":{"rendered":"https:\/\/canal7slp.tv\/2025\/?p=160999"},"modified":"2025-03-16T12:13:51","modified_gmt":"2025-03-16T18:13:51","slug":"el-menchito-fue-cambiado-de-centro-penitenciario-a-filadelfia","status":"publish","type":"post","link":"https:\/\/canal7slp.tv\/2025\/el-menchito-fue-cambiado-de-centro-penitenciario-a-filadelfia\/","title":{"rendered":"\u00abEL MENCHITO\u00bb FUE CAMBIADO DE CENTRO PENITENCIARIO A FILADELFIA"},"content":{"rendered":"<blockquote><p>Rub\u00e9n Oseguera Gonz\u00e1lez -tambi\u00e9n conocido como \u00abEl Menchito\u00bb- segundo al mando del C\u00e1rtel Jalisco Nueva Generaci\u00f3n (CJNG), fue trasladado de Columbia a Filadelfia para cumplir la condena de cadena perpetua.<\/p><\/blockquote>\n<p>El siete de marzo, el hijo del l\u00edder del CJNG, Nemesio Oseguera Cervantes, alias \u00abEl Mencho\u00bb, fue sentenciado en un tribunal federal de Estados Unidos a cadena perpetua -m\u00e1s 30 a\u00f1os por narcotr\u00e1fico y armas-.<\/p>\n<p>La condena fue dictada por la jueza Beryl A. Howell.<\/p>\n<p>Desde septiembre se le acus\u00f3 de conspirar para distribuir coca\u00edna y metanfetamina a Estados Unidos; as\u00ed como utilizar un arma de fuego en una conspiraci\u00f3n de drogas.<\/p>\n<p>El centro penitenciario cuenta con m\u00e1s de mil internos.<\/p>\n","protected":false},"excerpt":{"rendered":"<p>Rub\u00e9n Oseguera Gonz\u00e1lez -tambi\u00e9n conocido como \u00abEl Menchito\u00bb- segundo al mando del C\u00e1rtel Jalisco Nueva Generaci\u00f3n (CJNG), fue trasladado de Columbia a Filadelfia para cumplir la condena de cadena perpetua. El siete de marzo, el hijo del l\u00edder del CJNG, Nemesio Oseguera Cervantes, alias \u00abEl Mencho\u00bb, fue sentenciado en un tribunal federal de Estados Unidos a cadena perpetua -m\u00e1s 30 a\u00f1os por narcotr\u00e1fico y armas-. La condena fue dictada por la jueza Beryl A. Howell. Desde septiembre se le acus\u00f3 de conspirar para distribuir coca\u00edna y metanfetamina a Estados Unidos; as\u00ed como utilizar un arma de fuego en una conspiraci\u00f3n [&hellip;]<\/p>\n","protected":false},"author":1,"featured_media":161000,"comment_status":"closed","ping_status":"closed","sticky":false,"template":"","format":"standard","meta":{"_monsterinsights_skip_tracking":false,"_monsterinsights_sitenote_active":false,"_monsterinsights_sitenote_note":"","_monsterinsights_sitenote_category":0,"footnotes":""},"categories":[46],"tags":[],"class_list":["post-160999","post","type-post","status-publish","format-standard","has-post-thumbnail","hentry","category-nacional","post--single"],"yoast_head":"<!-- This site is optimized with the Yoast SEO plugin v27.4 - https:\/\/yoast.com\/product\/yoast-seo-wordpress\/ -->\n<title>&quot;EL MENCHITO&quot; FUE CAMBIADO DE CENTRO PENITENCIARIO A FILADELFIA - Canal 7 SLP - 2025<\/title>\n<meta name=\"robots\" content=\"index, follow, max-snippet:-1, max-image-preview:large, max-video-preview:-1\" \/>\n<link rel=\"canonical\" href=\"https:\/\/canal7slp.tv\/2025\/el-menchito-fue-cambiado-de-centro-penitenciario-a-filadelfia\/\" \/>\n<meta property=\"og:locale\" content=\"es_ES\" \/>\n<meta property=\"og:type\" content=\"article\" \/>\n<meta property=\"og:title\" content=\"&quot;EL MENCHITO&quot; FUE CAMBIADO DE CENTRO PENITENCIARIO A FILADELFIA - Canal 7 SLP - 2025\" \/>\n<meta property=\"og:description\" content=\"Rub\u00e9n Oseguera Gonz\u00e1lez -tambi\u00e9n conocido como \u00abEl Menchito\u00bb- segundo al mando del C\u00e1rtel Jalisco Nueva Generaci\u00f3n (CJNG), fue trasladado de Columbia a Filadelfia para cumplir la condena de cadena perpetua. El siete de marzo, el hijo del l\u00edder del CJNG, Nemesio Oseguera Cervantes, alias \u00abEl Mencho\u00bb, fue sentenciado en un tribunal federal de Estados Unidos a cadena perpetua -m\u00e1s 30 a\u00f1os por narcotr\u00e1fico y armas-. La condena fue dictada por la jueza Beryl A. Howell. Desde septiembre se le acus\u00f3 de conspirar para distribuir coca\u00edna y metanfetamina a Estados Unidos; as\u00ed como utilizar un arma de fuego en una conspiraci\u00f3n [&hellip;]\" \/>\n<meta property=\"og:url\" content=\"https:\/\/canal7slp.tv\/2025\/el-menchito-fue-cambiado-de-centro-penitenciario-a-filadelfia\/\" \/>\n<meta property=\"og:site_name\" content=\"Canal 7 SLP - 2025\" \/>\n<meta property=\"article:publisher\" content=\"https:\/\/www.facebook.com\/noticieroscanal7atencionciudadana\/\" \/>\n<meta property=\"article:published_time\" content=\"2025-03-16T03:45:07+00:00\" \/>\n<meta property=\"article:modified_time\" content=\"2025-03-16T18:13:51+00:00\" \/>\n<meta property=\"og:image\" content=\"https:\/\/canal7slp.tv\/2025\/wp-content\/uploads\/2025\/03\/1447aad1-f30d-4e36-9fc1-9c3e686f4f9b.jpeg\" \/>\n\t<meta property=\"og:image:width\" content=\"519\" \/>\n\t<meta property=\"og:image:height\" content=\"274\" \/>\n\t<meta property=\"og:image:type\" content=\"image\/jpeg\" \/>\n<meta name=\"author\" content=\"admin\" \/>\n<meta name=\"twitter:card\" content=\"summary_large_image\" \/>\n<meta name=\"twitter:creator\" content=\"@NOTICIEROS7\" \/>\n<meta name=\"twitter:site\" content=\"@NOTICIEROS7\" \/>\n<meta name=\"twitter:label1\" content=\"Escrito por\" \/>\n\t<meta name=\"twitter:data1\" content=\"admin\" \/>\n\t<meta name=\"twitter:label2\" content=\"Tiempo de lectura\" \/>\n\t<meta name=\"twitter:data2\" content=\"1 minuto\" \/>\n<script type=\"application\/ld+json\" class=\"yoast-schema-graph\">{\"@context\":\"https:\\\/\\\/schema.org\",\"@graph\":[{\"@type\":\"Article\",\"@id\":\"https:\\\/\\\/canal7slp.tv\\\/2025\\\/el-menchito-fue-cambiado-de-centro-penitenciario-a-filadelfia\\\/#article\",\"isPartOf\":{\"@id\":\"https:\\\/\\\/canal7slp.tv\\\/2025\\\/el-menchito-fue-cambiado-de-centro-penitenciario-a-filadelfia\\\/\"},\"author\":{\"name\":\"admin\",\"@id\":\"https:\\\/\\\/canal7slp.tv\\\/2025\\\/#\\\/schema\\\/person\\\/1257e7e4a3d5ac29c4732733a887970d\"},\"headline\":\"\u00abEL MENCHITO\u00bb FUE CAMBIADO DE CENTRO PENITENCIARIO A FILADELFIA\",\"datePublished\":\"2025-03-16T03:45:07+00:00\",\"dateModified\":\"2025-03-16T18:13:51+00:00\",\"mainEntityOfPage\":{\"@id\":\"https:\\\/\\\/canal7slp.tv\\\/2025\\\/el-menchito-fue-cambiado-de-centro-penitenciario-a-filadelfia\\\/\"},\"wordCount\":132,\"publisher\":{\"@id\":\"https:\\\/\\\/canal7slp.tv\\\/2025\\\/#organization\"},\"image\":{\"@id\":\"https:\\\/\\\/canal7slp.tv\\\/2025\\\/el-menchito-fue-cambiado-de-centro-penitenciario-a-filadelfia\\\/#primaryimage\"},\"thumbnailUrl\":\"https:\\\/\\\/canal7slp.tv\\\/2025\\\/wp-content\\\/uploads\\\/2025\\\/03\\\/1447aad1-f30d-4e36-9fc1-9c3e686f4f9b.jpeg\",\"articleSection\":[\"NACIONALES\"],\"inLanguage\":\"es\"},{\"@type\":\"WebPage\",\"@id\":\"https:\\\/\\\/canal7slp.tv\\\/2025\\\/el-menchito-fue-cambiado-de-centro-penitenciario-a-filadelfia\\\/\",\"url\":\"https:\\\/\\\/canal7slp.tv\\\/2025\\\/el-menchito-fue-cambiado-de-centro-penitenciario-a-filadelfia\\\/\",\"name\":\"\\\"EL MENCHITO\\\" FUE CAMBIADO DE CENTRO PENITENCIARIO A FILADELFIA - Canal 7 SLP - 2025\",\"isPartOf\":{\"@id\":\"https:\\\/\\\/canal7slp.tv\\\/2025\\\/#website\"},\"primaryImageOfPage\":{\"@id\":\"https:\\\/\\\/canal7slp.tv\\\/2025\\\/el-menchito-fue-cambiado-de-centro-penitenciario-a-filadelfia\\\/#primaryimage\"},\"image\":{\"@id\":\"https:\\\/\\\/canal7slp.tv\\\/2025\\\/el-menchito-fue-cambiado-de-centro-penitenciario-a-filadelfia\\\/#primaryimage\"},\"thumbnailUrl\":\"https:\\\/\\\/canal7slp.tv\\\/2025\\\/wp-content\\\/uploads\\\/2025\\\/03\\\/1447aad1-f30d-4e36-9fc1-9c3e686f4f9b.jpeg\",\"datePublished\":\"2025-03-16T03:45:07+00:00\",\"dateModified\":\"2025-03-16T18:13:51+00:00\",\"breadcrumb\":{\"@id\":\"https:\\\/\\\/canal7slp.tv\\\/2025\\\/el-menchito-fue-cambiado-de-centro-penitenciario-a-filadelfia\\\/#breadcrumb\"},\"inLanguage\":\"es\",\"potentialAction\":[{\"@type\":\"ReadAction\",\"target\":[\"https:\\\/\\\/canal7slp.tv\\\/2025\\\/el-menchito-fue-cambiado-de-centro-penitenciario-a-filadelfia\\\/\"]}]},{\"@type\":\"ImageObject\",\"inLanguage\":\"es\",\"@id\":\"https:\\\/\\\/canal7slp.tv\\\/2025\\\/el-menchito-fue-cambiado-de-centro-penitenciario-a-filadelfia\\\/#primaryimage\",\"url\":\"https:\\\/\\\/canal7slp.tv\\\/2025\\\/wp-content\\\/uploads\\\/2025\\\/03\\\/1447aad1-f30d-4e36-9fc1-9c3e686f4f9b.jpeg\",\"contentUrl\":\"https:\\\/\\\/canal7slp.tv\\\/2025\\\/wp-content\\\/uploads\\\/2025\\\/03\\\/1447aad1-f30d-4e36-9fc1-9c3e686f4f9b.jpeg\",\"width\":519,\"height\":274},{\"@type\":\"BreadcrumbList\",\"@id\":\"https:\\\/\\\/canal7slp.tv\\\/2025\\\/el-menchito-fue-cambiado-de-centro-penitenciario-a-filadelfia\\\/#breadcrumb\",\"itemListElement\":[{\"@type\":\"ListItem\",\"position\":1,\"name\":\"Portada\",\"item\":\"https:\\\/\\\/canal7slp.tv\\\/2025\\\/\"},{\"@type\":\"ListItem\",\"position\":2,\"name\":\"\u00abEL MENCHITO\u00bb FUE CAMBIADO DE CENTRO PENITENCIARIO A FILADELFIA\"}]},{\"@type\":\"WebSite\",\"@id\":\"https:\\\/\\\/canal7slp.tv\\\/2025\\\/#website\",\"url\":\"https:\\\/\\\/canal7slp.tv\\\/2025\\\/\",\"name\":\"N7 - Noticieros Canal 7\",\"description\":\"Somos el Medio\",\"publisher\":{\"@id\":\"https:\\\/\\\/canal7slp.tv\\\/2025\\\/#organization\"},\"potentialAction\":[{\"@type\":\"SearchAction\",\"target\":{\"@type\":\"EntryPoint\",\"urlTemplate\":\"https:\\\/\\\/canal7slp.tv\\\/2025\\\/?s={search_term_string}\"},\"query-input\":{\"@type\":\"PropertyValueSpecification\",\"valueRequired\":true,\"valueName\":\"search_term_string\"}}],\"inLanguage\":\"es\"},{\"@type\":\"Organization\",\"@id\":\"https:\\\/\\\/canal7slp.tv\\\/2025\\\/#organization\",\"name\":\"Noticieros Canal 7\",\"url\":\"https:\\\/\\\/canal7slp.tv\\\/2025\\\/\",\"logo\":{\"@type\":\"ImageObject\",\"inLanguage\":\"es\",\"@id\":\"https:\\\/\\\/canal7slp.tv\\\/2025\\\/#\\\/schema\\\/logo\\\/image\\\/\",\"url\":\"https:\\\/\\\/canal7slp.tv\\\/2025\\\/wp-content\\\/uploads\\\/2021\\\/01\\\/logo-noticieros@2x.png\",\"contentUrl\":\"https:\\\/\\\/canal7slp.tv\\\/2025\\\/wp-content\\\/uploads\\\/2021\\\/01\\\/logo-noticieros@2x.png\",\"width\":1017,\"height\":268,\"caption\":\"Noticieros Canal 7\"},\"image\":{\"@id\":\"https:\\\/\\\/canal7slp.tv\\\/2025\\\/#\\\/schema\\\/logo\\\/image\\\/\"},\"sameAs\":[\"https:\\\/\\\/www.facebook.com\\\/noticieroscanal7atencionciudadana\\\/\",\"https:\\\/\\\/x.com\\\/NOTICIEROS7\",\"https:\\\/\\\/www.instagram.com\\\/canal7_slp\",\"https:\\\/\\\/www.youtube.com\\\/channel\\\/UCliiYs-gP3JfJeqdPrNdd5A\"]},{\"@type\":\"Person\",\"@id\":\"https:\\\/\\\/canal7slp.tv\\\/2025\\\/#\\\/schema\\\/person\\\/1257e7e4a3d5ac29c4732733a887970d\",\"name\":\"admin\",\"image\":{\"@type\":\"ImageObject\",\"inLanguage\":\"es\",\"@id\":\"https:\\\/\\\/secure.gravatar.com\\\/avatar\\\/d1da498ea933582ecc2b5d72a4eac16ec41c3ec04cf2dc9d46e0b557dedfd5ff?s=96&d=mm&r=g\",\"url\":\"https:\\\/\\\/secure.gravatar.com\\\/avatar\\\/d1da498ea933582ecc2b5d72a4eac16ec41c3ec04cf2dc9d46e0b557dedfd5ff?s=96&d=mm&r=g\",\"contentUrl\":\"https:\\\/\\\/secure.gravatar.com\\\/avatar\\\/d1da498ea933582ecc2b5d72a4eac16ec41c3ec04cf2dc9d46e0b557dedfd5ff?s=96&d=mm&r=g\",\"caption\":\"admin\"},\"sameAs\":[\"https:\\\/\\\/canal7slp.tv\\\/2025\"],\"url\":\"https:\\\/\\\/canal7slp.tv\\\/2025\\\/author\\\/bicefalo\\\/\"}]}<\/script>\n<!-- \/ Yoast SEO plugin. -->","yoast_head_json":{"title":"\"EL MENCHITO\" FUE CAMBIADO DE CENTRO PENITENCIARIO A FILADELFIA - Canal 7 SLP - 2025","robots":{"index":"index","follow":"follow","max-snippet":"max-snippet:-1","max-image-preview":"max-image-preview:large","max-video-preview":"max-video-preview:-1"},"canonical":"https:\/\/canal7slp.tv\/2025\/el-menchito-fue-cambiado-de-centro-penitenciario-a-filadelfia\/","og_locale":"es_ES","og_type":"article","og_title":"\"EL MENCHITO\" FUE CAMBIADO DE CENTRO PENITENCIARIO A FILADELFIA - Canal 7 SLP - 2025","og_description":"Rub\u00e9n Oseguera Gonz\u00e1lez -tambi\u00e9n conocido como \u00abEl Menchito\u00bb- segundo al mando del C\u00e1rtel Jalisco Nueva Generaci\u00f3n (CJNG), fue trasladado de Columbia a Filadelfia para cumplir la condena de cadena perpetua. El siete de marzo, el hijo del l\u00edder del CJNG, Nemesio Oseguera Cervantes, alias \u00abEl Mencho\u00bb, fue sentenciado en un tribunal federal de Estados Unidos a cadena perpetua -m\u00e1s 30 a\u00f1os por narcotr\u00e1fico y armas-. La condena fue dictada por la jueza Beryl A. Howell. Desde septiembre se le acus\u00f3 de conspirar para distribuir coca\u00edna y metanfetamina a Estados Unidos; as\u00ed como utilizar un arma de fuego en una conspiraci\u00f3n [&hellip;]","og_url":"https:\/\/canal7slp.tv\/2025\/el-menchito-fue-cambiado-de-centro-penitenciario-a-filadelfia\/","og_site_name":"Canal 7 SLP - 2025","article_publisher":"https:\/\/www.facebook.com\/noticieroscanal7atencionciudadana\/","article_published_time":"2025-03-16T03:45:07+00:00","article_modified_time":"2025-03-16T18:13:51+00:00","og_image":[{"width":519,"height":274,"url":"https:\/\/canal7slp.tv\/2025\/wp-content\/uploads\/2025\/03\/1447aad1-f30d-4e36-9fc1-9c3e686f4f9b.jpeg","type":"image\/jpeg"}],"author":"admin","twitter_card":"summary_large_image","twitter_creator":"@NOTICIEROS7","twitter_site":"@NOTICIEROS7","twitter_misc":{"Escrito por":"admin","Tiempo de lectura":"1 minuto"},"schema":{"@context":"https:\/\/schema.org","@graph":[{"@type":"Article","@id":"https:\/\/canal7slp.tv\/2025\/el-menchito-fue-cambiado-de-centro-penitenciario-a-filadelfia\/#article","isPartOf":{"@id":"https:\/\/canal7slp.tv\/2025\/el-menchito-fue-cambiado-de-centro-penitenciario-a-filadelfia\/"},"author":{"name":"admin","@id":"https:\/\/canal7slp.tv\/2025\/#\/schema\/person\/1257e7e4a3d5ac29c4732733a887970d"},"headline":"\u00abEL MENCHITO\u00bb FUE CAMBIADO DE CENTRO PENITENCIARIO A FILADELFIA","datePublished":"2025-03-16T03:45:07+00:00","dateModified":"2025-03-16T18:13:51+00:00","mainEntityOfPage":{"@id":"https:\/\/canal7slp.tv\/2025\/el-menchito-fue-cambiado-de-centro-penitenciario-a-filadelfia\/"},"wordCount":132,"publisher":{"@id":"https:\/\/canal7slp.tv\/2025\/#organization"},"image":{"@id":"https:\/\/canal7slp.tv\/2025\/el-menchito-fue-cambiado-de-centro-penitenciario-a-filadelfia\/#primaryimage"},"thumbnailUrl":"https:\/\/canal7slp.tv\/2025\/wp-content\/uploads\/2025\/03\/1447aad1-f30d-4e36-9fc1-9c3e686f4f9b.jpeg","articleSection":["NACIONALES"],"inLanguage":"es"},{"@type":"WebPage","@id":"https:\/\/canal7slp.tv\/2025\/el-menchito-fue-cambiado-de-centro-penitenciario-a-filadelfia\/","url":"https:\/\/canal7slp.tv\/2025\/el-menchito-fue-cambiado-de-centro-penitenciario-a-filadelfia\/","name":"\"EL MENCHITO\" FUE CAMBIADO DE CENTRO PENITENCIARIO A FILADELFIA - Canal 7 SLP - 2025","isPartOf":{"@id":"https:\/\/canal7slp.tv\/2025\/#website"},"primaryImageOfPage":{"@id":"https:\/\/canal7slp.tv\/2025\/el-menchito-fue-cambiado-de-centro-penitenciario-a-filadelfia\/#primaryimage"},"image":{"@id":"https:\/\/canal7slp.tv\/2025\/el-menchito-fue-cambiado-de-centro-penitenciario-a-filadelfia\/#primaryimage"},"thumbnailUrl":"https:\/\/canal7slp.tv\/2025\/wp-content\/uploads\/2025\/03\/1447aad1-f30d-4e36-9fc1-9c3e686f4f9b.jpeg","datePublished":"2025-03-16T03:45:07+00:00","dateModified":"2025-03-16T18:13:51+00:00","breadcrumb":{"@id":"https:\/\/canal7slp.tv\/2025\/el-menchito-fue-cambiado-de-centro-penitenciario-a-filadelfia\/#breadcrumb"},"inLanguage":"es","potentialAction":[{"@type":"ReadAction","target":["https:\/\/canal7slp.tv\/2025\/el-menchito-fue-cambiado-de-centro-penitenciario-a-filadelfia\/"]}]},{"@type":"ImageObject","inLanguage":"es","@id":"https:\/\/canal7slp.tv\/2025\/el-menchito-fue-cambiado-de-centro-penitenciario-a-filadelfia\/#primaryimage","url":"https:\/\/canal7slp.tv\/2025\/wp-content\/uploads\/2025\/03\/1447aad1-f30d-4e36-9fc1-9c3e686f4f9b.jpeg","contentUrl":"https:\/\/canal7slp.tv\/2025\/wp-content\/uploads\/2025\/03\/1447aad1-f30d-4e36-9fc1-9c3e686f4f9b.jpeg","width":519,"height":274},{"@type":"BreadcrumbList","@id":"https:\/\/canal7slp.tv\/2025\/el-menchito-fue-cambiado-de-centro-penitenciario-a-filadelfia\/#breadcrumb","itemListElement":[{"@type":"ListItem","position":1,"name":"Portada","item":"https:\/\/canal7slp.tv\/2025\/"},{"@type":"ListItem","position":2,"name":"\u00abEL MENCHITO\u00bb FUE CAMBIADO DE CENTRO PENITENCIARIO A FILADELFIA"}]},{"@type":"WebSite","@id":"https:\/\/canal7slp.tv\/2025\/#website","url":"https:\/\/canal7slp.tv\/2025\/","name":"N7 - Noticieros Canal 7","description":"Somos el Medio","publisher":{"@id":"https:\/\/canal7slp.tv\/2025\/#organization"},"potentialAction":[{"@type":"SearchAction","target":{"@type":"EntryPoint","urlTemplate":"https:\/\/canal7slp.tv\/2025\/?s={search_term_string}"},"query-input":{"@type":"PropertyValueSpecification","valueRequired":true,"valueName":"search_term_string"}}],"inLanguage":"es"},{"@type":"Organization","@id":"https:\/\/canal7slp.tv\/2025\/#organization","name":"Noticieros Canal 7","url":"https:\/\/canal7slp.tv\/2025\/","logo":{"@type":"ImageObject","inLanguage":"es","@id":"https:\/\/canal7slp.tv\/2025\/#\/schema\/logo\/image\/","url":"https:\/\/canal7slp.tv\/2025\/wp-content\/uploads\/2021\/01\/logo-noticieros@2x.png","contentUrl":"https:\/\/canal7slp.tv\/2025\/wp-content\/uploads\/2021\/01\/logo-noticieros@2x.png","width":1017,"height":268,"caption":"Noticieros Canal 7"},"image":{"@id":"https:\/\/canal7slp.tv\/2025\/#\/schema\/logo\/image\/"},"sameAs":["https:\/\/www.facebook.com\/noticieroscanal7atencionciudadana\/","https:\/\/x.com\/NOTICIEROS7","https:\/\/www.instagram.com\/canal7_slp","https:\/\/www.youtube.com\/channel\/UCliiYs-gP3JfJeqdPrNdd5A"]},{"@type":"Person","@id":"https:\/\/canal7slp.tv\/2025\/#\/schema\/person\/1257e7e4a3d5ac29c4732733a887970d","name":"admin","image":{"@type":"ImageObject","inLanguage":"es","@id":"https:\/\/secure.gravatar.com\/avatar\/d1da498ea933582ecc2b5d72a4eac16ec41c3ec04cf2dc9d46e0b557dedfd5ff?s=96&d=mm&r=g","url":"https:\/\/secure.gravatar.com\/avatar\/d1da498ea933582ecc2b5d72a4eac16ec41c3ec04cf2dc9d46e0b557dedfd5ff?s=96&d=mm&r=g","contentUrl":"https:\/\/secure.gravatar.com\/avatar\/d1da498ea933582ecc2b5d72a4eac16ec41c3ec04cf2dc9d46e0b557dedfd5ff?s=96&d=mm&r=g","caption":"admin"},"sameAs":["https:\/\/canal7slp.tv\/2025"],"url":"https:\/\/canal7slp.tv\/2025\/author\/bicefalo\/"}]}},"_links":{"self":[{"href":"https:\/\/canal7slp.tv\/2025\/wp-json\/wp\/v2\/posts\/160999","targetHints":{"allow":["GET"]}}],"collection":[{"href":"https:\/\/canal7slp.tv\/2025\/wp-json\/wp\/v2\/posts"}],"about":[{"href":"https:\/\/canal7slp.tv\/2025\/wp-json\/wp\/v2\/types\/post"}],"author":[{"embeddable":true,"href":"https:\/\/canal7slp.tv\/2025\/wp-json\/wp\/v2\/users\/1"}],"replies":[{"embeddable":true,"href":"https:\/\/canal7slp.tv\/2025\/wp-json\/wp\/v2\/comments?post=160999"}],"version-history":[{"count":1,"href":"https:\/\/canal7slp.tv\/2025\/wp-json\/wp\/v2\/posts\/160999\/revisions"}],"predecessor-version":[{"id":161001,"href":"https:\/\/canal7slp.tv\/2025\/wp-json\/wp\/v2\/posts\/160999\/revisions\/161001"}],"wp:featuredmedia":[{"embeddable":true,"href":"https:\/\/canal7slp.tv\/2025\/wp-json\/wp\/v2\/media\/161000"}],"wp:attachment":[{"href":"https:\/\/canal7slp.tv\/2025\/wp-json\/wp\/v2\/media?parent=160999"}],"wp:term":[{"taxonomy":"category","embeddable":true,"href":"https:\/\/canal7slp.tv\/2025\/wp-json\/wp\/v2\/categories?post=160999"},{"taxonomy":"post_tag","embeddable":true,"href":"https:\/\/canal7slp.tv\/2025\/wp-json\/wp\/v2\/tags?post=160999"}],"curies":[{"name":"wp","href":"https:\/\/api.w.org\/{rel}","templated":true}]}}