{"id":160996,"date":"2025-03-15T21:30:09","date_gmt":"2025-03-16T03:30:09","guid":{"rendered":"https:\/\/canal7slp.tv\/2025\/?p=160996"},"modified":"2025-03-16T12:12:57","modified_gmt":"2025-03-16T18:12:57","slug":"embajador-de-sudafrica-declarado-persona-non-grata-en-estados-unidos","status":"publish","type":"post","link":"https:\/\/canal7slp.tv\/2025\/embajador-de-sudafrica-declarado-persona-non-grata-en-estados-unidos\/","title":{"rendered":"EMBAJADOR DE SUD\u00c1FRICA, DECLARADO \u00abPERSONA NON GRATA\u00bb EN ESTADOS UNIDOS"},"content":{"rendered":"<blockquote><p>El secretario de Estado de Estados Unidos, Marco Rubio, declar\u00f3 que el embajador de Sud\u00e1frica ya no es bienvenido en el pa\u00eds.<\/p><\/blockquote>\n<p>En una publicaci\u00f3n de redes, Rubio acus\u00f3 a Ebrahim Rasool de ser un pol\u00edtico que incita al racismo y odia al presidente Donald Trump.<\/p>\n<p>As\u00ed, le declar\u00f3 \u201cpersona non grata\u201d.<\/p>\n<p>No se proporcion\u00f3 una explicaci\u00f3n sobre la decisi\u00f3n.<\/p>\n<p>Rubio incluy\u00f3 un enlace a una historia de la web sobre una charla de Rasool en un seminario de un grupo de expertos sudafricano en el que habl\u00f3 sobre acciones de la administraci\u00f3n de Donald Trump en el contexto de un Estados Unidos donde los blancos ya no ser\u00e1n mayor\u00eda.<\/p>\n","protected":false},"excerpt":{"rendered":"<p>El secretario de Estado de Estados Unidos, Marco Rubio, declar\u00f3 que el embajador de Sud\u00e1frica ya no es bienvenido en el pa\u00eds. En una publicaci\u00f3n de redes, Rubio acus\u00f3 a Ebrahim Rasool de ser un pol\u00edtico que incita al racismo y odia al presidente Donald Trump. As\u00ed, le declar\u00f3 \u201cpersona non grata\u201d. No se proporcion\u00f3 una explicaci\u00f3n sobre la decisi\u00f3n. Rubio incluy\u00f3 un enlace a una historia de la web sobre una charla de Rasool en un seminario de un grupo de expertos sudafricano en el que habl\u00f3 sobre acciones de la administraci\u00f3n de Donald Trump en el contexto de [&hellip;]<\/p>\n","protected":false},"author":1,"featured_media":160997,"comment_status":"closed","ping_status":"closed","sticky":false,"template":"","format":"standard","meta":{"_monsterinsights_skip_tracking":false,"_monsterinsights_sitenote_active":false,"_monsterinsights_sitenote_note":"","_monsterinsights_sitenote_category":0,"footnotes":""},"categories":[44],"tags":[],"class_list":["post-160996","post","type-post","status-publish","format-standard","has-post-thumbnail","hentry","category-internacional","post--single"],"yoast_head":"<!-- This site is optimized with the Yoast SEO plugin v27.4 - https:\/\/yoast.com\/product\/yoast-seo-wordpress\/ -->\n<title>EMBAJADOR DE SUD\u00c1FRICA, DECLARADO &quot;PERSONA NON GRATA&quot; EN ESTADOS UNIDOS - Canal 7 SLP - 2025<\/title>\n<meta name=\"robots\" content=\"index, follow, max-snippet:-1, max-image-preview:large, max-video-preview:-1\" \/>\n<link rel=\"canonical\" href=\"https:\/\/canal7slp.tv\/2025\/embajador-de-sudafrica-declarado-persona-non-grata-en-estados-unidos\/\" \/>\n<meta property=\"og:locale\" content=\"es_ES\" \/>\n<meta property=\"og:type\" content=\"article\" \/>\n<meta property=\"og:title\" content=\"EMBAJADOR DE SUD\u00c1FRICA, DECLARADO &quot;PERSONA NON GRATA&quot; EN ESTADOS UNIDOS - Canal 7 SLP - 2025\" \/>\n<meta property=\"og:description\" content=\"El secretario de Estado de Estados Unidos, Marco Rubio, declar\u00f3 que el embajador de Sud\u00e1frica ya no es bienvenido en el pa\u00eds. En una publicaci\u00f3n de redes, Rubio acus\u00f3 a Ebrahim Rasool de ser un pol\u00edtico que incita al racismo y odia al presidente Donald Trump. As\u00ed, le declar\u00f3 \u201cpersona non grata\u201d. No se proporcion\u00f3 una explicaci\u00f3n sobre la decisi\u00f3n. Rubio incluy\u00f3 un enlace a una historia de la web sobre una charla de Rasool en un seminario de un grupo de expertos sudafricano en el que habl\u00f3 sobre acciones de la administraci\u00f3n de Donald Trump en el contexto de [&hellip;]\" \/>\n<meta property=\"og:url\" content=\"https:\/\/canal7slp.tv\/2025\/embajador-de-sudafrica-declarado-persona-non-grata-en-estados-unidos\/\" \/>\n<meta property=\"og:site_name\" content=\"Canal 7 SLP - 2025\" \/>\n<meta property=\"article:publisher\" content=\"https:\/\/www.facebook.com\/noticieroscanal7atencionciudadana\/\" \/>\n<meta property=\"article:published_time\" content=\"2025-03-16T03:30:09+00:00\" \/>\n<meta property=\"article:modified_time\" content=\"2025-03-16T18:12:57+00:00\" \/>\n<meta property=\"og:image\" content=\"https:\/\/canal7slp.tv\/2025\/wp-content\/uploads\/2025\/03\/10e0c7ac-08e3-4bd9-ab8c-6b825ba6bbd2.jpeg\" \/>\n\t<meta property=\"og:image:width\" content=\"553\" \/>\n\t<meta property=\"og:image:height\" content=\"304\" \/>\n\t<meta property=\"og:image:type\" content=\"image\/jpeg\" \/>\n<meta name=\"author\" content=\"admin\" \/>\n<meta name=\"twitter:card\" content=\"summary_large_image\" \/>\n<meta name=\"twitter:creator\" content=\"@NOTICIEROS7\" \/>\n<meta name=\"twitter:site\" content=\"@NOTICIEROS7\" \/>\n<meta name=\"twitter:label1\" content=\"Escrito por\" \/>\n\t<meta name=\"twitter:data1\" content=\"admin\" \/>\n\t<meta name=\"twitter:label2\" content=\"Tiempo de lectura\" \/>\n\t<meta name=\"twitter:data2\" content=\"1 minuto\" \/>\n<script type=\"application\/ld+json\" class=\"yoast-schema-graph\">{\"@context\":\"https:\\\/\\\/schema.org\",\"@graph\":[{\"@type\":\"Article\",\"@id\":\"https:\\\/\\\/canal7slp.tv\\\/2025\\\/embajador-de-sudafrica-declarado-persona-non-grata-en-estados-unidos\\\/#article\",\"isPartOf\":{\"@id\":\"https:\\\/\\\/canal7slp.tv\\\/2025\\\/embajador-de-sudafrica-declarado-persona-non-grata-en-estados-unidos\\\/\"},\"author\":{\"name\":\"admin\",\"@id\":\"https:\\\/\\\/canal7slp.tv\\\/2025\\\/#\\\/schema\\\/person\\\/1257e7e4a3d5ac29c4732733a887970d\"},\"headline\":\"EMBAJADOR DE SUD\u00c1FRICA, DECLARADO \u00abPERSONA NON GRATA\u00bb EN ESTADOS UNIDOS\",\"datePublished\":\"2025-03-16T03:30:09+00:00\",\"dateModified\":\"2025-03-16T18:12:57+00:00\",\"mainEntityOfPage\":{\"@id\":\"https:\\\/\\\/canal7slp.tv\\\/2025\\\/embajador-de-sudafrica-declarado-persona-non-grata-en-estados-unidos\\\/\"},\"wordCount\":130,\"publisher\":{\"@id\":\"https:\\\/\\\/canal7slp.tv\\\/2025\\\/#organization\"},\"image\":{\"@id\":\"https:\\\/\\\/canal7slp.tv\\\/2025\\\/embajador-de-sudafrica-declarado-persona-non-grata-en-estados-unidos\\\/#primaryimage\"},\"thumbnailUrl\":\"https:\\\/\\\/canal7slp.tv\\\/2025\\\/wp-content\\\/uploads\\\/2025\\\/03\\\/10e0c7ac-08e3-4bd9-ab8c-6b825ba6bbd2.jpeg\",\"articleSection\":[\"INTERNACIONALES\"],\"inLanguage\":\"es\"},{\"@type\":\"WebPage\",\"@id\":\"https:\\\/\\\/canal7slp.tv\\\/2025\\\/embajador-de-sudafrica-declarado-persona-non-grata-en-estados-unidos\\\/\",\"url\":\"https:\\\/\\\/canal7slp.tv\\\/2025\\\/embajador-de-sudafrica-declarado-persona-non-grata-en-estados-unidos\\\/\",\"name\":\"EMBAJADOR DE SUD\u00c1FRICA, DECLARADO \\\"PERSONA NON GRATA\\\" EN ESTADOS UNIDOS - Canal 7 SLP - 2025\",\"isPartOf\":{\"@id\":\"https:\\\/\\\/canal7slp.tv\\\/2025\\\/#website\"},\"primaryImageOfPage\":{\"@id\":\"https:\\\/\\\/canal7slp.tv\\\/2025\\\/embajador-de-sudafrica-declarado-persona-non-grata-en-estados-unidos\\\/#primaryimage\"},\"image\":{\"@id\":\"https:\\\/\\\/canal7slp.tv\\\/2025\\\/embajador-de-sudafrica-declarado-persona-non-grata-en-estados-unidos\\\/#primaryimage\"},\"thumbnailUrl\":\"https:\\\/\\\/canal7slp.tv\\\/2025\\\/wp-content\\\/uploads\\\/2025\\\/03\\\/10e0c7ac-08e3-4bd9-ab8c-6b825ba6bbd2.jpeg\",\"datePublished\":\"2025-03-16T03:30:09+00:00\",\"dateModified\":\"2025-03-16T18:12:57+00:00\",\"breadcrumb\":{\"@id\":\"https:\\\/\\\/canal7slp.tv\\\/2025\\\/embajador-de-sudafrica-declarado-persona-non-grata-en-estados-unidos\\\/#breadcrumb\"},\"inLanguage\":\"es\",\"potentialAction\":[{\"@type\":\"ReadAction\",\"target\":[\"https:\\\/\\\/canal7slp.tv\\\/2025\\\/embajador-de-sudafrica-declarado-persona-non-grata-en-estados-unidos\\\/\"]}]},{\"@type\":\"ImageObject\",\"inLanguage\":\"es\",\"@id\":\"https:\\\/\\\/canal7slp.tv\\\/2025\\\/embajador-de-sudafrica-declarado-persona-non-grata-en-estados-unidos\\\/#primaryimage\",\"url\":\"https:\\\/\\\/canal7slp.tv\\\/2025\\\/wp-content\\\/uploads\\\/2025\\\/03\\\/10e0c7ac-08e3-4bd9-ab8c-6b825ba6bbd2.jpeg\",\"contentUrl\":\"https:\\\/\\\/canal7slp.tv\\\/2025\\\/wp-content\\\/uploads\\\/2025\\\/03\\\/10e0c7ac-08e3-4bd9-ab8c-6b825ba6bbd2.jpeg\",\"width\":553,\"height\":304},{\"@type\":\"BreadcrumbList\",\"@id\":\"https:\\\/\\\/canal7slp.tv\\\/2025\\\/embajador-de-sudafrica-declarado-persona-non-grata-en-estados-unidos\\\/#breadcrumb\",\"itemListElement\":[{\"@type\":\"ListItem\",\"position\":1,\"name\":\"Portada\",\"item\":\"https:\\\/\\\/canal7slp.tv\\\/2025\\\/\"},{\"@type\":\"ListItem\",\"position\":2,\"name\":\"EMBAJADOR DE SUD\u00c1FRICA, DECLARADO \u00abPERSONA NON GRATA\u00bb EN ESTADOS UNIDOS\"}]},{\"@type\":\"WebSite\",\"@id\":\"https:\\\/\\\/canal7slp.tv\\\/2025\\\/#website\",\"url\":\"https:\\\/\\\/canal7slp.tv\\\/2025\\\/\",\"name\":\"N7 - Noticieros Canal 7\",\"description\":\"Somos el Medio\",\"publisher\":{\"@id\":\"https:\\\/\\\/canal7slp.tv\\\/2025\\\/#organization\"},\"potentialAction\":[{\"@type\":\"SearchAction\",\"target\":{\"@type\":\"EntryPoint\",\"urlTemplate\":\"https:\\\/\\\/canal7slp.tv\\\/2025\\\/?s={search_term_string}\"},\"query-input\":{\"@type\":\"PropertyValueSpecification\",\"valueRequired\":true,\"valueName\":\"search_term_string\"}}],\"inLanguage\":\"es\"},{\"@type\":\"Organization\",\"@id\":\"https:\\\/\\\/canal7slp.tv\\\/2025\\\/#organization\",\"name\":\"Noticieros Canal 7\",\"url\":\"https:\\\/\\\/canal7slp.tv\\\/2025\\\/\",\"logo\":{\"@type\":\"ImageObject\",\"inLanguage\":\"es\",\"@id\":\"https:\\\/\\\/canal7slp.tv\\\/2025\\\/#\\\/schema\\\/logo\\\/image\\\/\",\"url\":\"https:\\\/\\\/canal7slp.tv\\\/2025\\\/wp-content\\\/uploads\\\/2021\\\/01\\\/logo-noticieros@2x.png\",\"contentUrl\":\"https:\\\/\\\/canal7slp.tv\\\/2025\\\/wp-content\\\/uploads\\\/2021\\\/01\\\/logo-noticieros@2x.png\",\"width\":1017,\"height\":268,\"caption\":\"Noticieros Canal 7\"},\"image\":{\"@id\":\"https:\\\/\\\/canal7slp.tv\\\/2025\\\/#\\\/schema\\\/logo\\\/image\\\/\"},\"sameAs\":[\"https:\\\/\\\/www.facebook.com\\\/noticieroscanal7atencionciudadana\\\/\",\"https:\\\/\\\/x.com\\\/NOTICIEROS7\",\"https:\\\/\\\/www.instagram.com\\\/canal7_slp\",\"https:\\\/\\\/www.youtube.com\\\/channel\\\/UCliiYs-gP3JfJeqdPrNdd5A\"]},{\"@type\":\"Person\",\"@id\":\"https:\\\/\\\/canal7slp.tv\\\/2025\\\/#\\\/schema\\\/person\\\/1257e7e4a3d5ac29c4732733a887970d\",\"name\":\"admin\",\"image\":{\"@type\":\"ImageObject\",\"inLanguage\":\"es\",\"@id\":\"https:\\\/\\\/secure.gravatar.com\\\/avatar\\\/d1da498ea933582ecc2b5d72a4eac16ec41c3ec04cf2dc9d46e0b557dedfd5ff?s=96&d=mm&r=g\",\"url\":\"https:\\\/\\\/secure.gravatar.com\\\/avatar\\\/d1da498ea933582ecc2b5d72a4eac16ec41c3ec04cf2dc9d46e0b557dedfd5ff?s=96&d=mm&r=g\",\"contentUrl\":\"https:\\\/\\\/secure.gravatar.com\\\/avatar\\\/d1da498ea933582ecc2b5d72a4eac16ec41c3ec04cf2dc9d46e0b557dedfd5ff?s=96&d=mm&r=g\",\"caption\":\"admin\"},\"sameAs\":[\"https:\\\/\\\/canal7slp.tv\\\/2025\"],\"url\":\"https:\\\/\\\/canal7slp.tv\\\/2025\\\/author\\\/bicefalo\\\/\"}]}<\/script>\n<!-- \/ Yoast SEO plugin. -->","yoast_head_json":{"title":"EMBAJADOR DE SUD\u00c1FRICA, DECLARADO \"PERSONA NON GRATA\" EN ESTADOS UNIDOS - Canal 7 SLP - 2025","robots":{"index":"index","follow":"follow","max-snippet":"max-snippet:-1","max-image-preview":"max-image-preview:large","max-video-preview":"max-video-preview:-1"},"canonical":"https:\/\/canal7slp.tv\/2025\/embajador-de-sudafrica-declarado-persona-non-grata-en-estados-unidos\/","og_locale":"es_ES","og_type":"article","og_title":"EMBAJADOR DE SUD\u00c1FRICA, DECLARADO \"PERSONA NON GRATA\" EN ESTADOS UNIDOS - Canal 7 SLP - 2025","og_description":"El secretario de Estado de Estados Unidos, Marco Rubio, declar\u00f3 que el embajador de Sud\u00e1frica ya no es bienvenido en el pa\u00eds. En una publicaci\u00f3n de redes, Rubio acus\u00f3 a Ebrahim Rasool de ser un pol\u00edtico que incita al racismo y odia al presidente Donald Trump. As\u00ed, le declar\u00f3 \u201cpersona non grata\u201d. No se proporcion\u00f3 una explicaci\u00f3n sobre la decisi\u00f3n. Rubio incluy\u00f3 un enlace a una historia de la web sobre una charla de Rasool en un seminario de un grupo de expertos sudafricano en el que habl\u00f3 sobre acciones de la administraci\u00f3n de Donald Trump en el contexto de [&hellip;]","og_url":"https:\/\/canal7slp.tv\/2025\/embajador-de-sudafrica-declarado-persona-non-grata-en-estados-unidos\/","og_site_name":"Canal 7 SLP - 2025","article_publisher":"https:\/\/www.facebook.com\/noticieroscanal7atencionciudadana\/","article_published_time":"2025-03-16T03:30:09+00:00","article_modified_time":"2025-03-16T18:12:57+00:00","og_image":[{"width":553,"height":304,"url":"https:\/\/canal7slp.tv\/2025\/wp-content\/uploads\/2025\/03\/10e0c7ac-08e3-4bd9-ab8c-6b825ba6bbd2.jpeg","type":"image\/jpeg"}],"author":"admin","twitter_card":"summary_large_image","twitter_creator":"@NOTICIEROS7","twitter_site":"@NOTICIEROS7","twitter_misc":{"Escrito por":"admin","Tiempo de lectura":"1 minuto"},"schema":{"@context":"https:\/\/schema.org","@graph":[{"@type":"Article","@id":"https:\/\/canal7slp.tv\/2025\/embajador-de-sudafrica-declarado-persona-non-grata-en-estados-unidos\/#article","isPartOf":{"@id":"https:\/\/canal7slp.tv\/2025\/embajador-de-sudafrica-declarado-persona-non-grata-en-estados-unidos\/"},"author":{"name":"admin","@id":"https:\/\/canal7slp.tv\/2025\/#\/schema\/person\/1257e7e4a3d5ac29c4732733a887970d"},"headline":"EMBAJADOR DE SUD\u00c1FRICA, DECLARADO \u00abPERSONA NON GRATA\u00bb EN ESTADOS UNIDOS","datePublished":"2025-03-16T03:30:09+00:00","dateModified":"2025-03-16T18:12:57+00:00","mainEntityOfPage":{"@id":"https:\/\/canal7slp.tv\/2025\/embajador-de-sudafrica-declarado-persona-non-grata-en-estados-unidos\/"},"wordCount":130,"publisher":{"@id":"https:\/\/canal7slp.tv\/2025\/#organization"},"image":{"@id":"https:\/\/canal7slp.tv\/2025\/embajador-de-sudafrica-declarado-persona-non-grata-en-estados-unidos\/#primaryimage"},"thumbnailUrl":"https:\/\/canal7slp.tv\/2025\/wp-content\/uploads\/2025\/03\/10e0c7ac-08e3-4bd9-ab8c-6b825ba6bbd2.jpeg","articleSection":["INTERNACIONALES"],"inLanguage":"es"},{"@type":"WebPage","@id":"https:\/\/canal7slp.tv\/2025\/embajador-de-sudafrica-declarado-persona-non-grata-en-estados-unidos\/","url":"https:\/\/canal7slp.tv\/2025\/embajador-de-sudafrica-declarado-persona-non-grata-en-estados-unidos\/","name":"EMBAJADOR DE SUD\u00c1FRICA, DECLARADO \"PERSONA NON GRATA\" EN ESTADOS UNIDOS - Canal 7 SLP - 2025","isPartOf":{"@id":"https:\/\/canal7slp.tv\/2025\/#website"},"primaryImageOfPage":{"@id":"https:\/\/canal7slp.tv\/2025\/embajador-de-sudafrica-declarado-persona-non-grata-en-estados-unidos\/#primaryimage"},"image":{"@id":"https:\/\/canal7slp.tv\/2025\/embajador-de-sudafrica-declarado-persona-non-grata-en-estados-unidos\/#primaryimage"},"thumbnailUrl":"https:\/\/canal7slp.tv\/2025\/wp-content\/uploads\/2025\/03\/10e0c7ac-08e3-4bd9-ab8c-6b825ba6bbd2.jpeg","datePublished":"2025-03-16T03:30:09+00:00","dateModified":"2025-03-16T18:12:57+00:00","breadcrumb":{"@id":"https:\/\/canal7slp.tv\/2025\/embajador-de-sudafrica-declarado-persona-non-grata-en-estados-unidos\/#breadcrumb"},"inLanguage":"es","potentialAction":[{"@type":"ReadAction","target":["https:\/\/canal7slp.tv\/2025\/embajador-de-sudafrica-declarado-persona-non-grata-en-estados-unidos\/"]}]},{"@type":"ImageObject","inLanguage":"es","@id":"https:\/\/canal7slp.tv\/2025\/embajador-de-sudafrica-declarado-persona-non-grata-en-estados-unidos\/#primaryimage","url":"https:\/\/canal7slp.tv\/2025\/wp-content\/uploads\/2025\/03\/10e0c7ac-08e3-4bd9-ab8c-6b825ba6bbd2.jpeg","contentUrl":"https:\/\/canal7slp.tv\/2025\/wp-content\/uploads\/2025\/03\/10e0c7ac-08e3-4bd9-ab8c-6b825ba6bbd2.jpeg","width":553,"height":304},{"@type":"BreadcrumbList","@id":"https:\/\/canal7slp.tv\/2025\/embajador-de-sudafrica-declarado-persona-non-grata-en-estados-unidos\/#breadcrumb","itemListElement":[{"@type":"ListItem","position":1,"name":"Portada","item":"https:\/\/canal7slp.tv\/2025\/"},{"@type":"ListItem","position":2,"name":"EMBAJADOR DE SUD\u00c1FRICA, DECLARADO \u00abPERSONA NON GRATA\u00bb EN ESTADOS UNIDOS"}]},{"@type":"WebSite","@id":"https:\/\/canal7slp.tv\/2025\/#website","url":"https:\/\/canal7slp.tv\/2025\/","name":"N7 - Noticieros Canal 7","description":"Somos el Medio","publisher":{"@id":"https:\/\/canal7slp.tv\/2025\/#organization"},"potentialAction":[{"@type":"SearchAction","target":{"@type":"EntryPoint","urlTemplate":"https:\/\/canal7slp.tv\/2025\/?s={search_term_string}"},"query-input":{"@type":"PropertyValueSpecification","valueRequired":true,"valueName":"search_term_string"}}],"inLanguage":"es"},{"@type":"Organization","@id":"https:\/\/canal7slp.tv\/2025\/#organization","name":"Noticieros Canal 7","url":"https:\/\/canal7slp.tv\/2025\/","logo":{"@type":"ImageObject","inLanguage":"es","@id":"https:\/\/canal7slp.tv\/2025\/#\/schema\/logo\/image\/","url":"https:\/\/canal7slp.tv\/2025\/wp-content\/uploads\/2021\/01\/logo-noticieros@2x.png","contentUrl":"https:\/\/canal7slp.tv\/2025\/wp-content\/uploads\/2021\/01\/logo-noticieros@2x.png","width":1017,"height":268,"caption":"Noticieros Canal 7"},"image":{"@id":"https:\/\/canal7slp.tv\/2025\/#\/schema\/logo\/image\/"},"sameAs":["https:\/\/www.facebook.com\/noticieroscanal7atencionciudadana\/","https:\/\/x.com\/NOTICIEROS7","https:\/\/www.instagram.com\/canal7_slp","https:\/\/www.youtube.com\/channel\/UCliiYs-gP3JfJeqdPrNdd5A"]},{"@type":"Person","@id":"https:\/\/canal7slp.tv\/2025\/#\/schema\/person\/1257e7e4a3d5ac29c4732733a887970d","name":"admin","image":{"@type":"ImageObject","inLanguage":"es","@id":"https:\/\/secure.gravatar.com\/avatar\/d1da498ea933582ecc2b5d72a4eac16ec41c3ec04cf2dc9d46e0b557dedfd5ff?s=96&d=mm&r=g","url":"https:\/\/secure.gravatar.com\/avatar\/d1da498ea933582ecc2b5d72a4eac16ec41c3ec04cf2dc9d46e0b557dedfd5ff?s=96&d=mm&r=g","contentUrl":"https:\/\/secure.gravatar.com\/avatar\/d1da498ea933582ecc2b5d72a4eac16ec41c3ec04cf2dc9d46e0b557dedfd5ff?s=96&d=mm&r=g","caption":"admin"},"sameAs":["https:\/\/canal7slp.tv\/2025"],"url":"https:\/\/canal7slp.tv\/2025\/author\/bicefalo\/"}]}},"_links":{"self":[{"href":"https:\/\/canal7slp.tv\/2025\/wp-json\/wp\/v2\/posts\/160996","targetHints":{"allow":["GET"]}}],"collection":[{"href":"https:\/\/canal7slp.tv\/2025\/wp-json\/wp\/v2\/posts"}],"about":[{"href":"https:\/\/canal7slp.tv\/2025\/wp-json\/wp\/v2\/types\/post"}],"author":[{"embeddable":true,"href":"https:\/\/canal7slp.tv\/2025\/wp-json\/wp\/v2\/users\/1"}],"replies":[{"embeddable":true,"href":"https:\/\/canal7slp.tv\/2025\/wp-json\/wp\/v2\/comments?post=160996"}],"version-history":[{"count":1,"href":"https:\/\/canal7slp.tv\/2025\/wp-json\/wp\/v2\/posts\/160996\/revisions"}],"predecessor-version":[{"id":160998,"href":"https:\/\/canal7slp.tv\/2025\/wp-json\/wp\/v2\/posts\/160996\/revisions\/160998"}],"wp:featuredmedia":[{"embeddable":true,"href":"https:\/\/canal7slp.tv\/2025\/wp-json\/wp\/v2\/media\/160997"}],"wp:attachment":[{"href":"https:\/\/canal7slp.tv\/2025\/wp-json\/wp\/v2\/media?parent=160996"}],"wp:term":[{"taxonomy":"category","embeddable":true,"href":"https:\/\/canal7slp.tv\/2025\/wp-json\/wp\/v2\/categories?post=160996"},{"taxonomy":"post_tag","embeddable":true,"href":"https:\/\/canal7slp.tv\/2025\/wp-json\/wp\/v2\/tags?post=160996"}],"curies":[{"name":"wp","href":"https:\/\/api.w.org\/{rel}","templated":true}]}}