{"id":160905,"date":"2025-03-14T15:47:00","date_gmt":"2025-03-14T21:47:00","guid":{"rendered":"https:\/\/canal7slp.tv\/2025\/?p=160905"},"modified":"2025-03-14T15:47:00","modified_gmt":"2025-03-14T21:47:00","slug":"en-breve-daran-a-conocer-requisitos-del-programa-tu-casa-tu-apoyo-en-slp","status":"publish","type":"post","link":"https:\/\/canal7slp.tv\/2025\/en-breve-daran-a-conocer-requisitos-del-programa-tu-casa-tu-apoyo-en-slp\/","title":{"rendered":"En breve dar\u00e1n a conocer requisitos del programa \u00abTu Casa, tu apoyo\u00bb en SLP"},"content":{"rendered":"<p style=\"text-align: justify;\"><span style=\"font-size: 1.21429rem;\">SLP.- La Secretar\u00eda de Desarrollo Social y Regional (Sedesore) se encuentra en la etapa final de definici\u00f3n del programa estatal de vivienda \u00abTu Casa, tu apoyo\u00bb, el cual busca beneficiar a personas en situaci\u00f3n de vulnerabilidad que no cuentan con una propiedad.<\/span><\/p>\n<p style=\"text-align: justify;\">Los requisitos espec\u00edficos para acceder al programa ser\u00e1n anunciados a finales de este mes, seg\u00fan inform\u00f3 la titular de la dependencia, Mar\u00eda del Rosario Mart\u00ednez Galarza.<\/p>\n<p style=\"text-align: justify;\">\u00abEste programa lo estamos terminando de definir, obviamente estamos terminando por definir los requisitos, uno indispensable que todos debemos de saber es que no cuente con una vivienda\u00bb, dijo de primera instancia.<\/p>\n<p style=\"text-align: justify;\">Destac\u00f3 que uno de los principales objetivos es agilizar los tr\u00e1mites y garantizar que los beneficiarios cuenten con la informaci\u00f3n completa para evitar m\u00faltiples visitas a las oficinas de la dependencia.<\/p>\n<p style=\"text-align: justify;\">\u00abObviamente nosotros estamos en ese tema porque queremos atender correctamente y pedir los requisitos indispensables, que cuando acudan con nosotros a Sedesore ya tengan toda la certeza de que no se tienen que dar varias vueltas\u00bb, se\u00f1al\u00f3.<\/p>\n<p style=\"text-align: justify;\">Prosigui\u00f3: \u00abNosotros les vamos a proporcionar un formato que nos van a tener que llenar y nos vamos a dar a la tarea de investigar correctamente la informaci\u00f3n que es proporcionada por cada uno de los beneficiarios\u00bb.<\/p>\n<p style=\"text-align: justify;\">Para garantizar la transparencia en la selecci\u00f3n de los beneficiarios, la Sedesore trabajar\u00e1 en coordinaci\u00f3n con otras dependencias gubernamentales para corroborar los datos proporcionados.<\/p>\n<p style=\"text-align: justify;\">\u00abObviamente apoyarnos con otras dependencias de gobierno para que nos puedan validar la informaci\u00f3n del ciudadano, nosotros confiamos en lo que el ciudadano nos da, pero dentro del espacio tenemos que seleccionar correctamente a las personas que van a recurrir al programa\u00bb, puntualiz\u00f3.<\/p>\n<p style=\"text-align: justify;\">Mart\u00ednez Galarza adelant\u00f3 que una buena parte de los apoyos estar\u00e1 destinado a mujeres, con especial atenci\u00f3n a quienes se dedican a las labores del hogar o no cuentan con seguridad social.<\/p>\n<p style=\"text-align: justify;\">\u00abEl 70% va a ser destinado a mujeres, tambi\u00e9n se nos ha pedido que se destine a personas que se dedican a ayudar en las labores del hogar o que no cuentan con alg\u00fan seguro como IMSS o ISSSTE, y vamos a buscar mucho beneficiar esa parte de la ciudadan\u00eda que se ha visto un poquito descubierta por un programa social\u00bb, detall\u00f3.<\/p>\n<p style=\"text-align: justify;\">Asegur\u00f3 que los detalles a\u00fan se definen en colaboraci\u00f3n con distintas dependencias, y ser\u00e1 el gobernador quien dar\u00e1 a conocer oficialmente los requisitos del programa en los pr\u00f3ximos d\u00edas.<\/p>\n<p style=\"text-align: justify;\">\u00abYa estamos a finales de este mes, estamos totalmente definiendo los temas, ya nos hemos juntado con diferentes dependencias que vamos a colaborar en conjunto para obviamente determinar los requisitos, pero yo creo que a finales de este mes ya podemos tener con certeza los requisitos, que ser\u00e1 el se\u00f1or gobernador quien en su momento las va a mencionar\u00bb, concluy\u00f3.<\/p>\n<p>Por: Jos\u00e9 Luis V\u00e1zquez<\/p>\n","protected":false},"excerpt":{"rendered":"<p>SLP.- La Secretar\u00eda de Desarrollo Social y Regional (Sedesore) se encuentra en la etapa final de definici\u00f3n del programa estatal de vivienda \u00abTu Casa, tu apoyo\u00bb, el cual busca beneficiar a personas en situaci\u00f3n de vulnerabilidad que no cuentan con una propiedad. Los requisitos espec\u00edficos para acceder al programa ser\u00e1n anunciados a finales de este mes, seg\u00fan inform\u00f3 la titular de la dependencia, Mar\u00eda del Rosario Mart\u00ednez Galarza. \u00abEste programa lo estamos terminando de definir, obviamente estamos terminando por definir los requisitos, uno indispensable que todos debemos de saber es que no cuente con una vivienda\u00bb, dijo de primera instancia. [&hellip;]<\/p>\n","protected":false},"author":2,"featured_media":160907,"comment_status":"closed","ping_status":"closed","sticky":false,"template":"","format":"video","meta":{"_monsterinsights_skip_tracking":false,"_monsterinsights_sitenote_active":false,"_monsterinsights_sitenote_note":"","_monsterinsights_sitenote_category":0,"footnotes":""},"categories":[5,510,45],"tags":[],"class_list":["post-160905","post","type-post","status-publish","format-video","has-post-thumbnail","hentry","category-destacadas","category-gobedoslp","category-localesyregionales","post_format-post-format-video","post--single"],"yoast_head":"<!-- This site is optimized with the Yoast SEO plugin v27.5 - https:\/\/yoast.com\/product\/yoast-seo-wordpress\/ -->\n<title>En breve dar\u00e1n a conocer requisitos del programa &quot;Tu Casa, tu apoyo&quot; en SLP - Canal 7 SLP - 2025<\/title>\n<meta name=\"robots\" content=\"index, follow, max-snippet:-1, max-image-preview:large, max-video-preview:-1\" \/>\n<link rel=\"canonical\" href=\"https:\/\/canal7slp.tv\/2025\/en-breve-daran-a-conocer-requisitos-del-programa-tu-casa-tu-apoyo-en-slp\/\" \/>\n<meta property=\"og:locale\" content=\"es_ES\" \/>\n<meta property=\"og:type\" content=\"article\" \/>\n<meta property=\"og:title\" content=\"En breve dar\u00e1n a conocer requisitos del programa &quot;Tu Casa, tu apoyo&quot; en SLP - Canal 7 SLP - 2025\" \/>\n<meta property=\"og:description\" content=\"SLP.- La Secretar\u00eda de Desarrollo Social y Regional (Sedesore) se encuentra en la etapa final de definici\u00f3n del programa estatal de vivienda \u00abTu Casa, tu apoyo\u00bb, el cual busca beneficiar a personas en situaci\u00f3n de vulnerabilidad que no cuentan con una propiedad. Los requisitos espec\u00edficos para acceder al programa ser\u00e1n anunciados a finales de este mes, seg\u00fan inform\u00f3 la titular de la dependencia, Mar\u00eda del Rosario Mart\u00ednez Galarza. \u00abEste programa lo estamos terminando de definir, obviamente estamos terminando por definir los requisitos, uno indispensable que todos debemos de saber es que no cuente con una vivienda\u00bb, dijo de primera instancia. [&hellip;]\" \/>\n<meta property=\"og:url\" content=\"https:\/\/canal7slp.tv\/2025\/en-breve-daran-a-conocer-requisitos-del-programa-tu-casa-tu-apoyo-en-slp\/\" \/>\n<meta property=\"og:site_name\" content=\"Canal 7 SLP - 2025\" \/>\n<meta property=\"article:publisher\" content=\"https:\/\/www.facebook.com\/noticieroscanal7atencionciudadana\/\" \/>\n<meta property=\"article:published_time\" content=\"2025-03-14T21:47:00+00:00\" \/>\n<meta property=\"og:image\" content=\"https:\/\/canal7slp.tv\/2025\/wp-content\/uploads\/2025\/03\/Vazquez03SEDESOREVivienda.jpg\" \/>\n\t<meta property=\"og:image:width\" content=\"1280\" \/>\n\t<meta property=\"og:image:height\" content=\"720\" \/>\n\t<meta property=\"og:image:type\" content=\"image\/jpeg\" \/>\n<meta name=\"author\" content=\"Edici\u00f3n Web\" \/>\n<meta name=\"twitter:card\" content=\"summary_large_image\" \/>\n<meta name=\"twitter:creator\" content=\"@NOTICIEROS7\" \/>\n<meta name=\"twitter:site\" content=\"@NOTICIEROS7\" \/>\n<meta name=\"twitter:label1\" content=\"Escrito por\" \/>\n\t<meta name=\"twitter:data1\" content=\"Edici\u00f3n Web\" \/>\n\t<meta name=\"twitter:label2\" content=\"Tiempo de lectura\" \/>\n\t<meta name=\"twitter:data2\" content=\"3 minutos\" \/>\n<script type=\"application\/ld+json\" class=\"yoast-schema-graph\">{\"@context\":\"https:\\\/\\\/schema.org\",\"@graph\":[{\"@type\":\"Article\",\"@id\":\"https:\\\/\\\/canal7slp.tv\\\/2025\\\/en-breve-daran-a-conocer-requisitos-del-programa-tu-casa-tu-apoyo-en-slp\\\/#article\",\"isPartOf\":{\"@id\":\"https:\\\/\\\/canal7slp.tv\\\/2025\\\/en-breve-daran-a-conocer-requisitos-del-programa-tu-casa-tu-apoyo-en-slp\\\/\"},\"author\":{\"name\":\"Edici\u00f3n Web\",\"@id\":\"https:\\\/\\\/canal7slp.tv\\\/2025\\\/#\\\/schema\\\/person\\\/271e2b60a96e7cc9d9ac296f4d7e414b\"},\"headline\":\"En breve dar\u00e1n a conocer requisitos del programa \u00abTu Casa, tu apoyo\u00bb en SLP\",\"datePublished\":\"2025-03-14T21:47:00+00:00\",\"mainEntityOfPage\":{\"@id\":\"https:\\\/\\\/canal7slp.tv\\\/2025\\\/en-breve-daran-a-conocer-requisitos-del-programa-tu-casa-tu-apoyo-en-slp\\\/\"},\"wordCount\":501,\"publisher\":{\"@id\":\"https:\\\/\\\/canal7slp.tv\\\/2025\\\/#organization\"},\"image\":{\"@id\":\"https:\\\/\\\/canal7slp.tv\\\/2025\\\/en-breve-daran-a-conocer-requisitos-del-programa-tu-casa-tu-apoyo-en-slp\\\/#primaryimage\"},\"thumbnailUrl\":\"https:\\\/\\\/canal7slp.tv\\\/2025\\\/wp-content\\\/uploads\\\/2025\\\/03\\\/Vazquez03SEDESOREVivienda.jpg\",\"articleSection\":[\"DESTACADAS\",\"GOBEDOSLP\",\"LOCALES Y REGIONALES\"],\"inLanguage\":\"es\"},{\"@type\":\"WebPage\",\"@id\":\"https:\\\/\\\/canal7slp.tv\\\/2025\\\/en-breve-daran-a-conocer-requisitos-del-programa-tu-casa-tu-apoyo-en-slp\\\/\",\"url\":\"https:\\\/\\\/canal7slp.tv\\\/2025\\\/en-breve-daran-a-conocer-requisitos-del-programa-tu-casa-tu-apoyo-en-slp\\\/\",\"name\":\"En breve dar\u00e1n a conocer requisitos del programa \\\"Tu Casa, tu apoyo\\\" en SLP - Canal 7 SLP - 2025\",\"isPartOf\":{\"@id\":\"https:\\\/\\\/canal7slp.tv\\\/2025\\\/#website\"},\"primaryImageOfPage\":{\"@id\":\"https:\\\/\\\/canal7slp.tv\\\/2025\\\/en-breve-daran-a-conocer-requisitos-del-programa-tu-casa-tu-apoyo-en-slp\\\/#primaryimage\"},\"image\":{\"@id\":\"https:\\\/\\\/canal7slp.tv\\\/2025\\\/en-breve-daran-a-conocer-requisitos-del-programa-tu-casa-tu-apoyo-en-slp\\\/#primaryimage\"},\"thumbnailUrl\":\"https:\\\/\\\/canal7slp.tv\\\/2025\\\/wp-content\\\/uploads\\\/2025\\\/03\\\/Vazquez03SEDESOREVivienda.jpg\",\"datePublished\":\"2025-03-14T21:47:00+00:00\",\"breadcrumb\":{\"@id\":\"https:\\\/\\\/canal7slp.tv\\\/2025\\\/en-breve-daran-a-conocer-requisitos-del-programa-tu-casa-tu-apoyo-en-slp\\\/#breadcrumb\"},\"inLanguage\":\"es\",\"potentialAction\":[{\"@type\":\"ReadAction\",\"target\":[\"https:\\\/\\\/canal7slp.tv\\\/2025\\\/en-breve-daran-a-conocer-requisitos-del-programa-tu-casa-tu-apoyo-en-slp\\\/\"]}]},{\"@type\":\"ImageObject\",\"inLanguage\":\"es\",\"@id\":\"https:\\\/\\\/canal7slp.tv\\\/2025\\\/en-breve-daran-a-conocer-requisitos-del-programa-tu-casa-tu-apoyo-en-slp\\\/#primaryimage\",\"url\":\"https:\\\/\\\/canal7slp.tv\\\/2025\\\/wp-content\\\/uploads\\\/2025\\\/03\\\/Vazquez03SEDESOREVivienda.jpg\",\"contentUrl\":\"https:\\\/\\\/canal7slp.tv\\\/2025\\\/wp-content\\\/uploads\\\/2025\\\/03\\\/Vazquez03SEDESOREVivienda.jpg\",\"width\":1280,\"height\":720},{\"@type\":\"BreadcrumbList\",\"@id\":\"https:\\\/\\\/canal7slp.tv\\\/2025\\\/en-breve-daran-a-conocer-requisitos-del-programa-tu-casa-tu-apoyo-en-slp\\\/#breadcrumb\",\"itemListElement\":[{\"@type\":\"ListItem\",\"position\":1,\"name\":\"Portada\",\"item\":\"https:\\\/\\\/canal7slp.tv\\\/2025\\\/\"},{\"@type\":\"ListItem\",\"position\":2,\"name\":\"En breve dar\u00e1n a conocer requisitos del programa \u00abTu Casa, tu apoyo\u00bb en SLP\"}]},{\"@type\":\"WebSite\",\"@id\":\"https:\\\/\\\/canal7slp.tv\\\/2025\\\/#website\",\"url\":\"https:\\\/\\\/canal7slp.tv\\\/2025\\\/\",\"name\":\"N7 - Noticieros Canal 7\",\"description\":\"Somos el Medio\",\"publisher\":{\"@id\":\"https:\\\/\\\/canal7slp.tv\\\/2025\\\/#organization\"},\"potentialAction\":[{\"@type\":\"SearchAction\",\"target\":{\"@type\":\"EntryPoint\",\"urlTemplate\":\"https:\\\/\\\/canal7slp.tv\\\/2025\\\/?s={search_term_string}\"},\"query-input\":{\"@type\":\"PropertyValueSpecification\",\"valueRequired\":true,\"valueName\":\"search_term_string\"}}],\"inLanguage\":\"es\"},{\"@type\":\"Organization\",\"@id\":\"https:\\\/\\\/canal7slp.tv\\\/2025\\\/#organization\",\"name\":\"Noticieros Canal 7\",\"url\":\"https:\\\/\\\/canal7slp.tv\\\/2025\\\/\",\"logo\":{\"@type\":\"ImageObject\",\"inLanguage\":\"es\",\"@id\":\"https:\\\/\\\/canal7slp.tv\\\/2025\\\/#\\\/schema\\\/logo\\\/image\\\/\",\"url\":\"https:\\\/\\\/canal7slp.tv\\\/2025\\\/wp-content\\\/uploads\\\/2021\\\/01\\\/logo-noticieros@2x.png\",\"contentUrl\":\"https:\\\/\\\/canal7slp.tv\\\/2025\\\/wp-content\\\/uploads\\\/2021\\\/01\\\/logo-noticieros@2x.png\",\"width\":1017,\"height\":268,\"caption\":\"Noticieros Canal 7\"},\"image\":{\"@id\":\"https:\\\/\\\/canal7slp.tv\\\/2025\\\/#\\\/schema\\\/logo\\\/image\\\/\"},\"sameAs\":[\"https:\\\/\\\/www.facebook.com\\\/noticieroscanal7atencionciudadana\\\/\",\"https:\\\/\\\/x.com\\\/NOTICIEROS7\",\"https:\\\/\\\/www.instagram.com\\\/canal7_slp\",\"https:\\\/\\\/www.youtube.com\\\/channel\\\/UCliiYs-gP3JfJeqdPrNdd5A\"]},{\"@type\":\"Person\",\"@id\":\"https:\\\/\\\/canal7slp.tv\\\/2025\\\/#\\\/schema\\\/person\\\/271e2b60a96e7cc9d9ac296f4d7e414b\",\"name\":\"Edici\u00f3n Web\",\"image\":{\"@type\":\"ImageObject\",\"inLanguage\":\"es\",\"@id\":\"https:\\\/\\\/secure.gravatar.com\\\/avatar\\\/eee448fc3f7164808013b816ba91ac7e43bbe82a70bebac296f8bc6f0addaa1a?s=96&d=mm&r=g\",\"url\":\"https:\\\/\\\/secure.gravatar.com\\\/avatar\\\/eee448fc3f7164808013b816ba91ac7e43bbe82a70bebac296f8bc6f0addaa1a?s=96&d=mm&r=g\",\"contentUrl\":\"https:\\\/\\\/secure.gravatar.com\\\/avatar\\\/eee448fc3f7164808013b816ba91ac7e43bbe82a70bebac296f8bc6f0addaa1a?s=96&d=mm&r=g\",\"caption\":\"Edici\u00f3n Web\"},\"url\":\"https:\\\/\\\/canal7slp.tv\\\/2025\\\/author\\\/edicionweb\\\/\"}]}<\/script>\n<!-- \/ Yoast SEO plugin. -->","yoast_head_json":{"title":"En breve dar\u00e1n a conocer requisitos del programa \"Tu Casa, tu apoyo\" en SLP - Canal 7 SLP - 2025","robots":{"index":"index","follow":"follow","max-snippet":"max-snippet:-1","max-image-preview":"max-image-preview:large","max-video-preview":"max-video-preview:-1"},"canonical":"https:\/\/canal7slp.tv\/2025\/en-breve-daran-a-conocer-requisitos-del-programa-tu-casa-tu-apoyo-en-slp\/","og_locale":"es_ES","og_type":"article","og_title":"En breve dar\u00e1n a conocer requisitos del programa \"Tu Casa, tu apoyo\" en SLP - Canal 7 SLP - 2025","og_description":"SLP.- La Secretar\u00eda de Desarrollo Social y Regional (Sedesore) se encuentra en la etapa final de definici\u00f3n del programa estatal de vivienda \u00abTu Casa, tu apoyo\u00bb, el cual busca beneficiar a personas en situaci\u00f3n de vulnerabilidad que no cuentan con una propiedad. Los requisitos espec\u00edficos para acceder al programa ser\u00e1n anunciados a finales de este mes, seg\u00fan inform\u00f3 la titular de la dependencia, Mar\u00eda del Rosario Mart\u00ednez Galarza. \u00abEste programa lo estamos terminando de definir, obviamente estamos terminando por definir los requisitos, uno indispensable que todos debemos de saber es que no cuente con una vivienda\u00bb, dijo de primera instancia. [&hellip;]","og_url":"https:\/\/canal7slp.tv\/2025\/en-breve-daran-a-conocer-requisitos-del-programa-tu-casa-tu-apoyo-en-slp\/","og_site_name":"Canal 7 SLP - 2025","article_publisher":"https:\/\/www.facebook.com\/noticieroscanal7atencionciudadana\/","article_published_time":"2025-03-14T21:47:00+00:00","og_image":[{"width":1280,"height":720,"url":"https:\/\/canal7slp.tv\/2025\/wp-content\/uploads\/2025\/03\/Vazquez03SEDESOREVivienda.jpg","type":"image\/jpeg"}],"author":"Edici\u00f3n Web","twitter_card":"summary_large_image","twitter_creator":"@NOTICIEROS7","twitter_site":"@NOTICIEROS7","twitter_misc":{"Escrito por":"Edici\u00f3n Web","Tiempo de lectura":"3 minutos"},"schema":{"@context":"https:\/\/schema.org","@graph":[{"@type":"Article","@id":"https:\/\/canal7slp.tv\/2025\/en-breve-daran-a-conocer-requisitos-del-programa-tu-casa-tu-apoyo-en-slp\/#article","isPartOf":{"@id":"https:\/\/canal7slp.tv\/2025\/en-breve-daran-a-conocer-requisitos-del-programa-tu-casa-tu-apoyo-en-slp\/"},"author":{"name":"Edici\u00f3n Web","@id":"https:\/\/canal7slp.tv\/2025\/#\/schema\/person\/271e2b60a96e7cc9d9ac296f4d7e414b"},"headline":"En breve dar\u00e1n a conocer requisitos del programa \u00abTu Casa, tu apoyo\u00bb en SLP","datePublished":"2025-03-14T21:47:00+00:00","mainEntityOfPage":{"@id":"https:\/\/canal7slp.tv\/2025\/en-breve-daran-a-conocer-requisitos-del-programa-tu-casa-tu-apoyo-en-slp\/"},"wordCount":501,"publisher":{"@id":"https:\/\/canal7slp.tv\/2025\/#organization"},"image":{"@id":"https:\/\/canal7slp.tv\/2025\/en-breve-daran-a-conocer-requisitos-del-programa-tu-casa-tu-apoyo-en-slp\/#primaryimage"},"thumbnailUrl":"https:\/\/canal7slp.tv\/2025\/wp-content\/uploads\/2025\/03\/Vazquez03SEDESOREVivienda.jpg","articleSection":["DESTACADAS","GOBEDOSLP","LOCALES Y REGIONALES"],"inLanguage":"es"},{"@type":"WebPage","@id":"https:\/\/canal7slp.tv\/2025\/en-breve-daran-a-conocer-requisitos-del-programa-tu-casa-tu-apoyo-en-slp\/","url":"https:\/\/canal7slp.tv\/2025\/en-breve-daran-a-conocer-requisitos-del-programa-tu-casa-tu-apoyo-en-slp\/","name":"En breve dar\u00e1n a conocer requisitos del programa \"Tu Casa, tu apoyo\" en SLP - Canal 7 SLP - 2025","isPartOf":{"@id":"https:\/\/canal7slp.tv\/2025\/#website"},"primaryImageOfPage":{"@id":"https:\/\/canal7slp.tv\/2025\/en-breve-daran-a-conocer-requisitos-del-programa-tu-casa-tu-apoyo-en-slp\/#primaryimage"},"image":{"@id":"https:\/\/canal7slp.tv\/2025\/en-breve-daran-a-conocer-requisitos-del-programa-tu-casa-tu-apoyo-en-slp\/#primaryimage"},"thumbnailUrl":"https:\/\/canal7slp.tv\/2025\/wp-content\/uploads\/2025\/03\/Vazquez03SEDESOREVivienda.jpg","datePublished":"2025-03-14T21:47:00+00:00","breadcrumb":{"@id":"https:\/\/canal7slp.tv\/2025\/en-breve-daran-a-conocer-requisitos-del-programa-tu-casa-tu-apoyo-en-slp\/#breadcrumb"},"inLanguage":"es","potentialAction":[{"@type":"ReadAction","target":["https:\/\/canal7slp.tv\/2025\/en-breve-daran-a-conocer-requisitos-del-programa-tu-casa-tu-apoyo-en-slp\/"]}]},{"@type":"ImageObject","inLanguage":"es","@id":"https:\/\/canal7slp.tv\/2025\/en-breve-daran-a-conocer-requisitos-del-programa-tu-casa-tu-apoyo-en-slp\/#primaryimage","url":"https:\/\/canal7slp.tv\/2025\/wp-content\/uploads\/2025\/03\/Vazquez03SEDESOREVivienda.jpg","contentUrl":"https:\/\/canal7slp.tv\/2025\/wp-content\/uploads\/2025\/03\/Vazquez03SEDESOREVivienda.jpg","width":1280,"height":720},{"@type":"BreadcrumbList","@id":"https:\/\/canal7slp.tv\/2025\/en-breve-daran-a-conocer-requisitos-del-programa-tu-casa-tu-apoyo-en-slp\/#breadcrumb","itemListElement":[{"@type":"ListItem","position":1,"name":"Portada","item":"https:\/\/canal7slp.tv\/2025\/"},{"@type":"ListItem","position":2,"name":"En breve dar\u00e1n a conocer requisitos del programa \u00abTu Casa, tu apoyo\u00bb en SLP"}]},{"@type":"WebSite","@id":"https:\/\/canal7slp.tv\/2025\/#website","url":"https:\/\/canal7slp.tv\/2025\/","name":"N7 - Noticieros Canal 7","description":"Somos el Medio","publisher":{"@id":"https:\/\/canal7slp.tv\/2025\/#organization"},"potentialAction":[{"@type":"SearchAction","target":{"@type":"EntryPoint","urlTemplate":"https:\/\/canal7slp.tv\/2025\/?s={search_term_string}"},"query-input":{"@type":"PropertyValueSpecification","valueRequired":true,"valueName":"search_term_string"}}],"inLanguage":"es"},{"@type":"Organization","@id":"https:\/\/canal7slp.tv\/2025\/#organization","name":"Noticieros Canal 7","url":"https:\/\/canal7slp.tv\/2025\/","logo":{"@type":"ImageObject","inLanguage":"es","@id":"https:\/\/canal7slp.tv\/2025\/#\/schema\/logo\/image\/","url":"https:\/\/canal7slp.tv\/2025\/wp-content\/uploads\/2021\/01\/logo-noticieros@2x.png","contentUrl":"https:\/\/canal7slp.tv\/2025\/wp-content\/uploads\/2021\/01\/logo-noticieros@2x.png","width":1017,"height":268,"caption":"Noticieros Canal 7"},"image":{"@id":"https:\/\/canal7slp.tv\/2025\/#\/schema\/logo\/image\/"},"sameAs":["https:\/\/www.facebook.com\/noticieroscanal7atencionciudadana\/","https:\/\/x.com\/NOTICIEROS7","https:\/\/www.instagram.com\/canal7_slp","https:\/\/www.youtube.com\/channel\/UCliiYs-gP3JfJeqdPrNdd5A"]},{"@type":"Person","@id":"https:\/\/canal7slp.tv\/2025\/#\/schema\/person\/271e2b60a96e7cc9d9ac296f4d7e414b","name":"Edici\u00f3n Web","image":{"@type":"ImageObject","inLanguage":"es","@id":"https:\/\/secure.gravatar.com\/avatar\/eee448fc3f7164808013b816ba91ac7e43bbe82a70bebac296f8bc6f0addaa1a?s=96&d=mm&r=g","url":"https:\/\/secure.gravatar.com\/avatar\/eee448fc3f7164808013b816ba91ac7e43bbe82a70bebac296f8bc6f0addaa1a?s=96&d=mm&r=g","contentUrl":"https:\/\/secure.gravatar.com\/avatar\/eee448fc3f7164808013b816ba91ac7e43bbe82a70bebac296f8bc6f0addaa1a?s=96&d=mm&r=g","caption":"Edici\u00f3n Web"},"url":"https:\/\/canal7slp.tv\/2025\/author\/edicionweb\/"}]}},"_links":{"self":[{"href":"https:\/\/canal7slp.tv\/2025\/wp-json\/wp\/v2\/posts\/160905","targetHints":{"allow":["GET"]}}],"collection":[{"href":"https:\/\/canal7slp.tv\/2025\/wp-json\/wp\/v2\/posts"}],"about":[{"href":"https:\/\/canal7slp.tv\/2025\/wp-json\/wp\/v2\/types\/post"}],"author":[{"embeddable":true,"href":"https:\/\/canal7slp.tv\/2025\/wp-json\/wp\/v2\/users\/2"}],"replies":[{"embeddable":true,"href":"https:\/\/canal7slp.tv\/2025\/wp-json\/wp\/v2\/comments?post=160905"}],"version-history":[{"count":2,"href":"https:\/\/canal7slp.tv\/2025\/wp-json\/wp\/v2\/posts\/160905\/revisions"}],"predecessor-version":[{"id":160909,"href":"https:\/\/canal7slp.tv\/2025\/wp-json\/wp\/v2\/posts\/160905\/revisions\/160909"}],"wp:featuredmedia":[{"embeddable":true,"href":"https:\/\/canal7slp.tv\/2025\/wp-json\/wp\/v2\/media\/160907"}],"wp:attachment":[{"href":"https:\/\/canal7slp.tv\/2025\/wp-json\/wp\/v2\/media?parent=160905"}],"wp:term":[{"taxonomy":"category","embeddable":true,"href":"https:\/\/canal7slp.tv\/2025\/wp-json\/wp\/v2\/categories?post=160905"},{"taxonomy":"post_tag","embeddable":true,"href":"https:\/\/canal7slp.tv\/2025\/wp-json\/wp\/v2\/tags?post=160905"}],"curies":[{"name":"wp","href":"https:\/\/api.w.org\/{rel}","templated":true}]}}