{"id":160897,"date":"2025-03-14T15:31:10","date_gmt":"2025-03-14T21:31:10","guid":{"rendered":"https:\/\/canal7slp.tv\/2025\/?p=160897"},"modified":"2025-03-14T15:31:10","modified_gmt":"2025-03-14T21:31:10","slug":"alcalde-de-slp-acusa-campana-de-ataques-en-su-contra-tras-video-que-involucra-a-su-hijo","status":"publish","type":"post","link":"https:\/\/canal7slp.tv\/2025\/alcalde-de-slp-acusa-campana-de-ataques-en-su-contra-tras-video-que-involucra-a-su-hijo\/","title":{"rendered":"Alcalde de SLP acusa campa\u00f1a de ataques en su contra tras video que involucra a su hijo"},"content":{"rendered":"<p style=\"text-align: justify;\"><span style=\"font-size: 1.21429rem;\">SLP.- El alcalde de San Luis Potos\u00ed, Enrique Galindo Ceballos, defendi\u00f3 a su hijo luego de que se difundiera un video en el que se le observa involucrado en una pelea con otros j\u00f3venes.<\/span><\/p>\n<p style=\"text-align: justify;\">Calific\u00f3 la divulgaci\u00f3n de las im\u00e1genes como un ataque directo hacia su persona y su familia, y adelant\u00f3 que tomar\u00e1 medidas legales si lo considera necesario.<\/p>\n<p style=\"text-align: justify;\">\u00abMira, la verdad, yo quiero separar las cosas, yo creo que es artero el ataque a un miembro de mi familia, eso ya no es pol\u00edtica, eso es una agresi\u00f3n personal a m\u00ed y a mi familia y a mi hijo, desde luego voy a revisar el tema y voy a estar tranquilo en el asunto\u00bb, declar\u00f3.<\/p>\n<p style=\"text-align: justify;\">Se\u00f1al\u00f3 que, seg\u00fan lo que ha revisado, su hijo fue agredido en la confrontaci\u00f3n, aunque lament\u00f3 que el caso se haya difundido de manera que, a su juicio, busca afectar su imagen p\u00fablica.<\/p>\n<p style=\"text-align: justify;\">\u00abLo que yo he alcanzado a ver, es a mi hijo a qui\u00e9n le pegan, cosa que estoy enterado, hoy se quiere manejar de otra manera y si hay una operaci\u00f3n de m\u00e1s de 50 pseudo medios\u00bb, afirm\u00f3.<\/p>\n<p style=\"text-align: justify;\">Insisti\u00f3 en que la difusi\u00f3n del video forma parte de una campa\u00f1a de desprestigio en su contra y asegur\u00f3 contar con evidencia que respalda su acusaci\u00f3n.<\/p>\n<p style=\"text-align: justify;\">\u00abTengo copias de qui\u00e9n mand\u00f3 esa informaci\u00f3n con un clar\u00edsimo af\u00e1n de perjudicar, no de informar. Cuando se informa, pues bueno, ni modo, as\u00ed es la realidad, pero cuando se quiere atacar, cuando es m\u00e1s bien un producto de un ataque o una agresi\u00f3n, pues yo creo que me quieren demeritar y pues lastiman a mi hijo, pero me lastiman a m\u00ed y a mi familia, y no lo voy a permitir\u00bb, enfatiz\u00f3.<\/p>\n<p style=\"text-align: justify;\">El edil explic\u00f3 que su hijo no present\u00f3 cargos contra los otros involucrados, ya que, seg\u00fan dijo, se trat\u00f3 de una ri\u00f1a entre j\u00f3venes.<\/p>\n<p style=\"text-align: justify;\">\u00abNo present\u00f3 cargos porque al final son chavos que andan en eso, no es la primera y la \u00fanica pelea que hay, trae un golpe en el lado izquierdo, \u00e9l decidi\u00f3 no hacer nada porque \u00e9l dijo que andaban en eso. Hay otro video que ya lo voy a mostrar donde le pegan a \u00e9l, pero yo no lo quiero politizar, no lo quiero evidenciar\u00bb, asegur\u00f3.<\/p>\n<p style=\"text-align: justify;\">Enrique Galindo tambi\u00e9n expres\u00f3 su molestia por la manera en que se ha vinculado el incidente con su cargo como alcalde.<\/p>\n<p style=\"text-align: justify;\">\u00abLas notas dicen &#8216;el hijo del alcalde&#8217;. Si dijeran tal persona hizo esto, pues ya lo desvinculan de m\u00ed, pero realmente el ataque es al demerito de mi persona utilizando a mi hijo y eso no se vale. La informaci\u00f3n que tengo me la voy a reservar, la voy a juntar\u00bb, manifest\u00f3.<\/p>\n<p style=\"text-align: justify;\">Finalmente, reiter\u00f3 que no responder\u00e1 con ataques personales y se comprometi\u00f3 a actuar con profesionalismo.<\/p>\n<p style=\"text-align: justify;\">\u00abYo soy un pol\u00edtico profesional, no voy a contestar ese tipo de cosas, no me voy a meter con la familia de nadie, ser\u00eda un desprop\u00f3sito; yo sigo dando mi palabra de caballero, mi palabra de pol\u00edtico profesional que yo no voy a contestar en esos tonos ni en esas formas. Voy a proteger a mi hijo porque \u00e9l, \u00bfqu\u00e9 culpa tiene?\u00bb, concluy\u00f3.<\/p>\n<p>Por: Jos\u00e9 Luis V\u00e1zquez<\/p>\n","protected":false},"excerpt":{"rendered":"<p>SLP.- El alcalde de San Luis Potos\u00ed, Enrique Galindo Ceballos, defendi\u00f3 a su hijo luego de que se difundiera un video en el que se le observa involucrado en una pelea con otros j\u00f3venes. Calific\u00f3 la divulgaci\u00f3n de las im\u00e1genes como un ataque directo hacia su persona y su familia, y adelant\u00f3 que tomar\u00e1 medidas legales si lo considera necesario. \u00abMira, la verdad, yo quiero separar las cosas, yo creo que es artero el ataque a un miembro de mi familia, eso ya no es pol\u00edtica, eso es una agresi\u00f3n personal a m\u00ed y a mi familia y a mi [&hellip;]<\/p>\n","protected":false},"author":2,"featured_media":160899,"comment_status":"closed","ping_status":"closed","sticky":false,"template":"","format":"video","meta":{"_monsterinsights_skip_tracking":false,"_monsterinsights_sitenote_active":false,"_monsterinsights_sitenote_note":"","_monsterinsights_sitenote_category":0,"footnotes":""},"categories":[66,5,45],"tags":[],"class_list":["post-160897","post","type-post","status-publish","format-video","has-post-thumbnail","hentry","category-ayoslp","category-destacadas","category-localesyregionales","post_format-post-format-video","post--single"],"yoast_head":"<!-- This site is optimized with the Yoast SEO plugin v27.5 - https:\/\/yoast.com\/product\/yoast-seo-wordpress\/ -->\n<title>Alcalde de SLP acusa campa\u00f1a de ataques en su contra tras video que involucra a su hijo - Canal 7 SLP - 2025<\/title>\n<meta name=\"robots\" content=\"index, follow, max-snippet:-1, max-image-preview:large, max-video-preview:-1\" \/>\n<link rel=\"canonical\" href=\"https:\/\/canal7slp.tv\/2025\/alcalde-de-slp-acusa-campana-de-ataques-en-su-contra-tras-video-que-involucra-a-su-hijo\/\" \/>\n<meta property=\"og:locale\" content=\"es_ES\" \/>\n<meta property=\"og:type\" content=\"article\" \/>\n<meta property=\"og:title\" content=\"Alcalde de SLP acusa campa\u00f1a de ataques en su contra tras video que involucra a su hijo - Canal 7 SLP - 2025\" \/>\n<meta property=\"og:description\" content=\"SLP.- El alcalde de San Luis Potos\u00ed, Enrique Galindo Ceballos, defendi\u00f3 a su hijo luego de que se difundiera un video en el que se le observa involucrado en una pelea con otros j\u00f3venes. Calific\u00f3 la divulgaci\u00f3n de las im\u00e1genes como un ataque directo hacia su persona y su familia, y adelant\u00f3 que tomar\u00e1 medidas legales si lo considera necesario. \u00abMira, la verdad, yo quiero separar las cosas, yo creo que es artero el ataque a un miembro de mi familia, eso ya no es pol\u00edtica, eso es una agresi\u00f3n personal a m\u00ed y a mi familia y a mi [&hellip;]\" \/>\n<meta property=\"og:url\" content=\"https:\/\/canal7slp.tv\/2025\/alcalde-de-slp-acusa-campana-de-ataques-en-su-contra-tras-video-que-involucra-a-su-hijo\/\" \/>\n<meta property=\"og:site_name\" content=\"Canal 7 SLP - 2025\" \/>\n<meta property=\"article:publisher\" content=\"https:\/\/www.facebook.com\/noticieroscanal7atencionciudadana\/\" \/>\n<meta property=\"article:published_time\" content=\"2025-03-14T21:31:10+00:00\" \/>\n<meta property=\"og:image\" content=\"https:\/\/canal7slp.tv\/2025\/wp-content\/uploads\/2025\/03\/Vazquez01EGCHijo.jpg\" \/>\n\t<meta property=\"og:image:width\" content=\"1280\" \/>\n\t<meta property=\"og:image:height\" content=\"720\" \/>\n\t<meta property=\"og:image:type\" content=\"image\/jpeg\" \/>\n<meta name=\"author\" content=\"Edici\u00f3n Web\" \/>\n<meta name=\"twitter:card\" content=\"summary_large_image\" \/>\n<meta name=\"twitter:creator\" content=\"@NOTICIEROS7\" \/>\n<meta name=\"twitter:site\" content=\"@NOTICIEROS7\" \/>\n<meta name=\"twitter:label1\" content=\"Escrito por\" \/>\n\t<meta name=\"twitter:data1\" content=\"Edici\u00f3n Web\" \/>\n\t<meta name=\"twitter:label2\" content=\"Tiempo de lectura\" \/>\n\t<meta name=\"twitter:data2\" content=\"3 minutos\" \/>\n<script type=\"application\/ld+json\" class=\"yoast-schema-graph\">{\"@context\":\"https:\\\/\\\/schema.org\",\"@graph\":[{\"@type\":\"Article\",\"@id\":\"https:\\\/\\\/canal7slp.tv\\\/2025\\\/alcalde-de-slp-acusa-campana-de-ataques-en-su-contra-tras-video-que-involucra-a-su-hijo\\\/#article\",\"isPartOf\":{\"@id\":\"https:\\\/\\\/canal7slp.tv\\\/2025\\\/alcalde-de-slp-acusa-campana-de-ataques-en-su-contra-tras-video-que-involucra-a-su-hijo\\\/\"},\"author\":{\"name\":\"Edici\u00f3n Web\",\"@id\":\"https:\\\/\\\/canal7slp.tv\\\/2025\\\/#\\\/schema\\\/person\\\/271e2b60a96e7cc9d9ac296f4d7e414b\"},\"headline\":\"Alcalde de SLP acusa campa\u00f1a de ataques en su contra tras video que involucra a su hijo\",\"datePublished\":\"2025-03-14T21:31:10+00:00\",\"mainEntityOfPage\":{\"@id\":\"https:\\\/\\\/canal7slp.tv\\\/2025\\\/alcalde-de-slp-acusa-campana-de-ataques-en-su-contra-tras-video-que-involucra-a-su-hijo\\\/\"},\"wordCount\":581,\"publisher\":{\"@id\":\"https:\\\/\\\/canal7slp.tv\\\/2025\\\/#organization\"},\"image\":{\"@id\":\"https:\\\/\\\/canal7slp.tv\\\/2025\\\/alcalde-de-slp-acusa-campana-de-ataques-en-su-contra-tras-video-que-involucra-a-su-hijo\\\/#primaryimage\"},\"thumbnailUrl\":\"https:\\\/\\\/canal7slp.tv\\\/2025\\\/wp-content\\\/uploads\\\/2025\\\/03\\\/Vazquez01EGCHijo.jpg\",\"articleSection\":[\"AYOSLP\",\"DESTACADAS\",\"LOCALES Y REGIONALES\"],\"inLanguage\":\"es\"},{\"@type\":\"WebPage\",\"@id\":\"https:\\\/\\\/canal7slp.tv\\\/2025\\\/alcalde-de-slp-acusa-campana-de-ataques-en-su-contra-tras-video-que-involucra-a-su-hijo\\\/\",\"url\":\"https:\\\/\\\/canal7slp.tv\\\/2025\\\/alcalde-de-slp-acusa-campana-de-ataques-en-su-contra-tras-video-que-involucra-a-su-hijo\\\/\",\"name\":\"Alcalde de SLP acusa campa\u00f1a de ataques en su contra tras video que involucra a su hijo - Canal 7 SLP - 2025\",\"isPartOf\":{\"@id\":\"https:\\\/\\\/canal7slp.tv\\\/2025\\\/#website\"},\"primaryImageOfPage\":{\"@id\":\"https:\\\/\\\/canal7slp.tv\\\/2025\\\/alcalde-de-slp-acusa-campana-de-ataques-en-su-contra-tras-video-que-involucra-a-su-hijo\\\/#primaryimage\"},\"image\":{\"@id\":\"https:\\\/\\\/canal7slp.tv\\\/2025\\\/alcalde-de-slp-acusa-campana-de-ataques-en-su-contra-tras-video-que-involucra-a-su-hijo\\\/#primaryimage\"},\"thumbnailUrl\":\"https:\\\/\\\/canal7slp.tv\\\/2025\\\/wp-content\\\/uploads\\\/2025\\\/03\\\/Vazquez01EGCHijo.jpg\",\"datePublished\":\"2025-03-14T21:31:10+00:00\",\"breadcrumb\":{\"@id\":\"https:\\\/\\\/canal7slp.tv\\\/2025\\\/alcalde-de-slp-acusa-campana-de-ataques-en-su-contra-tras-video-que-involucra-a-su-hijo\\\/#breadcrumb\"},\"inLanguage\":\"es\",\"potentialAction\":[{\"@type\":\"ReadAction\",\"target\":[\"https:\\\/\\\/canal7slp.tv\\\/2025\\\/alcalde-de-slp-acusa-campana-de-ataques-en-su-contra-tras-video-que-involucra-a-su-hijo\\\/\"]}]},{\"@type\":\"ImageObject\",\"inLanguage\":\"es\",\"@id\":\"https:\\\/\\\/canal7slp.tv\\\/2025\\\/alcalde-de-slp-acusa-campana-de-ataques-en-su-contra-tras-video-que-involucra-a-su-hijo\\\/#primaryimage\",\"url\":\"https:\\\/\\\/canal7slp.tv\\\/2025\\\/wp-content\\\/uploads\\\/2025\\\/03\\\/Vazquez01EGCHijo.jpg\",\"contentUrl\":\"https:\\\/\\\/canal7slp.tv\\\/2025\\\/wp-content\\\/uploads\\\/2025\\\/03\\\/Vazquez01EGCHijo.jpg\",\"width\":1280,\"height\":720},{\"@type\":\"BreadcrumbList\",\"@id\":\"https:\\\/\\\/canal7slp.tv\\\/2025\\\/alcalde-de-slp-acusa-campana-de-ataques-en-su-contra-tras-video-que-involucra-a-su-hijo\\\/#breadcrumb\",\"itemListElement\":[{\"@type\":\"ListItem\",\"position\":1,\"name\":\"Portada\",\"item\":\"https:\\\/\\\/canal7slp.tv\\\/2025\\\/\"},{\"@type\":\"ListItem\",\"position\":2,\"name\":\"Alcalde de SLP acusa campa\u00f1a de ataques en su contra tras video que involucra a su hijo\"}]},{\"@type\":\"WebSite\",\"@id\":\"https:\\\/\\\/canal7slp.tv\\\/2025\\\/#website\",\"url\":\"https:\\\/\\\/canal7slp.tv\\\/2025\\\/\",\"name\":\"N7 - Noticieros Canal 7\",\"description\":\"Somos el Medio\",\"publisher\":{\"@id\":\"https:\\\/\\\/canal7slp.tv\\\/2025\\\/#organization\"},\"potentialAction\":[{\"@type\":\"SearchAction\",\"target\":{\"@type\":\"EntryPoint\",\"urlTemplate\":\"https:\\\/\\\/canal7slp.tv\\\/2025\\\/?s={search_term_string}\"},\"query-input\":{\"@type\":\"PropertyValueSpecification\",\"valueRequired\":true,\"valueName\":\"search_term_string\"}}],\"inLanguage\":\"es\"},{\"@type\":\"Organization\",\"@id\":\"https:\\\/\\\/canal7slp.tv\\\/2025\\\/#organization\",\"name\":\"Noticieros Canal 7\",\"url\":\"https:\\\/\\\/canal7slp.tv\\\/2025\\\/\",\"logo\":{\"@type\":\"ImageObject\",\"inLanguage\":\"es\",\"@id\":\"https:\\\/\\\/canal7slp.tv\\\/2025\\\/#\\\/schema\\\/logo\\\/image\\\/\",\"url\":\"https:\\\/\\\/canal7slp.tv\\\/2025\\\/wp-content\\\/uploads\\\/2021\\\/01\\\/logo-noticieros@2x.png\",\"contentUrl\":\"https:\\\/\\\/canal7slp.tv\\\/2025\\\/wp-content\\\/uploads\\\/2021\\\/01\\\/logo-noticieros@2x.png\",\"width\":1017,\"height\":268,\"caption\":\"Noticieros Canal 7\"},\"image\":{\"@id\":\"https:\\\/\\\/canal7slp.tv\\\/2025\\\/#\\\/schema\\\/logo\\\/image\\\/\"},\"sameAs\":[\"https:\\\/\\\/www.facebook.com\\\/noticieroscanal7atencionciudadana\\\/\",\"https:\\\/\\\/x.com\\\/NOTICIEROS7\",\"https:\\\/\\\/www.instagram.com\\\/canal7_slp\",\"https:\\\/\\\/www.youtube.com\\\/channel\\\/UCliiYs-gP3JfJeqdPrNdd5A\"]},{\"@type\":\"Person\",\"@id\":\"https:\\\/\\\/canal7slp.tv\\\/2025\\\/#\\\/schema\\\/person\\\/271e2b60a96e7cc9d9ac296f4d7e414b\",\"name\":\"Edici\u00f3n Web\",\"image\":{\"@type\":\"ImageObject\",\"inLanguage\":\"es\",\"@id\":\"https:\\\/\\\/secure.gravatar.com\\\/avatar\\\/eee448fc3f7164808013b816ba91ac7e43bbe82a70bebac296f8bc6f0addaa1a?s=96&d=mm&r=g\",\"url\":\"https:\\\/\\\/secure.gravatar.com\\\/avatar\\\/eee448fc3f7164808013b816ba91ac7e43bbe82a70bebac296f8bc6f0addaa1a?s=96&d=mm&r=g\",\"contentUrl\":\"https:\\\/\\\/secure.gravatar.com\\\/avatar\\\/eee448fc3f7164808013b816ba91ac7e43bbe82a70bebac296f8bc6f0addaa1a?s=96&d=mm&r=g\",\"caption\":\"Edici\u00f3n Web\"},\"url\":\"https:\\\/\\\/canal7slp.tv\\\/2025\\\/author\\\/edicionweb\\\/\"}]}<\/script>\n<!-- \/ Yoast SEO plugin. -->","yoast_head_json":{"title":"Alcalde de SLP acusa campa\u00f1a de ataques en su contra tras video que involucra a su hijo - Canal 7 SLP - 2025","robots":{"index":"index","follow":"follow","max-snippet":"max-snippet:-1","max-image-preview":"max-image-preview:large","max-video-preview":"max-video-preview:-1"},"canonical":"https:\/\/canal7slp.tv\/2025\/alcalde-de-slp-acusa-campana-de-ataques-en-su-contra-tras-video-que-involucra-a-su-hijo\/","og_locale":"es_ES","og_type":"article","og_title":"Alcalde de SLP acusa campa\u00f1a de ataques en su contra tras video que involucra a su hijo - Canal 7 SLP - 2025","og_description":"SLP.- El alcalde de San Luis Potos\u00ed, Enrique Galindo Ceballos, defendi\u00f3 a su hijo luego de que se difundiera un video en el que se le observa involucrado en una pelea con otros j\u00f3venes. Calific\u00f3 la divulgaci\u00f3n de las im\u00e1genes como un ataque directo hacia su persona y su familia, y adelant\u00f3 que tomar\u00e1 medidas legales si lo considera necesario. \u00abMira, la verdad, yo quiero separar las cosas, yo creo que es artero el ataque a un miembro de mi familia, eso ya no es pol\u00edtica, eso es una agresi\u00f3n personal a m\u00ed y a mi familia y a mi [&hellip;]","og_url":"https:\/\/canal7slp.tv\/2025\/alcalde-de-slp-acusa-campana-de-ataques-en-su-contra-tras-video-que-involucra-a-su-hijo\/","og_site_name":"Canal 7 SLP - 2025","article_publisher":"https:\/\/www.facebook.com\/noticieroscanal7atencionciudadana\/","article_published_time":"2025-03-14T21:31:10+00:00","og_image":[{"width":1280,"height":720,"url":"https:\/\/canal7slp.tv\/2025\/wp-content\/uploads\/2025\/03\/Vazquez01EGCHijo.jpg","type":"image\/jpeg"}],"author":"Edici\u00f3n Web","twitter_card":"summary_large_image","twitter_creator":"@NOTICIEROS7","twitter_site":"@NOTICIEROS7","twitter_misc":{"Escrito por":"Edici\u00f3n Web","Tiempo de lectura":"3 minutos"},"schema":{"@context":"https:\/\/schema.org","@graph":[{"@type":"Article","@id":"https:\/\/canal7slp.tv\/2025\/alcalde-de-slp-acusa-campana-de-ataques-en-su-contra-tras-video-que-involucra-a-su-hijo\/#article","isPartOf":{"@id":"https:\/\/canal7slp.tv\/2025\/alcalde-de-slp-acusa-campana-de-ataques-en-su-contra-tras-video-que-involucra-a-su-hijo\/"},"author":{"name":"Edici\u00f3n Web","@id":"https:\/\/canal7slp.tv\/2025\/#\/schema\/person\/271e2b60a96e7cc9d9ac296f4d7e414b"},"headline":"Alcalde de SLP acusa campa\u00f1a de ataques en su contra tras video que involucra a su hijo","datePublished":"2025-03-14T21:31:10+00:00","mainEntityOfPage":{"@id":"https:\/\/canal7slp.tv\/2025\/alcalde-de-slp-acusa-campana-de-ataques-en-su-contra-tras-video-que-involucra-a-su-hijo\/"},"wordCount":581,"publisher":{"@id":"https:\/\/canal7slp.tv\/2025\/#organization"},"image":{"@id":"https:\/\/canal7slp.tv\/2025\/alcalde-de-slp-acusa-campana-de-ataques-en-su-contra-tras-video-que-involucra-a-su-hijo\/#primaryimage"},"thumbnailUrl":"https:\/\/canal7slp.tv\/2025\/wp-content\/uploads\/2025\/03\/Vazquez01EGCHijo.jpg","articleSection":["AYOSLP","DESTACADAS","LOCALES Y REGIONALES"],"inLanguage":"es"},{"@type":"WebPage","@id":"https:\/\/canal7slp.tv\/2025\/alcalde-de-slp-acusa-campana-de-ataques-en-su-contra-tras-video-que-involucra-a-su-hijo\/","url":"https:\/\/canal7slp.tv\/2025\/alcalde-de-slp-acusa-campana-de-ataques-en-su-contra-tras-video-que-involucra-a-su-hijo\/","name":"Alcalde de SLP acusa campa\u00f1a de ataques en su contra tras video que involucra a su hijo - Canal 7 SLP - 2025","isPartOf":{"@id":"https:\/\/canal7slp.tv\/2025\/#website"},"primaryImageOfPage":{"@id":"https:\/\/canal7slp.tv\/2025\/alcalde-de-slp-acusa-campana-de-ataques-en-su-contra-tras-video-que-involucra-a-su-hijo\/#primaryimage"},"image":{"@id":"https:\/\/canal7slp.tv\/2025\/alcalde-de-slp-acusa-campana-de-ataques-en-su-contra-tras-video-que-involucra-a-su-hijo\/#primaryimage"},"thumbnailUrl":"https:\/\/canal7slp.tv\/2025\/wp-content\/uploads\/2025\/03\/Vazquez01EGCHijo.jpg","datePublished":"2025-03-14T21:31:10+00:00","breadcrumb":{"@id":"https:\/\/canal7slp.tv\/2025\/alcalde-de-slp-acusa-campana-de-ataques-en-su-contra-tras-video-que-involucra-a-su-hijo\/#breadcrumb"},"inLanguage":"es","potentialAction":[{"@type":"ReadAction","target":["https:\/\/canal7slp.tv\/2025\/alcalde-de-slp-acusa-campana-de-ataques-en-su-contra-tras-video-que-involucra-a-su-hijo\/"]}]},{"@type":"ImageObject","inLanguage":"es","@id":"https:\/\/canal7slp.tv\/2025\/alcalde-de-slp-acusa-campana-de-ataques-en-su-contra-tras-video-que-involucra-a-su-hijo\/#primaryimage","url":"https:\/\/canal7slp.tv\/2025\/wp-content\/uploads\/2025\/03\/Vazquez01EGCHijo.jpg","contentUrl":"https:\/\/canal7slp.tv\/2025\/wp-content\/uploads\/2025\/03\/Vazquez01EGCHijo.jpg","width":1280,"height":720},{"@type":"BreadcrumbList","@id":"https:\/\/canal7slp.tv\/2025\/alcalde-de-slp-acusa-campana-de-ataques-en-su-contra-tras-video-que-involucra-a-su-hijo\/#breadcrumb","itemListElement":[{"@type":"ListItem","position":1,"name":"Portada","item":"https:\/\/canal7slp.tv\/2025\/"},{"@type":"ListItem","position":2,"name":"Alcalde de SLP acusa campa\u00f1a de ataques en su contra tras video que involucra a su hijo"}]},{"@type":"WebSite","@id":"https:\/\/canal7slp.tv\/2025\/#website","url":"https:\/\/canal7slp.tv\/2025\/","name":"N7 - Noticieros Canal 7","description":"Somos el Medio","publisher":{"@id":"https:\/\/canal7slp.tv\/2025\/#organization"},"potentialAction":[{"@type":"SearchAction","target":{"@type":"EntryPoint","urlTemplate":"https:\/\/canal7slp.tv\/2025\/?s={search_term_string}"},"query-input":{"@type":"PropertyValueSpecification","valueRequired":true,"valueName":"search_term_string"}}],"inLanguage":"es"},{"@type":"Organization","@id":"https:\/\/canal7slp.tv\/2025\/#organization","name":"Noticieros Canal 7","url":"https:\/\/canal7slp.tv\/2025\/","logo":{"@type":"ImageObject","inLanguage":"es","@id":"https:\/\/canal7slp.tv\/2025\/#\/schema\/logo\/image\/","url":"https:\/\/canal7slp.tv\/2025\/wp-content\/uploads\/2021\/01\/logo-noticieros@2x.png","contentUrl":"https:\/\/canal7slp.tv\/2025\/wp-content\/uploads\/2021\/01\/logo-noticieros@2x.png","width":1017,"height":268,"caption":"Noticieros Canal 7"},"image":{"@id":"https:\/\/canal7slp.tv\/2025\/#\/schema\/logo\/image\/"},"sameAs":["https:\/\/www.facebook.com\/noticieroscanal7atencionciudadana\/","https:\/\/x.com\/NOTICIEROS7","https:\/\/www.instagram.com\/canal7_slp","https:\/\/www.youtube.com\/channel\/UCliiYs-gP3JfJeqdPrNdd5A"]},{"@type":"Person","@id":"https:\/\/canal7slp.tv\/2025\/#\/schema\/person\/271e2b60a96e7cc9d9ac296f4d7e414b","name":"Edici\u00f3n Web","image":{"@type":"ImageObject","inLanguage":"es","@id":"https:\/\/secure.gravatar.com\/avatar\/eee448fc3f7164808013b816ba91ac7e43bbe82a70bebac296f8bc6f0addaa1a?s=96&d=mm&r=g","url":"https:\/\/secure.gravatar.com\/avatar\/eee448fc3f7164808013b816ba91ac7e43bbe82a70bebac296f8bc6f0addaa1a?s=96&d=mm&r=g","contentUrl":"https:\/\/secure.gravatar.com\/avatar\/eee448fc3f7164808013b816ba91ac7e43bbe82a70bebac296f8bc6f0addaa1a?s=96&d=mm&r=g","caption":"Edici\u00f3n Web"},"url":"https:\/\/canal7slp.tv\/2025\/author\/edicionweb\/"}]}},"_links":{"self":[{"href":"https:\/\/canal7slp.tv\/2025\/wp-json\/wp\/v2\/posts\/160897","targetHints":{"allow":["GET"]}}],"collection":[{"href":"https:\/\/canal7slp.tv\/2025\/wp-json\/wp\/v2\/posts"}],"about":[{"href":"https:\/\/canal7slp.tv\/2025\/wp-json\/wp\/v2\/types\/post"}],"author":[{"embeddable":true,"href":"https:\/\/canal7slp.tv\/2025\/wp-json\/wp\/v2\/users\/2"}],"replies":[{"embeddable":true,"href":"https:\/\/canal7slp.tv\/2025\/wp-json\/wp\/v2\/comments?post=160897"}],"version-history":[{"count":1,"href":"https:\/\/canal7slp.tv\/2025\/wp-json\/wp\/v2\/posts\/160897\/revisions"}],"predecessor-version":[{"id":160900,"href":"https:\/\/canal7slp.tv\/2025\/wp-json\/wp\/v2\/posts\/160897\/revisions\/160900"}],"wp:featuredmedia":[{"embeddable":true,"href":"https:\/\/canal7slp.tv\/2025\/wp-json\/wp\/v2\/media\/160899"}],"wp:attachment":[{"href":"https:\/\/canal7slp.tv\/2025\/wp-json\/wp\/v2\/media?parent=160897"}],"wp:term":[{"taxonomy":"category","embeddable":true,"href":"https:\/\/canal7slp.tv\/2025\/wp-json\/wp\/v2\/categories?post=160897"},{"taxonomy":"post_tag","embeddable":true,"href":"https:\/\/canal7slp.tv\/2025\/wp-json\/wp\/v2\/tags?post=160897"}],"curies":[{"name":"wp","href":"https:\/\/api.w.org\/{rel}","templated":true}]}}