{"id":160894,"date":"2025-03-14T15:28:24","date_gmt":"2025-03-14T21:28:24","guid":{"rendered":"https:\/\/canal7slp.tv\/2025\/?p=160894"},"modified":"2025-03-14T15:28:24","modified_gmt":"2025-03-14T21:28:24","slug":"eclipse-total-y-luna-de-gusano-espectaculo-celestial-que-despide-el-invierno","status":"publish","type":"post","link":"https:\/\/canal7slp.tv\/2025\/eclipse-total-y-luna-de-gusano-espectaculo-celestial-que-despide-el-invierno\/","title":{"rendered":"Eclipse Total y Luna de Gusano, espect\u00e1culo celestial que despide el invierno"},"content":{"rendered":"<p style=\"text-align: justify;\">\n<p style=\"text-align: justify;\">M\u00e9xico.- Este 14 de marzo de 2025, se producir\u00e1 un eclipse total de luna coincidiendo con la Luna de Gusano, un fen\u00f3meno que podr\u00e1 observarse en Am\u00e9rica del Norte y del Sur, Europa y \u00c1frica. La Luna de Gusano, nombre derivado de tradiciones nativas americanas, marca el final del invierno y el inicio de la primavera.<\/p>\n<p style=\"text-align: justify;\">El eclipse alcanzar\u00e1 su punto m\u00e1ximo a las 7:55 (hora peninsular espa\u00f1ola), cuando la Tierra se interponga entre el Sol y la Luna, creando el efecto conocido como \u00abLuna de Sangre\u00bb. La mejor vista del fen\u00f3meno ser\u00e1 en la madrugada del 15 de marzo. Se recomienda usar telescopios para observar detalles adicionales, como los planetas J\u00fapiter y Marte, que tambi\u00e9n ser\u00e1n visibles.<\/p>\n<p style=\"text-align: justify;\">Este evento tiene implicaciones culturales y astrol\u00f3gicas, ya que la Luna llena en la constelaci\u00f3n de Virgo se asocia con la energ\u00eda de la tierra, ideal para reflexionar y establecer nuevos objetivos. Para disfrutar al m\u00e1ximo del eclipse, se sugiere buscar lugares con poca contaminaci\u00f3n lum\u00ednica y utilizar binoculares o telescopios. La NASA transmitir\u00e1 el evento en su sitio web.<\/p>\n<p style=\"text-align: justify;\">\n","protected":false},"excerpt":{"rendered":"<p>M\u00e9xico.- Este 14 de marzo de 2025, se producir\u00e1 un eclipse total de luna coincidiendo con la Luna de Gusano, un fen\u00f3meno que podr\u00e1 observarse en Am\u00e9rica del Norte y del Sur, Europa y \u00c1frica. La Luna de Gusano, nombre derivado de tradiciones nativas americanas, marca el final del invierno y el inicio de la primavera. El eclipse alcanzar\u00e1 su punto m\u00e1ximo a las 7:55 (hora peninsular espa\u00f1ola), cuando la Tierra se interponga entre el Sol y la Luna, creando el efecto conocido como \u00abLuna de Sangre\u00bb. La mejor vista del fen\u00f3meno ser\u00e1 en la madrugada del 15 de marzo. [&hellip;]<\/p>\n","protected":false},"author":2,"featured_media":160895,"comment_status":"closed","ping_status":"closed","sticky":false,"template":"","format":"standard","meta":{"_monsterinsights_skip_tracking":false,"_monsterinsights_sitenote_active":false,"_monsterinsights_sitenote_note":"","_monsterinsights_sitenote_category":0,"footnotes":""},"categories":[46],"tags":[],"class_list":["post-160894","post","type-post","status-publish","format-standard","has-post-thumbnail","hentry","category-nacional","post--single"],"yoast_head":"<!-- This site is optimized with the Yoast SEO plugin v27.5 - https:\/\/yoast.com\/product\/yoast-seo-wordpress\/ -->\n<title>Eclipse Total y Luna de Gusano, espect\u00e1culo celestial que despide el invierno - Canal 7 SLP - 2025<\/title>\n<meta name=\"robots\" content=\"index, follow, max-snippet:-1, max-image-preview:large, max-video-preview:-1\" \/>\n<link rel=\"canonical\" href=\"https:\/\/canal7slp.tv\/2025\/eclipse-total-y-luna-de-gusano-espectaculo-celestial-que-despide-el-invierno\/\" \/>\n<meta property=\"og:locale\" content=\"es_ES\" \/>\n<meta property=\"og:type\" content=\"article\" \/>\n<meta property=\"og:title\" content=\"Eclipse Total y Luna de Gusano, espect\u00e1culo celestial que despide el invierno - Canal 7 SLP - 2025\" \/>\n<meta property=\"og:description\" content=\"M\u00e9xico.- Este 14 de marzo de 2025, se producir\u00e1 un eclipse total de luna coincidiendo con la Luna de Gusano, un fen\u00f3meno que podr\u00e1 observarse en Am\u00e9rica del Norte y del Sur, Europa y \u00c1frica. La Luna de Gusano, nombre derivado de tradiciones nativas americanas, marca el final del invierno y el inicio de la primavera. El eclipse alcanzar\u00e1 su punto m\u00e1ximo a las 7:55 (hora peninsular espa\u00f1ola), cuando la Tierra se interponga entre el Sol y la Luna, creando el efecto conocido como \u00abLuna de Sangre\u00bb. La mejor vista del fen\u00f3meno ser\u00e1 en la madrugada del 15 de marzo. [&hellip;]\" \/>\n<meta property=\"og:url\" content=\"https:\/\/canal7slp.tv\/2025\/eclipse-total-y-luna-de-gusano-espectaculo-celestial-que-despide-el-invierno\/\" \/>\n<meta property=\"og:site_name\" content=\"Canal 7 SLP - 2025\" \/>\n<meta property=\"article:publisher\" content=\"https:\/\/www.facebook.com\/noticieroscanal7atencionciudadana\/\" \/>\n<meta property=\"article:published_time\" content=\"2025-03-14T21:28:24+00:00\" \/>\n<meta property=\"og:image\" content=\"https:\/\/canal7slp.tv\/2025\/wp-content\/uploads\/2025\/03\/05-13.jpg\" \/>\n\t<meta property=\"og:image:width\" content=\"750\" \/>\n\t<meta property=\"og:image:height\" content=\"500\" \/>\n\t<meta property=\"og:image:type\" content=\"image\/jpeg\" \/>\n<meta name=\"author\" content=\"Edici\u00f3n Web\" \/>\n<meta name=\"twitter:card\" content=\"summary_large_image\" \/>\n<meta name=\"twitter:creator\" content=\"@NOTICIEROS7\" \/>\n<meta name=\"twitter:site\" content=\"@NOTICIEROS7\" \/>\n<meta name=\"twitter:label1\" content=\"Escrito por\" \/>\n\t<meta name=\"twitter:data1\" content=\"Edici\u00f3n Web\" \/>\n\t<meta name=\"twitter:label2\" content=\"Tiempo de lectura\" \/>\n\t<meta name=\"twitter:data2\" content=\"2 minutos\" \/>\n<script type=\"application\/ld+json\" class=\"yoast-schema-graph\">{\"@context\":\"https:\\\/\\\/schema.org\",\"@graph\":[{\"@type\":\"Article\",\"@id\":\"https:\\\/\\\/canal7slp.tv\\\/2025\\\/eclipse-total-y-luna-de-gusano-espectaculo-celestial-que-despide-el-invierno\\\/#article\",\"isPartOf\":{\"@id\":\"https:\\\/\\\/canal7slp.tv\\\/2025\\\/eclipse-total-y-luna-de-gusano-espectaculo-celestial-que-despide-el-invierno\\\/\"},\"author\":{\"name\":\"Edici\u00f3n Web\",\"@id\":\"https:\\\/\\\/canal7slp.tv\\\/2025\\\/#\\\/schema\\\/person\\\/271e2b60a96e7cc9d9ac296f4d7e414b\"},\"headline\":\"Eclipse Total y Luna de Gusano, espect\u00e1culo celestial que despide el invierno\",\"datePublished\":\"2025-03-14T21:28:24+00:00\",\"mainEntityOfPage\":{\"@id\":\"https:\\\/\\\/canal7slp.tv\\\/2025\\\/eclipse-total-y-luna-de-gusano-espectaculo-celestial-que-despide-el-invierno\\\/\"},\"wordCount\":203,\"publisher\":{\"@id\":\"https:\\\/\\\/canal7slp.tv\\\/2025\\\/#organization\"},\"image\":{\"@id\":\"https:\\\/\\\/canal7slp.tv\\\/2025\\\/eclipse-total-y-luna-de-gusano-espectaculo-celestial-que-despide-el-invierno\\\/#primaryimage\"},\"thumbnailUrl\":\"https:\\\/\\\/canal7slp.tv\\\/2025\\\/wp-content\\\/uploads\\\/2025\\\/03\\\/05-13.jpg\",\"articleSection\":[\"NACIONALES\"],\"inLanguage\":\"es\"},{\"@type\":\"WebPage\",\"@id\":\"https:\\\/\\\/canal7slp.tv\\\/2025\\\/eclipse-total-y-luna-de-gusano-espectaculo-celestial-que-despide-el-invierno\\\/\",\"url\":\"https:\\\/\\\/canal7slp.tv\\\/2025\\\/eclipse-total-y-luna-de-gusano-espectaculo-celestial-que-despide-el-invierno\\\/\",\"name\":\"Eclipse Total y Luna de Gusano, espect\u00e1culo celestial que despide el invierno - Canal 7 SLP - 2025\",\"isPartOf\":{\"@id\":\"https:\\\/\\\/canal7slp.tv\\\/2025\\\/#website\"},\"primaryImageOfPage\":{\"@id\":\"https:\\\/\\\/canal7slp.tv\\\/2025\\\/eclipse-total-y-luna-de-gusano-espectaculo-celestial-que-despide-el-invierno\\\/#primaryimage\"},\"image\":{\"@id\":\"https:\\\/\\\/canal7slp.tv\\\/2025\\\/eclipse-total-y-luna-de-gusano-espectaculo-celestial-que-despide-el-invierno\\\/#primaryimage\"},\"thumbnailUrl\":\"https:\\\/\\\/canal7slp.tv\\\/2025\\\/wp-content\\\/uploads\\\/2025\\\/03\\\/05-13.jpg\",\"datePublished\":\"2025-03-14T21:28:24+00:00\",\"breadcrumb\":{\"@id\":\"https:\\\/\\\/canal7slp.tv\\\/2025\\\/eclipse-total-y-luna-de-gusano-espectaculo-celestial-que-despide-el-invierno\\\/#breadcrumb\"},\"inLanguage\":\"es\",\"potentialAction\":[{\"@type\":\"ReadAction\",\"target\":[\"https:\\\/\\\/canal7slp.tv\\\/2025\\\/eclipse-total-y-luna-de-gusano-espectaculo-celestial-que-despide-el-invierno\\\/\"]}]},{\"@type\":\"ImageObject\",\"inLanguage\":\"es\",\"@id\":\"https:\\\/\\\/canal7slp.tv\\\/2025\\\/eclipse-total-y-luna-de-gusano-espectaculo-celestial-que-despide-el-invierno\\\/#primaryimage\",\"url\":\"https:\\\/\\\/canal7slp.tv\\\/2025\\\/wp-content\\\/uploads\\\/2025\\\/03\\\/05-13.jpg\",\"contentUrl\":\"https:\\\/\\\/canal7slp.tv\\\/2025\\\/wp-content\\\/uploads\\\/2025\\\/03\\\/05-13.jpg\",\"width\":750,\"height\":500},{\"@type\":\"BreadcrumbList\",\"@id\":\"https:\\\/\\\/canal7slp.tv\\\/2025\\\/eclipse-total-y-luna-de-gusano-espectaculo-celestial-que-despide-el-invierno\\\/#breadcrumb\",\"itemListElement\":[{\"@type\":\"ListItem\",\"position\":1,\"name\":\"Portada\",\"item\":\"https:\\\/\\\/canal7slp.tv\\\/2025\\\/\"},{\"@type\":\"ListItem\",\"position\":2,\"name\":\"Eclipse Total y Luna de Gusano, espect\u00e1culo celestial que despide el invierno\"}]},{\"@type\":\"WebSite\",\"@id\":\"https:\\\/\\\/canal7slp.tv\\\/2025\\\/#website\",\"url\":\"https:\\\/\\\/canal7slp.tv\\\/2025\\\/\",\"name\":\"N7 - Noticieros Canal 7\",\"description\":\"Somos el Medio\",\"publisher\":{\"@id\":\"https:\\\/\\\/canal7slp.tv\\\/2025\\\/#organization\"},\"potentialAction\":[{\"@type\":\"SearchAction\",\"target\":{\"@type\":\"EntryPoint\",\"urlTemplate\":\"https:\\\/\\\/canal7slp.tv\\\/2025\\\/?s={search_term_string}\"},\"query-input\":{\"@type\":\"PropertyValueSpecification\",\"valueRequired\":true,\"valueName\":\"search_term_string\"}}],\"inLanguage\":\"es\"},{\"@type\":\"Organization\",\"@id\":\"https:\\\/\\\/canal7slp.tv\\\/2025\\\/#organization\",\"name\":\"Noticieros Canal 7\",\"url\":\"https:\\\/\\\/canal7slp.tv\\\/2025\\\/\",\"logo\":{\"@type\":\"ImageObject\",\"inLanguage\":\"es\",\"@id\":\"https:\\\/\\\/canal7slp.tv\\\/2025\\\/#\\\/schema\\\/logo\\\/image\\\/\",\"url\":\"https:\\\/\\\/canal7slp.tv\\\/2025\\\/wp-content\\\/uploads\\\/2021\\\/01\\\/logo-noticieros@2x.png\",\"contentUrl\":\"https:\\\/\\\/canal7slp.tv\\\/2025\\\/wp-content\\\/uploads\\\/2021\\\/01\\\/logo-noticieros@2x.png\",\"width\":1017,\"height\":268,\"caption\":\"Noticieros Canal 7\"},\"image\":{\"@id\":\"https:\\\/\\\/canal7slp.tv\\\/2025\\\/#\\\/schema\\\/logo\\\/image\\\/\"},\"sameAs\":[\"https:\\\/\\\/www.facebook.com\\\/noticieroscanal7atencionciudadana\\\/\",\"https:\\\/\\\/x.com\\\/NOTICIEROS7\",\"https:\\\/\\\/www.instagram.com\\\/canal7_slp\",\"https:\\\/\\\/www.youtube.com\\\/channel\\\/UCliiYs-gP3JfJeqdPrNdd5A\"]},{\"@type\":\"Person\",\"@id\":\"https:\\\/\\\/canal7slp.tv\\\/2025\\\/#\\\/schema\\\/person\\\/271e2b60a96e7cc9d9ac296f4d7e414b\",\"name\":\"Edici\u00f3n Web\",\"image\":{\"@type\":\"ImageObject\",\"inLanguage\":\"es\",\"@id\":\"https:\\\/\\\/secure.gravatar.com\\\/avatar\\\/eee448fc3f7164808013b816ba91ac7e43bbe82a70bebac296f8bc6f0addaa1a?s=96&d=mm&r=g\",\"url\":\"https:\\\/\\\/secure.gravatar.com\\\/avatar\\\/eee448fc3f7164808013b816ba91ac7e43bbe82a70bebac296f8bc6f0addaa1a?s=96&d=mm&r=g\",\"contentUrl\":\"https:\\\/\\\/secure.gravatar.com\\\/avatar\\\/eee448fc3f7164808013b816ba91ac7e43bbe82a70bebac296f8bc6f0addaa1a?s=96&d=mm&r=g\",\"caption\":\"Edici\u00f3n Web\"},\"url\":\"https:\\\/\\\/canal7slp.tv\\\/2025\\\/author\\\/edicionweb\\\/\"}]}<\/script>\n<!-- \/ Yoast SEO plugin. -->","yoast_head_json":{"title":"Eclipse Total y Luna de Gusano, espect\u00e1culo celestial que despide el invierno - Canal 7 SLP - 2025","robots":{"index":"index","follow":"follow","max-snippet":"max-snippet:-1","max-image-preview":"max-image-preview:large","max-video-preview":"max-video-preview:-1"},"canonical":"https:\/\/canal7slp.tv\/2025\/eclipse-total-y-luna-de-gusano-espectaculo-celestial-que-despide-el-invierno\/","og_locale":"es_ES","og_type":"article","og_title":"Eclipse Total y Luna de Gusano, espect\u00e1culo celestial que despide el invierno - Canal 7 SLP - 2025","og_description":"M\u00e9xico.- Este 14 de marzo de 2025, se producir\u00e1 un eclipse total de luna coincidiendo con la Luna de Gusano, un fen\u00f3meno que podr\u00e1 observarse en Am\u00e9rica del Norte y del Sur, Europa y \u00c1frica. La Luna de Gusano, nombre derivado de tradiciones nativas americanas, marca el final del invierno y el inicio de la primavera. El eclipse alcanzar\u00e1 su punto m\u00e1ximo a las 7:55 (hora peninsular espa\u00f1ola), cuando la Tierra se interponga entre el Sol y la Luna, creando el efecto conocido como \u00abLuna de Sangre\u00bb. La mejor vista del fen\u00f3meno ser\u00e1 en la madrugada del 15 de marzo. [&hellip;]","og_url":"https:\/\/canal7slp.tv\/2025\/eclipse-total-y-luna-de-gusano-espectaculo-celestial-que-despide-el-invierno\/","og_site_name":"Canal 7 SLP - 2025","article_publisher":"https:\/\/www.facebook.com\/noticieroscanal7atencionciudadana\/","article_published_time":"2025-03-14T21:28:24+00:00","og_image":[{"width":750,"height":500,"url":"https:\/\/canal7slp.tv\/2025\/wp-content\/uploads\/2025\/03\/05-13.jpg","type":"image\/jpeg"}],"author":"Edici\u00f3n Web","twitter_card":"summary_large_image","twitter_creator":"@NOTICIEROS7","twitter_site":"@NOTICIEROS7","twitter_misc":{"Escrito por":"Edici\u00f3n Web","Tiempo de lectura":"2 minutos"},"schema":{"@context":"https:\/\/schema.org","@graph":[{"@type":"Article","@id":"https:\/\/canal7slp.tv\/2025\/eclipse-total-y-luna-de-gusano-espectaculo-celestial-que-despide-el-invierno\/#article","isPartOf":{"@id":"https:\/\/canal7slp.tv\/2025\/eclipse-total-y-luna-de-gusano-espectaculo-celestial-que-despide-el-invierno\/"},"author":{"name":"Edici\u00f3n Web","@id":"https:\/\/canal7slp.tv\/2025\/#\/schema\/person\/271e2b60a96e7cc9d9ac296f4d7e414b"},"headline":"Eclipse Total y Luna de Gusano, espect\u00e1culo celestial que despide el invierno","datePublished":"2025-03-14T21:28:24+00:00","mainEntityOfPage":{"@id":"https:\/\/canal7slp.tv\/2025\/eclipse-total-y-luna-de-gusano-espectaculo-celestial-que-despide-el-invierno\/"},"wordCount":203,"publisher":{"@id":"https:\/\/canal7slp.tv\/2025\/#organization"},"image":{"@id":"https:\/\/canal7slp.tv\/2025\/eclipse-total-y-luna-de-gusano-espectaculo-celestial-que-despide-el-invierno\/#primaryimage"},"thumbnailUrl":"https:\/\/canal7slp.tv\/2025\/wp-content\/uploads\/2025\/03\/05-13.jpg","articleSection":["NACIONALES"],"inLanguage":"es"},{"@type":"WebPage","@id":"https:\/\/canal7slp.tv\/2025\/eclipse-total-y-luna-de-gusano-espectaculo-celestial-que-despide-el-invierno\/","url":"https:\/\/canal7slp.tv\/2025\/eclipse-total-y-luna-de-gusano-espectaculo-celestial-que-despide-el-invierno\/","name":"Eclipse Total y Luna de Gusano, espect\u00e1culo celestial que despide el invierno - Canal 7 SLP - 2025","isPartOf":{"@id":"https:\/\/canal7slp.tv\/2025\/#website"},"primaryImageOfPage":{"@id":"https:\/\/canal7slp.tv\/2025\/eclipse-total-y-luna-de-gusano-espectaculo-celestial-que-despide-el-invierno\/#primaryimage"},"image":{"@id":"https:\/\/canal7slp.tv\/2025\/eclipse-total-y-luna-de-gusano-espectaculo-celestial-que-despide-el-invierno\/#primaryimage"},"thumbnailUrl":"https:\/\/canal7slp.tv\/2025\/wp-content\/uploads\/2025\/03\/05-13.jpg","datePublished":"2025-03-14T21:28:24+00:00","breadcrumb":{"@id":"https:\/\/canal7slp.tv\/2025\/eclipse-total-y-luna-de-gusano-espectaculo-celestial-que-despide-el-invierno\/#breadcrumb"},"inLanguage":"es","potentialAction":[{"@type":"ReadAction","target":["https:\/\/canal7slp.tv\/2025\/eclipse-total-y-luna-de-gusano-espectaculo-celestial-que-despide-el-invierno\/"]}]},{"@type":"ImageObject","inLanguage":"es","@id":"https:\/\/canal7slp.tv\/2025\/eclipse-total-y-luna-de-gusano-espectaculo-celestial-que-despide-el-invierno\/#primaryimage","url":"https:\/\/canal7slp.tv\/2025\/wp-content\/uploads\/2025\/03\/05-13.jpg","contentUrl":"https:\/\/canal7slp.tv\/2025\/wp-content\/uploads\/2025\/03\/05-13.jpg","width":750,"height":500},{"@type":"BreadcrumbList","@id":"https:\/\/canal7slp.tv\/2025\/eclipse-total-y-luna-de-gusano-espectaculo-celestial-que-despide-el-invierno\/#breadcrumb","itemListElement":[{"@type":"ListItem","position":1,"name":"Portada","item":"https:\/\/canal7slp.tv\/2025\/"},{"@type":"ListItem","position":2,"name":"Eclipse Total y Luna de Gusano, espect\u00e1culo celestial que despide el invierno"}]},{"@type":"WebSite","@id":"https:\/\/canal7slp.tv\/2025\/#website","url":"https:\/\/canal7slp.tv\/2025\/","name":"N7 - Noticieros Canal 7","description":"Somos el Medio","publisher":{"@id":"https:\/\/canal7slp.tv\/2025\/#organization"},"potentialAction":[{"@type":"SearchAction","target":{"@type":"EntryPoint","urlTemplate":"https:\/\/canal7slp.tv\/2025\/?s={search_term_string}"},"query-input":{"@type":"PropertyValueSpecification","valueRequired":true,"valueName":"search_term_string"}}],"inLanguage":"es"},{"@type":"Organization","@id":"https:\/\/canal7slp.tv\/2025\/#organization","name":"Noticieros Canal 7","url":"https:\/\/canal7slp.tv\/2025\/","logo":{"@type":"ImageObject","inLanguage":"es","@id":"https:\/\/canal7slp.tv\/2025\/#\/schema\/logo\/image\/","url":"https:\/\/canal7slp.tv\/2025\/wp-content\/uploads\/2021\/01\/logo-noticieros@2x.png","contentUrl":"https:\/\/canal7slp.tv\/2025\/wp-content\/uploads\/2021\/01\/logo-noticieros@2x.png","width":1017,"height":268,"caption":"Noticieros Canal 7"},"image":{"@id":"https:\/\/canal7slp.tv\/2025\/#\/schema\/logo\/image\/"},"sameAs":["https:\/\/www.facebook.com\/noticieroscanal7atencionciudadana\/","https:\/\/x.com\/NOTICIEROS7","https:\/\/www.instagram.com\/canal7_slp","https:\/\/www.youtube.com\/channel\/UCliiYs-gP3JfJeqdPrNdd5A"]},{"@type":"Person","@id":"https:\/\/canal7slp.tv\/2025\/#\/schema\/person\/271e2b60a96e7cc9d9ac296f4d7e414b","name":"Edici\u00f3n Web","image":{"@type":"ImageObject","inLanguage":"es","@id":"https:\/\/secure.gravatar.com\/avatar\/eee448fc3f7164808013b816ba91ac7e43bbe82a70bebac296f8bc6f0addaa1a?s=96&d=mm&r=g","url":"https:\/\/secure.gravatar.com\/avatar\/eee448fc3f7164808013b816ba91ac7e43bbe82a70bebac296f8bc6f0addaa1a?s=96&d=mm&r=g","contentUrl":"https:\/\/secure.gravatar.com\/avatar\/eee448fc3f7164808013b816ba91ac7e43bbe82a70bebac296f8bc6f0addaa1a?s=96&d=mm&r=g","caption":"Edici\u00f3n Web"},"url":"https:\/\/canal7slp.tv\/2025\/author\/edicionweb\/"}]}},"_links":{"self":[{"href":"https:\/\/canal7slp.tv\/2025\/wp-json\/wp\/v2\/posts\/160894","targetHints":{"allow":["GET"]}}],"collection":[{"href":"https:\/\/canal7slp.tv\/2025\/wp-json\/wp\/v2\/posts"}],"about":[{"href":"https:\/\/canal7slp.tv\/2025\/wp-json\/wp\/v2\/types\/post"}],"author":[{"embeddable":true,"href":"https:\/\/canal7slp.tv\/2025\/wp-json\/wp\/v2\/users\/2"}],"replies":[{"embeddable":true,"href":"https:\/\/canal7slp.tv\/2025\/wp-json\/wp\/v2\/comments?post=160894"}],"version-history":[{"count":1,"href":"https:\/\/canal7slp.tv\/2025\/wp-json\/wp\/v2\/posts\/160894\/revisions"}],"predecessor-version":[{"id":160896,"href":"https:\/\/canal7slp.tv\/2025\/wp-json\/wp\/v2\/posts\/160894\/revisions\/160896"}],"wp:featuredmedia":[{"embeddable":true,"href":"https:\/\/canal7slp.tv\/2025\/wp-json\/wp\/v2\/media\/160895"}],"wp:attachment":[{"href":"https:\/\/canal7slp.tv\/2025\/wp-json\/wp\/v2\/media?parent=160894"}],"wp:term":[{"taxonomy":"category","embeddable":true,"href":"https:\/\/canal7slp.tv\/2025\/wp-json\/wp\/v2\/categories?post=160894"},{"taxonomy":"post_tag","embeddable":true,"href":"https:\/\/canal7slp.tv\/2025\/wp-json\/wp\/v2\/tags?post=160894"}],"curies":[{"name":"wp","href":"https:\/\/api.w.org\/{rel}","templated":true}]}}