{"id":160887,"date":"2025-03-14T14:47:39","date_gmt":"2025-03-14T20:47:39","guid":{"rendered":"https:\/\/canal7slp.tv\/2025\/?p=160887"},"modified":"2025-03-14T14:47:39","modified_gmt":"2025-03-14T20:47:39","slug":"fgr-dara-a-conocer-la-proxima-semana-informacion-oficial-relacionada-al-caso-del-rancho-izaguirre","status":"publish","type":"post","link":"https:\/\/canal7slp.tv\/2025\/fgr-dara-a-conocer-la-proxima-semana-informacion-oficial-relacionada-al-caso-del-rancho-izaguirre\/","title":{"rendered":"FGR dar\u00e1 a conocer la pr\u00f3xima semana informaci\u00f3n oficial relacionada al caso del rancho Izaguirre"},"content":{"rendered":"<p style=\"text-align: justify;\">M\u00e9xico.- La Fiscal\u00eda General de la Rep\u00fablica (FGR) dar\u00e1 a conocer la pr\u00f3xima semana toda la informaci\u00f3n relacionada a la investigaci\u00f3n que se est\u00e1 llevando a cabo en el rancho Izaguirre, inform\u00f3 la presidenta Claudia Sheinbaum Pardo.<\/p>\n<p style=\"text-align: justify;\">Cabe se\u00f1alar, que dicho rancho fue se\u00f1alado como un campo de adiestramiento del narco, en el cual fueron localizados restos humanos y pertenencias de presuntas v\u00edctimas.<\/p>\n<p style=\"text-align: justify;\">Se espera que Alejandro Gertz Manero, titular de la FGR, d\u00e9 a conocer toda la informaci\u00f3n oficial del caso el pr\u00f3ximo 17 o 18 de marzo.<\/p>\n<p style=\"text-align: justify;\">Es importante recordar, que el pasado cinco de marzo, una llamada an\u00f3nima denunci\u00f3 la posible ubicaci\u00f3n de restos humanos en un predio de La Estanzuela, Teuchitl\u00e1n. Al lugar, acudieron integrantes del colectivo \u201cGuerreros Buscadores\u201d.<\/p>\n<p><img loading=\"lazy\" decoding=\"async\" class=\"aligncenter size-full wp-image-160889\" src=\"https:\/\/canal7slp.tv\/2025\/wp-content\/uploads\/2025\/03\/03b.jpg\" alt=\"\" width=\"596\" height=\"410\" srcset=\"https:\/\/canal7slp.tv\/2025\/wp-content\/uploads\/2025\/03\/03b.jpg 596w, https:\/\/canal7slp.tv\/2025\/wp-content\/uploads\/2025\/03\/03b-300x206.jpg 300w\" sizes=\"auto, (max-width: 596px) 100vw, 596px\" \/><\/p>\n<p style=\"text-align: justify;\">En poco m\u00e1s de nueve mil metros cuadrados, fueron encontrados al menos tres hornos crematorios clandestinos, huesos calcinados y tanto ropa, como art\u00edculos personales de al menos 200 posibles v\u00edctimas.<\/p>\n","protected":false},"excerpt":{"rendered":"<p>M\u00e9xico.- La Fiscal\u00eda General de la Rep\u00fablica (FGR) dar\u00e1 a conocer la pr\u00f3xima semana toda la informaci\u00f3n relacionada a la investigaci\u00f3n que se est\u00e1 llevando a cabo en el rancho Izaguirre, inform\u00f3 la presidenta Claudia Sheinbaum Pardo. Cabe se\u00f1alar, que dicho rancho fue se\u00f1alado como un campo de adiestramiento del narco, en el cual fueron localizados restos humanos y pertenencias de presuntas v\u00edctimas. Se espera que Alejandro Gertz Manero, titular de la FGR, d\u00e9 a conocer toda la informaci\u00f3n oficial del caso el pr\u00f3ximo 17 o 18 de marzo. Es importante recordar, que el pasado cinco de marzo, una llamada [&hellip;]<\/p>\n","protected":false},"author":2,"featured_media":160888,"comment_status":"closed","ping_status":"closed","sticky":false,"template":"","format":"standard","meta":{"_monsterinsights_skip_tracking":false,"_monsterinsights_sitenote_active":false,"_monsterinsights_sitenote_note":"","_monsterinsights_sitenote_category":0,"footnotes":""},"categories":[46],"tags":[],"class_list":["post-160887","post","type-post","status-publish","format-standard","has-post-thumbnail","hentry","category-nacional","post--single"],"yoast_head":"<!-- This site is optimized with the Yoast SEO plugin v27.5 - https:\/\/yoast.com\/product\/yoast-seo-wordpress\/ -->\n<title>FGR dar\u00e1 a conocer la pr\u00f3xima semana informaci\u00f3n oficial relacionada al caso del rancho Izaguirre - Canal 7 SLP - 2025<\/title>\n<meta name=\"robots\" content=\"index, follow, max-snippet:-1, max-image-preview:large, max-video-preview:-1\" \/>\n<link rel=\"canonical\" href=\"https:\/\/canal7slp.tv\/2025\/fgr-dara-a-conocer-la-proxima-semana-informacion-oficial-relacionada-al-caso-del-rancho-izaguirre\/\" \/>\n<meta property=\"og:locale\" content=\"es_ES\" \/>\n<meta property=\"og:type\" content=\"article\" \/>\n<meta property=\"og:title\" content=\"FGR dar\u00e1 a conocer la pr\u00f3xima semana informaci\u00f3n oficial relacionada al caso del rancho Izaguirre - Canal 7 SLP - 2025\" \/>\n<meta property=\"og:description\" content=\"M\u00e9xico.- La Fiscal\u00eda General de la Rep\u00fablica (FGR) dar\u00e1 a conocer la pr\u00f3xima semana toda la informaci\u00f3n relacionada a la investigaci\u00f3n que se est\u00e1 llevando a cabo en el rancho Izaguirre, inform\u00f3 la presidenta Claudia Sheinbaum Pardo. Cabe se\u00f1alar, que dicho rancho fue se\u00f1alado como un campo de adiestramiento del narco, en el cual fueron localizados restos humanos y pertenencias de presuntas v\u00edctimas. Se espera que Alejandro Gertz Manero, titular de la FGR, d\u00e9 a conocer toda la informaci\u00f3n oficial del caso el pr\u00f3ximo 17 o 18 de marzo. Es importante recordar, que el pasado cinco de marzo, una llamada [&hellip;]\" \/>\n<meta property=\"og:url\" content=\"https:\/\/canal7slp.tv\/2025\/fgr-dara-a-conocer-la-proxima-semana-informacion-oficial-relacionada-al-caso-del-rancho-izaguirre\/\" \/>\n<meta property=\"og:site_name\" content=\"Canal 7 SLP - 2025\" \/>\n<meta property=\"article:publisher\" content=\"https:\/\/www.facebook.com\/noticieroscanal7atencionciudadana\/\" \/>\n<meta property=\"article:published_time\" content=\"2025-03-14T20:47:39+00:00\" \/>\n<meta property=\"og:image\" content=\"https:\/\/canal7slp.tv\/2025\/wp-content\/uploads\/2025\/03\/03-12.jpg\" \/>\n\t<meta property=\"og:image:width\" content=\"750\" \/>\n\t<meta property=\"og:image:height\" content=\"500\" \/>\n\t<meta property=\"og:image:type\" content=\"image\/jpeg\" \/>\n<meta name=\"author\" content=\"Edici\u00f3n Web\" \/>\n<meta name=\"twitter:card\" content=\"summary_large_image\" \/>\n<meta name=\"twitter:creator\" content=\"@NOTICIEROS7\" \/>\n<meta name=\"twitter:site\" content=\"@NOTICIEROS7\" \/>\n<meta name=\"twitter:label1\" content=\"Escrito por\" \/>\n\t<meta name=\"twitter:data1\" content=\"Edici\u00f3n Web\" \/>\n\t<meta name=\"twitter:label2\" content=\"Tiempo de lectura\" \/>\n\t<meta name=\"twitter:data2\" content=\"1 minuto\" \/>\n<script type=\"application\/ld+json\" class=\"yoast-schema-graph\">{\"@context\":\"https:\\\/\\\/schema.org\",\"@graph\":[{\"@type\":\"Article\",\"@id\":\"https:\\\/\\\/canal7slp.tv\\\/2025\\\/fgr-dara-a-conocer-la-proxima-semana-informacion-oficial-relacionada-al-caso-del-rancho-izaguirre\\\/#article\",\"isPartOf\":{\"@id\":\"https:\\\/\\\/canal7slp.tv\\\/2025\\\/fgr-dara-a-conocer-la-proxima-semana-informacion-oficial-relacionada-al-caso-del-rancho-izaguirre\\\/\"},\"author\":{\"name\":\"Edici\u00f3n Web\",\"@id\":\"https:\\\/\\\/canal7slp.tv\\\/2025\\\/#\\\/schema\\\/person\\\/271e2b60a96e7cc9d9ac296f4d7e414b\"},\"headline\":\"FGR dar\u00e1 a conocer la pr\u00f3xima semana informaci\u00f3n oficial relacionada al caso del rancho Izaguirre\",\"datePublished\":\"2025-03-14T20:47:39+00:00\",\"mainEntityOfPage\":{\"@id\":\"https:\\\/\\\/canal7slp.tv\\\/2025\\\/fgr-dara-a-conocer-la-proxima-semana-informacion-oficial-relacionada-al-caso-del-rancho-izaguirre\\\/\"},\"wordCount\":185,\"publisher\":{\"@id\":\"https:\\\/\\\/canal7slp.tv\\\/2025\\\/#organization\"},\"image\":{\"@id\":\"https:\\\/\\\/canal7slp.tv\\\/2025\\\/fgr-dara-a-conocer-la-proxima-semana-informacion-oficial-relacionada-al-caso-del-rancho-izaguirre\\\/#primaryimage\"},\"thumbnailUrl\":\"https:\\\/\\\/canal7slp.tv\\\/2025\\\/wp-content\\\/uploads\\\/2025\\\/03\\\/03-12.jpg\",\"articleSection\":[\"NACIONALES\"],\"inLanguage\":\"es\"},{\"@type\":\"WebPage\",\"@id\":\"https:\\\/\\\/canal7slp.tv\\\/2025\\\/fgr-dara-a-conocer-la-proxima-semana-informacion-oficial-relacionada-al-caso-del-rancho-izaguirre\\\/\",\"url\":\"https:\\\/\\\/canal7slp.tv\\\/2025\\\/fgr-dara-a-conocer-la-proxima-semana-informacion-oficial-relacionada-al-caso-del-rancho-izaguirre\\\/\",\"name\":\"FGR dar\u00e1 a conocer la pr\u00f3xima semana informaci\u00f3n oficial relacionada al caso del rancho Izaguirre - Canal 7 SLP - 2025\",\"isPartOf\":{\"@id\":\"https:\\\/\\\/canal7slp.tv\\\/2025\\\/#website\"},\"primaryImageOfPage\":{\"@id\":\"https:\\\/\\\/canal7slp.tv\\\/2025\\\/fgr-dara-a-conocer-la-proxima-semana-informacion-oficial-relacionada-al-caso-del-rancho-izaguirre\\\/#primaryimage\"},\"image\":{\"@id\":\"https:\\\/\\\/canal7slp.tv\\\/2025\\\/fgr-dara-a-conocer-la-proxima-semana-informacion-oficial-relacionada-al-caso-del-rancho-izaguirre\\\/#primaryimage\"},\"thumbnailUrl\":\"https:\\\/\\\/canal7slp.tv\\\/2025\\\/wp-content\\\/uploads\\\/2025\\\/03\\\/03-12.jpg\",\"datePublished\":\"2025-03-14T20:47:39+00:00\",\"breadcrumb\":{\"@id\":\"https:\\\/\\\/canal7slp.tv\\\/2025\\\/fgr-dara-a-conocer-la-proxima-semana-informacion-oficial-relacionada-al-caso-del-rancho-izaguirre\\\/#breadcrumb\"},\"inLanguage\":\"es\",\"potentialAction\":[{\"@type\":\"ReadAction\",\"target\":[\"https:\\\/\\\/canal7slp.tv\\\/2025\\\/fgr-dara-a-conocer-la-proxima-semana-informacion-oficial-relacionada-al-caso-del-rancho-izaguirre\\\/\"]}]},{\"@type\":\"ImageObject\",\"inLanguage\":\"es\",\"@id\":\"https:\\\/\\\/canal7slp.tv\\\/2025\\\/fgr-dara-a-conocer-la-proxima-semana-informacion-oficial-relacionada-al-caso-del-rancho-izaguirre\\\/#primaryimage\",\"url\":\"https:\\\/\\\/canal7slp.tv\\\/2025\\\/wp-content\\\/uploads\\\/2025\\\/03\\\/03-12.jpg\",\"contentUrl\":\"https:\\\/\\\/canal7slp.tv\\\/2025\\\/wp-content\\\/uploads\\\/2025\\\/03\\\/03-12.jpg\",\"width\":750,\"height\":500},{\"@type\":\"BreadcrumbList\",\"@id\":\"https:\\\/\\\/canal7slp.tv\\\/2025\\\/fgr-dara-a-conocer-la-proxima-semana-informacion-oficial-relacionada-al-caso-del-rancho-izaguirre\\\/#breadcrumb\",\"itemListElement\":[{\"@type\":\"ListItem\",\"position\":1,\"name\":\"Portada\",\"item\":\"https:\\\/\\\/canal7slp.tv\\\/2025\\\/\"},{\"@type\":\"ListItem\",\"position\":2,\"name\":\"FGR dar\u00e1 a conocer la pr\u00f3xima semana informaci\u00f3n oficial relacionada al caso del rancho Izaguirre\"}]},{\"@type\":\"WebSite\",\"@id\":\"https:\\\/\\\/canal7slp.tv\\\/2025\\\/#website\",\"url\":\"https:\\\/\\\/canal7slp.tv\\\/2025\\\/\",\"name\":\"N7 - Noticieros Canal 7\",\"description\":\"Somos el Medio\",\"publisher\":{\"@id\":\"https:\\\/\\\/canal7slp.tv\\\/2025\\\/#organization\"},\"potentialAction\":[{\"@type\":\"SearchAction\",\"target\":{\"@type\":\"EntryPoint\",\"urlTemplate\":\"https:\\\/\\\/canal7slp.tv\\\/2025\\\/?s={search_term_string}\"},\"query-input\":{\"@type\":\"PropertyValueSpecification\",\"valueRequired\":true,\"valueName\":\"search_term_string\"}}],\"inLanguage\":\"es\"},{\"@type\":\"Organization\",\"@id\":\"https:\\\/\\\/canal7slp.tv\\\/2025\\\/#organization\",\"name\":\"Noticieros Canal 7\",\"url\":\"https:\\\/\\\/canal7slp.tv\\\/2025\\\/\",\"logo\":{\"@type\":\"ImageObject\",\"inLanguage\":\"es\",\"@id\":\"https:\\\/\\\/canal7slp.tv\\\/2025\\\/#\\\/schema\\\/logo\\\/image\\\/\",\"url\":\"https:\\\/\\\/canal7slp.tv\\\/2025\\\/wp-content\\\/uploads\\\/2021\\\/01\\\/logo-noticieros@2x.png\",\"contentUrl\":\"https:\\\/\\\/canal7slp.tv\\\/2025\\\/wp-content\\\/uploads\\\/2021\\\/01\\\/logo-noticieros@2x.png\",\"width\":1017,\"height\":268,\"caption\":\"Noticieros Canal 7\"},\"image\":{\"@id\":\"https:\\\/\\\/canal7slp.tv\\\/2025\\\/#\\\/schema\\\/logo\\\/image\\\/\"},\"sameAs\":[\"https:\\\/\\\/www.facebook.com\\\/noticieroscanal7atencionciudadana\\\/\",\"https:\\\/\\\/x.com\\\/NOTICIEROS7\",\"https:\\\/\\\/www.instagram.com\\\/canal7_slp\",\"https:\\\/\\\/www.youtube.com\\\/channel\\\/UCliiYs-gP3JfJeqdPrNdd5A\"]},{\"@type\":\"Person\",\"@id\":\"https:\\\/\\\/canal7slp.tv\\\/2025\\\/#\\\/schema\\\/person\\\/271e2b60a96e7cc9d9ac296f4d7e414b\",\"name\":\"Edici\u00f3n Web\",\"image\":{\"@type\":\"ImageObject\",\"inLanguage\":\"es\",\"@id\":\"https:\\\/\\\/secure.gravatar.com\\\/avatar\\\/eee448fc3f7164808013b816ba91ac7e43bbe82a70bebac296f8bc6f0addaa1a?s=96&d=mm&r=g\",\"url\":\"https:\\\/\\\/secure.gravatar.com\\\/avatar\\\/eee448fc3f7164808013b816ba91ac7e43bbe82a70bebac296f8bc6f0addaa1a?s=96&d=mm&r=g\",\"contentUrl\":\"https:\\\/\\\/secure.gravatar.com\\\/avatar\\\/eee448fc3f7164808013b816ba91ac7e43bbe82a70bebac296f8bc6f0addaa1a?s=96&d=mm&r=g\",\"caption\":\"Edici\u00f3n Web\"},\"url\":\"https:\\\/\\\/canal7slp.tv\\\/2025\\\/author\\\/edicionweb\\\/\"}]}<\/script>\n<!-- \/ Yoast SEO plugin. -->","yoast_head_json":{"title":"FGR dar\u00e1 a conocer la pr\u00f3xima semana informaci\u00f3n oficial relacionada al caso del rancho Izaguirre - Canal 7 SLP - 2025","robots":{"index":"index","follow":"follow","max-snippet":"max-snippet:-1","max-image-preview":"max-image-preview:large","max-video-preview":"max-video-preview:-1"},"canonical":"https:\/\/canal7slp.tv\/2025\/fgr-dara-a-conocer-la-proxima-semana-informacion-oficial-relacionada-al-caso-del-rancho-izaguirre\/","og_locale":"es_ES","og_type":"article","og_title":"FGR dar\u00e1 a conocer la pr\u00f3xima semana informaci\u00f3n oficial relacionada al caso del rancho Izaguirre - Canal 7 SLP - 2025","og_description":"M\u00e9xico.- La Fiscal\u00eda General de la Rep\u00fablica (FGR) dar\u00e1 a conocer la pr\u00f3xima semana toda la informaci\u00f3n relacionada a la investigaci\u00f3n que se est\u00e1 llevando a cabo en el rancho Izaguirre, inform\u00f3 la presidenta Claudia Sheinbaum Pardo. Cabe se\u00f1alar, que dicho rancho fue se\u00f1alado como un campo de adiestramiento del narco, en el cual fueron localizados restos humanos y pertenencias de presuntas v\u00edctimas. Se espera que Alejandro Gertz Manero, titular de la FGR, d\u00e9 a conocer toda la informaci\u00f3n oficial del caso el pr\u00f3ximo 17 o 18 de marzo. Es importante recordar, que el pasado cinco de marzo, una llamada [&hellip;]","og_url":"https:\/\/canal7slp.tv\/2025\/fgr-dara-a-conocer-la-proxima-semana-informacion-oficial-relacionada-al-caso-del-rancho-izaguirre\/","og_site_name":"Canal 7 SLP - 2025","article_publisher":"https:\/\/www.facebook.com\/noticieroscanal7atencionciudadana\/","article_published_time":"2025-03-14T20:47:39+00:00","og_image":[{"width":750,"height":500,"url":"https:\/\/canal7slp.tv\/2025\/wp-content\/uploads\/2025\/03\/03-12.jpg","type":"image\/jpeg"}],"author":"Edici\u00f3n Web","twitter_card":"summary_large_image","twitter_creator":"@NOTICIEROS7","twitter_site":"@NOTICIEROS7","twitter_misc":{"Escrito por":"Edici\u00f3n Web","Tiempo de lectura":"1 minuto"},"schema":{"@context":"https:\/\/schema.org","@graph":[{"@type":"Article","@id":"https:\/\/canal7slp.tv\/2025\/fgr-dara-a-conocer-la-proxima-semana-informacion-oficial-relacionada-al-caso-del-rancho-izaguirre\/#article","isPartOf":{"@id":"https:\/\/canal7slp.tv\/2025\/fgr-dara-a-conocer-la-proxima-semana-informacion-oficial-relacionada-al-caso-del-rancho-izaguirre\/"},"author":{"name":"Edici\u00f3n Web","@id":"https:\/\/canal7slp.tv\/2025\/#\/schema\/person\/271e2b60a96e7cc9d9ac296f4d7e414b"},"headline":"FGR dar\u00e1 a conocer la pr\u00f3xima semana informaci\u00f3n oficial relacionada al caso del rancho Izaguirre","datePublished":"2025-03-14T20:47:39+00:00","mainEntityOfPage":{"@id":"https:\/\/canal7slp.tv\/2025\/fgr-dara-a-conocer-la-proxima-semana-informacion-oficial-relacionada-al-caso-del-rancho-izaguirre\/"},"wordCount":185,"publisher":{"@id":"https:\/\/canal7slp.tv\/2025\/#organization"},"image":{"@id":"https:\/\/canal7slp.tv\/2025\/fgr-dara-a-conocer-la-proxima-semana-informacion-oficial-relacionada-al-caso-del-rancho-izaguirre\/#primaryimage"},"thumbnailUrl":"https:\/\/canal7slp.tv\/2025\/wp-content\/uploads\/2025\/03\/03-12.jpg","articleSection":["NACIONALES"],"inLanguage":"es"},{"@type":"WebPage","@id":"https:\/\/canal7slp.tv\/2025\/fgr-dara-a-conocer-la-proxima-semana-informacion-oficial-relacionada-al-caso-del-rancho-izaguirre\/","url":"https:\/\/canal7slp.tv\/2025\/fgr-dara-a-conocer-la-proxima-semana-informacion-oficial-relacionada-al-caso-del-rancho-izaguirre\/","name":"FGR dar\u00e1 a conocer la pr\u00f3xima semana informaci\u00f3n oficial relacionada al caso del rancho Izaguirre - Canal 7 SLP - 2025","isPartOf":{"@id":"https:\/\/canal7slp.tv\/2025\/#website"},"primaryImageOfPage":{"@id":"https:\/\/canal7slp.tv\/2025\/fgr-dara-a-conocer-la-proxima-semana-informacion-oficial-relacionada-al-caso-del-rancho-izaguirre\/#primaryimage"},"image":{"@id":"https:\/\/canal7slp.tv\/2025\/fgr-dara-a-conocer-la-proxima-semana-informacion-oficial-relacionada-al-caso-del-rancho-izaguirre\/#primaryimage"},"thumbnailUrl":"https:\/\/canal7slp.tv\/2025\/wp-content\/uploads\/2025\/03\/03-12.jpg","datePublished":"2025-03-14T20:47:39+00:00","breadcrumb":{"@id":"https:\/\/canal7slp.tv\/2025\/fgr-dara-a-conocer-la-proxima-semana-informacion-oficial-relacionada-al-caso-del-rancho-izaguirre\/#breadcrumb"},"inLanguage":"es","potentialAction":[{"@type":"ReadAction","target":["https:\/\/canal7slp.tv\/2025\/fgr-dara-a-conocer-la-proxima-semana-informacion-oficial-relacionada-al-caso-del-rancho-izaguirre\/"]}]},{"@type":"ImageObject","inLanguage":"es","@id":"https:\/\/canal7slp.tv\/2025\/fgr-dara-a-conocer-la-proxima-semana-informacion-oficial-relacionada-al-caso-del-rancho-izaguirre\/#primaryimage","url":"https:\/\/canal7slp.tv\/2025\/wp-content\/uploads\/2025\/03\/03-12.jpg","contentUrl":"https:\/\/canal7slp.tv\/2025\/wp-content\/uploads\/2025\/03\/03-12.jpg","width":750,"height":500},{"@type":"BreadcrumbList","@id":"https:\/\/canal7slp.tv\/2025\/fgr-dara-a-conocer-la-proxima-semana-informacion-oficial-relacionada-al-caso-del-rancho-izaguirre\/#breadcrumb","itemListElement":[{"@type":"ListItem","position":1,"name":"Portada","item":"https:\/\/canal7slp.tv\/2025\/"},{"@type":"ListItem","position":2,"name":"FGR dar\u00e1 a conocer la pr\u00f3xima semana informaci\u00f3n oficial relacionada al caso del rancho Izaguirre"}]},{"@type":"WebSite","@id":"https:\/\/canal7slp.tv\/2025\/#website","url":"https:\/\/canal7slp.tv\/2025\/","name":"N7 - Noticieros Canal 7","description":"Somos el Medio","publisher":{"@id":"https:\/\/canal7slp.tv\/2025\/#organization"},"potentialAction":[{"@type":"SearchAction","target":{"@type":"EntryPoint","urlTemplate":"https:\/\/canal7slp.tv\/2025\/?s={search_term_string}"},"query-input":{"@type":"PropertyValueSpecification","valueRequired":true,"valueName":"search_term_string"}}],"inLanguage":"es"},{"@type":"Organization","@id":"https:\/\/canal7slp.tv\/2025\/#organization","name":"Noticieros Canal 7","url":"https:\/\/canal7slp.tv\/2025\/","logo":{"@type":"ImageObject","inLanguage":"es","@id":"https:\/\/canal7slp.tv\/2025\/#\/schema\/logo\/image\/","url":"https:\/\/canal7slp.tv\/2025\/wp-content\/uploads\/2021\/01\/logo-noticieros@2x.png","contentUrl":"https:\/\/canal7slp.tv\/2025\/wp-content\/uploads\/2021\/01\/logo-noticieros@2x.png","width":1017,"height":268,"caption":"Noticieros Canal 7"},"image":{"@id":"https:\/\/canal7slp.tv\/2025\/#\/schema\/logo\/image\/"},"sameAs":["https:\/\/www.facebook.com\/noticieroscanal7atencionciudadana\/","https:\/\/x.com\/NOTICIEROS7","https:\/\/www.instagram.com\/canal7_slp","https:\/\/www.youtube.com\/channel\/UCliiYs-gP3JfJeqdPrNdd5A"]},{"@type":"Person","@id":"https:\/\/canal7slp.tv\/2025\/#\/schema\/person\/271e2b60a96e7cc9d9ac296f4d7e414b","name":"Edici\u00f3n Web","image":{"@type":"ImageObject","inLanguage":"es","@id":"https:\/\/secure.gravatar.com\/avatar\/eee448fc3f7164808013b816ba91ac7e43bbe82a70bebac296f8bc6f0addaa1a?s=96&d=mm&r=g","url":"https:\/\/secure.gravatar.com\/avatar\/eee448fc3f7164808013b816ba91ac7e43bbe82a70bebac296f8bc6f0addaa1a?s=96&d=mm&r=g","contentUrl":"https:\/\/secure.gravatar.com\/avatar\/eee448fc3f7164808013b816ba91ac7e43bbe82a70bebac296f8bc6f0addaa1a?s=96&d=mm&r=g","caption":"Edici\u00f3n Web"},"url":"https:\/\/canal7slp.tv\/2025\/author\/edicionweb\/"}]}},"_links":{"self":[{"href":"https:\/\/canal7slp.tv\/2025\/wp-json\/wp\/v2\/posts\/160887","targetHints":{"allow":["GET"]}}],"collection":[{"href":"https:\/\/canal7slp.tv\/2025\/wp-json\/wp\/v2\/posts"}],"about":[{"href":"https:\/\/canal7slp.tv\/2025\/wp-json\/wp\/v2\/types\/post"}],"author":[{"embeddable":true,"href":"https:\/\/canal7slp.tv\/2025\/wp-json\/wp\/v2\/users\/2"}],"replies":[{"embeddable":true,"href":"https:\/\/canal7slp.tv\/2025\/wp-json\/wp\/v2\/comments?post=160887"}],"version-history":[{"count":1,"href":"https:\/\/canal7slp.tv\/2025\/wp-json\/wp\/v2\/posts\/160887\/revisions"}],"predecessor-version":[{"id":160890,"href":"https:\/\/canal7slp.tv\/2025\/wp-json\/wp\/v2\/posts\/160887\/revisions\/160890"}],"wp:featuredmedia":[{"embeddable":true,"href":"https:\/\/canal7slp.tv\/2025\/wp-json\/wp\/v2\/media\/160888"}],"wp:attachment":[{"href":"https:\/\/canal7slp.tv\/2025\/wp-json\/wp\/v2\/media?parent=160887"}],"wp:term":[{"taxonomy":"category","embeddable":true,"href":"https:\/\/canal7slp.tv\/2025\/wp-json\/wp\/v2\/categories?post=160887"},{"taxonomy":"post_tag","embeddable":true,"href":"https:\/\/canal7slp.tv\/2025\/wp-json\/wp\/v2\/tags?post=160887"}],"curies":[{"name":"wp","href":"https:\/\/api.w.org\/{rel}","templated":true}]}}