{"id":160871,"date":"2025-03-14T14:04:29","date_gmt":"2025-03-14T20:04:29","guid":{"rendered":"https:\/\/canal7slp.tv\/2025\/?p=160871"},"modified":"2025-03-14T14:07:21","modified_gmt":"2025-03-14T20:07:21","slug":"presentan-la-copa-potosi-2025-se-realizara-del-14-al-19-de-abril","status":"publish","type":"post","link":"https:\/\/canal7slp.tv\/2025\/presentan-la-copa-potosi-2025-se-realizara-del-14-al-19-de-abril\/","title":{"rendered":"Presentan la Copa Potos\u00ed 2025, se realizar\u00e1 del 14 al 19 de abril"},"content":{"rendered":"<p style=\"text-align: justify;\">SLP.- En la cancha de pasto de la unidad Adolfo L\u00f3pez Mateos y con la presencia del ex jugador profesional Luis Hern\u00e1ndez \u201cEl Matador\u201d como invitado especial fue presentada la Copa Potos\u00ed en su edici\u00f3n 2025, la cual tendr\u00e1 verificativo del 14 al 19 de abril en donde se dar\u00e1n cita los mejores equipos de futbol amateur de la entidad, as\u00ed como nacionales e internacionales y que como cada a\u00f1o dar\u00e1n un gran espect\u00e1culo.<\/p>\n<p style=\"text-align: justify;\">Considerado el mejor torneo de futbol amateur que se celebra en semana santa, la copa Potos\u00ed tendr\u00e1 como sede las canchas de la Unidad Adolfo L\u00f3pez Mateos.<\/p>\n<p style=\"text-align: justify;\">En la presentaci\u00f3n el invitado especial el gran jugador el \u201cMatador\u201d se dijo contento de ser parte de este gran torneo de Semana Santa.<\/p>\n<p style=\"text-align: justify;\">Por su parte el gobernador del estado augur\u00f3 un gran torneo con grandes figuras del futbol y confirm\u00f3 como sede de la gran final el estadio Alfonso Lastras.<\/p>\n<p style=\"text-align: justify;\">Finalmente la el ex futbolista profesional Luis Hern\u00e1ndez y el gobernando dieron la patada inaugural.<\/p>\n","protected":false},"excerpt":{"rendered":"<p>SLP.- En la cancha de pasto de la unidad Adolfo L\u00f3pez Mateos y con la presencia del ex jugador profesional Luis Hern\u00e1ndez \u201cEl Matador\u201d como invitado especial fue presentada la Copa Potos\u00ed en su edici\u00f3n 2025, la cual tendr\u00e1 verificativo del 14 al 19 de abril en donde se dar\u00e1n cita los mejores equipos de futbol amateur de la entidad, as\u00ed como nacionales e internacionales y que como cada a\u00f1o dar\u00e1n un gran espect\u00e1culo. Considerado el mejor torneo de futbol amateur que se celebra en semana santa, la copa Potos\u00ed tendr\u00e1 como sede las canchas de la Unidad Adolfo L\u00f3pez [&hellip;]<\/p>\n","protected":false},"author":2,"featured_media":160872,"comment_status":"closed","ping_status":"closed","sticky":false,"template":"","format":"video","meta":{"_monsterinsights_skip_tracking":false,"_monsterinsights_sitenote_active":false,"_monsterinsights_sitenote_note":"","_monsterinsights_sitenote_category":0,"footnotes":""},"categories":[7,5,510],"tags":[],"class_list":["post-160871","post","type-post","status-publish","format-video","has-post-thumbnail","hentry","category-deportes","category-destacadas","category-gobedoslp","post_format-post-format-video","post--single"],"yoast_head":"<!-- This site is optimized with the Yoast SEO plugin v27.5 - https:\/\/yoast.com\/product\/yoast-seo-wordpress\/ -->\n<title>Presentan la Copa Potos\u00ed 2025, se realizar\u00e1 del 14 al 19 de abril - Canal 7 SLP - 2025<\/title>\n<meta name=\"robots\" content=\"index, follow, max-snippet:-1, max-image-preview:large, max-video-preview:-1\" \/>\n<link rel=\"canonical\" href=\"https:\/\/canal7slp.tv\/2025\/presentan-la-copa-potosi-2025-se-realizara-del-14-al-19-de-abril\/\" \/>\n<meta property=\"og:locale\" content=\"es_ES\" \/>\n<meta property=\"og:type\" content=\"article\" \/>\n<meta property=\"og:title\" content=\"Presentan la Copa Potos\u00ed 2025, se realizar\u00e1 del 14 al 19 de abril - Canal 7 SLP - 2025\" \/>\n<meta property=\"og:description\" content=\"SLP.- En la cancha de pasto de la unidad Adolfo L\u00f3pez Mateos y con la presencia del ex jugador profesional Luis Hern\u00e1ndez \u201cEl Matador\u201d como invitado especial fue presentada la Copa Potos\u00ed en su edici\u00f3n 2025, la cual tendr\u00e1 verificativo del 14 al 19 de abril en donde se dar\u00e1n cita los mejores equipos de futbol amateur de la entidad, as\u00ed como nacionales e internacionales y que como cada a\u00f1o dar\u00e1n un gran espect\u00e1culo. Considerado el mejor torneo de futbol amateur que se celebra en semana santa, la copa Potos\u00ed tendr\u00e1 como sede las canchas de la Unidad Adolfo L\u00f3pez [&hellip;]\" \/>\n<meta property=\"og:url\" content=\"https:\/\/canal7slp.tv\/2025\/presentan-la-copa-potosi-2025-se-realizara-del-14-al-19-de-abril\/\" \/>\n<meta property=\"og:site_name\" content=\"Canal 7 SLP - 2025\" \/>\n<meta property=\"article:publisher\" content=\"https:\/\/www.facebook.com\/noticieroscanal7atencionciudadana\/\" \/>\n<meta property=\"article:published_time\" content=\"2025-03-14T20:04:29+00:00\" \/>\n<meta property=\"article:modified_time\" content=\"2025-03-14T20:07:21+00:00\" \/>\n<meta property=\"og:image\" content=\"https:\/\/canal7slp.tv\/2025\/wp-content\/uploads\/2025\/03\/Froi01Copa.jpg\" \/>\n\t<meta property=\"og:image:width\" content=\"1280\" \/>\n\t<meta property=\"og:image:height\" content=\"720\" \/>\n\t<meta property=\"og:image:type\" content=\"image\/jpeg\" \/>\n<meta name=\"author\" content=\"Edici\u00f3n Web\" \/>\n<meta name=\"twitter:card\" content=\"summary_large_image\" \/>\n<meta name=\"twitter:creator\" content=\"@NOTICIEROS7\" \/>\n<meta name=\"twitter:site\" content=\"@NOTICIEROS7\" \/>\n<meta name=\"twitter:label1\" content=\"Escrito por\" \/>\n\t<meta name=\"twitter:data1\" content=\"Edici\u00f3n Web\" \/>\n\t<meta name=\"twitter:label2\" content=\"Tiempo de lectura\" \/>\n\t<meta name=\"twitter:data2\" content=\"1 minuto\" \/>\n<script type=\"application\/ld+json\" class=\"yoast-schema-graph\">{\"@context\":\"https:\\\/\\\/schema.org\",\"@graph\":[{\"@type\":\"Article\",\"@id\":\"https:\\\/\\\/canal7slp.tv\\\/2025\\\/presentan-la-copa-potosi-2025-se-realizara-del-14-al-19-de-abril\\\/#article\",\"isPartOf\":{\"@id\":\"https:\\\/\\\/canal7slp.tv\\\/2025\\\/presentan-la-copa-potosi-2025-se-realizara-del-14-al-19-de-abril\\\/\"},\"author\":{\"name\":\"Edici\u00f3n Web\",\"@id\":\"https:\\\/\\\/canal7slp.tv\\\/2025\\\/#\\\/schema\\\/person\\\/271e2b60a96e7cc9d9ac296f4d7e414b\"},\"headline\":\"Presentan la Copa Potos\u00ed 2025, se realizar\u00e1 del 14 al 19 de abril\",\"datePublished\":\"2025-03-14T20:04:29+00:00\",\"dateModified\":\"2025-03-14T20:07:21+00:00\",\"mainEntityOfPage\":{\"@id\":\"https:\\\/\\\/canal7slp.tv\\\/2025\\\/presentan-la-copa-potosi-2025-se-realizara-del-14-al-19-de-abril\\\/\"},\"wordCount\":186,\"publisher\":{\"@id\":\"https:\\\/\\\/canal7slp.tv\\\/2025\\\/#organization\"},\"image\":{\"@id\":\"https:\\\/\\\/canal7slp.tv\\\/2025\\\/presentan-la-copa-potosi-2025-se-realizara-del-14-al-19-de-abril\\\/#primaryimage\"},\"thumbnailUrl\":\"https:\\\/\\\/canal7slp.tv\\\/2025\\\/wp-content\\\/uploads\\\/2025\\\/03\\\/Froi01Copa.jpg\",\"articleSection\":[\"DEPORTES\",\"DESTACADAS\",\"GOBEDOSLP\"],\"inLanguage\":\"es\"},{\"@type\":\"WebPage\",\"@id\":\"https:\\\/\\\/canal7slp.tv\\\/2025\\\/presentan-la-copa-potosi-2025-se-realizara-del-14-al-19-de-abril\\\/\",\"url\":\"https:\\\/\\\/canal7slp.tv\\\/2025\\\/presentan-la-copa-potosi-2025-se-realizara-del-14-al-19-de-abril\\\/\",\"name\":\"Presentan la Copa Potos\u00ed 2025, se realizar\u00e1 del 14 al 19 de abril - Canal 7 SLP - 2025\",\"isPartOf\":{\"@id\":\"https:\\\/\\\/canal7slp.tv\\\/2025\\\/#website\"},\"primaryImageOfPage\":{\"@id\":\"https:\\\/\\\/canal7slp.tv\\\/2025\\\/presentan-la-copa-potosi-2025-se-realizara-del-14-al-19-de-abril\\\/#primaryimage\"},\"image\":{\"@id\":\"https:\\\/\\\/canal7slp.tv\\\/2025\\\/presentan-la-copa-potosi-2025-se-realizara-del-14-al-19-de-abril\\\/#primaryimage\"},\"thumbnailUrl\":\"https:\\\/\\\/canal7slp.tv\\\/2025\\\/wp-content\\\/uploads\\\/2025\\\/03\\\/Froi01Copa.jpg\",\"datePublished\":\"2025-03-14T20:04:29+00:00\",\"dateModified\":\"2025-03-14T20:07:21+00:00\",\"breadcrumb\":{\"@id\":\"https:\\\/\\\/canal7slp.tv\\\/2025\\\/presentan-la-copa-potosi-2025-se-realizara-del-14-al-19-de-abril\\\/#breadcrumb\"},\"inLanguage\":\"es\",\"potentialAction\":[{\"@type\":\"ReadAction\",\"target\":[\"https:\\\/\\\/canal7slp.tv\\\/2025\\\/presentan-la-copa-potosi-2025-se-realizara-del-14-al-19-de-abril\\\/\"]}]},{\"@type\":\"ImageObject\",\"inLanguage\":\"es\",\"@id\":\"https:\\\/\\\/canal7slp.tv\\\/2025\\\/presentan-la-copa-potosi-2025-se-realizara-del-14-al-19-de-abril\\\/#primaryimage\",\"url\":\"https:\\\/\\\/canal7slp.tv\\\/2025\\\/wp-content\\\/uploads\\\/2025\\\/03\\\/Froi01Copa.jpg\",\"contentUrl\":\"https:\\\/\\\/canal7slp.tv\\\/2025\\\/wp-content\\\/uploads\\\/2025\\\/03\\\/Froi01Copa.jpg\",\"width\":1280,\"height\":720},{\"@type\":\"BreadcrumbList\",\"@id\":\"https:\\\/\\\/canal7slp.tv\\\/2025\\\/presentan-la-copa-potosi-2025-se-realizara-del-14-al-19-de-abril\\\/#breadcrumb\",\"itemListElement\":[{\"@type\":\"ListItem\",\"position\":1,\"name\":\"Portada\",\"item\":\"https:\\\/\\\/canal7slp.tv\\\/2025\\\/\"},{\"@type\":\"ListItem\",\"position\":2,\"name\":\"Presentan la Copa Potos\u00ed 2025, se realizar\u00e1 del 14 al 19 de abril\"}]},{\"@type\":\"WebSite\",\"@id\":\"https:\\\/\\\/canal7slp.tv\\\/2025\\\/#website\",\"url\":\"https:\\\/\\\/canal7slp.tv\\\/2025\\\/\",\"name\":\"N7 - Noticieros Canal 7\",\"description\":\"Somos el Medio\",\"publisher\":{\"@id\":\"https:\\\/\\\/canal7slp.tv\\\/2025\\\/#organization\"},\"potentialAction\":[{\"@type\":\"SearchAction\",\"target\":{\"@type\":\"EntryPoint\",\"urlTemplate\":\"https:\\\/\\\/canal7slp.tv\\\/2025\\\/?s={search_term_string}\"},\"query-input\":{\"@type\":\"PropertyValueSpecification\",\"valueRequired\":true,\"valueName\":\"search_term_string\"}}],\"inLanguage\":\"es\"},{\"@type\":\"Organization\",\"@id\":\"https:\\\/\\\/canal7slp.tv\\\/2025\\\/#organization\",\"name\":\"Noticieros Canal 7\",\"url\":\"https:\\\/\\\/canal7slp.tv\\\/2025\\\/\",\"logo\":{\"@type\":\"ImageObject\",\"inLanguage\":\"es\",\"@id\":\"https:\\\/\\\/canal7slp.tv\\\/2025\\\/#\\\/schema\\\/logo\\\/image\\\/\",\"url\":\"https:\\\/\\\/canal7slp.tv\\\/2025\\\/wp-content\\\/uploads\\\/2021\\\/01\\\/logo-noticieros@2x.png\",\"contentUrl\":\"https:\\\/\\\/canal7slp.tv\\\/2025\\\/wp-content\\\/uploads\\\/2021\\\/01\\\/logo-noticieros@2x.png\",\"width\":1017,\"height\":268,\"caption\":\"Noticieros Canal 7\"},\"image\":{\"@id\":\"https:\\\/\\\/canal7slp.tv\\\/2025\\\/#\\\/schema\\\/logo\\\/image\\\/\"},\"sameAs\":[\"https:\\\/\\\/www.facebook.com\\\/noticieroscanal7atencionciudadana\\\/\",\"https:\\\/\\\/x.com\\\/NOTICIEROS7\",\"https:\\\/\\\/www.instagram.com\\\/canal7_slp\",\"https:\\\/\\\/www.youtube.com\\\/channel\\\/UCliiYs-gP3JfJeqdPrNdd5A\"]},{\"@type\":\"Person\",\"@id\":\"https:\\\/\\\/canal7slp.tv\\\/2025\\\/#\\\/schema\\\/person\\\/271e2b60a96e7cc9d9ac296f4d7e414b\",\"name\":\"Edici\u00f3n Web\",\"image\":{\"@type\":\"ImageObject\",\"inLanguage\":\"es\",\"@id\":\"https:\\\/\\\/secure.gravatar.com\\\/avatar\\\/eee448fc3f7164808013b816ba91ac7e43bbe82a70bebac296f8bc6f0addaa1a?s=96&d=mm&r=g\",\"url\":\"https:\\\/\\\/secure.gravatar.com\\\/avatar\\\/eee448fc3f7164808013b816ba91ac7e43bbe82a70bebac296f8bc6f0addaa1a?s=96&d=mm&r=g\",\"contentUrl\":\"https:\\\/\\\/secure.gravatar.com\\\/avatar\\\/eee448fc3f7164808013b816ba91ac7e43bbe82a70bebac296f8bc6f0addaa1a?s=96&d=mm&r=g\",\"caption\":\"Edici\u00f3n Web\"},\"url\":\"https:\\\/\\\/canal7slp.tv\\\/2025\\\/author\\\/edicionweb\\\/\"}]}<\/script>\n<!-- \/ Yoast SEO plugin. -->","yoast_head_json":{"title":"Presentan la Copa Potos\u00ed 2025, se realizar\u00e1 del 14 al 19 de abril - Canal 7 SLP - 2025","robots":{"index":"index","follow":"follow","max-snippet":"max-snippet:-1","max-image-preview":"max-image-preview:large","max-video-preview":"max-video-preview:-1"},"canonical":"https:\/\/canal7slp.tv\/2025\/presentan-la-copa-potosi-2025-se-realizara-del-14-al-19-de-abril\/","og_locale":"es_ES","og_type":"article","og_title":"Presentan la Copa Potos\u00ed 2025, se realizar\u00e1 del 14 al 19 de abril - Canal 7 SLP - 2025","og_description":"SLP.- En la cancha de pasto de la unidad Adolfo L\u00f3pez Mateos y con la presencia del ex jugador profesional Luis Hern\u00e1ndez \u201cEl Matador\u201d como invitado especial fue presentada la Copa Potos\u00ed en su edici\u00f3n 2025, la cual tendr\u00e1 verificativo del 14 al 19 de abril en donde se dar\u00e1n cita los mejores equipos de futbol amateur de la entidad, as\u00ed como nacionales e internacionales y que como cada a\u00f1o dar\u00e1n un gran espect\u00e1culo. Considerado el mejor torneo de futbol amateur que se celebra en semana santa, la copa Potos\u00ed tendr\u00e1 como sede las canchas de la Unidad Adolfo L\u00f3pez [&hellip;]","og_url":"https:\/\/canal7slp.tv\/2025\/presentan-la-copa-potosi-2025-se-realizara-del-14-al-19-de-abril\/","og_site_name":"Canal 7 SLP - 2025","article_publisher":"https:\/\/www.facebook.com\/noticieroscanal7atencionciudadana\/","article_published_time":"2025-03-14T20:04:29+00:00","article_modified_time":"2025-03-14T20:07:21+00:00","og_image":[{"width":1280,"height":720,"url":"https:\/\/canal7slp.tv\/2025\/wp-content\/uploads\/2025\/03\/Froi01Copa.jpg","type":"image\/jpeg"}],"author":"Edici\u00f3n Web","twitter_card":"summary_large_image","twitter_creator":"@NOTICIEROS7","twitter_site":"@NOTICIEROS7","twitter_misc":{"Escrito por":"Edici\u00f3n Web","Tiempo de lectura":"1 minuto"},"schema":{"@context":"https:\/\/schema.org","@graph":[{"@type":"Article","@id":"https:\/\/canal7slp.tv\/2025\/presentan-la-copa-potosi-2025-se-realizara-del-14-al-19-de-abril\/#article","isPartOf":{"@id":"https:\/\/canal7slp.tv\/2025\/presentan-la-copa-potosi-2025-se-realizara-del-14-al-19-de-abril\/"},"author":{"name":"Edici\u00f3n Web","@id":"https:\/\/canal7slp.tv\/2025\/#\/schema\/person\/271e2b60a96e7cc9d9ac296f4d7e414b"},"headline":"Presentan la Copa Potos\u00ed 2025, se realizar\u00e1 del 14 al 19 de abril","datePublished":"2025-03-14T20:04:29+00:00","dateModified":"2025-03-14T20:07:21+00:00","mainEntityOfPage":{"@id":"https:\/\/canal7slp.tv\/2025\/presentan-la-copa-potosi-2025-se-realizara-del-14-al-19-de-abril\/"},"wordCount":186,"publisher":{"@id":"https:\/\/canal7slp.tv\/2025\/#organization"},"image":{"@id":"https:\/\/canal7slp.tv\/2025\/presentan-la-copa-potosi-2025-se-realizara-del-14-al-19-de-abril\/#primaryimage"},"thumbnailUrl":"https:\/\/canal7slp.tv\/2025\/wp-content\/uploads\/2025\/03\/Froi01Copa.jpg","articleSection":["DEPORTES","DESTACADAS","GOBEDOSLP"],"inLanguage":"es"},{"@type":"WebPage","@id":"https:\/\/canal7slp.tv\/2025\/presentan-la-copa-potosi-2025-se-realizara-del-14-al-19-de-abril\/","url":"https:\/\/canal7slp.tv\/2025\/presentan-la-copa-potosi-2025-se-realizara-del-14-al-19-de-abril\/","name":"Presentan la Copa Potos\u00ed 2025, se realizar\u00e1 del 14 al 19 de abril - Canal 7 SLP - 2025","isPartOf":{"@id":"https:\/\/canal7slp.tv\/2025\/#website"},"primaryImageOfPage":{"@id":"https:\/\/canal7slp.tv\/2025\/presentan-la-copa-potosi-2025-se-realizara-del-14-al-19-de-abril\/#primaryimage"},"image":{"@id":"https:\/\/canal7slp.tv\/2025\/presentan-la-copa-potosi-2025-se-realizara-del-14-al-19-de-abril\/#primaryimage"},"thumbnailUrl":"https:\/\/canal7slp.tv\/2025\/wp-content\/uploads\/2025\/03\/Froi01Copa.jpg","datePublished":"2025-03-14T20:04:29+00:00","dateModified":"2025-03-14T20:07:21+00:00","breadcrumb":{"@id":"https:\/\/canal7slp.tv\/2025\/presentan-la-copa-potosi-2025-se-realizara-del-14-al-19-de-abril\/#breadcrumb"},"inLanguage":"es","potentialAction":[{"@type":"ReadAction","target":["https:\/\/canal7slp.tv\/2025\/presentan-la-copa-potosi-2025-se-realizara-del-14-al-19-de-abril\/"]}]},{"@type":"ImageObject","inLanguage":"es","@id":"https:\/\/canal7slp.tv\/2025\/presentan-la-copa-potosi-2025-se-realizara-del-14-al-19-de-abril\/#primaryimage","url":"https:\/\/canal7slp.tv\/2025\/wp-content\/uploads\/2025\/03\/Froi01Copa.jpg","contentUrl":"https:\/\/canal7slp.tv\/2025\/wp-content\/uploads\/2025\/03\/Froi01Copa.jpg","width":1280,"height":720},{"@type":"BreadcrumbList","@id":"https:\/\/canal7slp.tv\/2025\/presentan-la-copa-potosi-2025-se-realizara-del-14-al-19-de-abril\/#breadcrumb","itemListElement":[{"@type":"ListItem","position":1,"name":"Portada","item":"https:\/\/canal7slp.tv\/2025\/"},{"@type":"ListItem","position":2,"name":"Presentan la Copa Potos\u00ed 2025, se realizar\u00e1 del 14 al 19 de abril"}]},{"@type":"WebSite","@id":"https:\/\/canal7slp.tv\/2025\/#website","url":"https:\/\/canal7slp.tv\/2025\/","name":"N7 - Noticieros Canal 7","description":"Somos el Medio","publisher":{"@id":"https:\/\/canal7slp.tv\/2025\/#organization"},"potentialAction":[{"@type":"SearchAction","target":{"@type":"EntryPoint","urlTemplate":"https:\/\/canal7slp.tv\/2025\/?s={search_term_string}"},"query-input":{"@type":"PropertyValueSpecification","valueRequired":true,"valueName":"search_term_string"}}],"inLanguage":"es"},{"@type":"Organization","@id":"https:\/\/canal7slp.tv\/2025\/#organization","name":"Noticieros Canal 7","url":"https:\/\/canal7slp.tv\/2025\/","logo":{"@type":"ImageObject","inLanguage":"es","@id":"https:\/\/canal7slp.tv\/2025\/#\/schema\/logo\/image\/","url":"https:\/\/canal7slp.tv\/2025\/wp-content\/uploads\/2021\/01\/logo-noticieros@2x.png","contentUrl":"https:\/\/canal7slp.tv\/2025\/wp-content\/uploads\/2021\/01\/logo-noticieros@2x.png","width":1017,"height":268,"caption":"Noticieros Canal 7"},"image":{"@id":"https:\/\/canal7slp.tv\/2025\/#\/schema\/logo\/image\/"},"sameAs":["https:\/\/www.facebook.com\/noticieroscanal7atencionciudadana\/","https:\/\/x.com\/NOTICIEROS7","https:\/\/www.instagram.com\/canal7_slp","https:\/\/www.youtube.com\/channel\/UCliiYs-gP3JfJeqdPrNdd5A"]},{"@type":"Person","@id":"https:\/\/canal7slp.tv\/2025\/#\/schema\/person\/271e2b60a96e7cc9d9ac296f4d7e414b","name":"Edici\u00f3n Web","image":{"@type":"ImageObject","inLanguage":"es","@id":"https:\/\/secure.gravatar.com\/avatar\/eee448fc3f7164808013b816ba91ac7e43bbe82a70bebac296f8bc6f0addaa1a?s=96&d=mm&r=g","url":"https:\/\/secure.gravatar.com\/avatar\/eee448fc3f7164808013b816ba91ac7e43bbe82a70bebac296f8bc6f0addaa1a?s=96&d=mm&r=g","contentUrl":"https:\/\/secure.gravatar.com\/avatar\/eee448fc3f7164808013b816ba91ac7e43bbe82a70bebac296f8bc6f0addaa1a?s=96&d=mm&r=g","caption":"Edici\u00f3n Web"},"url":"https:\/\/canal7slp.tv\/2025\/author\/edicionweb\/"}]}},"_links":{"self":[{"href":"https:\/\/canal7slp.tv\/2025\/wp-json\/wp\/v2\/posts\/160871","targetHints":{"allow":["GET"]}}],"collection":[{"href":"https:\/\/canal7slp.tv\/2025\/wp-json\/wp\/v2\/posts"}],"about":[{"href":"https:\/\/canal7slp.tv\/2025\/wp-json\/wp\/v2\/types\/post"}],"author":[{"embeddable":true,"href":"https:\/\/canal7slp.tv\/2025\/wp-json\/wp\/v2\/users\/2"}],"replies":[{"embeddable":true,"href":"https:\/\/canal7slp.tv\/2025\/wp-json\/wp\/v2\/comments?post=160871"}],"version-history":[{"count":3,"href":"https:\/\/canal7slp.tv\/2025\/wp-json\/wp\/v2\/posts\/160871\/revisions"}],"predecessor-version":[{"id":160876,"href":"https:\/\/canal7slp.tv\/2025\/wp-json\/wp\/v2\/posts\/160871\/revisions\/160876"}],"wp:featuredmedia":[{"embeddable":true,"href":"https:\/\/canal7slp.tv\/2025\/wp-json\/wp\/v2\/media\/160872"}],"wp:attachment":[{"href":"https:\/\/canal7slp.tv\/2025\/wp-json\/wp\/v2\/media?parent=160871"}],"wp:term":[{"taxonomy":"category","embeddable":true,"href":"https:\/\/canal7slp.tv\/2025\/wp-json\/wp\/v2\/categories?post=160871"},{"taxonomy":"post_tag","embeddable":true,"href":"https:\/\/canal7slp.tv\/2025\/wp-json\/wp\/v2\/tags?post=160871"}],"curies":[{"name":"wp","href":"https:\/\/api.w.org\/{rel}","templated":true}]}}