{"id":160863,"date":"2025-03-14T13:24:14","date_gmt":"2025-03-14T19:24:14","guid":{"rendered":"https:\/\/canal7slp.tv\/2025\/?p=160863"},"modified":"2025-03-14T13:24:14","modified_gmt":"2025-03-14T19:24:14","slug":"mark-carney-toma-protesta-como-primer-ministro-de-canada-y-promete-un-gobierno-agil","status":"publish","type":"post","link":"https:\/\/canal7slp.tv\/2025\/mark-carney-toma-protesta-como-primer-ministro-de-canada-y-promete-un-gobierno-agil\/","title":{"rendered":"Mark Carney toma protesta como Primer Ministro de Canad\u00e1 y promete un gobierno \u00e1gil"},"content":{"rendered":"<p style=\"text-align: justify;\">Ottawa.- El economista Mark Carney asumi\u00f3 este viernes 14 de marzo como el vig\u00e9simo cuarto primer ministro de Canad\u00e1, reemplazando a Justin Trudeau tras una ceremonia en Ottawa.<\/p>\n<p style=\"text-align: justify;\">Antes de la toma de posesi\u00f3n, Trudeau formaliz\u00f3 su renuncia con la gobernadora general, Mary Simon, despu\u00e9s de m\u00e1s de nueve a\u00f1os en el cargo.<\/p>\n<p style=\"text-align: justify;\">El nuevo gabinete de Carney incluye a Chrystia Freeland como ministra de Transporte y Comercio Interno, Fran\u00e7ois-Philippe Champagne en Finanzas, M\u00e9lanie Joly en Exteriores y Dominic LeBlanc en Comercio Internacional.<\/p>\n<p style=\"text-align: justify;\">Carney, con una s\u00f3lida reputaci\u00f3n en gesti\u00f3n econ\u00f3mica tras liderar el Banco de Canad\u00e1 y el Banco de Inglaterra, enfatiz\u00f3 en su primer mensaje la creaci\u00f3n de un gobierno \u00e1gil y comprometido con la econom\u00eda del pa\u00eds.<\/p>\n<p style=\"text-align: justify;\">Una de sus primeras decisiones ser\u00e1 evaluar si convoca elecciones anticipadas, ya que los liberales est\u00e1n en minor\u00eda en la C\u00e1mara Baja y podr\u00edan enfrentar una moci\u00f3n de censura.<\/p>\n<p style=\"text-align: justify;\">Adem\u00e1s, se espera que Carney viaje a Londres y Par\u00eds para fortalecer las relaciones con Europa, especialmente ante el deterioro de los v\u00ednculos con EUA.<\/p>\n<p style=\"text-align: justify;\">A su regreso, podr\u00eda convocar elecciones antes de la reanudaci\u00f3n de las sesiones parlamentarias el 24 de marzo.<\/p>\n","protected":false},"excerpt":{"rendered":"<p>Ottawa.- El economista Mark Carney asumi\u00f3 este viernes 14 de marzo como el vig\u00e9simo cuarto primer ministro de Canad\u00e1, reemplazando a Justin Trudeau tras una ceremonia en Ottawa. Antes de la toma de posesi\u00f3n, Trudeau formaliz\u00f3 su renuncia con la gobernadora general, Mary Simon, despu\u00e9s de m\u00e1s de nueve a\u00f1os en el cargo. El nuevo gabinete de Carney incluye a Chrystia Freeland como ministra de Transporte y Comercio Interno, Fran\u00e7ois-Philippe Champagne en Finanzas, M\u00e9lanie Joly en Exteriores y Dominic LeBlanc en Comercio Internacional. Carney, con una s\u00f3lida reputaci\u00f3n en gesti\u00f3n econ\u00f3mica tras liderar el Banco de Canad\u00e1 y el Banco [&hellip;]<\/p>\n","protected":false},"author":2,"featured_media":160864,"comment_status":"closed","ping_status":"closed","sticky":false,"template":"","format":"standard","meta":{"_monsterinsights_skip_tracking":false,"_monsterinsights_sitenote_active":false,"_monsterinsights_sitenote_note":"","_monsterinsights_sitenote_category":0,"footnotes":""},"categories":[44],"tags":[],"class_list":["post-160863","post","type-post","status-publish","format-standard","has-post-thumbnail","hentry","category-internacional","post--single"],"yoast_head":"<!-- This site is optimized with the Yoast SEO plugin v27.5 - https:\/\/yoast.com\/product\/yoast-seo-wordpress\/ -->\n<title>Mark Carney toma protesta como Primer Ministro de Canad\u00e1 y promete un gobierno \u00e1gil - Canal 7 SLP - 2025<\/title>\n<meta name=\"robots\" content=\"index, follow, max-snippet:-1, max-image-preview:large, max-video-preview:-1\" \/>\n<link rel=\"canonical\" href=\"https:\/\/canal7slp.tv\/2025\/mark-carney-toma-protesta-como-primer-ministro-de-canada-y-promete-un-gobierno-agil\/\" \/>\n<meta property=\"og:locale\" content=\"es_ES\" \/>\n<meta property=\"og:type\" content=\"article\" \/>\n<meta property=\"og:title\" content=\"Mark Carney toma protesta como Primer Ministro de Canad\u00e1 y promete un gobierno \u00e1gil - Canal 7 SLP - 2025\" \/>\n<meta property=\"og:description\" content=\"Ottawa.- El economista Mark Carney asumi\u00f3 este viernes 14 de marzo como el vig\u00e9simo cuarto primer ministro de Canad\u00e1, reemplazando a Justin Trudeau tras una ceremonia en Ottawa. Antes de la toma de posesi\u00f3n, Trudeau formaliz\u00f3 su renuncia con la gobernadora general, Mary Simon, despu\u00e9s de m\u00e1s de nueve a\u00f1os en el cargo. El nuevo gabinete de Carney incluye a Chrystia Freeland como ministra de Transporte y Comercio Interno, Fran\u00e7ois-Philippe Champagne en Finanzas, M\u00e9lanie Joly en Exteriores y Dominic LeBlanc en Comercio Internacional. Carney, con una s\u00f3lida reputaci\u00f3n en gesti\u00f3n econ\u00f3mica tras liderar el Banco de Canad\u00e1 y el Banco [&hellip;]\" \/>\n<meta property=\"og:url\" content=\"https:\/\/canal7slp.tv\/2025\/mark-carney-toma-protesta-como-primer-ministro-de-canada-y-promete-un-gobierno-agil\/\" \/>\n<meta property=\"og:site_name\" content=\"Canal 7 SLP - 2025\" \/>\n<meta property=\"article:publisher\" content=\"https:\/\/www.facebook.com\/noticieroscanal7atencionciudadana\/\" \/>\n<meta property=\"article:published_time\" content=\"2025-03-14T19:24:14+00:00\" \/>\n<meta property=\"og:image\" content=\"https:\/\/canal7slp.tv\/2025\/wp-content\/uploads\/2025\/03\/02-13.jpg\" \/>\n\t<meta property=\"og:image:width\" content=\"727\" \/>\n\t<meta property=\"og:image:height\" content=\"410\" \/>\n\t<meta property=\"og:image:type\" content=\"image\/jpeg\" \/>\n<meta name=\"author\" content=\"Edici\u00f3n Web\" \/>\n<meta name=\"twitter:card\" content=\"summary_large_image\" \/>\n<meta name=\"twitter:creator\" content=\"@NOTICIEROS7\" \/>\n<meta name=\"twitter:site\" content=\"@NOTICIEROS7\" \/>\n<meta name=\"twitter:label1\" content=\"Escrito por\" \/>\n\t<meta name=\"twitter:data1\" content=\"Edici\u00f3n Web\" \/>\n\t<meta name=\"twitter:label2\" content=\"Tiempo de lectura\" \/>\n\t<meta name=\"twitter:data2\" content=\"2 minutos\" \/>\n<script type=\"application\/ld+json\" class=\"yoast-schema-graph\">{\"@context\":\"https:\\\/\\\/schema.org\",\"@graph\":[{\"@type\":\"Article\",\"@id\":\"https:\\\/\\\/canal7slp.tv\\\/2025\\\/mark-carney-toma-protesta-como-primer-ministro-de-canada-y-promete-un-gobierno-agil\\\/#article\",\"isPartOf\":{\"@id\":\"https:\\\/\\\/canal7slp.tv\\\/2025\\\/mark-carney-toma-protesta-como-primer-ministro-de-canada-y-promete-un-gobierno-agil\\\/\"},\"author\":{\"name\":\"Edici\u00f3n Web\",\"@id\":\"https:\\\/\\\/canal7slp.tv\\\/2025\\\/#\\\/schema\\\/person\\\/271e2b60a96e7cc9d9ac296f4d7e414b\"},\"headline\":\"Mark Carney toma protesta como Primer Ministro de Canad\u00e1 y promete un gobierno \u00e1gil\",\"datePublished\":\"2025-03-14T19:24:14+00:00\",\"mainEntityOfPage\":{\"@id\":\"https:\\\/\\\/canal7slp.tv\\\/2025\\\/mark-carney-toma-protesta-como-primer-ministro-de-canada-y-promete-un-gobierno-agil\\\/\"},\"wordCount\":229,\"publisher\":{\"@id\":\"https:\\\/\\\/canal7slp.tv\\\/2025\\\/#organization\"},\"image\":{\"@id\":\"https:\\\/\\\/canal7slp.tv\\\/2025\\\/mark-carney-toma-protesta-como-primer-ministro-de-canada-y-promete-un-gobierno-agil\\\/#primaryimage\"},\"thumbnailUrl\":\"https:\\\/\\\/canal7slp.tv\\\/2025\\\/wp-content\\\/uploads\\\/2025\\\/03\\\/02-13.jpg\",\"articleSection\":[\"INTERNACIONALES\"],\"inLanguage\":\"es\"},{\"@type\":\"WebPage\",\"@id\":\"https:\\\/\\\/canal7slp.tv\\\/2025\\\/mark-carney-toma-protesta-como-primer-ministro-de-canada-y-promete-un-gobierno-agil\\\/\",\"url\":\"https:\\\/\\\/canal7slp.tv\\\/2025\\\/mark-carney-toma-protesta-como-primer-ministro-de-canada-y-promete-un-gobierno-agil\\\/\",\"name\":\"Mark Carney toma protesta como Primer Ministro de Canad\u00e1 y promete un gobierno \u00e1gil - Canal 7 SLP - 2025\",\"isPartOf\":{\"@id\":\"https:\\\/\\\/canal7slp.tv\\\/2025\\\/#website\"},\"primaryImageOfPage\":{\"@id\":\"https:\\\/\\\/canal7slp.tv\\\/2025\\\/mark-carney-toma-protesta-como-primer-ministro-de-canada-y-promete-un-gobierno-agil\\\/#primaryimage\"},\"image\":{\"@id\":\"https:\\\/\\\/canal7slp.tv\\\/2025\\\/mark-carney-toma-protesta-como-primer-ministro-de-canada-y-promete-un-gobierno-agil\\\/#primaryimage\"},\"thumbnailUrl\":\"https:\\\/\\\/canal7slp.tv\\\/2025\\\/wp-content\\\/uploads\\\/2025\\\/03\\\/02-13.jpg\",\"datePublished\":\"2025-03-14T19:24:14+00:00\",\"breadcrumb\":{\"@id\":\"https:\\\/\\\/canal7slp.tv\\\/2025\\\/mark-carney-toma-protesta-como-primer-ministro-de-canada-y-promete-un-gobierno-agil\\\/#breadcrumb\"},\"inLanguage\":\"es\",\"potentialAction\":[{\"@type\":\"ReadAction\",\"target\":[\"https:\\\/\\\/canal7slp.tv\\\/2025\\\/mark-carney-toma-protesta-como-primer-ministro-de-canada-y-promete-un-gobierno-agil\\\/\"]}]},{\"@type\":\"ImageObject\",\"inLanguage\":\"es\",\"@id\":\"https:\\\/\\\/canal7slp.tv\\\/2025\\\/mark-carney-toma-protesta-como-primer-ministro-de-canada-y-promete-un-gobierno-agil\\\/#primaryimage\",\"url\":\"https:\\\/\\\/canal7slp.tv\\\/2025\\\/wp-content\\\/uploads\\\/2025\\\/03\\\/02-13.jpg\",\"contentUrl\":\"https:\\\/\\\/canal7slp.tv\\\/2025\\\/wp-content\\\/uploads\\\/2025\\\/03\\\/02-13.jpg\",\"width\":727,\"height\":410},{\"@type\":\"BreadcrumbList\",\"@id\":\"https:\\\/\\\/canal7slp.tv\\\/2025\\\/mark-carney-toma-protesta-como-primer-ministro-de-canada-y-promete-un-gobierno-agil\\\/#breadcrumb\",\"itemListElement\":[{\"@type\":\"ListItem\",\"position\":1,\"name\":\"Portada\",\"item\":\"https:\\\/\\\/canal7slp.tv\\\/2025\\\/\"},{\"@type\":\"ListItem\",\"position\":2,\"name\":\"Mark Carney toma protesta como Primer Ministro de Canad\u00e1 y promete un gobierno \u00e1gil\"}]},{\"@type\":\"WebSite\",\"@id\":\"https:\\\/\\\/canal7slp.tv\\\/2025\\\/#website\",\"url\":\"https:\\\/\\\/canal7slp.tv\\\/2025\\\/\",\"name\":\"N7 - Noticieros Canal 7\",\"description\":\"Somos el Medio\",\"publisher\":{\"@id\":\"https:\\\/\\\/canal7slp.tv\\\/2025\\\/#organization\"},\"potentialAction\":[{\"@type\":\"SearchAction\",\"target\":{\"@type\":\"EntryPoint\",\"urlTemplate\":\"https:\\\/\\\/canal7slp.tv\\\/2025\\\/?s={search_term_string}\"},\"query-input\":{\"@type\":\"PropertyValueSpecification\",\"valueRequired\":true,\"valueName\":\"search_term_string\"}}],\"inLanguage\":\"es\"},{\"@type\":\"Organization\",\"@id\":\"https:\\\/\\\/canal7slp.tv\\\/2025\\\/#organization\",\"name\":\"Noticieros Canal 7\",\"url\":\"https:\\\/\\\/canal7slp.tv\\\/2025\\\/\",\"logo\":{\"@type\":\"ImageObject\",\"inLanguage\":\"es\",\"@id\":\"https:\\\/\\\/canal7slp.tv\\\/2025\\\/#\\\/schema\\\/logo\\\/image\\\/\",\"url\":\"https:\\\/\\\/canal7slp.tv\\\/2025\\\/wp-content\\\/uploads\\\/2021\\\/01\\\/logo-noticieros@2x.png\",\"contentUrl\":\"https:\\\/\\\/canal7slp.tv\\\/2025\\\/wp-content\\\/uploads\\\/2021\\\/01\\\/logo-noticieros@2x.png\",\"width\":1017,\"height\":268,\"caption\":\"Noticieros Canal 7\"},\"image\":{\"@id\":\"https:\\\/\\\/canal7slp.tv\\\/2025\\\/#\\\/schema\\\/logo\\\/image\\\/\"},\"sameAs\":[\"https:\\\/\\\/www.facebook.com\\\/noticieroscanal7atencionciudadana\\\/\",\"https:\\\/\\\/x.com\\\/NOTICIEROS7\",\"https:\\\/\\\/www.instagram.com\\\/canal7_slp\",\"https:\\\/\\\/www.youtube.com\\\/channel\\\/UCliiYs-gP3JfJeqdPrNdd5A\"]},{\"@type\":\"Person\",\"@id\":\"https:\\\/\\\/canal7slp.tv\\\/2025\\\/#\\\/schema\\\/person\\\/271e2b60a96e7cc9d9ac296f4d7e414b\",\"name\":\"Edici\u00f3n Web\",\"image\":{\"@type\":\"ImageObject\",\"inLanguage\":\"es\",\"@id\":\"https:\\\/\\\/secure.gravatar.com\\\/avatar\\\/eee448fc3f7164808013b816ba91ac7e43bbe82a70bebac296f8bc6f0addaa1a?s=96&d=mm&r=g\",\"url\":\"https:\\\/\\\/secure.gravatar.com\\\/avatar\\\/eee448fc3f7164808013b816ba91ac7e43bbe82a70bebac296f8bc6f0addaa1a?s=96&d=mm&r=g\",\"contentUrl\":\"https:\\\/\\\/secure.gravatar.com\\\/avatar\\\/eee448fc3f7164808013b816ba91ac7e43bbe82a70bebac296f8bc6f0addaa1a?s=96&d=mm&r=g\",\"caption\":\"Edici\u00f3n Web\"},\"url\":\"https:\\\/\\\/canal7slp.tv\\\/2025\\\/author\\\/edicionweb\\\/\"}]}<\/script>\n<!-- \/ Yoast SEO plugin. -->","yoast_head_json":{"title":"Mark Carney toma protesta como Primer Ministro de Canad\u00e1 y promete un gobierno \u00e1gil - Canal 7 SLP - 2025","robots":{"index":"index","follow":"follow","max-snippet":"max-snippet:-1","max-image-preview":"max-image-preview:large","max-video-preview":"max-video-preview:-1"},"canonical":"https:\/\/canal7slp.tv\/2025\/mark-carney-toma-protesta-como-primer-ministro-de-canada-y-promete-un-gobierno-agil\/","og_locale":"es_ES","og_type":"article","og_title":"Mark Carney toma protesta como Primer Ministro de Canad\u00e1 y promete un gobierno \u00e1gil - Canal 7 SLP - 2025","og_description":"Ottawa.- El economista Mark Carney asumi\u00f3 este viernes 14 de marzo como el vig\u00e9simo cuarto primer ministro de Canad\u00e1, reemplazando a Justin Trudeau tras una ceremonia en Ottawa. Antes de la toma de posesi\u00f3n, Trudeau formaliz\u00f3 su renuncia con la gobernadora general, Mary Simon, despu\u00e9s de m\u00e1s de nueve a\u00f1os en el cargo. El nuevo gabinete de Carney incluye a Chrystia Freeland como ministra de Transporte y Comercio Interno, Fran\u00e7ois-Philippe Champagne en Finanzas, M\u00e9lanie Joly en Exteriores y Dominic LeBlanc en Comercio Internacional. Carney, con una s\u00f3lida reputaci\u00f3n en gesti\u00f3n econ\u00f3mica tras liderar el Banco de Canad\u00e1 y el Banco [&hellip;]","og_url":"https:\/\/canal7slp.tv\/2025\/mark-carney-toma-protesta-como-primer-ministro-de-canada-y-promete-un-gobierno-agil\/","og_site_name":"Canal 7 SLP - 2025","article_publisher":"https:\/\/www.facebook.com\/noticieroscanal7atencionciudadana\/","article_published_time":"2025-03-14T19:24:14+00:00","og_image":[{"width":727,"height":410,"url":"https:\/\/canal7slp.tv\/2025\/wp-content\/uploads\/2025\/03\/02-13.jpg","type":"image\/jpeg"}],"author":"Edici\u00f3n Web","twitter_card":"summary_large_image","twitter_creator":"@NOTICIEROS7","twitter_site":"@NOTICIEROS7","twitter_misc":{"Escrito por":"Edici\u00f3n Web","Tiempo de lectura":"2 minutos"},"schema":{"@context":"https:\/\/schema.org","@graph":[{"@type":"Article","@id":"https:\/\/canal7slp.tv\/2025\/mark-carney-toma-protesta-como-primer-ministro-de-canada-y-promete-un-gobierno-agil\/#article","isPartOf":{"@id":"https:\/\/canal7slp.tv\/2025\/mark-carney-toma-protesta-como-primer-ministro-de-canada-y-promete-un-gobierno-agil\/"},"author":{"name":"Edici\u00f3n Web","@id":"https:\/\/canal7slp.tv\/2025\/#\/schema\/person\/271e2b60a96e7cc9d9ac296f4d7e414b"},"headline":"Mark Carney toma protesta como Primer Ministro de Canad\u00e1 y promete un gobierno \u00e1gil","datePublished":"2025-03-14T19:24:14+00:00","mainEntityOfPage":{"@id":"https:\/\/canal7slp.tv\/2025\/mark-carney-toma-protesta-como-primer-ministro-de-canada-y-promete-un-gobierno-agil\/"},"wordCount":229,"publisher":{"@id":"https:\/\/canal7slp.tv\/2025\/#organization"},"image":{"@id":"https:\/\/canal7slp.tv\/2025\/mark-carney-toma-protesta-como-primer-ministro-de-canada-y-promete-un-gobierno-agil\/#primaryimage"},"thumbnailUrl":"https:\/\/canal7slp.tv\/2025\/wp-content\/uploads\/2025\/03\/02-13.jpg","articleSection":["INTERNACIONALES"],"inLanguage":"es"},{"@type":"WebPage","@id":"https:\/\/canal7slp.tv\/2025\/mark-carney-toma-protesta-como-primer-ministro-de-canada-y-promete-un-gobierno-agil\/","url":"https:\/\/canal7slp.tv\/2025\/mark-carney-toma-protesta-como-primer-ministro-de-canada-y-promete-un-gobierno-agil\/","name":"Mark Carney toma protesta como Primer Ministro de Canad\u00e1 y promete un gobierno \u00e1gil - Canal 7 SLP - 2025","isPartOf":{"@id":"https:\/\/canal7slp.tv\/2025\/#website"},"primaryImageOfPage":{"@id":"https:\/\/canal7slp.tv\/2025\/mark-carney-toma-protesta-como-primer-ministro-de-canada-y-promete-un-gobierno-agil\/#primaryimage"},"image":{"@id":"https:\/\/canal7slp.tv\/2025\/mark-carney-toma-protesta-como-primer-ministro-de-canada-y-promete-un-gobierno-agil\/#primaryimage"},"thumbnailUrl":"https:\/\/canal7slp.tv\/2025\/wp-content\/uploads\/2025\/03\/02-13.jpg","datePublished":"2025-03-14T19:24:14+00:00","breadcrumb":{"@id":"https:\/\/canal7slp.tv\/2025\/mark-carney-toma-protesta-como-primer-ministro-de-canada-y-promete-un-gobierno-agil\/#breadcrumb"},"inLanguage":"es","potentialAction":[{"@type":"ReadAction","target":["https:\/\/canal7slp.tv\/2025\/mark-carney-toma-protesta-como-primer-ministro-de-canada-y-promete-un-gobierno-agil\/"]}]},{"@type":"ImageObject","inLanguage":"es","@id":"https:\/\/canal7slp.tv\/2025\/mark-carney-toma-protesta-como-primer-ministro-de-canada-y-promete-un-gobierno-agil\/#primaryimage","url":"https:\/\/canal7slp.tv\/2025\/wp-content\/uploads\/2025\/03\/02-13.jpg","contentUrl":"https:\/\/canal7slp.tv\/2025\/wp-content\/uploads\/2025\/03\/02-13.jpg","width":727,"height":410},{"@type":"BreadcrumbList","@id":"https:\/\/canal7slp.tv\/2025\/mark-carney-toma-protesta-como-primer-ministro-de-canada-y-promete-un-gobierno-agil\/#breadcrumb","itemListElement":[{"@type":"ListItem","position":1,"name":"Portada","item":"https:\/\/canal7slp.tv\/2025\/"},{"@type":"ListItem","position":2,"name":"Mark Carney toma protesta como Primer Ministro de Canad\u00e1 y promete un gobierno \u00e1gil"}]},{"@type":"WebSite","@id":"https:\/\/canal7slp.tv\/2025\/#website","url":"https:\/\/canal7slp.tv\/2025\/","name":"N7 - Noticieros Canal 7","description":"Somos el Medio","publisher":{"@id":"https:\/\/canal7slp.tv\/2025\/#organization"},"potentialAction":[{"@type":"SearchAction","target":{"@type":"EntryPoint","urlTemplate":"https:\/\/canal7slp.tv\/2025\/?s={search_term_string}"},"query-input":{"@type":"PropertyValueSpecification","valueRequired":true,"valueName":"search_term_string"}}],"inLanguage":"es"},{"@type":"Organization","@id":"https:\/\/canal7slp.tv\/2025\/#organization","name":"Noticieros Canal 7","url":"https:\/\/canal7slp.tv\/2025\/","logo":{"@type":"ImageObject","inLanguage":"es","@id":"https:\/\/canal7slp.tv\/2025\/#\/schema\/logo\/image\/","url":"https:\/\/canal7slp.tv\/2025\/wp-content\/uploads\/2021\/01\/logo-noticieros@2x.png","contentUrl":"https:\/\/canal7slp.tv\/2025\/wp-content\/uploads\/2021\/01\/logo-noticieros@2x.png","width":1017,"height":268,"caption":"Noticieros Canal 7"},"image":{"@id":"https:\/\/canal7slp.tv\/2025\/#\/schema\/logo\/image\/"},"sameAs":["https:\/\/www.facebook.com\/noticieroscanal7atencionciudadana\/","https:\/\/x.com\/NOTICIEROS7","https:\/\/www.instagram.com\/canal7_slp","https:\/\/www.youtube.com\/channel\/UCliiYs-gP3JfJeqdPrNdd5A"]},{"@type":"Person","@id":"https:\/\/canal7slp.tv\/2025\/#\/schema\/person\/271e2b60a96e7cc9d9ac296f4d7e414b","name":"Edici\u00f3n Web","image":{"@type":"ImageObject","inLanguage":"es","@id":"https:\/\/secure.gravatar.com\/avatar\/eee448fc3f7164808013b816ba91ac7e43bbe82a70bebac296f8bc6f0addaa1a?s=96&d=mm&r=g","url":"https:\/\/secure.gravatar.com\/avatar\/eee448fc3f7164808013b816ba91ac7e43bbe82a70bebac296f8bc6f0addaa1a?s=96&d=mm&r=g","contentUrl":"https:\/\/secure.gravatar.com\/avatar\/eee448fc3f7164808013b816ba91ac7e43bbe82a70bebac296f8bc6f0addaa1a?s=96&d=mm&r=g","caption":"Edici\u00f3n Web"},"url":"https:\/\/canal7slp.tv\/2025\/author\/edicionweb\/"}]}},"_links":{"self":[{"href":"https:\/\/canal7slp.tv\/2025\/wp-json\/wp\/v2\/posts\/160863","targetHints":{"allow":["GET"]}}],"collection":[{"href":"https:\/\/canal7slp.tv\/2025\/wp-json\/wp\/v2\/posts"}],"about":[{"href":"https:\/\/canal7slp.tv\/2025\/wp-json\/wp\/v2\/types\/post"}],"author":[{"embeddable":true,"href":"https:\/\/canal7slp.tv\/2025\/wp-json\/wp\/v2\/users\/2"}],"replies":[{"embeddable":true,"href":"https:\/\/canal7slp.tv\/2025\/wp-json\/wp\/v2\/comments?post=160863"}],"version-history":[{"count":1,"href":"https:\/\/canal7slp.tv\/2025\/wp-json\/wp\/v2\/posts\/160863\/revisions"}],"predecessor-version":[{"id":160865,"href":"https:\/\/canal7slp.tv\/2025\/wp-json\/wp\/v2\/posts\/160863\/revisions\/160865"}],"wp:featuredmedia":[{"embeddable":true,"href":"https:\/\/canal7slp.tv\/2025\/wp-json\/wp\/v2\/media\/160864"}],"wp:attachment":[{"href":"https:\/\/canal7slp.tv\/2025\/wp-json\/wp\/v2\/media?parent=160863"}],"wp:term":[{"taxonomy":"category","embeddable":true,"href":"https:\/\/canal7slp.tv\/2025\/wp-json\/wp\/v2\/categories?post=160863"},{"taxonomy":"post_tag","embeddable":true,"href":"https:\/\/canal7slp.tv\/2025\/wp-json\/wp\/v2\/tags?post=160863"}],"curies":[{"name":"wp","href":"https:\/\/api.w.org\/{rel}","templated":true}]}}