{"id":160773,"date":"2025-03-13T14:26:04","date_gmt":"2025-03-13T20:26:04","guid":{"rendered":"https:\/\/canal7slp.tv\/2025\/?p=160773"},"modified":"2025-03-13T14:26:04","modified_gmt":"2025-03-13T20:26:04","slug":"taekwondoines-potosinos-son-seleccionados-nacionales","status":"publish","type":"post","link":"https:\/\/canal7slp.tv\/2025\/taekwondoines-potosinos-son-seleccionados-nacionales\/","title":{"rendered":"Taekwondo\u00ednes potosinos son seleccionados nacionales"},"content":{"rendered":"<p style=\"text-align: justify;\">SLP.- Se llev\u00f3 a cabo el torneo Pap\u00e1 Coach 2025; el evento convoc\u00f3 a cerca de 200 atletas que entre formas y combate demostraron sus habilidades t\u00e9cnicas en la disciplina.<\/p>\n<p style=\"text-align: justify;\">En el evento participaron de manera destacada los seleccionados nacionales Gael Franco y Erick Castillo quienes estar\u00e1n viajando a Serbia para representar a M\u00e9xico en la Gimnasiada Mundial el pr\u00f3ximo mes de abril.<\/p>\n<p style=\"text-align: justify;\">Erick Castillo obtuvo el primer lugar en combate, teniendo ya, en sus 3 a\u00f1os de trayectoria m\u00e1s de 30 torneos. A sus 13 a\u00f1os es Cinta Negra Segundo Poom.<\/p>\n<p style=\"text-align: justify;\">Gael Franco tambi\u00e9n obtuvo su primer lugar en el torneo y a sus 12 a\u00f1os ya cuenta con su Cinta Negra 1er Poom, tiene m\u00e1s de 20 torneos.<\/p>\n<p style=\"text-align: justify;\">Erick y Gael Actualmente se encuentra en entrenamiento intensivo para lograr los mejores resultados en la siguiente competencia, para la cual la cuenta regresiva ha empezado ya que en tan solo 25 d\u00edas estar\u00e1 iniciando su aventura en el evento mundial.<\/p>\n<p style=\"text-align: justify;\">La Gimnasia Mundial Serbia 2025 se llevar\u00e1 a cabo del 4 al 14 de abril en Zlatibor, Serbia. Este evento deportivo ser\u00e1 organizado por la Federaci\u00f3n Internacional del Deporte Escolar.<\/p>\n","protected":false},"excerpt":{"rendered":"<p>SLP.- Se llev\u00f3 a cabo el torneo Pap\u00e1 Coach 2025; el evento convoc\u00f3 a cerca de 200 atletas que entre formas y combate demostraron sus habilidades t\u00e9cnicas en la disciplina. En el evento participaron de manera destacada los seleccionados nacionales Gael Franco y Erick Castillo quienes estar\u00e1n viajando a Serbia para representar a M\u00e9xico en la Gimnasiada Mundial el pr\u00f3ximo mes de abril. Erick Castillo obtuvo el primer lugar en combate, teniendo ya, en sus 3 a\u00f1os de trayectoria m\u00e1s de 30 torneos. A sus 13 a\u00f1os es Cinta Negra Segundo Poom. Gael Franco tambi\u00e9n obtuvo su primer lugar en [&hellip;]<\/p>\n","protected":false},"author":2,"featured_media":160783,"comment_status":"closed","ping_status":"closed","sticky":false,"template":"","format":"video","meta":{"_monsterinsights_skip_tracking":false,"_monsterinsights_sitenote_active":false,"_monsterinsights_sitenote_note":"","_monsterinsights_sitenote_category":0,"footnotes":""},"categories":[7,5],"tags":[],"class_list":["post-160773","post","type-post","status-publish","format-video","has-post-thumbnail","hentry","category-deportes","category-destacadas","post_format-post-format-video","post--single"],"yoast_head":"<!-- This site is optimized with the Yoast SEO plugin v27.5 - https:\/\/yoast.com\/product\/yoast-seo-wordpress\/ -->\n<title>Taekwondo\u00ednes potosinos son seleccionados nacionales - Canal 7 SLP - 2025<\/title>\n<meta name=\"robots\" content=\"index, follow, max-snippet:-1, max-image-preview:large, max-video-preview:-1\" \/>\n<link rel=\"canonical\" href=\"https:\/\/canal7slp.tv\/2025\/taekwondoines-potosinos-son-seleccionados-nacionales\/\" \/>\n<meta property=\"og:locale\" content=\"es_ES\" \/>\n<meta property=\"og:type\" content=\"article\" \/>\n<meta property=\"og:title\" content=\"Taekwondo\u00ednes potosinos son seleccionados nacionales - Canal 7 SLP - 2025\" \/>\n<meta property=\"og:description\" content=\"SLP.- Se llev\u00f3 a cabo el torneo Pap\u00e1 Coach 2025; el evento convoc\u00f3 a cerca de 200 atletas que entre formas y combate demostraron sus habilidades t\u00e9cnicas en la disciplina. En el evento participaron de manera destacada los seleccionados nacionales Gael Franco y Erick Castillo quienes estar\u00e1n viajando a Serbia para representar a M\u00e9xico en la Gimnasiada Mundial el pr\u00f3ximo mes de abril. Erick Castillo obtuvo el primer lugar en combate, teniendo ya, en sus 3 a\u00f1os de trayectoria m\u00e1s de 30 torneos. A sus 13 a\u00f1os es Cinta Negra Segundo Poom. Gael Franco tambi\u00e9n obtuvo su primer lugar en [&hellip;]\" \/>\n<meta property=\"og:url\" content=\"https:\/\/canal7slp.tv\/2025\/taekwondoines-potosinos-son-seleccionados-nacionales\/\" \/>\n<meta property=\"og:site_name\" content=\"Canal 7 SLP - 2025\" \/>\n<meta property=\"article:publisher\" content=\"https:\/\/www.facebook.com\/noticieroscanal7atencionciudadana\/\" \/>\n<meta property=\"article:published_time\" content=\"2025-03-13T20:26:04+00:00\" \/>\n<meta property=\"og:image\" content=\"https:\/\/canal7slp.tv\/2025\/wp-content\/uploads\/2025\/03\/Froi03TKD.jpg\" \/>\n\t<meta property=\"og:image:width\" content=\"1280\" \/>\n\t<meta property=\"og:image:height\" content=\"720\" \/>\n\t<meta property=\"og:image:type\" content=\"image\/jpeg\" \/>\n<meta name=\"author\" content=\"Edici\u00f3n Web\" \/>\n<meta name=\"twitter:card\" content=\"summary_large_image\" \/>\n<meta name=\"twitter:creator\" content=\"@NOTICIEROS7\" \/>\n<meta name=\"twitter:site\" content=\"@NOTICIEROS7\" \/>\n<meta name=\"twitter:label1\" content=\"Escrito por\" \/>\n\t<meta name=\"twitter:data1\" content=\"Edici\u00f3n Web\" \/>\n\t<meta name=\"twitter:label2\" content=\"Tiempo de lectura\" \/>\n\t<meta name=\"twitter:data2\" content=\"2 minutos\" \/>\n<script type=\"application\/ld+json\" class=\"yoast-schema-graph\">{\"@context\":\"https:\\\/\\\/schema.org\",\"@graph\":[{\"@type\":\"Article\",\"@id\":\"https:\\\/\\\/canal7slp.tv\\\/2025\\\/taekwondoines-potosinos-son-seleccionados-nacionales\\\/#article\",\"isPartOf\":{\"@id\":\"https:\\\/\\\/canal7slp.tv\\\/2025\\\/taekwondoines-potosinos-son-seleccionados-nacionales\\\/\"},\"author\":{\"name\":\"Edici\u00f3n Web\",\"@id\":\"https:\\\/\\\/canal7slp.tv\\\/2025\\\/#\\\/schema\\\/person\\\/271e2b60a96e7cc9d9ac296f4d7e414b\"},\"headline\":\"Taekwondo\u00ednes potosinos son seleccionados nacionales\",\"datePublished\":\"2025-03-13T20:26:04+00:00\",\"mainEntityOfPage\":{\"@id\":\"https:\\\/\\\/canal7slp.tv\\\/2025\\\/taekwondoines-potosinos-son-seleccionados-nacionales\\\/\"},\"wordCount\":199,\"publisher\":{\"@id\":\"https:\\\/\\\/canal7slp.tv\\\/2025\\\/#organization\"},\"image\":{\"@id\":\"https:\\\/\\\/canal7slp.tv\\\/2025\\\/taekwondoines-potosinos-son-seleccionados-nacionales\\\/#primaryimage\"},\"thumbnailUrl\":\"https:\\\/\\\/canal7slp.tv\\\/2025\\\/wp-content\\\/uploads\\\/2025\\\/03\\\/Froi03TKD.jpg\",\"articleSection\":[\"DEPORTES\",\"DESTACADAS\"],\"inLanguage\":\"es\"},{\"@type\":\"WebPage\",\"@id\":\"https:\\\/\\\/canal7slp.tv\\\/2025\\\/taekwondoines-potosinos-son-seleccionados-nacionales\\\/\",\"url\":\"https:\\\/\\\/canal7slp.tv\\\/2025\\\/taekwondoines-potosinos-son-seleccionados-nacionales\\\/\",\"name\":\"Taekwondo\u00ednes potosinos son seleccionados nacionales - Canal 7 SLP - 2025\",\"isPartOf\":{\"@id\":\"https:\\\/\\\/canal7slp.tv\\\/2025\\\/#website\"},\"primaryImageOfPage\":{\"@id\":\"https:\\\/\\\/canal7slp.tv\\\/2025\\\/taekwondoines-potosinos-son-seleccionados-nacionales\\\/#primaryimage\"},\"image\":{\"@id\":\"https:\\\/\\\/canal7slp.tv\\\/2025\\\/taekwondoines-potosinos-son-seleccionados-nacionales\\\/#primaryimage\"},\"thumbnailUrl\":\"https:\\\/\\\/canal7slp.tv\\\/2025\\\/wp-content\\\/uploads\\\/2025\\\/03\\\/Froi03TKD.jpg\",\"datePublished\":\"2025-03-13T20:26:04+00:00\",\"breadcrumb\":{\"@id\":\"https:\\\/\\\/canal7slp.tv\\\/2025\\\/taekwondoines-potosinos-son-seleccionados-nacionales\\\/#breadcrumb\"},\"inLanguage\":\"es\",\"potentialAction\":[{\"@type\":\"ReadAction\",\"target\":[\"https:\\\/\\\/canal7slp.tv\\\/2025\\\/taekwondoines-potosinos-son-seleccionados-nacionales\\\/\"]}]},{\"@type\":\"ImageObject\",\"inLanguage\":\"es\",\"@id\":\"https:\\\/\\\/canal7slp.tv\\\/2025\\\/taekwondoines-potosinos-son-seleccionados-nacionales\\\/#primaryimage\",\"url\":\"https:\\\/\\\/canal7slp.tv\\\/2025\\\/wp-content\\\/uploads\\\/2025\\\/03\\\/Froi03TKD.jpg\",\"contentUrl\":\"https:\\\/\\\/canal7slp.tv\\\/2025\\\/wp-content\\\/uploads\\\/2025\\\/03\\\/Froi03TKD.jpg\",\"width\":1280,\"height\":720},{\"@type\":\"BreadcrumbList\",\"@id\":\"https:\\\/\\\/canal7slp.tv\\\/2025\\\/taekwondoines-potosinos-son-seleccionados-nacionales\\\/#breadcrumb\",\"itemListElement\":[{\"@type\":\"ListItem\",\"position\":1,\"name\":\"Portada\",\"item\":\"https:\\\/\\\/canal7slp.tv\\\/2025\\\/\"},{\"@type\":\"ListItem\",\"position\":2,\"name\":\"Taekwondo\u00ednes potosinos son seleccionados nacionales\"}]},{\"@type\":\"WebSite\",\"@id\":\"https:\\\/\\\/canal7slp.tv\\\/2025\\\/#website\",\"url\":\"https:\\\/\\\/canal7slp.tv\\\/2025\\\/\",\"name\":\"N7 - Noticieros Canal 7\",\"description\":\"Somos el Medio\",\"publisher\":{\"@id\":\"https:\\\/\\\/canal7slp.tv\\\/2025\\\/#organization\"},\"potentialAction\":[{\"@type\":\"SearchAction\",\"target\":{\"@type\":\"EntryPoint\",\"urlTemplate\":\"https:\\\/\\\/canal7slp.tv\\\/2025\\\/?s={search_term_string}\"},\"query-input\":{\"@type\":\"PropertyValueSpecification\",\"valueRequired\":true,\"valueName\":\"search_term_string\"}}],\"inLanguage\":\"es\"},{\"@type\":\"Organization\",\"@id\":\"https:\\\/\\\/canal7slp.tv\\\/2025\\\/#organization\",\"name\":\"Noticieros Canal 7\",\"url\":\"https:\\\/\\\/canal7slp.tv\\\/2025\\\/\",\"logo\":{\"@type\":\"ImageObject\",\"inLanguage\":\"es\",\"@id\":\"https:\\\/\\\/canal7slp.tv\\\/2025\\\/#\\\/schema\\\/logo\\\/image\\\/\",\"url\":\"https:\\\/\\\/canal7slp.tv\\\/2025\\\/wp-content\\\/uploads\\\/2021\\\/01\\\/logo-noticieros@2x.png\",\"contentUrl\":\"https:\\\/\\\/canal7slp.tv\\\/2025\\\/wp-content\\\/uploads\\\/2021\\\/01\\\/logo-noticieros@2x.png\",\"width\":1017,\"height\":268,\"caption\":\"Noticieros Canal 7\"},\"image\":{\"@id\":\"https:\\\/\\\/canal7slp.tv\\\/2025\\\/#\\\/schema\\\/logo\\\/image\\\/\"},\"sameAs\":[\"https:\\\/\\\/www.facebook.com\\\/noticieroscanal7atencionciudadana\\\/\",\"https:\\\/\\\/x.com\\\/NOTICIEROS7\",\"https:\\\/\\\/www.instagram.com\\\/canal7_slp\",\"https:\\\/\\\/www.youtube.com\\\/channel\\\/UCliiYs-gP3JfJeqdPrNdd5A\"]},{\"@type\":\"Person\",\"@id\":\"https:\\\/\\\/canal7slp.tv\\\/2025\\\/#\\\/schema\\\/person\\\/271e2b60a96e7cc9d9ac296f4d7e414b\",\"name\":\"Edici\u00f3n Web\",\"image\":{\"@type\":\"ImageObject\",\"inLanguage\":\"es\",\"@id\":\"https:\\\/\\\/secure.gravatar.com\\\/avatar\\\/eee448fc3f7164808013b816ba91ac7e43bbe82a70bebac296f8bc6f0addaa1a?s=96&d=mm&r=g\",\"url\":\"https:\\\/\\\/secure.gravatar.com\\\/avatar\\\/eee448fc3f7164808013b816ba91ac7e43bbe82a70bebac296f8bc6f0addaa1a?s=96&d=mm&r=g\",\"contentUrl\":\"https:\\\/\\\/secure.gravatar.com\\\/avatar\\\/eee448fc3f7164808013b816ba91ac7e43bbe82a70bebac296f8bc6f0addaa1a?s=96&d=mm&r=g\",\"caption\":\"Edici\u00f3n Web\"},\"url\":\"https:\\\/\\\/canal7slp.tv\\\/2025\\\/author\\\/edicionweb\\\/\"}]}<\/script>\n<!-- \/ Yoast SEO plugin. -->","yoast_head_json":{"title":"Taekwondo\u00ednes potosinos son seleccionados nacionales - Canal 7 SLP - 2025","robots":{"index":"index","follow":"follow","max-snippet":"max-snippet:-1","max-image-preview":"max-image-preview:large","max-video-preview":"max-video-preview:-1"},"canonical":"https:\/\/canal7slp.tv\/2025\/taekwondoines-potosinos-son-seleccionados-nacionales\/","og_locale":"es_ES","og_type":"article","og_title":"Taekwondo\u00ednes potosinos son seleccionados nacionales - Canal 7 SLP - 2025","og_description":"SLP.- Se llev\u00f3 a cabo el torneo Pap\u00e1 Coach 2025; el evento convoc\u00f3 a cerca de 200 atletas que entre formas y combate demostraron sus habilidades t\u00e9cnicas en la disciplina. En el evento participaron de manera destacada los seleccionados nacionales Gael Franco y Erick Castillo quienes estar\u00e1n viajando a Serbia para representar a M\u00e9xico en la Gimnasiada Mundial el pr\u00f3ximo mes de abril. Erick Castillo obtuvo el primer lugar en combate, teniendo ya, en sus 3 a\u00f1os de trayectoria m\u00e1s de 30 torneos. A sus 13 a\u00f1os es Cinta Negra Segundo Poom. Gael Franco tambi\u00e9n obtuvo su primer lugar en [&hellip;]","og_url":"https:\/\/canal7slp.tv\/2025\/taekwondoines-potosinos-son-seleccionados-nacionales\/","og_site_name":"Canal 7 SLP - 2025","article_publisher":"https:\/\/www.facebook.com\/noticieroscanal7atencionciudadana\/","article_published_time":"2025-03-13T20:26:04+00:00","og_image":[{"width":1280,"height":720,"url":"https:\/\/canal7slp.tv\/2025\/wp-content\/uploads\/2025\/03\/Froi03TKD.jpg","type":"image\/jpeg"}],"author":"Edici\u00f3n Web","twitter_card":"summary_large_image","twitter_creator":"@NOTICIEROS7","twitter_site":"@NOTICIEROS7","twitter_misc":{"Escrito por":"Edici\u00f3n Web","Tiempo de lectura":"2 minutos"},"schema":{"@context":"https:\/\/schema.org","@graph":[{"@type":"Article","@id":"https:\/\/canal7slp.tv\/2025\/taekwondoines-potosinos-son-seleccionados-nacionales\/#article","isPartOf":{"@id":"https:\/\/canal7slp.tv\/2025\/taekwondoines-potosinos-son-seleccionados-nacionales\/"},"author":{"name":"Edici\u00f3n Web","@id":"https:\/\/canal7slp.tv\/2025\/#\/schema\/person\/271e2b60a96e7cc9d9ac296f4d7e414b"},"headline":"Taekwondo\u00ednes potosinos son seleccionados nacionales","datePublished":"2025-03-13T20:26:04+00:00","mainEntityOfPage":{"@id":"https:\/\/canal7slp.tv\/2025\/taekwondoines-potosinos-son-seleccionados-nacionales\/"},"wordCount":199,"publisher":{"@id":"https:\/\/canal7slp.tv\/2025\/#organization"},"image":{"@id":"https:\/\/canal7slp.tv\/2025\/taekwondoines-potosinos-son-seleccionados-nacionales\/#primaryimage"},"thumbnailUrl":"https:\/\/canal7slp.tv\/2025\/wp-content\/uploads\/2025\/03\/Froi03TKD.jpg","articleSection":["DEPORTES","DESTACADAS"],"inLanguage":"es"},{"@type":"WebPage","@id":"https:\/\/canal7slp.tv\/2025\/taekwondoines-potosinos-son-seleccionados-nacionales\/","url":"https:\/\/canal7slp.tv\/2025\/taekwondoines-potosinos-son-seleccionados-nacionales\/","name":"Taekwondo\u00ednes potosinos son seleccionados nacionales - Canal 7 SLP - 2025","isPartOf":{"@id":"https:\/\/canal7slp.tv\/2025\/#website"},"primaryImageOfPage":{"@id":"https:\/\/canal7slp.tv\/2025\/taekwondoines-potosinos-son-seleccionados-nacionales\/#primaryimage"},"image":{"@id":"https:\/\/canal7slp.tv\/2025\/taekwondoines-potosinos-son-seleccionados-nacionales\/#primaryimage"},"thumbnailUrl":"https:\/\/canal7slp.tv\/2025\/wp-content\/uploads\/2025\/03\/Froi03TKD.jpg","datePublished":"2025-03-13T20:26:04+00:00","breadcrumb":{"@id":"https:\/\/canal7slp.tv\/2025\/taekwondoines-potosinos-son-seleccionados-nacionales\/#breadcrumb"},"inLanguage":"es","potentialAction":[{"@type":"ReadAction","target":["https:\/\/canal7slp.tv\/2025\/taekwondoines-potosinos-son-seleccionados-nacionales\/"]}]},{"@type":"ImageObject","inLanguage":"es","@id":"https:\/\/canal7slp.tv\/2025\/taekwondoines-potosinos-son-seleccionados-nacionales\/#primaryimage","url":"https:\/\/canal7slp.tv\/2025\/wp-content\/uploads\/2025\/03\/Froi03TKD.jpg","contentUrl":"https:\/\/canal7slp.tv\/2025\/wp-content\/uploads\/2025\/03\/Froi03TKD.jpg","width":1280,"height":720},{"@type":"BreadcrumbList","@id":"https:\/\/canal7slp.tv\/2025\/taekwondoines-potosinos-son-seleccionados-nacionales\/#breadcrumb","itemListElement":[{"@type":"ListItem","position":1,"name":"Portada","item":"https:\/\/canal7slp.tv\/2025\/"},{"@type":"ListItem","position":2,"name":"Taekwondo\u00ednes potosinos son seleccionados nacionales"}]},{"@type":"WebSite","@id":"https:\/\/canal7slp.tv\/2025\/#website","url":"https:\/\/canal7slp.tv\/2025\/","name":"N7 - Noticieros Canal 7","description":"Somos el Medio","publisher":{"@id":"https:\/\/canal7slp.tv\/2025\/#organization"},"potentialAction":[{"@type":"SearchAction","target":{"@type":"EntryPoint","urlTemplate":"https:\/\/canal7slp.tv\/2025\/?s={search_term_string}"},"query-input":{"@type":"PropertyValueSpecification","valueRequired":true,"valueName":"search_term_string"}}],"inLanguage":"es"},{"@type":"Organization","@id":"https:\/\/canal7slp.tv\/2025\/#organization","name":"Noticieros Canal 7","url":"https:\/\/canal7slp.tv\/2025\/","logo":{"@type":"ImageObject","inLanguage":"es","@id":"https:\/\/canal7slp.tv\/2025\/#\/schema\/logo\/image\/","url":"https:\/\/canal7slp.tv\/2025\/wp-content\/uploads\/2021\/01\/logo-noticieros@2x.png","contentUrl":"https:\/\/canal7slp.tv\/2025\/wp-content\/uploads\/2021\/01\/logo-noticieros@2x.png","width":1017,"height":268,"caption":"Noticieros Canal 7"},"image":{"@id":"https:\/\/canal7slp.tv\/2025\/#\/schema\/logo\/image\/"},"sameAs":["https:\/\/www.facebook.com\/noticieroscanal7atencionciudadana\/","https:\/\/x.com\/NOTICIEROS7","https:\/\/www.instagram.com\/canal7_slp","https:\/\/www.youtube.com\/channel\/UCliiYs-gP3JfJeqdPrNdd5A"]},{"@type":"Person","@id":"https:\/\/canal7slp.tv\/2025\/#\/schema\/person\/271e2b60a96e7cc9d9ac296f4d7e414b","name":"Edici\u00f3n Web","image":{"@type":"ImageObject","inLanguage":"es","@id":"https:\/\/secure.gravatar.com\/avatar\/eee448fc3f7164808013b816ba91ac7e43bbe82a70bebac296f8bc6f0addaa1a?s=96&d=mm&r=g","url":"https:\/\/secure.gravatar.com\/avatar\/eee448fc3f7164808013b816ba91ac7e43bbe82a70bebac296f8bc6f0addaa1a?s=96&d=mm&r=g","contentUrl":"https:\/\/secure.gravatar.com\/avatar\/eee448fc3f7164808013b816ba91ac7e43bbe82a70bebac296f8bc6f0addaa1a?s=96&d=mm&r=g","caption":"Edici\u00f3n Web"},"url":"https:\/\/canal7slp.tv\/2025\/author\/edicionweb\/"}]}},"_links":{"self":[{"href":"https:\/\/canal7slp.tv\/2025\/wp-json\/wp\/v2\/posts\/160773","targetHints":{"allow":["GET"]}}],"collection":[{"href":"https:\/\/canal7slp.tv\/2025\/wp-json\/wp\/v2\/posts"}],"about":[{"href":"https:\/\/canal7slp.tv\/2025\/wp-json\/wp\/v2\/types\/post"}],"author":[{"embeddable":true,"href":"https:\/\/canal7slp.tv\/2025\/wp-json\/wp\/v2\/users\/2"}],"replies":[{"embeddable":true,"href":"https:\/\/canal7slp.tv\/2025\/wp-json\/wp\/v2\/comments?post=160773"}],"version-history":[{"count":1,"href":"https:\/\/canal7slp.tv\/2025\/wp-json\/wp\/v2\/posts\/160773\/revisions"}],"predecessor-version":[{"id":160776,"href":"https:\/\/canal7slp.tv\/2025\/wp-json\/wp\/v2\/posts\/160773\/revisions\/160776"}],"wp:featuredmedia":[{"embeddable":true,"href":"https:\/\/canal7slp.tv\/2025\/wp-json\/wp\/v2\/media\/160783"}],"wp:attachment":[{"href":"https:\/\/canal7slp.tv\/2025\/wp-json\/wp\/v2\/media?parent=160773"}],"wp:term":[{"taxonomy":"category","embeddable":true,"href":"https:\/\/canal7slp.tv\/2025\/wp-json\/wp\/v2\/categories?post=160773"},{"taxonomy":"post_tag","embeddable":true,"href":"https:\/\/canal7slp.tv\/2025\/wp-json\/wp\/v2\/tags?post=160773"}],"curies":[{"name":"wp","href":"https:\/\/api.w.org\/{rel}","templated":true}]}}