{"id":160771,"date":"2025-03-13T14:17:18","date_gmt":"2025-03-13T20:17:18","guid":{"rendered":"https:\/\/canal7slp.tv\/2025\/?p=160771"},"modified":"2025-03-13T14:17:18","modified_gmt":"2025-03-13T20:17:18","slug":"grandes-eventos-ciclistas-se-realizaran-en-la-capital-potosina","status":"publish","type":"post","link":"https:\/\/canal7slp.tv\/2025\/grandes-eventos-ciclistas-se-realizaran-en-la-capital-potosina\/","title":{"rendered":"Grandes eventos ciclistas se realizar\u00e1n en la Capital Potosina"},"content":{"rendered":"<p style=\"text-align: justify;\">SLP.-\u00a0Con la presencia del alcalde capitalino Enrique Galindo Ceballos y el ciclista mexicano Ra\u00fal Alcal\u00e1 dieron a conocer varios eventos ciclistas de talla internacional que se desarrollar\u00e1n a lo largo del a\u00f1o en la capital potosina entre ellos el Gran Fondo New York Championship North Am\u00e9rica y Ra\u00fal Alcal\u00e1 Challenge 2025.<\/p>\n<p style=\"text-align: justify;\">Fue el director de deporte municipal el encargado de dar detalles sobre los eventos ciclistas.<\/p>\n<p style=\"text-align: justify;\">Por su parte el representante del Gran Fondo de New York en M\u00e9xico, Shaun Grand dio detalles sobre tan destacado evento ciclista internacional que se realizar\u00e1 el 7 de diciembre.<\/p>\n<p style=\"text-align: justify;\">Por su parte el ciclista mexicano Ra\u00fal Alcal\u00e1 destac\u00f3 que la capital potosina actualmente es la cuna del ciclismo en el territorio mexicano.<\/p>\n<p style=\"text-align: justify;\">Finalmente el alcalde capitalino destac\u00f3 la importancia y relevancia de este tipo de eventos deportivos en la capital potosina.<\/p>\n","protected":false},"excerpt":{"rendered":"<p>SLP.-\u00a0Con la presencia del alcalde capitalino Enrique Galindo Ceballos y el ciclista mexicano Ra\u00fal Alcal\u00e1 dieron a conocer varios eventos ciclistas de talla internacional que se desarrollar\u00e1n a lo largo del a\u00f1o en la capital potosina entre ellos el Gran Fondo New York Championship North Am\u00e9rica y Ra\u00fal Alcal\u00e1 Challenge 2025. Fue el director de deporte municipal el encargado de dar detalles sobre los eventos ciclistas. Por su parte el representante del Gran Fondo de New York en M\u00e9xico, Shaun Grand dio detalles sobre tan destacado evento ciclista internacional que se realizar\u00e1 el 7 de diciembre. Por su parte el [&hellip;]<\/p>\n","protected":false},"author":2,"featured_media":160778,"comment_status":"closed","ping_status":"closed","sticky":false,"template":"","format":"video","meta":{"_monsterinsights_skip_tracking":false,"_monsterinsights_sitenote_active":false,"_monsterinsights_sitenote_note":"","_monsterinsights_sitenote_category":0,"footnotes":""},"categories":[66,7,5],"tags":[],"class_list":["post-160771","post","type-post","status-publish","format-video","has-post-thumbnail","hentry","category-ayoslp","category-deportes","category-destacadas","post_format-post-format-video","post--single"],"yoast_head":"<!-- This site is optimized with the Yoast SEO plugin v27.5 - https:\/\/yoast.com\/product\/yoast-seo-wordpress\/ -->\n<title>Grandes eventos ciclistas se realizar\u00e1n en la Capital Potosina - Canal 7 SLP - 2025<\/title>\n<meta name=\"robots\" content=\"index, follow, max-snippet:-1, max-image-preview:large, max-video-preview:-1\" \/>\n<link rel=\"canonical\" href=\"https:\/\/canal7slp.tv\/2025\/grandes-eventos-ciclistas-se-realizaran-en-la-capital-potosina\/\" \/>\n<meta property=\"og:locale\" content=\"es_ES\" \/>\n<meta property=\"og:type\" content=\"article\" \/>\n<meta property=\"og:title\" content=\"Grandes eventos ciclistas se realizar\u00e1n en la Capital Potosina - Canal 7 SLP - 2025\" \/>\n<meta property=\"og:description\" content=\"SLP.-\u00a0Con la presencia del alcalde capitalino Enrique Galindo Ceballos y el ciclista mexicano Ra\u00fal Alcal\u00e1 dieron a conocer varios eventos ciclistas de talla internacional que se desarrollar\u00e1n a lo largo del a\u00f1o en la capital potosina entre ellos el Gran Fondo New York Championship North Am\u00e9rica y Ra\u00fal Alcal\u00e1 Challenge 2025. Fue el director de deporte municipal el encargado de dar detalles sobre los eventos ciclistas. Por su parte el representante del Gran Fondo de New York en M\u00e9xico, Shaun Grand dio detalles sobre tan destacado evento ciclista internacional que se realizar\u00e1 el 7 de diciembre. Por su parte el [&hellip;]\" \/>\n<meta property=\"og:url\" content=\"https:\/\/canal7slp.tv\/2025\/grandes-eventos-ciclistas-se-realizaran-en-la-capital-potosina\/\" \/>\n<meta property=\"og:site_name\" content=\"Canal 7 SLP - 2025\" \/>\n<meta property=\"article:publisher\" content=\"https:\/\/www.facebook.com\/noticieroscanal7atencionciudadana\/\" \/>\n<meta property=\"article:published_time\" content=\"2025-03-13T20:17:18+00:00\" \/>\n<meta property=\"og:image\" content=\"https:\/\/canal7slp.tv\/2025\/wp-content\/uploads\/2025\/03\/Froi01Ciclismo.jpg\" \/>\n\t<meta property=\"og:image:width\" content=\"1280\" \/>\n\t<meta property=\"og:image:height\" content=\"720\" \/>\n\t<meta property=\"og:image:type\" content=\"image\/jpeg\" \/>\n<meta name=\"author\" content=\"Edici\u00f3n Web\" \/>\n<meta name=\"twitter:card\" content=\"summary_large_image\" \/>\n<meta name=\"twitter:creator\" content=\"@NOTICIEROS7\" \/>\n<meta name=\"twitter:site\" content=\"@NOTICIEROS7\" \/>\n<meta name=\"twitter:label1\" content=\"Escrito por\" \/>\n\t<meta name=\"twitter:data1\" content=\"Edici\u00f3n Web\" \/>\n\t<meta name=\"twitter:label2\" content=\"Tiempo de lectura\" \/>\n\t<meta name=\"twitter:data2\" content=\"1 minuto\" \/>\n<script type=\"application\/ld+json\" class=\"yoast-schema-graph\">{\"@context\":\"https:\\\/\\\/schema.org\",\"@graph\":[{\"@type\":\"Article\",\"@id\":\"https:\\\/\\\/canal7slp.tv\\\/2025\\\/grandes-eventos-ciclistas-se-realizaran-en-la-capital-potosina\\\/#article\",\"isPartOf\":{\"@id\":\"https:\\\/\\\/canal7slp.tv\\\/2025\\\/grandes-eventos-ciclistas-se-realizaran-en-la-capital-potosina\\\/\"},\"author\":{\"name\":\"Edici\u00f3n Web\",\"@id\":\"https:\\\/\\\/canal7slp.tv\\\/2025\\\/#\\\/schema\\\/person\\\/271e2b60a96e7cc9d9ac296f4d7e414b\"},\"headline\":\"Grandes eventos ciclistas se realizar\u00e1n en la Capital Potosina\",\"datePublished\":\"2025-03-13T20:17:18+00:00\",\"mainEntityOfPage\":{\"@id\":\"https:\\\/\\\/canal7slp.tv\\\/2025\\\/grandes-eventos-ciclistas-se-realizaran-en-la-capital-potosina\\\/\"},\"wordCount\":155,\"publisher\":{\"@id\":\"https:\\\/\\\/canal7slp.tv\\\/2025\\\/#organization\"},\"image\":{\"@id\":\"https:\\\/\\\/canal7slp.tv\\\/2025\\\/grandes-eventos-ciclistas-se-realizaran-en-la-capital-potosina\\\/#primaryimage\"},\"thumbnailUrl\":\"https:\\\/\\\/canal7slp.tv\\\/2025\\\/wp-content\\\/uploads\\\/2025\\\/03\\\/Froi01Ciclismo.jpg\",\"articleSection\":[\"AYOSLP\",\"DEPORTES\",\"DESTACADAS\"],\"inLanguage\":\"es\"},{\"@type\":\"WebPage\",\"@id\":\"https:\\\/\\\/canal7slp.tv\\\/2025\\\/grandes-eventos-ciclistas-se-realizaran-en-la-capital-potosina\\\/\",\"url\":\"https:\\\/\\\/canal7slp.tv\\\/2025\\\/grandes-eventos-ciclistas-se-realizaran-en-la-capital-potosina\\\/\",\"name\":\"Grandes eventos ciclistas se realizar\u00e1n en la Capital Potosina - Canal 7 SLP - 2025\",\"isPartOf\":{\"@id\":\"https:\\\/\\\/canal7slp.tv\\\/2025\\\/#website\"},\"primaryImageOfPage\":{\"@id\":\"https:\\\/\\\/canal7slp.tv\\\/2025\\\/grandes-eventos-ciclistas-se-realizaran-en-la-capital-potosina\\\/#primaryimage\"},\"image\":{\"@id\":\"https:\\\/\\\/canal7slp.tv\\\/2025\\\/grandes-eventos-ciclistas-se-realizaran-en-la-capital-potosina\\\/#primaryimage\"},\"thumbnailUrl\":\"https:\\\/\\\/canal7slp.tv\\\/2025\\\/wp-content\\\/uploads\\\/2025\\\/03\\\/Froi01Ciclismo.jpg\",\"datePublished\":\"2025-03-13T20:17:18+00:00\",\"breadcrumb\":{\"@id\":\"https:\\\/\\\/canal7slp.tv\\\/2025\\\/grandes-eventos-ciclistas-se-realizaran-en-la-capital-potosina\\\/#breadcrumb\"},\"inLanguage\":\"es\",\"potentialAction\":[{\"@type\":\"ReadAction\",\"target\":[\"https:\\\/\\\/canal7slp.tv\\\/2025\\\/grandes-eventos-ciclistas-se-realizaran-en-la-capital-potosina\\\/\"]}]},{\"@type\":\"ImageObject\",\"inLanguage\":\"es\",\"@id\":\"https:\\\/\\\/canal7slp.tv\\\/2025\\\/grandes-eventos-ciclistas-se-realizaran-en-la-capital-potosina\\\/#primaryimage\",\"url\":\"https:\\\/\\\/canal7slp.tv\\\/2025\\\/wp-content\\\/uploads\\\/2025\\\/03\\\/Froi01Ciclismo.jpg\",\"contentUrl\":\"https:\\\/\\\/canal7slp.tv\\\/2025\\\/wp-content\\\/uploads\\\/2025\\\/03\\\/Froi01Ciclismo.jpg\",\"width\":1280,\"height\":720},{\"@type\":\"BreadcrumbList\",\"@id\":\"https:\\\/\\\/canal7slp.tv\\\/2025\\\/grandes-eventos-ciclistas-se-realizaran-en-la-capital-potosina\\\/#breadcrumb\",\"itemListElement\":[{\"@type\":\"ListItem\",\"position\":1,\"name\":\"Portada\",\"item\":\"https:\\\/\\\/canal7slp.tv\\\/2025\\\/\"},{\"@type\":\"ListItem\",\"position\":2,\"name\":\"Grandes eventos ciclistas se realizar\u00e1n en la Capital Potosina\"}]},{\"@type\":\"WebSite\",\"@id\":\"https:\\\/\\\/canal7slp.tv\\\/2025\\\/#website\",\"url\":\"https:\\\/\\\/canal7slp.tv\\\/2025\\\/\",\"name\":\"N7 - Noticieros Canal 7\",\"description\":\"Somos el Medio\",\"publisher\":{\"@id\":\"https:\\\/\\\/canal7slp.tv\\\/2025\\\/#organization\"},\"potentialAction\":[{\"@type\":\"SearchAction\",\"target\":{\"@type\":\"EntryPoint\",\"urlTemplate\":\"https:\\\/\\\/canal7slp.tv\\\/2025\\\/?s={search_term_string}\"},\"query-input\":{\"@type\":\"PropertyValueSpecification\",\"valueRequired\":true,\"valueName\":\"search_term_string\"}}],\"inLanguage\":\"es\"},{\"@type\":\"Organization\",\"@id\":\"https:\\\/\\\/canal7slp.tv\\\/2025\\\/#organization\",\"name\":\"Noticieros Canal 7\",\"url\":\"https:\\\/\\\/canal7slp.tv\\\/2025\\\/\",\"logo\":{\"@type\":\"ImageObject\",\"inLanguage\":\"es\",\"@id\":\"https:\\\/\\\/canal7slp.tv\\\/2025\\\/#\\\/schema\\\/logo\\\/image\\\/\",\"url\":\"https:\\\/\\\/canal7slp.tv\\\/2025\\\/wp-content\\\/uploads\\\/2021\\\/01\\\/logo-noticieros@2x.png\",\"contentUrl\":\"https:\\\/\\\/canal7slp.tv\\\/2025\\\/wp-content\\\/uploads\\\/2021\\\/01\\\/logo-noticieros@2x.png\",\"width\":1017,\"height\":268,\"caption\":\"Noticieros Canal 7\"},\"image\":{\"@id\":\"https:\\\/\\\/canal7slp.tv\\\/2025\\\/#\\\/schema\\\/logo\\\/image\\\/\"},\"sameAs\":[\"https:\\\/\\\/www.facebook.com\\\/noticieroscanal7atencionciudadana\\\/\",\"https:\\\/\\\/x.com\\\/NOTICIEROS7\",\"https:\\\/\\\/www.instagram.com\\\/canal7_slp\",\"https:\\\/\\\/www.youtube.com\\\/channel\\\/UCliiYs-gP3JfJeqdPrNdd5A\"]},{\"@type\":\"Person\",\"@id\":\"https:\\\/\\\/canal7slp.tv\\\/2025\\\/#\\\/schema\\\/person\\\/271e2b60a96e7cc9d9ac296f4d7e414b\",\"name\":\"Edici\u00f3n Web\",\"image\":{\"@type\":\"ImageObject\",\"inLanguage\":\"es\",\"@id\":\"https:\\\/\\\/secure.gravatar.com\\\/avatar\\\/eee448fc3f7164808013b816ba91ac7e43bbe82a70bebac296f8bc6f0addaa1a?s=96&d=mm&r=g\",\"url\":\"https:\\\/\\\/secure.gravatar.com\\\/avatar\\\/eee448fc3f7164808013b816ba91ac7e43bbe82a70bebac296f8bc6f0addaa1a?s=96&d=mm&r=g\",\"contentUrl\":\"https:\\\/\\\/secure.gravatar.com\\\/avatar\\\/eee448fc3f7164808013b816ba91ac7e43bbe82a70bebac296f8bc6f0addaa1a?s=96&d=mm&r=g\",\"caption\":\"Edici\u00f3n Web\"},\"url\":\"https:\\\/\\\/canal7slp.tv\\\/2025\\\/author\\\/edicionweb\\\/\"}]}<\/script>\n<!-- \/ Yoast SEO plugin. -->","yoast_head_json":{"title":"Grandes eventos ciclistas se realizar\u00e1n en la Capital Potosina - Canal 7 SLP - 2025","robots":{"index":"index","follow":"follow","max-snippet":"max-snippet:-1","max-image-preview":"max-image-preview:large","max-video-preview":"max-video-preview:-1"},"canonical":"https:\/\/canal7slp.tv\/2025\/grandes-eventos-ciclistas-se-realizaran-en-la-capital-potosina\/","og_locale":"es_ES","og_type":"article","og_title":"Grandes eventos ciclistas se realizar\u00e1n en la Capital Potosina - Canal 7 SLP - 2025","og_description":"SLP.-\u00a0Con la presencia del alcalde capitalino Enrique Galindo Ceballos y el ciclista mexicano Ra\u00fal Alcal\u00e1 dieron a conocer varios eventos ciclistas de talla internacional que se desarrollar\u00e1n a lo largo del a\u00f1o en la capital potosina entre ellos el Gran Fondo New York Championship North Am\u00e9rica y Ra\u00fal Alcal\u00e1 Challenge 2025. Fue el director de deporte municipal el encargado de dar detalles sobre los eventos ciclistas. Por su parte el representante del Gran Fondo de New York en M\u00e9xico, Shaun Grand dio detalles sobre tan destacado evento ciclista internacional que se realizar\u00e1 el 7 de diciembre. Por su parte el [&hellip;]","og_url":"https:\/\/canal7slp.tv\/2025\/grandes-eventos-ciclistas-se-realizaran-en-la-capital-potosina\/","og_site_name":"Canal 7 SLP - 2025","article_publisher":"https:\/\/www.facebook.com\/noticieroscanal7atencionciudadana\/","article_published_time":"2025-03-13T20:17:18+00:00","og_image":[{"width":1280,"height":720,"url":"https:\/\/canal7slp.tv\/2025\/wp-content\/uploads\/2025\/03\/Froi01Ciclismo.jpg","type":"image\/jpeg"}],"author":"Edici\u00f3n Web","twitter_card":"summary_large_image","twitter_creator":"@NOTICIEROS7","twitter_site":"@NOTICIEROS7","twitter_misc":{"Escrito por":"Edici\u00f3n Web","Tiempo de lectura":"1 minuto"},"schema":{"@context":"https:\/\/schema.org","@graph":[{"@type":"Article","@id":"https:\/\/canal7slp.tv\/2025\/grandes-eventos-ciclistas-se-realizaran-en-la-capital-potosina\/#article","isPartOf":{"@id":"https:\/\/canal7slp.tv\/2025\/grandes-eventos-ciclistas-se-realizaran-en-la-capital-potosina\/"},"author":{"name":"Edici\u00f3n Web","@id":"https:\/\/canal7slp.tv\/2025\/#\/schema\/person\/271e2b60a96e7cc9d9ac296f4d7e414b"},"headline":"Grandes eventos ciclistas se realizar\u00e1n en la Capital Potosina","datePublished":"2025-03-13T20:17:18+00:00","mainEntityOfPage":{"@id":"https:\/\/canal7slp.tv\/2025\/grandes-eventos-ciclistas-se-realizaran-en-la-capital-potosina\/"},"wordCount":155,"publisher":{"@id":"https:\/\/canal7slp.tv\/2025\/#organization"},"image":{"@id":"https:\/\/canal7slp.tv\/2025\/grandes-eventos-ciclistas-se-realizaran-en-la-capital-potosina\/#primaryimage"},"thumbnailUrl":"https:\/\/canal7slp.tv\/2025\/wp-content\/uploads\/2025\/03\/Froi01Ciclismo.jpg","articleSection":["AYOSLP","DEPORTES","DESTACADAS"],"inLanguage":"es"},{"@type":"WebPage","@id":"https:\/\/canal7slp.tv\/2025\/grandes-eventos-ciclistas-se-realizaran-en-la-capital-potosina\/","url":"https:\/\/canal7slp.tv\/2025\/grandes-eventos-ciclistas-se-realizaran-en-la-capital-potosina\/","name":"Grandes eventos ciclistas se realizar\u00e1n en la Capital Potosina - Canal 7 SLP - 2025","isPartOf":{"@id":"https:\/\/canal7slp.tv\/2025\/#website"},"primaryImageOfPage":{"@id":"https:\/\/canal7slp.tv\/2025\/grandes-eventos-ciclistas-se-realizaran-en-la-capital-potosina\/#primaryimage"},"image":{"@id":"https:\/\/canal7slp.tv\/2025\/grandes-eventos-ciclistas-se-realizaran-en-la-capital-potosina\/#primaryimage"},"thumbnailUrl":"https:\/\/canal7slp.tv\/2025\/wp-content\/uploads\/2025\/03\/Froi01Ciclismo.jpg","datePublished":"2025-03-13T20:17:18+00:00","breadcrumb":{"@id":"https:\/\/canal7slp.tv\/2025\/grandes-eventos-ciclistas-se-realizaran-en-la-capital-potosina\/#breadcrumb"},"inLanguage":"es","potentialAction":[{"@type":"ReadAction","target":["https:\/\/canal7slp.tv\/2025\/grandes-eventos-ciclistas-se-realizaran-en-la-capital-potosina\/"]}]},{"@type":"ImageObject","inLanguage":"es","@id":"https:\/\/canal7slp.tv\/2025\/grandes-eventos-ciclistas-se-realizaran-en-la-capital-potosina\/#primaryimage","url":"https:\/\/canal7slp.tv\/2025\/wp-content\/uploads\/2025\/03\/Froi01Ciclismo.jpg","contentUrl":"https:\/\/canal7slp.tv\/2025\/wp-content\/uploads\/2025\/03\/Froi01Ciclismo.jpg","width":1280,"height":720},{"@type":"BreadcrumbList","@id":"https:\/\/canal7slp.tv\/2025\/grandes-eventos-ciclistas-se-realizaran-en-la-capital-potosina\/#breadcrumb","itemListElement":[{"@type":"ListItem","position":1,"name":"Portada","item":"https:\/\/canal7slp.tv\/2025\/"},{"@type":"ListItem","position":2,"name":"Grandes eventos ciclistas se realizar\u00e1n en la Capital Potosina"}]},{"@type":"WebSite","@id":"https:\/\/canal7slp.tv\/2025\/#website","url":"https:\/\/canal7slp.tv\/2025\/","name":"N7 - Noticieros Canal 7","description":"Somos el Medio","publisher":{"@id":"https:\/\/canal7slp.tv\/2025\/#organization"},"potentialAction":[{"@type":"SearchAction","target":{"@type":"EntryPoint","urlTemplate":"https:\/\/canal7slp.tv\/2025\/?s={search_term_string}"},"query-input":{"@type":"PropertyValueSpecification","valueRequired":true,"valueName":"search_term_string"}}],"inLanguage":"es"},{"@type":"Organization","@id":"https:\/\/canal7slp.tv\/2025\/#organization","name":"Noticieros Canal 7","url":"https:\/\/canal7slp.tv\/2025\/","logo":{"@type":"ImageObject","inLanguage":"es","@id":"https:\/\/canal7slp.tv\/2025\/#\/schema\/logo\/image\/","url":"https:\/\/canal7slp.tv\/2025\/wp-content\/uploads\/2021\/01\/logo-noticieros@2x.png","contentUrl":"https:\/\/canal7slp.tv\/2025\/wp-content\/uploads\/2021\/01\/logo-noticieros@2x.png","width":1017,"height":268,"caption":"Noticieros Canal 7"},"image":{"@id":"https:\/\/canal7slp.tv\/2025\/#\/schema\/logo\/image\/"},"sameAs":["https:\/\/www.facebook.com\/noticieroscanal7atencionciudadana\/","https:\/\/x.com\/NOTICIEROS7","https:\/\/www.instagram.com\/canal7_slp","https:\/\/www.youtube.com\/channel\/UCliiYs-gP3JfJeqdPrNdd5A"]},{"@type":"Person","@id":"https:\/\/canal7slp.tv\/2025\/#\/schema\/person\/271e2b60a96e7cc9d9ac296f4d7e414b","name":"Edici\u00f3n Web","image":{"@type":"ImageObject","inLanguage":"es","@id":"https:\/\/secure.gravatar.com\/avatar\/eee448fc3f7164808013b816ba91ac7e43bbe82a70bebac296f8bc6f0addaa1a?s=96&d=mm&r=g","url":"https:\/\/secure.gravatar.com\/avatar\/eee448fc3f7164808013b816ba91ac7e43bbe82a70bebac296f8bc6f0addaa1a?s=96&d=mm&r=g","contentUrl":"https:\/\/secure.gravatar.com\/avatar\/eee448fc3f7164808013b816ba91ac7e43bbe82a70bebac296f8bc6f0addaa1a?s=96&d=mm&r=g","caption":"Edici\u00f3n Web"},"url":"https:\/\/canal7slp.tv\/2025\/author\/edicionweb\/"}]}},"_links":{"self":[{"href":"https:\/\/canal7slp.tv\/2025\/wp-json\/wp\/v2\/posts\/160771","targetHints":{"allow":["GET"]}}],"collection":[{"href":"https:\/\/canal7slp.tv\/2025\/wp-json\/wp\/v2\/posts"}],"about":[{"href":"https:\/\/canal7slp.tv\/2025\/wp-json\/wp\/v2\/types\/post"}],"author":[{"embeddable":true,"href":"https:\/\/canal7slp.tv\/2025\/wp-json\/wp\/v2\/users\/2"}],"replies":[{"embeddable":true,"href":"https:\/\/canal7slp.tv\/2025\/wp-json\/wp\/v2\/comments?post=160771"}],"version-history":[{"count":1,"href":"https:\/\/canal7slp.tv\/2025\/wp-json\/wp\/v2\/posts\/160771\/revisions"}],"predecessor-version":[{"id":160774,"href":"https:\/\/canal7slp.tv\/2025\/wp-json\/wp\/v2\/posts\/160771\/revisions\/160774"}],"wp:featuredmedia":[{"embeddable":true,"href":"https:\/\/canal7slp.tv\/2025\/wp-json\/wp\/v2\/media\/160778"}],"wp:attachment":[{"href":"https:\/\/canal7slp.tv\/2025\/wp-json\/wp\/v2\/media?parent=160771"}],"wp:term":[{"taxonomy":"category","embeddable":true,"href":"https:\/\/canal7slp.tv\/2025\/wp-json\/wp\/v2\/categories?post=160771"},{"taxonomy":"post_tag","embeddable":true,"href":"https:\/\/canal7slp.tv\/2025\/wp-json\/wp\/v2\/tags?post=160771"}],"curies":[{"name":"wp","href":"https:\/\/api.w.org\/{rel}","templated":true}]}}