{"id":160768,"date":"2025-03-13T14:04:17","date_gmt":"2025-03-13T20:04:17","guid":{"rendered":"https:\/\/canal7slp.tv\/2025\/?p=160768"},"modified":"2025-03-13T14:04:17","modified_gmt":"2025-03-13T20:04:17","slug":"oms-y-unicef-reportan-aumento-significativo-de-casos-de-sarampion-en-europa-y-asia-central-durante-2024","status":"publish","type":"post","link":"https:\/\/canal7slp.tv\/2025\/oms-y-unicef-reportan-aumento-significativo-de-casos-de-sarampion-en-europa-y-asia-central-durante-2024\/","title":{"rendered":"OMS y UNICEF reportan aumento significativo de casos de sarampi\u00f3n en Europa y Asia Central durante 2024"},"content":{"rendered":"<p style=\"text-align: justify;\">Ginebra.- En 2024, Europa y Asia Central registraron 127 mil 350 casos de sarampi\u00f3n, el nivel m\u00e1s alto desde 1997, seg\u00fan un an\u00e1lisis de la OMS y UNICEF.<\/p>\n<p style=\"text-align: justify;\">Rumania report\u00f3 m\u00e1s de 30 mil casos, seguida de Kazajist\u00e1n con 28 mil 147.<\/p>\n<p style=\"text-align: justify;\">Alrededor del 40% de las infecciones afectaron a ni\u00f1os menores de 5 a\u00f1os, y m\u00e1s de la mitad de los afectados requirieron hospitalizaci\u00f3n.<\/p>\n<p style=\"text-align: justify;\">La OMS destaca que dos dosis de la vacuna contra el sarampi\u00f3n son 97% efectivas para prevenir la enfermedad, que puede causar complicaciones graves como neumon\u00eda y encefalitis.<\/p>\n<p style=\"text-align: justify;\">El doctor Han Kluge, director de la OMS para Europa, advirti\u00f3 que el resurgimiento del sarampi\u00f3n subraya la necesidad de mantener altas tasas de vacunaci\u00f3n.<\/p>\n<p style=\"text-align: justify;\">En pa\u00edses como Bosnia y Herzegovina y Montenegro, menos del 70% y el 50% de los ni\u00f1os, respectivamente, han recibido la vacuna en los \u00faltimos cinco a\u00f1os.<\/p>\n<p style=\"text-align: justify;\">Tras una disminuci\u00f3n en la cobertura de inmunizaci\u00f3n durante la pandemia de COVID-19, los casos de sarampi\u00f3n han aumentado en 2023 y 2024, con tasas de vacunaci\u00f3n en muchos pa\u00edses a\u00fan por debajo de los niveles prepand\u00e9micos.<\/p>\n<p style=\"text-align: justify;\">Europa represent\u00f3 un tercio de las 359 mil 521 infecciones reportadas en 2023.<\/p>\n<p style=\"text-align: justify;\">Adem\u00e1s, las preocupaciones sobre la seguridad de la vacuna persisten desde un art\u00edculo desacreditado de 1998 que la vinculaba con el autismo, aunque no hay evidencia que respalde esta afirmaci\u00f3n.<\/p>\n<p style=\"text-align: justify;\">Recientemente, se han reportado m\u00e1s de 200 casos en el Reino Unido, con expectativas de que la cifra siga en aumento.<\/p>\n","protected":false},"excerpt":{"rendered":"<p>Ginebra.- En 2024, Europa y Asia Central registraron 127 mil 350 casos de sarampi\u00f3n, el nivel m\u00e1s alto desde 1997, seg\u00fan un an\u00e1lisis de la OMS y UNICEF. Rumania report\u00f3 m\u00e1s de 30 mil casos, seguida de Kazajist\u00e1n con 28 mil 147. Alrededor del 40% de las infecciones afectaron a ni\u00f1os menores de 5 a\u00f1os, y m\u00e1s de la mitad de los afectados requirieron hospitalizaci\u00f3n. La OMS destaca que dos dosis de la vacuna contra el sarampi\u00f3n son 97% efectivas para prevenir la enfermedad, que puede causar complicaciones graves como neumon\u00eda y encefalitis. El doctor Han Kluge, director de la [&hellip;]<\/p>\n","protected":false},"author":2,"featured_media":160769,"comment_status":"closed","ping_status":"closed","sticky":false,"template":"","format":"standard","meta":{"_monsterinsights_skip_tracking":false,"_monsterinsights_sitenote_active":false,"_monsterinsights_sitenote_note":"","_monsterinsights_sitenote_category":0,"footnotes":""},"categories":[44],"tags":[],"class_list":["post-160768","post","type-post","status-publish","format-standard","has-post-thumbnail","hentry","category-internacional","post--single"],"yoast_head":"<!-- This site is optimized with the Yoast SEO plugin v27.5 - https:\/\/yoast.com\/product\/yoast-seo-wordpress\/ -->\n<title>OMS y UNICEF reportan aumento significativo de casos de sarampi\u00f3n en Europa y Asia Central durante 2024 - Canal 7 SLP - 2025<\/title>\n<meta name=\"robots\" content=\"index, follow, max-snippet:-1, max-image-preview:large, max-video-preview:-1\" \/>\n<link rel=\"canonical\" href=\"https:\/\/canal7slp.tv\/2025\/oms-y-unicef-reportan-aumento-significativo-de-casos-de-sarampion-en-europa-y-asia-central-durante-2024\/\" \/>\n<meta property=\"og:locale\" content=\"es_ES\" \/>\n<meta property=\"og:type\" content=\"article\" \/>\n<meta property=\"og:title\" content=\"OMS y UNICEF reportan aumento significativo de casos de sarampi\u00f3n en Europa y Asia Central durante 2024 - Canal 7 SLP - 2025\" \/>\n<meta property=\"og:description\" content=\"Ginebra.- En 2024, Europa y Asia Central registraron 127 mil 350 casos de sarampi\u00f3n, el nivel m\u00e1s alto desde 1997, seg\u00fan un an\u00e1lisis de la OMS y UNICEF. Rumania report\u00f3 m\u00e1s de 30 mil casos, seguida de Kazajist\u00e1n con 28 mil 147. Alrededor del 40% de las infecciones afectaron a ni\u00f1os menores de 5 a\u00f1os, y m\u00e1s de la mitad de los afectados requirieron hospitalizaci\u00f3n. La OMS destaca que dos dosis de la vacuna contra el sarampi\u00f3n son 97% efectivas para prevenir la enfermedad, que puede causar complicaciones graves como neumon\u00eda y encefalitis. El doctor Han Kluge, director de la [&hellip;]\" \/>\n<meta property=\"og:url\" content=\"https:\/\/canal7slp.tv\/2025\/oms-y-unicef-reportan-aumento-significativo-de-casos-de-sarampion-en-europa-y-asia-central-durante-2024\/\" \/>\n<meta property=\"og:site_name\" content=\"Canal 7 SLP - 2025\" \/>\n<meta property=\"article:publisher\" content=\"https:\/\/www.facebook.com\/noticieroscanal7atencionciudadana\/\" \/>\n<meta property=\"article:published_time\" content=\"2025-03-13T20:04:17+00:00\" \/>\n<meta property=\"og:image\" content=\"https:\/\/canal7slp.tv\/2025\/wp-content\/uploads\/2025\/03\/03-11.jpg\" \/>\n\t<meta property=\"og:image:width\" content=\"613\" \/>\n\t<meta property=\"og:image:height\" content=\"410\" \/>\n\t<meta property=\"og:image:type\" content=\"image\/jpeg\" \/>\n<meta name=\"author\" content=\"Edici\u00f3n Web\" \/>\n<meta name=\"twitter:card\" content=\"summary_large_image\" \/>\n<meta name=\"twitter:creator\" content=\"@NOTICIEROS7\" \/>\n<meta name=\"twitter:site\" content=\"@NOTICIEROS7\" \/>\n<meta name=\"twitter:label1\" content=\"Escrito por\" \/>\n\t<meta name=\"twitter:data1\" content=\"Edici\u00f3n Web\" \/>\n\t<meta name=\"twitter:label2\" content=\"Tiempo de lectura\" \/>\n\t<meta name=\"twitter:data2\" content=\"2 minutos\" \/>\n<script type=\"application\/ld+json\" class=\"yoast-schema-graph\">{\"@context\":\"https:\\\/\\\/schema.org\",\"@graph\":[{\"@type\":\"Article\",\"@id\":\"https:\\\/\\\/canal7slp.tv\\\/2025\\\/oms-y-unicef-reportan-aumento-significativo-de-casos-de-sarampion-en-europa-y-asia-central-durante-2024\\\/#article\",\"isPartOf\":{\"@id\":\"https:\\\/\\\/canal7slp.tv\\\/2025\\\/oms-y-unicef-reportan-aumento-significativo-de-casos-de-sarampion-en-europa-y-asia-central-durante-2024\\\/\"},\"author\":{\"name\":\"Edici\u00f3n Web\",\"@id\":\"https:\\\/\\\/canal7slp.tv\\\/2025\\\/#\\\/schema\\\/person\\\/271e2b60a96e7cc9d9ac296f4d7e414b\"},\"headline\":\"OMS y UNICEF reportan aumento significativo de casos de sarampi\u00f3n en Europa y Asia Central durante 2024\",\"datePublished\":\"2025-03-13T20:04:17+00:00\",\"mainEntityOfPage\":{\"@id\":\"https:\\\/\\\/canal7slp.tv\\\/2025\\\/oms-y-unicef-reportan-aumento-significativo-de-casos-de-sarampion-en-europa-y-asia-central-durante-2024\\\/\"},\"wordCount\":273,\"publisher\":{\"@id\":\"https:\\\/\\\/canal7slp.tv\\\/2025\\\/#organization\"},\"image\":{\"@id\":\"https:\\\/\\\/canal7slp.tv\\\/2025\\\/oms-y-unicef-reportan-aumento-significativo-de-casos-de-sarampion-en-europa-y-asia-central-durante-2024\\\/#primaryimage\"},\"thumbnailUrl\":\"https:\\\/\\\/canal7slp.tv\\\/2025\\\/wp-content\\\/uploads\\\/2025\\\/03\\\/03-11.jpg\",\"articleSection\":[\"INTERNACIONALES\"],\"inLanguage\":\"es\"},{\"@type\":\"WebPage\",\"@id\":\"https:\\\/\\\/canal7slp.tv\\\/2025\\\/oms-y-unicef-reportan-aumento-significativo-de-casos-de-sarampion-en-europa-y-asia-central-durante-2024\\\/\",\"url\":\"https:\\\/\\\/canal7slp.tv\\\/2025\\\/oms-y-unicef-reportan-aumento-significativo-de-casos-de-sarampion-en-europa-y-asia-central-durante-2024\\\/\",\"name\":\"OMS y UNICEF reportan aumento significativo de casos de sarampi\u00f3n en Europa y Asia Central durante 2024 - Canal 7 SLP - 2025\",\"isPartOf\":{\"@id\":\"https:\\\/\\\/canal7slp.tv\\\/2025\\\/#website\"},\"primaryImageOfPage\":{\"@id\":\"https:\\\/\\\/canal7slp.tv\\\/2025\\\/oms-y-unicef-reportan-aumento-significativo-de-casos-de-sarampion-en-europa-y-asia-central-durante-2024\\\/#primaryimage\"},\"image\":{\"@id\":\"https:\\\/\\\/canal7slp.tv\\\/2025\\\/oms-y-unicef-reportan-aumento-significativo-de-casos-de-sarampion-en-europa-y-asia-central-durante-2024\\\/#primaryimage\"},\"thumbnailUrl\":\"https:\\\/\\\/canal7slp.tv\\\/2025\\\/wp-content\\\/uploads\\\/2025\\\/03\\\/03-11.jpg\",\"datePublished\":\"2025-03-13T20:04:17+00:00\",\"breadcrumb\":{\"@id\":\"https:\\\/\\\/canal7slp.tv\\\/2025\\\/oms-y-unicef-reportan-aumento-significativo-de-casos-de-sarampion-en-europa-y-asia-central-durante-2024\\\/#breadcrumb\"},\"inLanguage\":\"es\",\"potentialAction\":[{\"@type\":\"ReadAction\",\"target\":[\"https:\\\/\\\/canal7slp.tv\\\/2025\\\/oms-y-unicef-reportan-aumento-significativo-de-casos-de-sarampion-en-europa-y-asia-central-durante-2024\\\/\"]}]},{\"@type\":\"ImageObject\",\"inLanguage\":\"es\",\"@id\":\"https:\\\/\\\/canal7slp.tv\\\/2025\\\/oms-y-unicef-reportan-aumento-significativo-de-casos-de-sarampion-en-europa-y-asia-central-durante-2024\\\/#primaryimage\",\"url\":\"https:\\\/\\\/canal7slp.tv\\\/2025\\\/wp-content\\\/uploads\\\/2025\\\/03\\\/03-11.jpg\",\"contentUrl\":\"https:\\\/\\\/canal7slp.tv\\\/2025\\\/wp-content\\\/uploads\\\/2025\\\/03\\\/03-11.jpg\",\"width\":613,\"height\":410},{\"@type\":\"BreadcrumbList\",\"@id\":\"https:\\\/\\\/canal7slp.tv\\\/2025\\\/oms-y-unicef-reportan-aumento-significativo-de-casos-de-sarampion-en-europa-y-asia-central-durante-2024\\\/#breadcrumb\",\"itemListElement\":[{\"@type\":\"ListItem\",\"position\":1,\"name\":\"Portada\",\"item\":\"https:\\\/\\\/canal7slp.tv\\\/2025\\\/\"},{\"@type\":\"ListItem\",\"position\":2,\"name\":\"OMS y UNICEF reportan aumento significativo de casos de sarampi\u00f3n en Europa y Asia Central durante 2024\"}]},{\"@type\":\"WebSite\",\"@id\":\"https:\\\/\\\/canal7slp.tv\\\/2025\\\/#website\",\"url\":\"https:\\\/\\\/canal7slp.tv\\\/2025\\\/\",\"name\":\"N7 - Noticieros Canal 7\",\"description\":\"Somos el Medio\",\"publisher\":{\"@id\":\"https:\\\/\\\/canal7slp.tv\\\/2025\\\/#organization\"},\"potentialAction\":[{\"@type\":\"SearchAction\",\"target\":{\"@type\":\"EntryPoint\",\"urlTemplate\":\"https:\\\/\\\/canal7slp.tv\\\/2025\\\/?s={search_term_string}\"},\"query-input\":{\"@type\":\"PropertyValueSpecification\",\"valueRequired\":true,\"valueName\":\"search_term_string\"}}],\"inLanguage\":\"es\"},{\"@type\":\"Organization\",\"@id\":\"https:\\\/\\\/canal7slp.tv\\\/2025\\\/#organization\",\"name\":\"Noticieros Canal 7\",\"url\":\"https:\\\/\\\/canal7slp.tv\\\/2025\\\/\",\"logo\":{\"@type\":\"ImageObject\",\"inLanguage\":\"es\",\"@id\":\"https:\\\/\\\/canal7slp.tv\\\/2025\\\/#\\\/schema\\\/logo\\\/image\\\/\",\"url\":\"https:\\\/\\\/canal7slp.tv\\\/2025\\\/wp-content\\\/uploads\\\/2021\\\/01\\\/logo-noticieros@2x.png\",\"contentUrl\":\"https:\\\/\\\/canal7slp.tv\\\/2025\\\/wp-content\\\/uploads\\\/2021\\\/01\\\/logo-noticieros@2x.png\",\"width\":1017,\"height\":268,\"caption\":\"Noticieros Canal 7\"},\"image\":{\"@id\":\"https:\\\/\\\/canal7slp.tv\\\/2025\\\/#\\\/schema\\\/logo\\\/image\\\/\"},\"sameAs\":[\"https:\\\/\\\/www.facebook.com\\\/noticieroscanal7atencionciudadana\\\/\",\"https:\\\/\\\/x.com\\\/NOTICIEROS7\",\"https:\\\/\\\/www.instagram.com\\\/canal7_slp\",\"https:\\\/\\\/www.youtube.com\\\/channel\\\/UCliiYs-gP3JfJeqdPrNdd5A\"]},{\"@type\":\"Person\",\"@id\":\"https:\\\/\\\/canal7slp.tv\\\/2025\\\/#\\\/schema\\\/person\\\/271e2b60a96e7cc9d9ac296f4d7e414b\",\"name\":\"Edici\u00f3n Web\",\"image\":{\"@type\":\"ImageObject\",\"inLanguage\":\"es\",\"@id\":\"https:\\\/\\\/secure.gravatar.com\\\/avatar\\\/eee448fc3f7164808013b816ba91ac7e43bbe82a70bebac296f8bc6f0addaa1a?s=96&d=mm&r=g\",\"url\":\"https:\\\/\\\/secure.gravatar.com\\\/avatar\\\/eee448fc3f7164808013b816ba91ac7e43bbe82a70bebac296f8bc6f0addaa1a?s=96&d=mm&r=g\",\"contentUrl\":\"https:\\\/\\\/secure.gravatar.com\\\/avatar\\\/eee448fc3f7164808013b816ba91ac7e43bbe82a70bebac296f8bc6f0addaa1a?s=96&d=mm&r=g\",\"caption\":\"Edici\u00f3n Web\"},\"url\":\"https:\\\/\\\/canal7slp.tv\\\/2025\\\/author\\\/edicionweb\\\/\"}]}<\/script>\n<!-- \/ Yoast SEO plugin. -->","yoast_head_json":{"title":"OMS y UNICEF reportan aumento significativo de casos de sarampi\u00f3n en Europa y Asia Central durante 2024 - Canal 7 SLP - 2025","robots":{"index":"index","follow":"follow","max-snippet":"max-snippet:-1","max-image-preview":"max-image-preview:large","max-video-preview":"max-video-preview:-1"},"canonical":"https:\/\/canal7slp.tv\/2025\/oms-y-unicef-reportan-aumento-significativo-de-casos-de-sarampion-en-europa-y-asia-central-durante-2024\/","og_locale":"es_ES","og_type":"article","og_title":"OMS y UNICEF reportan aumento significativo de casos de sarampi\u00f3n en Europa y Asia Central durante 2024 - Canal 7 SLP - 2025","og_description":"Ginebra.- En 2024, Europa y Asia Central registraron 127 mil 350 casos de sarampi\u00f3n, el nivel m\u00e1s alto desde 1997, seg\u00fan un an\u00e1lisis de la OMS y UNICEF. Rumania report\u00f3 m\u00e1s de 30 mil casos, seguida de Kazajist\u00e1n con 28 mil 147. Alrededor del 40% de las infecciones afectaron a ni\u00f1os menores de 5 a\u00f1os, y m\u00e1s de la mitad de los afectados requirieron hospitalizaci\u00f3n. La OMS destaca que dos dosis de la vacuna contra el sarampi\u00f3n son 97% efectivas para prevenir la enfermedad, que puede causar complicaciones graves como neumon\u00eda y encefalitis. El doctor Han Kluge, director de la [&hellip;]","og_url":"https:\/\/canal7slp.tv\/2025\/oms-y-unicef-reportan-aumento-significativo-de-casos-de-sarampion-en-europa-y-asia-central-durante-2024\/","og_site_name":"Canal 7 SLP - 2025","article_publisher":"https:\/\/www.facebook.com\/noticieroscanal7atencionciudadana\/","article_published_time":"2025-03-13T20:04:17+00:00","og_image":[{"width":613,"height":410,"url":"https:\/\/canal7slp.tv\/2025\/wp-content\/uploads\/2025\/03\/03-11.jpg","type":"image\/jpeg"}],"author":"Edici\u00f3n Web","twitter_card":"summary_large_image","twitter_creator":"@NOTICIEROS7","twitter_site":"@NOTICIEROS7","twitter_misc":{"Escrito por":"Edici\u00f3n Web","Tiempo de lectura":"2 minutos"},"schema":{"@context":"https:\/\/schema.org","@graph":[{"@type":"Article","@id":"https:\/\/canal7slp.tv\/2025\/oms-y-unicef-reportan-aumento-significativo-de-casos-de-sarampion-en-europa-y-asia-central-durante-2024\/#article","isPartOf":{"@id":"https:\/\/canal7slp.tv\/2025\/oms-y-unicef-reportan-aumento-significativo-de-casos-de-sarampion-en-europa-y-asia-central-durante-2024\/"},"author":{"name":"Edici\u00f3n Web","@id":"https:\/\/canal7slp.tv\/2025\/#\/schema\/person\/271e2b60a96e7cc9d9ac296f4d7e414b"},"headline":"OMS y UNICEF reportan aumento significativo de casos de sarampi\u00f3n en Europa y Asia Central durante 2024","datePublished":"2025-03-13T20:04:17+00:00","mainEntityOfPage":{"@id":"https:\/\/canal7slp.tv\/2025\/oms-y-unicef-reportan-aumento-significativo-de-casos-de-sarampion-en-europa-y-asia-central-durante-2024\/"},"wordCount":273,"publisher":{"@id":"https:\/\/canal7slp.tv\/2025\/#organization"},"image":{"@id":"https:\/\/canal7slp.tv\/2025\/oms-y-unicef-reportan-aumento-significativo-de-casos-de-sarampion-en-europa-y-asia-central-durante-2024\/#primaryimage"},"thumbnailUrl":"https:\/\/canal7slp.tv\/2025\/wp-content\/uploads\/2025\/03\/03-11.jpg","articleSection":["INTERNACIONALES"],"inLanguage":"es"},{"@type":"WebPage","@id":"https:\/\/canal7slp.tv\/2025\/oms-y-unicef-reportan-aumento-significativo-de-casos-de-sarampion-en-europa-y-asia-central-durante-2024\/","url":"https:\/\/canal7slp.tv\/2025\/oms-y-unicef-reportan-aumento-significativo-de-casos-de-sarampion-en-europa-y-asia-central-durante-2024\/","name":"OMS y UNICEF reportan aumento significativo de casos de sarampi\u00f3n en Europa y Asia Central durante 2024 - Canal 7 SLP - 2025","isPartOf":{"@id":"https:\/\/canal7slp.tv\/2025\/#website"},"primaryImageOfPage":{"@id":"https:\/\/canal7slp.tv\/2025\/oms-y-unicef-reportan-aumento-significativo-de-casos-de-sarampion-en-europa-y-asia-central-durante-2024\/#primaryimage"},"image":{"@id":"https:\/\/canal7slp.tv\/2025\/oms-y-unicef-reportan-aumento-significativo-de-casos-de-sarampion-en-europa-y-asia-central-durante-2024\/#primaryimage"},"thumbnailUrl":"https:\/\/canal7slp.tv\/2025\/wp-content\/uploads\/2025\/03\/03-11.jpg","datePublished":"2025-03-13T20:04:17+00:00","breadcrumb":{"@id":"https:\/\/canal7slp.tv\/2025\/oms-y-unicef-reportan-aumento-significativo-de-casos-de-sarampion-en-europa-y-asia-central-durante-2024\/#breadcrumb"},"inLanguage":"es","potentialAction":[{"@type":"ReadAction","target":["https:\/\/canal7slp.tv\/2025\/oms-y-unicef-reportan-aumento-significativo-de-casos-de-sarampion-en-europa-y-asia-central-durante-2024\/"]}]},{"@type":"ImageObject","inLanguage":"es","@id":"https:\/\/canal7slp.tv\/2025\/oms-y-unicef-reportan-aumento-significativo-de-casos-de-sarampion-en-europa-y-asia-central-durante-2024\/#primaryimage","url":"https:\/\/canal7slp.tv\/2025\/wp-content\/uploads\/2025\/03\/03-11.jpg","contentUrl":"https:\/\/canal7slp.tv\/2025\/wp-content\/uploads\/2025\/03\/03-11.jpg","width":613,"height":410},{"@type":"BreadcrumbList","@id":"https:\/\/canal7slp.tv\/2025\/oms-y-unicef-reportan-aumento-significativo-de-casos-de-sarampion-en-europa-y-asia-central-durante-2024\/#breadcrumb","itemListElement":[{"@type":"ListItem","position":1,"name":"Portada","item":"https:\/\/canal7slp.tv\/2025\/"},{"@type":"ListItem","position":2,"name":"OMS y UNICEF reportan aumento significativo de casos de sarampi\u00f3n en Europa y Asia Central durante 2024"}]},{"@type":"WebSite","@id":"https:\/\/canal7slp.tv\/2025\/#website","url":"https:\/\/canal7slp.tv\/2025\/","name":"N7 - Noticieros Canal 7","description":"Somos el Medio","publisher":{"@id":"https:\/\/canal7slp.tv\/2025\/#organization"},"potentialAction":[{"@type":"SearchAction","target":{"@type":"EntryPoint","urlTemplate":"https:\/\/canal7slp.tv\/2025\/?s={search_term_string}"},"query-input":{"@type":"PropertyValueSpecification","valueRequired":true,"valueName":"search_term_string"}}],"inLanguage":"es"},{"@type":"Organization","@id":"https:\/\/canal7slp.tv\/2025\/#organization","name":"Noticieros Canal 7","url":"https:\/\/canal7slp.tv\/2025\/","logo":{"@type":"ImageObject","inLanguage":"es","@id":"https:\/\/canal7slp.tv\/2025\/#\/schema\/logo\/image\/","url":"https:\/\/canal7slp.tv\/2025\/wp-content\/uploads\/2021\/01\/logo-noticieros@2x.png","contentUrl":"https:\/\/canal7slp.tv\/2025\/wp-content\/uploads\/2021\/01\/logo-noticieros@2x.png","width":1017,"height":268,"caption":"Noticieros Canal 7"},"image":{"@id":"https:\/\/canal7slp.tv\/2025\/#\/schema\/logo\/image\/"},"sameAs":["https:\/\/www.facebook.com\/noticieroscanal7atencionciudadana\/","https:\/\/x.com\/NOTICIEROS7","https:\/\/www.instagram.com\/canal7_slp","https:\/\/www.youtube.com\/channel\/UCliiYs-gP3JfJeqdPrNdd5A"]},{"@type":"Person","@id":"https:\/\/canal7slp.tv\/2025\/#\/schema\/person\/271e2b60a96e7cc9d9ac296f4d7e414b","name":"Edici\u00f3n Web","image":{"@type":"ImageObject","inLanguage":"es","@id":"https:\/\/secure.gravatar.com\/avatar\/eee448fc3f7164808013b816ba91ac7e43bbe82a70bebac296f8bc6f0addaa1a?s=96&d=mm&r=g","url":"https:\/\/secure.gravatar.com\/avatar\/eee448fc3f7164808013b816ba91ac7e43bbe82a70bebac296f8bc6f0addaa1a?s=96&d=mm&r=g","contentUrl":"https:\/\/secure.gravatar.com\/avatar\/eee448fc3f7164808013b816ba91ac7e43bbe82a70bebac296f8bc6f0addaa1a?s=96&d=mm&r=g","caption":"Edici\u00f3n Web"},"url":"https:\/\/canal7slp.tv\/2025\/author\/edicionweb\/"}]}},"_links":{"self":[{"href":"https:\/\/canal7slp.tv\/2025\/wp-json\/wp\/v2\/posts\/160768","targetHints":{"allow":["GET"]}}],"collection":[{"href":"https:\/\/canal7slp.tv\/2025\/wp-json\/wp\/v2\/posts"}],"about":[{"href":"https:\/\/canal7slp.tv\/2025\/wp-json\/wp\/v2\/types\/post"}],"author":[{"embeddable":true,"href":"https:\/\/canal7slp.tv\/2025\/wp-json\/wp\/v2\/users\/2"}],"replies":[{"embeddable":true,"href":"https:\/\/canal7slp.tv\/2025\/wp-json\/wp\/v2\/comments?post=160768"}],"version-history":[{"count":1,"href":"https:\/\/canal7slp.tv\/2025\/wp-json\/wp\/v2\/posts\/160768\/revisions"}],"predecessor-version":[{"id":160770,"href":"https:\/\/canal7slp.tv\/2025\/wp-json\/wp\/v2\/posts\/160768\/revisions\/160770"}],"wp:featuredmedia":[{"embeddable":true,"href":"https:\/\/canal7slp.tv\/2025\/wp-json\/wp\/v2\/media\/160769"}],"wp:attachment":[{"href":"https:\/\/canal7slp.tv\/2025\/wp-json\/wp\/v2\/media?parent=160768"}],"wp:term":[{"taxonomy":"category","embeddable":true,"href":"https:\/\/canal7slp.tv\/2025\/wp-json\/wp\/v2\/categories?post=160768"},{"taxonomy":"post_tag","embeddable":true,"href":"https:\/\/canal7slp.tv\/2025\/wp-json\/wp\/v2\/tags?post=160768"}],"curies":[{"name":"wp","href":"https:\/\/api.w.org\/{rel}","templated":true}]}}