{"id":160764,"date":"2025-03-13T13:53:01","date_gmt":"2025-03-13T19:53:01","guid":{"rendered":"https:\/\/canal7slp.tv\/2025\/?p=160764"},"modified":"2025-03-13T13:53:44","modified_gmt":"2025-03-13T19:53:44","slug":"multinacional-de-electrodomesticos-anuncia-inversion-de-668-mdd-en-mexico","status":"publish","type":"post","link":"https:\/\/canal7slp.tv\/2025\/multinacional-de-electrodomesticos-anuncia-inversion-de-668-mdd-en-mexico\/","title":{"rendered":"Multinacional de electrodom\u00e9sticos anuncia inversi\u00f3n de 668 mdd en M\u00e9xico"},"content":{"rendered":"<p style=\"text-align: justify;\">M\u00e9xico.- La multinacional de electrodom\u00e9sticos Mabe anunci\u00f3 una inversi\u00f3n de 668 millones de d\u00f3lares en M\u00e9xico entre 2025 y 2027, destinada a fortalecer la manufactura, fomentar la innovaci\u00f3n y consolidar el suministro nacional.<\/p>\n<p style=\"text-align: justify;\">Con esta inversi\u00f3n, Mabe habr\u00e1 invertido un total de mil 145 millones de d\u00f3lares en el pa\u00eds desde 2023.<\/p>\n<p style=\"text-align: justify;\">Pablo Moreno Cadena, director general de Asuntos Corporativos de Mabe, destac\u00f3 que esta inversi\u00f3n mejorar\u00e1 las capacidades de innovaci\u00f3n, dise\u00f1o y producci\u00f3n, generando nuevas oportunidades y aumentando la productividad nacional.<\/p>\n<p style=\"text-align: justify;\">La empresa, que opera en M\u00e9xico desde hace 80 a\u00f1os, reafirm\u00f3 su compromiso con el pa\u00eds.<\/p>\n<p style=\"text-align: justify;\">El secretario de Econom\u00eda, Marcelo Ebrard, resalt\u00f3 que esta inversi\u00f3n forma parte del Plan M\u00e9xico, que supera los 220 mil millones de d\u00f3lares en proyectos.<\/p>\n<p style=\"text-align: justify;\">Ebrard mencion\u00f3 que se est\u00e1n simplificando tr\u00e1mites para facilitar la inversi\u00f3n, especialmente en el contexto econ\u00f3mico global actual.<\/p>\n","protected":false},"excerpt":{"rendered":"<p>M\u00e9xico.- La multinacional de electrodom\u00e9sticos Mabe anunci\u00f3 una inversi\u00f3n de 668 millones de d\u00f3lares en M\u00e9xico entre 2025 y 2027, destinada a fortalecer la manufactura, fomentar la innovaci\u00f3n y consolidar el suministro nacional. Con esta inversi\u00f3n, Mabe habr\u00e1 invertido un total de mil 145 millones de d\u00f3lares en el pa\u00eds desde 2023. Pablo Moreno Cadena, director general de Asuntos Corporativos de Mabe, destac\u00f3 que esta inversi\u00f3n mejorar\u00e1 las capacidades de innovaci\u00f3n, dise\u00f1o y producci\u00f3n, generando nuevas oportunidades y aumentando la productividad nacional. La empresa, que opera en M\u00e9xico desde hace 80 a\u00f1os, reafirm\u00f3 su compromiso con el pa\u00eds. El secretario [&hellip;]<\/p>\n","protected":false},"author":2,"featured_media":160765,"comment_status":"closed","ping_status":"closed","sticky":false,"template":"","format":"standard","meta":{"_monsterinsights_skip_tracking":false,"_monsterinsights_sitenote_active":false,"_monsterinsights_sitenote_note":"","_monsterinsights_sitenote_category":0,"footnotes":""},"categories":[40],"tags":[],"class_list":["post-160764","post","type-post","status-publish","format-standard","has-post-thumbnail","hentry","category-economia","post--single"],"yoast_head":"<!-- This site is optimized with the Yoast SEO plugin v27.5 - https:\/\/yoast.com\/product\/yoast-seo-wordpress\/ -->\n<title>Multinacional de electrodom\u00e9sticos anuncia inversi\u00f3n de 668 mdd en M\u00e9xico - Canal 7 SLP - 2025<\/title>\n<meta name=\"robots\" content=\"index, follow, max-snippet:-1, max-image-preview:large, max-video-preview:-1\" \/>\n<link rel=\"canonical\" href=\"https:\/\/canal7slp.tv\/2025\/multinacional-de-electrodomesticos-anuncia-inversion-de-668-mdd-en-mexico\/\" \/>\n<meta property=\"og:locale\" content=\"es_ES\" \/>\n<meta property=\"og:type\" content=\"article\" \/>\n<meta property=\"og:title\" content=\"Multinacional de electrodom\u00e9sticos anuncia inversi\u00f3n de 668 mdd en M\u00e9xico - Canal 7 SLP - 2025\" \/>\n<meta property=\"og:description\" content=\"M\u00e9xico.- La multinacional de electrodom\u00e9sticos Mabe anunci\u00f3 una inversi\u00f3n de 668 millones de d\u00f3lares en M\u00e9xico entre 2025 y 2027, destinada a fortalecer la manufactura, fomentar la innovaci\u00f3n y consolidar el suministro nacional. Con esta inversi\u00f3n, Mabe habr\u00e1 invertido un total de mil 145 millones de d\u00f3lares en el pa\u00eds desde 2023. Pablo Moreno Cadena, director general de Asuntos Corporativos de Mabe, destac\u00f3 que esta inversi\u00f3n mejorar\u00e1 las capacidades de innovaci\u00f3n, dise\u00f1o y producci\u00f3n, generando nuevas oportunidades y aumentando la productividad nacional. La empresa, que opera en M\u00e9xico desde hace 80 a\u00f1os, reafirm\u00f3 su compromiso con el pa\u00eds. El secretario [&hellip;]\" \/>\n<meta property=\"og:url\" content=\"https:\/\/canal7slp.tv\/2025\/multinacional-de-electrodomesticos-anuncia-inversion-de-668-mdd-en-mexico\/\" \/>\n<meta property=\"og:site_name\" content=\"Canal 7 SLP - 2025\" \/>\n<meta property=\"article:publisher\" content=\"https:\/\/www.facebook.com\/noticieroscanal7atencionciudadana\/\" \/>\n<meta property=\"article:published_time\" content=\"2025-03-13T19:53:01+00:00\" \/>\n<meta property=\"article:modified_time\" content=\"2025-03-13T19:53:44+00:00\" \/>\n<meta property=\"og:image\" content=\"https:\/\/canal7slp.tv\/2025\/wp-content\/uploads\/2025\/03\/02-12.jpg\" \/>\n\t<meta property=\"og:image:width\" content=\"750\" \/>\n\t<meta property=\"og:image:height\" content=\"500\" \/>\n\t<meta property=\"og:image:type\" content=\"image\/jpeg\" \/>\n<meta name=\"author\" content=\"Edici\u00f3n Web\" \/>\n<meta name=\"twitter:card\" content=\"summary_large_image\" \/>\n<meta name=\"twitter:creator\" content=\"@NOTICIEROS7\" \/>\n<meta name=\"twitter:site\" content=\"@NOTICIEROS7\" \/>\n<meta name=\"twitter:label1\" content=\"Escrito por\" \/>\n\t<meta name=\"twitter:data1\" content=\"Edici\u00f3n Web\" \/>\n\t<meta name=\"twitter:label2\" content=\"Tiempo de lectura\" \/>\n\t<meta name=\"twitter:data2\" content=\"1 minuto\" \/>\n<script type=\"application\/ld+json\" class=\"yoast-schema-graph\">{\"@context\":\"https:\\\/\\\/schema.org\",\"@graph\":[{\"@type\":\"Article\",\"@id\":\"https:\\\/\\\/canal7slp.tv\\\/2025\\\/multinacional-de-electrodomesticos-anuncia-inversion-de-668-mdd-en-mexico\\\/#article\",\"isPartOf\":{\"@id\":\"https:\\\/\\\/canal7slp.tv\\\/2025\\\/multinacional-de-electrodomesticos-anuncia-inversion-de-668-mdd-en-mexico\\\/\"},\"author\":{\"name\":\"Edici\u00f3n Web\",\"@id\":\"https:\\\/\\\/canal7slp.tv\\\/2025\\\/#\\\/schema\\\/person\\\/271e2b60a96e7cc9d9ac296f4d7e414b\"},\"headline\":\"Multinacional de electrodom\u00e9sticos anuncia inversi\u00f3n de 668 mdd en M\u00e9xico\",\"datePublished\":\"2025-03-13T19:53:01+00:00\",\"dateModified\":\"2025-03-13T19:53:44+00:00\",\"mainEntityOfPage\":{\"@id\":\"https:\\\/\\\/canal7slp.tv\\\/2025\\\/multinacional-de-electrodomesticos-anuncia-inversion-de-668-mdd-en-mexico\\\/\"},\"wordCount\":171,\"publisher\":{\"@id\":\"https:\\\/\\\/canal7slp.tv\\\/2025\\\/#organization\"},\"image\":{\"@id\":\"https:\\\/\\\/canal7slp.tv\\\/2025\\\/multinacional-de-electrodomesticos-anuncia-inversion-de-668-mdd-en-mexico\\\/#primaryimage\"},\"thumbnailUrl\":\"https:\\\/\\\/canal7slp.tv\\\/2025\\\/wp-content\\\/uploads\\\/2025\\\/03\\\/02-12.jpg\",\"articleSection\":[\"ECONOM\u00cdA\"],\"inLanguage\":\"es\"},{\"@type\":\"WebPage\",\"@id\":\"https:\\\/\\\/canal7slp.tv\\\/2025\\\/multinacional-de-electrodomesticos-anuncia-inversion-de-668-mdd-en-mexico\\\/\",\"url\":\"https:\\\/\\\/canal7slp.tv\\\/2025\\\/multinacional-de-electrodomesticos-anuncia-inversion-de-668-mdd-en-mexico\\\/\",\"name\":\"Multinacional de electrodom\u00e9sticos anuncia inversi\u00f3n de 668 mdd en M\u00e9xico - Canal 7 SLP - 2025\",\"isPartOf\":{\"@id\":\"https:\\\/\\\/canal7slp.tv\\\/2025\\\/#website\"},\"primaryImageOfPage\":{\"@id\":\"https:\\\/\\\/canal7slp.tv\\\/2025\\\/multinacional-de-electrodomesticos-anuncia-inversion-de-668-mdd-en-mexico\\\/#primaryimage\"},\"image\":{\"@id\":\"https:\\\/\\\/canal7slp.tv\\\/2025\\\/multinacional-de-electrodomesticos-anuncia-inversion-de-668-mdd-en-mexico\\\/#primaryimage\"},\"thumbnailUrl\":\"https:\\\/\\\/canal7slp.tv\\\/2025\\\/wp-content\\\/uploads\\\/2025\\\/03\\\/02-12.jpg\",\"datePublished\":\"2025-03-13T19:53:01+00:00\",\"dateModified\":\"2025-03-13T19:53:44+00:00\",\"breadcrumb\":{\"@id\":\"https:\\\/\\\/canal7slp.tv\\\/2025\\\/multinacional-de-electrodomesticos-anuncia-inversion-de-668-mdd-en-mexico\\\/#breadcrumb\"},\"inLanguage\":\"es\",\"potentialAction\":[{\"@type\":\"ReadAction\",\"target\":[\"https:\\\/\\\/canal7slp.tv\\\/2025\\\/multinacional-de-electrodomesticos-anuncia-inversion-de-668-mdd-en-mexico\\\/\"]}]},{\"@type\":\"ImageObject\",\"inLanguage\":\"es\",\"@id\":\"https:\\\/\\\/canal7slp.tv\\\/2025\\\/multinacional-de-electrodomesticos-anuncia-inversion-de-668-mdd-en-mexico\\\/#primaryimage\",\"url\":\"https:\\\/\\\/canal7slp.tv\\\/2025\\\/wp-content\\\/uploads\\\/2025\\\/03\\\/02-12.jpg\",\"contentUrl\":\"https:\\\/\\\/canal7slp.tv\\\/2025\\\/wp-content\\\/uploads\\\/2025\\\/03\\\/02-12.jpg\",\"width\":750,\"height\":500},{\"@type\":\"BreadcrumbList\",\"@id\":\"https:\\\/\\\/canal7slp.tv\\\/2025\\\/multinacional-de-electrodomesticos-anuncia-inversion-de-668-mdd-en-mexico\\\/#breadcrumb\",\"itemListElement\":[{\"@type\":\"ListItem\",\"position\":1,\"name\":\"Portada\",\"item\":\"https:\\\/\\\/canal7slp.tv\\\/2025\\\/\"},{\"@type\":\"ListItem\",\"position\":2,\"name\":\"Multinacional de electrodom\u00e9sticos anuncia inversi\u00f3n de 668 mdd en M\u00e9xico\"}]},{\"@type\":\"WebSite\",\"@id\":\"https:\\\/\\\/canal7slp.tv\\\/2025\\\/#website\",\"url\":\"https:\\\/\\\/canal7slp.tv\\\/2025\\\/\",\"name\":\"N7 - Noticieros Canal 7\",\"description\":\"Somos el Medio\",\"publisher\":{\"@id\":\"https:\\\/\\\/canal7slp.tv\\\/2025\\\/#organization\"},\"potentialAction\":[{\"@type\":\"SearchAction\",\"target\":{\"@type\":\"EntryPoint\",\"urlTemplate\":\"https:\\\/\\\/canal7slp.tv\\\/2025\\\/?s={search_term_string}\"},\"query-input\":{\"@type\":\"PropertyValueSpecification\",\"valueRequired\":true,\"valueName\":\"search_term_string\"}}],\"inLanguage\":\"es\"},{\"@type\":\"Organization\",\"@id\":\"https:\\\/\\\/canal7slp.tv\\\/2025\\\/#organization\",\"name\":\"Noticieros Canal 7\",\"url\":\"https:\\\/\\\/canal7slp.tv\\\/2025\\\/\",\"logo\":{\"@type\":\"ImageObject\",\"inLanguage\":\"es\",\"@id\":\"https:\\\/\\\/canal7slp.tv\\\/2025\\\/#\\\/schema\\\/logo\\\/image\\\/\",\"url\":\"https:\\\/\\\/canal7slp.tv\\\/2025\\\/wp-content\\\/uploads\\\/2021\\\/01\\\/logo-noticieros@2x.png\",\"contentUrl\":\"https:\\\/\\\/canal7slp.tv\\\/2025\\\/wp-content\\\/uploads\\\/2021\\\/01\\\/logo-noticieros@2x.png\",\"width\":1017,\"height\":268,\"caption\":\"Noticieros Canal 7\"},\"image\":{\"@id\":\"https:\\\/\\\/canal7slp.tv\\\/2025\\\/#\\\/schema\\\/logo\\\/image\\\/\"},\"sameAs\":[\"https:\\\/\\\/www.facebook.com\\\/noticieroscanal7atencionciudadana\\\/\",\"https:\\\/\\\/x.com\\\/NOTICIEROS7\",\"https:\\\/\\\/www.instagram.com\\\/canal7_slp\",\"https:\\\/\\\/www.youtube.com\\\/channel\\\/UCliiYs-gP3JfJeqdPrNdd5A\"]},{\"@type\":\"Person\",\"@id\":\"https:\\\/\\\/canal7slp.tv\\\/2025\\\/#\\\/schema\\\/person\\\/271e2b60a96e7cc9d9ac296f4d7e414b\",\"name\":\"Edici\u00f3n Web\",\"image\":{\"@type\":\"ImageObject\",\"inLanguage\":\"es\",\"@id\":\"https:\\\/\\\/secure.gravatar.com\\\/avatar\\\/eee448fc3f7164808013b816ba91ac7e43bbe82a70bebac296f8bc6f0addaa1a?s=96&d=mm&r=g\",\"url\":\"https:\\\/\\\/secure.gravatar.com\\\/avatar\\\/eee448fc3f7164808013b816ba91ac7e43bbe82a70bebac296f8bc6f0addaa1a?s=96&d=mm&r=g\",\"contentUrl\":\"https:\\\/\\\/secure.gravatar.com\\\/avatar\\\/eee448fc3f7164808013b816ba91ac7e43bbe82a70bebac296f8bc6f0addaa1a?s=96&d=mm&r=g\",\"caption\":\"Edici\u00f3n Web\"},\"url\":\"https:\\\/\\\/canal7slp.tv\\\/2025\\\/author\\\/edicionweb\\\/\"}]}<\/script>\n<!-- \/ Yoast SEO plugin. -->","yoast_head_json":{"title":"Multinacional de electrodom\u00e9sticos anuncia inversi\u00f3n de 668 mdd en M\u00e9xico - Canal 7 SLP - 2025","robots":{"index":"index","follow":"follow","max-snippet":"max-snippet:-1","max-image-preview":"max-image-preview:large","max-video-preview":"max-video-preview:-1"},"canonical":"https:\/\/canal7slp.tv\/2025\/multinacional-de-electrodomesticos-anuncia-inversion-de-668-mdd-en-mexico\/","og_locale":"es_ES","og_type":"article","og_title":"Multinacional de electrodom\u00e9sticos anuncia inversi\u00f3n de 668 mdd en M\u00e9xico - Canal 7 SLP - 2025","og_description":"M\u00e9xico.- La multinacional de electrodom\u00e9sticos Mabe anunci\u00f3 una inversi\u00f3n de 668 millones de d\u00f3lares en M\u00e9xico entre 2025 y 2027, destinada a fortalecer la manufactura, fomentar la innovaci\u00f3n y consolidar el suministro nacional. Con esta inversi\u00f3n, Mabe habr\u00e1 invertido un total de mil 145 millones de d\u00f3lares en el pa\u00eds desde 2023. Pablo Moreno Cadena, director general de Asuntos Corporativos de Mabe, destac\u00f3 que esta inversi\u00f3n mejorar\u00e1 las capacidades de innovaci\u00f3n, dise\u00f1o y producci\u00f3n, generando nuevas oportunidades y aumentando la productividad nacional. La empresa, que opera en M\u00e9xico desde hace 80 a\u00f1os, reafirm\u00f3 su compromiso con el pa\u00eds. El secretario [&hellip;]","og_url":"https:\/\/canal7slp.tv\/2025\/multinacional-de-electrodomesticos-anuncia-inversion-de-668-mdd-en-mexico\/","og_site_name":"Canal 7 SLP - 2025","article_publisher":"https:\/\/www.facebook.com\/noticieroscanal7atencionciudadana\/","article_published_time":"2025-03-13T19:53:01+00:00","article_modified_time":"2025-03-13T19:53:44+00:00","og_image":[{"width":750,"height":500,"url":"https:\/\/canal7slp.tv\/2025\/wp-content\/uploads\/2025\/03\/02-12.jpg","type":"image\/jpeg"}],"author":"Edici\u00f3n Web","twitter_card":"summary_large_image","twitter_creator":"@NOTICIEROS7","twitter_site":"@NOTICIEROS7","twitter_misc":{"Escrito por":"Edici\u00f3n Web","Tiempo de lectura":"1 minuto"},"schema":{"@context":"https:\/\/schema.org","@graph":[{"@type":"Article","@id":"https:\/\/canal7slp.tv\/2025\/multinacional-de-electrodomesticos-anuncia-inversion-de-668-mdd-en-mexico\/#article","isPartOf":{"@id":"https:\/\/canal7slp.tv\/2025\/multinacional-de-electrodomesticos-anuncia-inversion-de-668-mdd-en-mexico\/"},"author":{"name":"Edici\u00f3n Web","@id":"https:\/\/canal7slp.tv\/2025\/#\/schema\/person\/271e2b60a96e7cc9d9ac296f4d7e414b"},"headline":"Multinacional de electrodom\u00e9sticos anuncia inversi\u00f3n de 668 mdd en M\u00e9xico","datePublished":"2025-03-13T19:53:01+00:00","dateModified":"2025-03-13T19:53:44+00:00","mainEntityOfPage":{"@id":"https:\/\/canal7slp.tv\/2025\/multinacional-de-electrodomesticos-anuncia-inversion-de-668-mdd-en-mexico\/"},"wordCount":171,"publisher":{"@id":"https:\/\/canal7slp.tv\/2025\/#organization"},"image":{"@id":"https:\/\/canal7slp.tv\/2025\/multinacional-de-electrodomesticos-anuncia-inversion-de-668-mdd-en-mexico\/#primaryimage"},"thumbnailUrl":"https:\/\/canal7slp.tv\/2025\/wp-content\/uploads\/2025\/03\/02-12.jpg","articleSection":["ECONOM\u00cdA"],"inLanguage":"es"},{"@type":"WebPage","@id":"https:\/\/canal7slp.tv\/2025\/multinacional-de-electrodomesticos-anuncia-inversion-de-668-mdd-en-mexico\/","url":"https:\/\/canal7slp.tv\/2025\/multinacional-de-electrodomesticos-anuncia-inversion-de-668-mdd-en-mexico\/","name":"Multinacional de electrodom\u00e9sticos anuncia inversi\u00f3n de 668 mdd en M\u00e9xico - Canal 7 SLP - 2025","isPartOf":{"@id":"https:\/\/canal7slp.tv\/2025\/#website"},"primaryImageOfPage":{"@id":"https:\/\/canal7slp.tv\/2025\/multinacional-de-electrodomesticos-anuncia-inversion-de-668-mdd-en-mexico\/#primaryimage"},"image":{"@id":"https:\/\/canal7slp.tv\/2025\/multinacional-de-electrodomesticos-anuncia-inversion-de-668-mdd-en-mexico\/#primaryimage"},"thumbnailUrl":"https:\/\/canal7slp.tv\/2025\/wp-content\/uploads\/2025\/03\/02-12.jpg","datePublished":"2025-03-13T19:53:01+00:00","dateModified":"2025-03-13T19:53:44+00:00","breadcrumb":{"@id":"https:\/\/canal7slp.tv\/2025\/multinacional-de-electrodomesticos-anuncia-inversion-de-668-mdd-en-mexico\/#breadcrumb"},"inLanguage":"es","potentialAction":[{"@type":"ReadAction","target":["https:\/\/canal7slp.tv\/2025\/multinacional-de-electrodomesticos-anuncia-inversion-de-668-mdd-en-mexico\/"]}]},{"@type":"ImageObject","inLanguage":"es","@id":"https:\/\/canal7slp.tv\/2025\/multinacional-de-electrodomesticos-anuncia-inversion-de-668-mdd-en-mexico\/#primaryimage","url":"https:\/\/canal7slp.tv\/2025\/wp-content\/uploads\/2025\/03\/02-12.jpg","contentUrl":"https:\/\/canal7slp.tv\/2025\/wp-content\/uploads\/2025\/03\/02-12.jpg","width":750,"height":500},{"@type":"BreadcrumbList","@id":"https:\/\/canal7slp.tv\/2025\/multinacional-de-electrodomesticos-anuncia-inversion-de-668-mdd-en-mexico\/#breadcrumb","itemListElement":[{"@type":"ListItem","position":1,"name":"Portada","item":"https:\/\/canal7slp.tv\/2025\/"},{"@type":"ListItem","position":2,"name":"Multinacional de electrodom\u00e9sticos anuncia inversi\u00f3n de 668 mdd en M\u00e9xico"}]},{"@type":"WebSite","@id":"https:\/\/canal7slp.tv\/2025\/#website","url":"https:\/\/canal7slp.tv\/2025\/","name":"N7 - Noticieros Canal 7","description":"Somos el Medio","publisher":{"@id":"https:\/\/canal7slp.tv\/2025\/#organization"},"potentialAction":[{"@type":"SearchAction","target":{"@type":"EntryPoint","urlTemplate":"https:\/\/canal7slp.tv\/2025\/?s={search_term_string}"},"query-input":{"@type":"PropertyValueSpecification","valueRequired":true,"valueName":"search_term_string"}}],"inLanguage":"es"},{"@type":"Organization","@id":"https:\/\/canal7slp.tv\/2025\/#organization","name":"Noticieros Canal 7","url":"https:\/\/canal7slp.tv\/2025\/","logo":{"@type":"ImageObject","inLanguage":"es","@id":"https:\/\/canal7slp.tv\/2025\/#\/schema\/logo\/image\/","url":"https:\/\/canal7slp.tv\/2025\/wp-content\/uploads\/2021\/01\/logo-noticieros@2x.png","contentUrl":"https:\/\/canal7slp.tv\/2025\/wp-content\/uploads\/2021\/01\/logo-noticieros@2x.png","width":1017,"height":268,"caption":"Noticieros Canal 7"},"image":{"@id":"https:\/\/canal7slp.tv\/2025\/#\/schema\/logo\/image\/"},"sameAs":["https:\/\/www.facebook.com\/noticieroscanal7atencionciudadana\/","https:\/\/x.com\/NOTICIEROS7","https:\/\/www.instagram.com\/canal7_slp","https:\/\/www.youtube.com\/channel\/UCliiYs-gP3JfJeqdPrNdd5A"]},{"@type":"Person","@id":"https:\/\/canal7slp.tv\/2025\/#\/schema\/person\/271e2b60a96e7cc9d9ac296f4d7e414b","name":"Edici\u00f3n Web","image":{"@type":"ImageObject","inLanguage":"es","@id":"https:\/\/secure.gravatar.com\/avatar\/eee448fc3f7164808013b816ba91ac7e43bbe82a70bebac296f8bc6f0addaa1a?s=96&d=mm&r=g","url":"https:\/\/secure.gravatar.com\/avatar\/eee448fc3f7164808013b816ba91ac7e43bbe82a70bebac296f8bc6f0addaa1a?s=96&d=mm&r=g","contentUrl":"https:\/\/secure.gravatar.com\/avatar\/eee448fc3f7164808013b816ba91ac7e43bbe82a70bebac296f8bc6f0addaa1a?s=96&d=mm&r=g","caption":"Edici\u00f3n Web"},"url":"https:\/\/canal7slp.tv\/2025\/author\/edicionweb\/"}]}},"_links":{"self":[{"href":"https:\/\/canal7slp.tv\/2025\/wp-json\/wp\/v2\/posts\/160764","targetHints":{"allow":["GET"]}}],"collection":[{"href":"https:\/\/canal7slp.tv\/2025\/wp-json\/wp\/v2\/posts"}],"about":[{"href":"https:\/\/canal7slp.tv\/2025\/wp-json\/wp\/v2\/types\/post"}],"author":[{"embeddable":true,"href":"https:\/\/canal7slp.tv\/2025\/wp-json\/wp\/v2\/users\/2"}],"replies":[{"embeddable":true,"href":"https:\/\/canal7slp.tv\/2025\/wp-json\/wp\/v2\/comments?post=160764"}],"version-history":[{"count":1,"href":"https:\/\/canal7slp.tv\/2025\/wp-json\/wp\/v2\/posts\/160764\/revisions"}],"predecessor-version":[{"id":160766,"href":"https:\/\/canal7slp.tv\/2025\/wp-json\/wp\/v2\/posts\/160764\/revisions\/160766"}],"wp:featuredmedia":[{"embeddable":true,"href":"https:\/\/canal7slp.tv\/2025\/wp-json\/wp\/v2\/media\/160765"}],"wp:attachment":[{"href":"https:\/\/canal7slp.tv\/2025\/wp-json\/wp\/v2\/media?parent=160764"}],"wp:term":[{"taxonomy":"category","embeddable":true,"href":"https:\/\/canal7slp.tv\/2025\/wp-json\/wp\/v2\/categories?post=160764"},{"taxonomy":"post_tag","embeddable":true,"href":"https:\/\/canal7slp.tv\/2025\/wp-json\/wp\/v2\/tags?post=160764"}],"curies":[{"name":"wp","href":"https:\/\/api.w.org\/{rel}","templated":true}]}}