{"id":160668,"date":"2025-03-12T14:44:35","date_gmt":"2025-03-12T20:44:35","guid":{"rendered":"https:\/\/canal7slp.tv\/2025\/?p=160668"},"modified":"2025-03-12T14:44:35","modified_gmt":"2025-03-12T20:44:35","slug":"relatores-de-la-onu-acusan-a-israel-de-apartheid-y-exigen-sanciones","status":"publish","type":"post","link":"https:\/\/canal7slp.tv\/2025\/relatores-de-la-onu-acusan-a-israel-de-apartheid-y-exigen-sanciones\/","title":{"rendered":"Relatores de la ONU acusan a Israel de apartheid y exigen sanciones"},"content":{"rendered":"<p style=\"text-align: justify;\">Palestina.- Michael Fakhri, relator de la ONU para el derecho a la alimentaci\u00f3n, acus\u00f3 a Israel de implementar una pol\u00edtica de \u00abapartheid\u00bb contra la poblaci\u00f3n palestina y pidi\u00f3 sanciones internacionales por sus pr\u00e1cticas de segregaci\u00f3n racial. En una rueda de prensa, Fakhri afirm\u00f3 que Israel aplica leyes y pol\u00edticas que deshumanizan a los palestinos, calificando sus acciones en Gaza y Cisjordania como \u00abgenocidas\u00bb.<\/p>\n<p style=\"text-align: justify;\">Fakhri critic\u00f3 a l\u00edderes pol\u00edticos europeos por no cumplir con las \u00f3rdenes de arresto de la Corte Penal Internacional (CPI) contra el primer ministro Benjamin Netanyahu y otros funcionarios israel\u00edes, se\u00f1alando que esta selectividad refuerza la percepci\u00f3n de dobles raseros en la justicia.<\/p>\n<p style=\"text-align: justify;\">Ben Saul, relator de la ONU para la lucha antiterrorista, advirti\u00f3 que la falta de cumplimiento del derecho internacional env\u00eda un mensaje negativo sobre su aplicabilidad. Por su parte, Margaret Satterthwaite, relatora para la independencia judicial, critic\u00f3 las \u00f3rdenes de EUA contra los Estados que colaboren con la CPI y la inclusi\u00f3n del fiscal jefe, Karim Khan, en una \u00ablista negra\u00bb.<\/p>\n<p style=\"text-align: justify;\">Satterthwaite lament\u00f3 que estas acciones socaven el Estado de Derecho internacional y fortalezcan a criminales de guerra, negando justicia a las v\u00edctimas.<\/p>\n<p style=\"text-align: justify;\">\n","protected":false},"excerpt":{"rendered":"<p>Palestina.- Michael Fakhri, relator de la ONU para el derecho a la alimentaci\u00f3n, acus\u00f3 a Israel de implementar una pol\u00edtica de \u00abapartheid\u00bb contra la poblaci\u00f3n palestina y pidi\u00f3 sanciones internacionales por sus pr\u00e1cticas de segregaci\u00f3n racial. En una rueda de prensa, Fakhri afirm\u00f3 que Israel aplica leyes y pol\u00edticas que deshumanizan a los palestinos, calificando sus acciones en Gaza y Cisjordania como \u00abgenocidas\u00bb. Fakhri critic\u00f3 a l\u00edderes pol\u00edticos europeos por no cumplir con las \u00f3rdenes de arresto de la Corte Penal Internacional (CPI) contra el primer ministro Benjamin Netanyahu y otros funcionarios israel\u00edes, se\u00f1alando que esta selectividad refuerza la percepci\u00f3n [&hellip;]<\/p>\n","protected":false},"author":2,"featured_media":160670,"comment_status":"closed","ping_status":"closed","sticky":false,"template":"","format":"standard","meta":{"_monsterinsights_skip_tracking":false,"_monsterinsights_sitenote_active":false,"_monsterinsights_sitenote_note":"","_monsterinsights_sitenote_category":0,"footnotes":""},"categories":[44],"tags":[],"class_list":["post-160668","post","type-post","status-publish","format-standard","has-post-thumbnail","hentry","category-internacional","post--single"],"yoast_head":"<!-- This site is optimized with the Yoast SEO plugin v27.5 - https:\/\/yoast.com\/product\/yoast-seo-wordpress\/ -->\n<title>Relatores de la ONU acusan a Israel de apartheid y exigen sanciones - Canal 7 SLP - 2025<\/title>\n<meta name=\"robots\" content=\"index, follow, max-snippet:-1, max-image-preview:large, max-video-preview:-1\" \/>\n<link rel=\"canonical\" href=\"https:\/\/canal7slp.tv\/2025\/relatores-de-la-onu-acusan-a-israel-de-apartheid-y-exigen-sanciones\/\" \/>\n<meta property=\"og:locale\" content=\"es_ES\" \/>\n<meta property=\"og:type\" content=\"article\" \/>\n<meta property=\"og:title\" content=\"Relatores de la ONU acusan a Israel de apartheid y exigen sanciones - Canal 7 SLP - 2025\" \/>\n<meta property=\"og:description\" content=\"Palestina.- Michael Fakhri, relator de la ONU para el derecho a la alimentaci\u00f3n, acus\u00f3 a Israel de implementar una pol\u00edtica de \u00abapartheid\u00bb contra la poblaci\u00f3n palestina y pidi\u00f3 sanciones internacionales por sus pr\u00e1cticas de segregaci\u00f3n racial. En una rueda de prensa, Fakhri afirm\u00f3 que Israel aplica leyes y pol\u00edticas que deshumanizan a los palestinos, calificando sus acciones en Gaza y Cisjordania como \u00abgenocidas\u00bb. Fakhri critic\u00f3 a l\u00edderes pol\u00edticos europeos por no cumplir con las \u00f3rdenes de arresto de la Corte Penal Internacional (CPI) contra el primer ministro Benjamin Netanyahu y otros funcionarios israel\u00edes, se\u00f1alando que esta selectividad refuerza la percepci\u00f3n [&hellip;]\" \/>\n<meta property=\"og:url\" content=\"https:\/\/canal7slp.tv\/2025\/relatores-de-la-onu-acusan-a-israel-de-apartheid-y-exigen-sanciones\/\" \/>\n<meta property=\"og:site_name\" content=\"Canal 7 SLP - 2025\" \/>\n<meta property=\"article:publisher\" content=\"https:\/\/www.facebook.com\/noticieroscanal7atencionciudadana\/\" \/>\n<meta property=\"article:published_time\" content=\"2025-03-12T20:44:35+00:00\" \/>\n<meta property=\"og:image\" content=\"https:\/\/canal7slp.tv\/2025\/wp-content\/uploads\/2025\/03\/05-11.jpg\" \/>\n\t<meta property=\"og:image:width\" content=\"808\" \/>\n\t<meta property=\"og:image:height\" content=\"410\" \/>\n\t<meta property=\"og:image:type\" content=\"image\/jpeg\" \/>\n<meta name=\"author\" content=\"Edici\u00f3n Web\" \/>\n<meta name=\"twitter:card\" content=\"summary_large_image\" \/>\n<meta name=\"twitter:creator\" content=\"@NOTICIEROS7\" \/>\n<meta name=\"twitter:site\" content=\"@NOTICIEROS7\" \/>\n<meta name=\"twitter:label1\" content=\"Escrito por\" \/>\n\t<meta name=\"twitter:data1\" content=\"Edici\u00f3n Web\" \/>\n\t<meta name=\"twitter:label2\" content=\"Tiempo de lectura\" \/>\n\t<meta name=\"twitter:data2\" content=\"1 minuto\" \/>\n<script type=\"application\/ld+json\" class=\"yoast-schema-graph\">{\"@context\":\"https:\\\/\\\/schema.org\",\"@graph\":[{\"@type\":\"Article\",\"@id\":\"https:\\\/\\\/canal7slp.tv\\\/2025\\\/relatores-de-la-onu-acusan-a-israel-de-apartheid-y-exigen-sanciones\\\/#article\",\"isPartOf\":{\"@id\":\"https:\\\/\\\/canal7slp.tv\\\/2025\\\/relatores-de-la-onu-acusan-a-israel-de-apartheid-y-exigen-sanciones\\\/\"},\"author\":{\"name\":\"Edici\u00f3n Web\",\"@id\":\"https:\\\/\\\/canal7slp.tv\\\/2025\\\/#\\\/schema\\\/person\\\/271e2b60a96e7cc9d9ac296f4d7e414b\"},\"headline\":\"Relatores de la ONU acusan a Israel de apartheid y exigen sanciones\",\"datePublished\":\"2025-03-12T20:44:35+00:00\",\"mainEntityOfPage\":{\"@id\":\"https:\\\/\\\/canal7slp.tv\\\/2025\\\/relatores-de-la-onu-acusan-a-israel-de-apartheid-y-exigen-sanciones\\\/\"},\"wordCount\":216,\"publisher\":{\"@id\":\"https:\\\/\\\/canal7slp.tv\\\/2025\\\/#organization\"},\"image\":{\"@id\":\"https:\\\/\\\/canal7slp.tv\\\/2025\\\/relatores-de-la-onu-acusan-a-israel-de-apartheid-y-exigen-sanciones\\\/#primaryimage\"},\"thumbnailUrl\":\"https:\\\/\\\/canal7slp.tv\\\/2025\\\/wp-content\\\/uploads\\\/2025\\\/03\\\/05-11.jpg\",\"articleSection\":[\"INTERNACIONALES\"],\"inLanguage\":\"es\"},{\"@type\":\"WebPage\",\"@id\":\"https:\\\/\\\/canal7slp.tv\\\/2025\\\/relatores-de-la-onu-acusan-a-israel-de-apartheid-y-exigen-sanciones\\\/\",\"url\":\"https:\\\/\\\/canal7slp.tv\\\/2025\\\/relatores-de-la-onu-acusan-a-israel-de-apartheid-y-exigen-sanciones\\\/\",\"name\":\"Relatores de la ONU acusan a Israel de apartheid y exigen sanciones - Canal 7 SLP - 2025\",\"isPartOf\":{\"@id\":\"https:\\\/\\\/canal7slp.tv\\\/2025\\\/#website\"},\"primaryImageOfPage\":{\"@id\":\"https:\\\/\\\/canal7slp.tv\\\/2025\\\/relatores-de-la-onu-acusan-a-israel-de-apartheid-y-exigen-sanciones\\\/#primaryimage\"},\"image\":{\"@id\":\"https:\\\/\\\/canal7slp.tv\\\/2025\\\/relatores-de-la-onu-acusan-a-israel-de-apartheid-y-exigen-sanciones\\\/#primaryimage\"},\"thumbnailUrl\":\"https:\\\/\\\/canal7slp.tv\\\/2025\\\/wp-content\\\/uploads\\\/2025\\\/03\\\/05-11.jpg\",\"datePublished\":\"2025-03-12T20:44:35+00:00\",\"breadcrumb\":{\"@id\":\"https:\\\/\\\/canal7slp.tv\\\/2025\\\/relatores-de-la-onu-acusan-a-israel-de-apartheid-y-exigen-sanciones\\\/#breadcrumb\"},\"inLanguage\":\"es\",\"potentialAction\":[{\"@type\":\"ReadAction\",\"target\":[\"https:\\\/\\\/canal7slp.tv\\\/2025\\\/relatores-de-la-onu-acusan-a-israel-de-apartheid-y-exigen-sanciones\\\/\"]}]},{\"@type\":\"ImageObject\",\"inLanguage\":\"es\",\"@id\":\"https:\\\/\\\/canal7slp.tv\\\/2025\\\/relatores-de-la-onu-acusan-a-israel-de-apartheid-y-exigen-sanciones\\\/#primaryimage\",\"url\":\"https:\\\/\\\/canal7slp.tv\\\/2025\\\/wp-content\\\/uploads\\\/2025\\\/03\\\/05-11.jpg\",\"contentUrl\":\"https:\\\/\\\/canal7slp.tv\\\/2025\\\/wp-content\\\/uploads\\\/2025\\\/03\\\/05-11.jpg\",\"width\":808,\"height\":410},{\"@type\":\"BreadcrumbList\",\"@id\":\"https:\\\/\\\/canal7slp.tv\\\/2025\\\/relatores-de-la-onu-acusan-a-israel-de-apartheid-y-exigen-sanciones\\\/#breadcrumb\",\"itemListElement\":[{\"@type\":\"ListItem\",\"position\":1,\"name\":\"Portada\",\"item\":\"https:\\\/\\\/canal7slp.tv\\\/2025\\\/\"},{\"@type\":\"ListItem\",\"position\":2,\"name\":\"Relatores de la ONU acusan a Israel de apartheid y exigen sanciones\"}]},{\"@type\":\"WebSite\",\"@id\":\"https:\\\/\\\/canal7slp.tv\\\/2025\\\/#website\",\"url\":\"https:\\\/\\\/canal7slp.tv\\\/2025\\\/\",\"name\":\"N7 - Noticieros Canal 7\",\"description\":\"Somos el Medio\",\"publisher\":{\"@id\":\"https:\\\/\\\/canal7slp.tv\\\/2025\\\/#organization\"},\"potentialAction\":[{\"@type\":\"SearchAction\",\"target\":{\"@type\":\"EntryPoint\",\"urlTemplate\":\"https:\\\/\\\/canal7slp.tv\\\/2025\\\/?s={search_term_string}\"},\"query-input\":{\"@type\":\"PropertyValueSpecification\",\"valueRequired\":true,\"valueName\":\"search_term_string\"}}],\"inLanguage\":\"es\"},{\"@type\":\"Organization\",\"@id\":\"https:\\\/\\\/canal7slp.tv\\\/2025\\\/#organization\",\"name\":\"Noticieros Canal 7\",\"url\":\"https:\\\/\\\/canal7slp.tv\\\/2025\\\/\",\"logo\":{\"@type\":\"ImageObject\",\"inLanguage\":\"es\",\"@id\":\"https:\\\/\\\/canal7slp.tv\\\/2025\\\/#\\\/schema\\\/logo\\\/image\\\/\",\"url\":\"https:\\\/\\\/canal7slp.tv\\\/2025\\\/wp-content\\\/uploads\\\/2021\\\/01\\\/logo-noticieros@2x.png\",\"contentUrl\":\"https:\\\/\\\/canal7slp.tv\\\/2025\\\/wp-content\\\/uploads\\\/2021\\\/01\\\/logo-noticieros@2x.png\",\"width\":1017,\"height\":268,\"caption\":\"Noticieros Canal 7\"},\"image\":{\"@id\":\"https:\\\/\\\/canal7slp.tv\\\/2025\\\/#\\\/schema\\\/logo\\\/image\\\/\"},\"sameAs\":[\"https:\\\/\\\/www.facebook.com\\\/noticieroscanal7atencionciudadana\\\/\",\"https:\\\/\\\/x.com\\\/NOTICIEROS7\",\"https:\\\/\\\/www.instagram.com\\\/canal7_slp\",\"https:\\\/\\\/www.youtube.com\\\/channel\\\/UCliiYs-gP3JfJeqdPrNdd5A\"]},{\"@type\":\"Person\",\"@id\":\"https:\\\/\\\/canal7slp.tv\\\/2025\\\/#\\\/schema\\\/person\\\/271e2b60a96e7cc9d9ac296f4d7e414b\",\"name\":\"Edici\u00f3n Web\",\"image\":{\"@type\":\"ImageObject\",\"inLanguage\":\"es\",\"@id\":\"https:\\\/\\\/secure.gravatar.com\\\/avatar\\\/eee448fc3f7164808013b816ba91ac7e43bbe82a70bebac296f8bc6f0addaa1a?s=96&d=mm&r=g\",\"url\":\"https:\\\/\\\/secure.gravatar.com\\\/avatar\\\/eee448fc3f7164808013b816ba91ac7e43bbe82a70bebac296f8bc6f0addaa1a?s=96&d=mm&r=g\",\"contentUrl\":\"https:\\\/\\\/secure.gravatar.com\\\/avatar\\\/eee448fc3f7164808013b816ba91ac7e43bbe82a70bebac296f8bc6f0addaa1a?s=96&d=mm&r=g\",\"caption\":\"Edici\u00f3n Web\"},\"url\":\"https:\\\/\\\/canal7slp.tv\\\/2025\\\/author\\\/edicionweb\\\/\"}]}<\/script>\n<!-- \/ Yoast SEO plugin. -->","yoast_head_json":{"title":"Relatores de la ONU acusan a Israel de apartheid y exigen sanciones - Canal 7 SLP - 2025","robots":{"index":"index","follow":"follow","max-snippet":"max-snippet:-1","max-image-preview":"max-image-preview:large","max-video-preview":"max-video-preview:-1"},"canonical":"https:\/\/canal7slp.tv\/2025\/relatores-de-la-onu-acusan-a-israel-de-apartheid-y-exigen-sanciones\/","og_locale":"es_ES","og_type":"article","og_title":"Relatores de la ONU acusan a Israel de apartheid y exigen sanciones - Canal 7 SLP - 2025","og_description":"Palestina.- Michael Fakhri, relator de la ONU para el derecho a la alimentaci\u00f3n, acus\u00f3 a Israel de implementar una pol\u00edtica de \u00abapartheid\u00bb contra la poblaci\u00f3n palestina y pidi\u00f3 sanciones internacionales por sus pr\u00e1cticas de segregaci\u00f3n racial. En una rueda de prensa, Fakhri afirm\u00f3 que Israel aplica leyes y pol\u00edticas que deshumanizan a los palestinos, calificando sus acciones en Gaza y Cisjordania como \u00abgenocidas\u00bb. Fakhri critic\u00f3 a l\u00edderes pol\u00edticos europeos por no cumplir con las \u00f3rdenes de arresto de la Corte Penal Internacional (CPI) contra el primer ministro Benjamin Netanyahu y otros funcionarios israel\u00edes, se\u00f1alando que esta selectividad refuerza la percepci\u00f3n [&hellip;]","og_url":"https:\/\/canal7slp.tv\/2025\/relatores-de-la-onu-acusan-a-israel-de-apartheid-y-exigen-sanciones\/","og_site_name":"Canal 7 SLP - 2025","article_publisher":"https:\/\/www.facebook.com\/noticieroscanal7atencionciudadana\/","article_published_time":"2025-03-12T20:44:35+00:00","og_image":[{"width":808,"height":410,"url":"https:\/\/canal7slp.tv\/2025\/wp-content\/uploads\/2025\/03\/05-11.jpg","type":"image\/jpeg"}],"author":"Edici\u00f3n Web","twitter_card":"summary_large_image","twitter_creator":"@NOTICIEROS7","twitter_site":"@NOTICIEROS7","twitter_misc":{"Escrito por":"Edici\u00f3n Web","Tiempo de lectura":"1 minuto"},"schema":{"@context":"https:\/\/schema.org","@graph":[{"@type":"Article","@id":"https:\/\/canal7slp.tv\/2025\/relatores-de-la-onu-acusan-a-israel-de-apartheid-y-exigen-sanciones\/#article","isPartOf":{"@id":"https:\/\/canal7slp.tv\/2025\/relatores-de-la-onu-acusan-a-israel-de-apartheid-y-exigen-sanciones\/"},"author":{"name":"Edici\u00f3n Web","@id":"https:\/\/canal7slp.tv\/2025\/#\/schema\/person\/271e2b60a96e7cc9d9ac296f4d7e414b"},"headline":"Relatores de la ONU acusan a Israel de apartheid y exigen sanciones","datePublished":"2025-03-12T20:44:35+00:00","mainEntityOfPage":{"@id":"https:\/\/canal7slp.tv\/2025\/relatores-de-la-onu-acusan-a-israel-de-apartheid-y-exigen-sanciones\/"},"wordCount":216,"publisher":{"@id":"https:\/\/canal7slp.tv\/2025\/#organization"},"image":{"@id":"https:\/\/canal7slp.tv\/2025\/relatores-de-la-onu-acusan-a-israel-de-apartheid-y-exigen-sanciones\/#primaryimage"},"thumbnailUrl":"https:\/\/canal7slp.tv\/2025\/wp-content\/uploads\/2025\/03\/05-11.jpg","articleSection":["INTERNACIONALES"],"inLanguage":"es"},{"@type":"WebPage","@id":"https:\/\/canal7slp.tv\/2025\/relatores-de-la-onu-acusan-a-israel-de-apartheid-y-exigen-sanciones\/","url":"https:\/\/canal7slp.tv\/2025\/relatores-de-la-onu-acusan-a-israel-de-apartheid-y-exigen-sanciones\/","name":"Relatores de la ONU acusan a Israel de apartheid y exigen sanciones - Canal 7 SLP - 2025","isPartOf":{"@id":"https:\/\/canal7slp.tv\/2025\/#website"},"primaryImageOfPage":{"@id":"https:\/\/canal7slp.tv\/2025\/relatores-de-la-onu-acusan-a-israel-de-apartheid-y-exigen-sanciones\/#primaryimage"},"image":{"@id":"https:\/\/canal7slp.tv\/2025\/relatores-de-la-onu-acusan-a-israel-de-apartheid-y-exigen-sanciones\/#primaryimage"},"thumbnailUrl":"https:\/\/canal7slp.tv\/2025\/wp-content\/uploads\/2025\/03\/05-11.jpg","datePublished":"2025-03-12T20:44:35+00:00","breadcrumb":{"@id":"https:\/\/canal7slp.tv\/2025\/relatores-de-la-onu-acusan-a-israel-de-apartheid-y-exigen-sanciones\/#breadcrumb"},"inLanguage":"es","potentialAction":[{"@type":"ReadAction","target":["https:\/\/canal7slp.tv\/2025\/relatores-de-la-onu-acusan-a-israel-de-apartheid-y-exigen-sanciones\/"]}]},{"@type":"ImageObject","inLanguage":"es","@id":"https:\/\/canal7slp.tv\/2025\/relatores-de-la-onu-acusan-a-israel-de-apartheid-y-exigen-sanciones\/#primaryimage","url":"https:\/\/canal7slp.tv\/2025\/wp-content\/uploads\/2025\/03\/05-11.jpg","contentUrl":"https:\/\/canal7slp.tv\/2025\/wp-content\/uploads\/2025\/03\/05-11.jpg","width":808,"height":410},{"@type":"BreadcrumbList","@id":"https:\/\/canal7slp.tv\/2025\/relatores-de-la-onu-acusan-a-israel-de-apartheid-y-exigen-sanciones\/#breadcrumb","itemListElement":[{"@type":"ListItem","position":1,"name":"Portada","item":"https:\/\/canal7slp.tv\/2025\/"},{"@type":"ListItem","position":2,"name":"Relatores de la ONU acusan a Israel de apartheid y exigen sanciones"}]},{"@type":"WebSite","@id":"https:\/\/canal7slp.tv\/2025\/#website","url":"https:\/\/canal7slp.tv\/2025\/","name":"N7 - Noticieros Canal 7","description":"Somos el Medio","publisher":{"@id":"https:\/\/canal7slp.tv\/2025\/#organization"},"potentialAction":[{"@type":"SearchAction","target":{"@type":"EntryPoint","urlTemplate":"https:\/\/canal7slp.tv\/2025\/?s={search_term_string}"},"query-input":{"@type":"PropertyValueSpecification","valueRequired":true,"valueName":"search_term_string"}}],"inLanguage":"es"},{"@type":"Organization","@id":"https:\/\/canal7slp.tv\/2025\/#organization","name":"Noticieros Canal 7","url":"https:\/\/canal7slp.tv\/2025\/","logo":{"@type":"ImageObject","inLanguage":"es","@id":"https:\/\/canal7slp.tv\/2025\/#\/schema\/logo\/image\/","url":"https:\/\/canal7slp.tv\/2025\/wp-content\/uploads\/2021\/01\/logo-noticieros@2x.png","contentUrl":"https:\/\/canal7slp.tv\/2025\/wp-content\/uploads\/2021\/01\/logo-noticieros@2x.png","width":1017,"height":268,"caption":"Noticieros Canal 7"},"image":{"@id":"https:\/\/canal7slp.tv\/2025\/#\/schema\/logo\/image\/"},"sameAs":["https:\/\/www.facebook.com\/noticieroscanal7atencionciudadana\/","https:\/\/x.com\/NOTICIEROS7","https:\/\/www.instagram.com\/canal7_slp","https:\/\/www.youtube.com\/channel\/UCliiYs-gP3JfJeqdPrNdd5A"]},{"@type":"Person","@id":"https:\/\/canal7slp.tv\/2025\/#\/schema\/person\/271e2b60a96e7cc9d9ac296f4d7e414b","name":"Edici\u00f3n Web","image":{"@type":"ImageObject","inLanguage":"es","@id":"https:\/\/secure.gravatar.com\/avatar\/eee448fc3f7164808013b816ba91ac7e43bbe82a70bebac296f8bc6f0addaa1a?s=96&d=mm&r=g","url":"https:\/\/secure.gravatar.com\/avatar\/eee448fc3f7164808013b816ba91ac7e43bbe82a70bebac296f8bc6f0addaa1a?s=96&d=mm&r=g","contentUrl":"https:\/\/secure.gravatar.com\/avatar\/eee448fc3f7164808013b816ba91ac7e43bbe82a70bebac296f8bc6f0addaa1a?s=96&d=mm&r=g","caption":"Edici\u00f3n Web"},"url":"https:\/\/canal7slp.tv\/2025\/author\/edicionweb\/"}]}},"_links":{"self":[{"href":"https:\/\/canal7slp.tv\/2025\/wp-json\/wp\/v2\/posts\/160668","targetHints":{"allow":["GET"]}}],"collection":[{"href":"https:\/\/canal7slp.tv\/2025\/wp-json\/wp\/v2\/posts"}],"about":[{"href":"https:\/\/canal7slp.tv\/2025\/wp-json\/wp\/v2\/types\/post"}],"author":[{"embeddable":true,"href":"https:\/\/canal7slp.tv\/2025\/wp-json\/wp\/v2\/users\/2"}],"replies":[{"embeddable":true,"href":"https:\/\/canal7slp.tv\/2025\/wp-json\/wp\/v2\/comments?post=160668"}],"version-history":[{"count":1,"href":"https:\/\/canal7slp.tv\/2025\/wp-json\/wp\/v2\/posts\/160668\/revisions"}],"predecessor-version":[{"id":160669,"href":"https:\/\/canal7slp.tv\/2025\/wp-json\/wp\/v2\/posts\/160668\/revisions\/160669"}],"wp:featuredmedia":[{"embeddable":true,"href":"https:\/\/canal7slp.tv\/2025\/wp-json\/wp\/v2\/media\/160670"}],"wp:attachment":[{"href":"https:\/\/canal7slp.tv\/2025\/wp-json\/wp\/v2\/media?parent=160668"}],"wp:term":[{"taxonomy":"category","embeddable":true,"href":"https:\/\/canal7slp.tv\/2025\/wp-json\/wp\/v2\/categories?post=160668"},{"taxonomy":"post_tag","embeddable":true,"href":"https:\/\/canal7slp.tv\/2025\/wp-json\/wp\/v2\/tags?post=160668"}],"curies":[{"name":"wp","href":"https:\/\/api.w.org\/{rel}","templated":true}]}}