{"id":160662,"date":"2025-03-12T14:22:00","date_gmt":"2025-03-12T20:22:00","guid":{"rendered":"https:\/\/canal7slp.tv\/2025\/?p=160662"},"modified":"2025-03-12T14:22:00","modified_gmt":"2025-03-12T20:22:00","slug":"mexico-evaluara-respuesta-a-aranceles-de-eua-al-acero-y-aluminio-antes-del-2-de-abril","status":"publish","type":"post","link":"https:\/\/canal7slp.tv\/2025\/mexico-evaluara-respuesta-a-aranceles-de-eua-al-acero-y-aluminio-antes-del-2-de-abril\/","title":{"rendered":"M\u00e9xico evaluar\u00e1 respuesta a aranceles de EUA al acero y aluminio antes del 2 de abril"},"content":{"rendered":"<p style=\"text-align: justify;\">M\u00e9xico.- La presidenta Claudia Sheinbaum Pardo anunci\u00f3 el 12 de marzo que M\u00e9xico decidir\u00e1 sobre los aranceles del 25% impuestos por EUA al acero y aluminio hasta el 2 de abril.<\/p>\n<p style=\"text-align: justify;\">Durante este periodo, continuar\u00e1n las negociaciones bilaterales, ya que EUA ha anunciado un esquema de aranceles rec\u00edprocos.<\/p>\n<p style=\"text-align: justify;\">La mandataria conf\u00eda en que, dado el tratado comercial y la ausencia de aranceles mexicanos hacia EUA, no se implementen aranceles rec\u00edprocos.<\/p>\n<p style=\"text-align: justify;\">A partir del 2 de abril, M\u00e9xico evaluar\u00e1 si aplicar\u00e1 aranceles en respuesta.<\/p>\n<p style=\"text-align: justify;\">Los aranceles del 25% a las exportaciones de acero y aluminio a M\u00e9xico, Canad\u00e1 y otros pa\u00edses entraron en vigor el 12 de marzo, a pesar de las negociaciones previas entre Sheinbaum y el presidente Donald Trump.<\/p>\n<p style=\"text-align: justify;\">Originalmente impuestos el 4 de marzo, se acord\u00f3 aplazar su aplicaci\u00f3n hasta el 2 de abril tras una conversaci\u00f3n entre ambos l\u00edderes.<\/p>\n<p style=\"text-align: justify;\">Sheinbaum agradeci\u00f3 el \u00abdi\u00e1logo respetuoso\u00bb con EUA y elogi\u00f3 al Secretario de Econom\u00eda, Marcelo Ebrard, por sus esfuerzos en las negociaciones. Aunque no est\u00e1 segura de si se levantar\u00e1n los aranceles, enfatiz\u00f3 que esperar\u00e1n a ver si se toman otras acciones en el marco de la reciprocidad.<\/p>\n<p style=\"text-align: justify;\">M\u00e9xico mantiene contacto con productores nacionales de acero y aluminio, afectados por los aranceles junto con Brasil, Corea del Sur, Vietnam, Emiratos \u00c1rabes Unidos, Rusia y China. Como respuesta, la Uni\u00f3n Europea anunci\u00f3 contramedidas por 28 mil millones de euros, y Canad\u00e1 aplicar\u00e1 aranceles del 25% a importaciones estadounidenses por 20 mil 700 millones de d\u00f3lares.<\/p>\n","protected":false},"excerpt":{"rendered":"<p>M\u00e9xico.- La presidenta Claudia Sheinbaum Pardo anunci\u00f3 el 12 de marzo que M\u00e9xico decidir\u00e1 sobre los aranceles del 25% impuestos por EUA al acero y aluminio hasta el 2 de abril. Durante este periodo, continuar\u00e1n las negociaciones bilaterales, ya que EUA ha anunciado un esquema de aranceles rec\u00edprocos. La mandataria conf\u00eda en que, dado el tratado comercial y la ausencia de aranceles mexicanos hacia EUA, no se implementen aranceles rec\u00edprocos. A partir del 2 de abril, M\u00e9xico evaluar\u00e1 si aplicar\u00e1 aranceles en respuesta. Los aranceles del 25% a las exportaciones de acero y aluminio a M\u00e9xico, Canad\u00e1 y otros pa\u00edses [&hellip;]<\/p>\n","protected":false},"author":2,"featured_media":160663,"comment_status":"closed","ping_status":"closed","sticky":false,"template":"","format":"standard","meta":{"_monsterinsights_skip_tracking":false,"_monsterinsights_sitenote_active":false,"_monsterinsights_sitenote_note":"","_monsterinsights_sitenote_category":0,"footnotes":""},"categories":[40],"tags":[],"class_list":["post-160662","post","type-post","status-publish","format-standard","has-post-thumbnail","hentry","category-economia","post--single"],"yoast_head":"<!-- This site is optimized with the Yoast SEO plugin v27.5 - https:\/\/yoast.com\/product\/yoast-seo-wordpress\/ -->\n<title>M\u00e9xico evaluar\u00e1 respuesta a aranceles de EUA al acero y aluminio antes del 2 de abril - Canal 7 SLP - 2025<\/title>\n<meta name=\"robots\" content=\"index, follow, max-snippet:-1, max-image-preview:large, max-video-preview:-1\" \/>\n<link rel=\"canonical\" href=\"https:\/\/canal7slp.tv\/2025\/mexico-evaluara-respuesta-a-aranceles-de-eua-al-acero-y-aluminio-antes-del-2-de-abril\/\" \/>\n<meta property=\"og:locale\" content=\"es_ES\" \/>\n<meta property=\"og:type\" content=\"article\" \/>\n<meta property=\"og:title\" content=\"M\u00e9xico evaluar\u00e1 respuesta a aranceles de EUA al acero y aluminio antes del 2 de abril - Canal 7 SLP - 2025\" \/>\n<meta property=\"og:description\" content=\"M\u00e9xico.- La presidenta Claudia Sheinbaum Pardo anunci\u00f3 el 12 de marzo que M\u00e9xico decidir\u00e1 sobre los aranceles del 25% impuestos por EUA al acero y aluminio hasta el 2 de abril. Durante este periodo, continuar\u00e1n las negociaciones bilaterales, ya que EUA ha anunciado un esquema de aranceles rec\u00edprocos. La mandataria conf\u00eda en que, dado el tratado comercial y la ausencia de aranceles mexicanos hacia EUA, no se implementen aranceles rec\u00edprocos. A partir del 2 de abril, M\u00e9xico evaluar\u00e1 si aplicar\u00e1 aranceles en respuesta. Los aranceles del 25% a las exportaciones de acero y aluminio a M\u00e9xico, Canad\u00e1 y otros pa\u00edses [&hellip;]\" \/>\n<meta property=\"og:url\" content=\"https:\/\/canal7slp.tv\/2025\/mexico-evaluara-respuesta-a-aranceles-de-eua-al-acero-y-aluminio-antes-del-2-de-abril\/\" \/>\n<meta property=\"og:site_name\" content=\"Canal 7 SLP - 2025\" \/>\n<meta property=\"article:publisher\" content=\"https:\/\/www.facebook.com\/noticieroscanal7atencionciudadana\/\" \/>\n<meta property=\"article:published_time\" content=\"2025-03-12T20:22:00+00:00\" \/>\n<meta property=\"og:image\" content=\"https:\/\/canal7slp.tv\/2025\/wp-content\/uploads\/2025\/03\/03-10.jpg\" \/>\n\t<meta property=\"og:image:width\" content=\"888\" \/>\n\t<meta property=\"og:image:height\" content=\"500\" \/>\n\t<meta property=\"og:image:type\" content=\"image\/jpeg\" \/>\n<meta name=\"author\" content=\"Edici\u00f3n Web\" \/>\n<meta name=\"twitter:card\" content=\"summary_large_image\" \/>\n<meta name=\"twitter:creator\" content=\"@NOTICIEROS7\" \/>\n<meta name=\"twitter:site\" content=\"@NOTICIEROS7\" \/>\n<meta name=\"twitter:label1\" content=\"Escrito por\" \/>\n\t<meta name=\"twitter:data1\" content=\"Edici\u00f3n Web\" \/>\n\t<meta name=\"twitter:label2\" content=\"Tiempo de lectura\" \/>\n\t<meta name=\"twitter:data2\" content=\"2 minutos\" \/>\n<script type=\"application\/ld+json\" class=\"yoast-schema-graph\">{\"@context\":\"https:\\\/\\\/schema.org\",\"@graph\":[{\"@type\":\"Article\",\"@id\":\"https:\\\/\\\/canal7slp.tv\\\/2025\\\/mexico-evaluara-respuesta-a-aranceles-de-eua-al-acero-y-aluminio-antes-del-2-de-abril\\\/#article\",\"isPartOf\":{\"@id\":\"https:\\\/\\\/canal7slp.tv\\\/2025\\\/mexico-evaluara-respuesta-a-aranceles-de-eua-al-acero-y-aluminio-antes-del-2-de-abril\\\/\"},\"author\":{\"name\":\"Edici\u00f3n Web\",\"@id\":\"https:\\\/\\\/canal7slp.tv\\\/2025\\\/#\\\/schema\\\/person\\\/271e2b60a96e7cc9d9ac296f4d7e414b\"},\"headline\":\"M\u00e9xico evaluar\u00e1 respuesta a aranceles de EUA al acero y aluminio antes del 2 de abril\",\"datePublished\":\"2025-03-12T20:22:00+00:00\",\"mainEntityOfPage\":{\"@id\":\"https:\\\/\\\/canal7slp.tv\\\/2025\\\/mexico-evaluara-respuesta-a-aranceles-de-eua-al-acero-y-aluminio-antes-del-2-de-abril\\\/\"},\"wordCount\":269,\"publisher\":{\"@id\":\"https:\\\/\\\/canal7slp.tv\\\/2025\\\/#organization\"},\"image\":{\"@id\":\"https:\\\/\\\/canal7slp.tv\\\/2025\\\/mexico-evaluara-respuesta-a-aranceles-de-eua-al-acero-y-aluminio-antes-del-2-de-abril\\\/#primaryimage\"},\"thumbnailUrl\":\"https:\\\/\\\/canal7slp.tv\\\/2025\\\/wp-content\\\/uploads\\\/2025\\\/03\\\/03-10.jpg\",\"articleSection\":[\"ECONOM\u00cdA\"],\"inLanguage\":\"es\"},{\"@type\":\"WebPage\",\"@id\":\"https:\\\/\\\/canal7slp.tv\\\/2025\\\/mexico-evaluara-respuesta-a-aranceles-de-eua-al-acero-y-aluminio-antes-del-2-de-abril\\\/\",\"url\":\"https:\\\/\\\/canal7slp.tv\\\/2025\\\/mexico-evaluara-respuesta-a-aranceles-de-eua-al-acero-y-aluminio-antes-del-2-de-abril\\\/\",\"name\":\"M\u00e9xico evaluar\u00e1 respuesta a aranceles de EUA al acero y aluminio antes del 2 de abril - Canal 7 SLP - 2025\",\"isPartOf\":{\"@id\":\"https:\\\/\\\/canal7slp.tv\\\/2025\\\/#website\"},\"primaryImageOfPage\":{\"@id\":\"https:\\\/\\\/canal7slp.tv\\\/2025\\\/mexico-evaluara-respuesta-a-aranceles-de-eua-al-acero-y-aluminio-antes-del-2-de-abril\\\/#primaryimage\"},\"image\":{\"@id\":\"https:\\\/\\\/canal7slp.tv\\\/2025\\\/mexico-evaluara-respuesta-a-aranceles-de-eua-al-acero-y-aluminio-antes-del-2-de-abril\\\/#primaryimage\"},\"thumbnailUrl\":\"https:\\\/\\\/canal7slp.tv\\\/2025\\\/wp-content\\\/uploads\\\/2025\\\/03\\\/03-10.jpg\",\"datePublished\":\"2025-03-12T20:22:00+00:00\",\"breadcrumb\":{\"@id\":\"https:\\\/\\\/canal7slp.tv\\\/2025\\\/mexico-evaluara-respuesta-a-aranceles-de-eua-al-acero-y-aluminio-antes-del-2-de-abril\\\/#breadcrumb\"},\"inLanguage\":\"es\",\"potentialAction\":[{\"@type\":\"ReadAction\",\"target\":[\"https:\\\/\\\/canal7slp.tv\\\/2025\\\/mexico-evaluara-respuesta-a-aranceles-de-eua-al-acero-y-aluminio-antes-del-2-de-abril\\\/\"]}]},{\"@type\":\"ImageObject\",\"inLanguage\":\"es\",\"@id\":\"https:\\\/\\\/canal7slp.tv\\\/2025\\\/mexico-evaluara-respuesta-a-aranceles-de-eua-al-acero-y-aluminio-antes-del-2-de-abril\\\/#primaryimage\",\"url\":\"https:\\\/\\\/canal7slp.tv\\\/2025\\\/wp-content\\\/uploads\\\/2025\\\/03\\\/03-10.jpg\",\"contentUrl\":\"https:\\\/\\\/canal7slp.tv\\\/2025\\\/wp-content\\\/uploads\\\/2025\\\/03\\\/03-10.jpg\",\"width\":888,\"height\":500},{\"@type\":\"BreadcrumbList\",\"@id\":\"https:\\\/\\\/canal7slp.tv\\\/2025\\\/mexico-evaluara-respuesta-a-aranceles-de-eua-al-acero-y-aluminio-antes-del-2-de-abril\\\/#breadcrumb\",\"itemListElement\":[{\"@type\":\"ListItem\",\"position\":1,\"name\":\"Portada\",\"item\":\"https:\\\/\\\/canal7slp.tv\\\/2025\\\/\"},{\"@type\":\"ListItem\",\"position\":2,\"name\":\"M\u00e9xico evaluar\u00e1 respuesta a aranceles de EUA al acero y aluminio antes del 2 de abril\"}]},{\"@type\":\"WebSite\",\"@id\":\"https:\\\/\\\/canal7slp.tv\\\/2025\\\/#website\",\"url\":\"https:\\\/\\\/canal7slp.tv\\\/2025\\\/\",\"name\":\"N7 - Noticieros Canal 7\",\"description\":\"Somos el Medio\",\"publisher\":{\"@id\":\"https:\\\/\\\/canal7slp.tv\\\/2025\\\/#organization\"},\"potentialAction\":[{\"@type\":\"SearchAction\",\"target\":{\"@type\":\"EntryPoint\",\"urlTemplate\":\"https:\\\/\\\/canal7slp.tv\\\/2025\\\/?s={search_term_string}\"},\"query-input\":{\"@type\":\"PropertyValueSpecification\",\"valueRequired\":true,\"valueName\":\"search_term_string\"}}],\"inLanguage\":\"es\"},{\"@type\":\"Organization\",\"@id\":\"https:\\\/\\\/canal7slp.tv\\\/2025\\\/#organization\",\"name\":\"Noticieros Canal 7\",\"url\":\"https:\\\/\\\/canal7slp.tv\\\/2025\\\/\",\"logo\":{\"@type\":\"ImageObject\",\"inLanguage\":\"es\",\"@id\":\"https:\\\/\\\/canal7slp.tv\\\/2025\\\/#\\\/schema\\\/logo\\\/image\\\/\",\"url\":\"https:\\\/\\\/canal7slp.tv\\\/2025\\\/wp-content\\\/uploads\\\/2021\\\/01\\\/logo-noticieros@2x.png\",\"contentUrl\":\"https:\\\/\\\/canal7slp.tv\\\/2025\\\/wp-content\\\/uploads\\\/2021\\\/01\\\/logo-noticieros@2x.png\",\"width\":1017,\"height\":268,\"caption\":\"Noticieros Canal 7\"},\"image\":{\"@id\":\"https:\\\/\\\/canal7slp.tv\\\/2025\\\/#\\\/schema\\\/logo\\\/image\\\/\"},\"sameAs\":[\"https:\\\/\\\/www.facebook.com\\\/noticieroscanal7atencionciudadana\\\/\",\"https:\\\/\\\/x.com\\\/NOTICIEROS7\",\"https:\\\/\\\/www.instagram.com\\\/canal7_slp\",\"https:\\\/\\\/www.youtube.com\\\/channel\\\/UCliiYs-gP3JfJeqdPrNdd5A\"]},{\"@type\":\"Person\",\"@id\":\"https:\\\/\\\/canal7slp.tv\\\/2025\\\/#\\\/schema\\\/person\\\/271e2b60a96e7cc9d9ac296f4d7e414b\",\"name\":\"Edici\u00f3n Web\",\"image\":{\"@type\":\"ImageObject\",\"inLanguage\":\"es\",\"@id\":\"https:\\\/\\\/secure.gravatar.com\\\/avatar\\\/eee448fc3f7164808013b816ba91ac7e43bbe82a70bebac296f8bc6f0addaa1a?s=96&d=mm&r=g\",\"url\":\"https:\\\/\\\/secure.gravatar.com\\\/avatar\\\/eee448fc3f7164808013b816ba91ac7e43bbe82a70bebac296f8bc6f0addaa1a?s=96&d=mm&r=g\",\"contentUrl\":\"https:\\\/\\\/secure.gravatar.com\\\/avatar\\\/eee448fc3f7164808013b816ba91ac7e43bbe82a70bebac296f8bc6f0addaa1a?s=96&d=mm&r=g\",\"caption\":\"Edici\u00f3n Web\"},\"url\":\"https:\\\/\\\/canal7slp.tv\\\/2025\\\/author\\\/edicionweb\\\/\"}]}<\/script>\n<!-- \/ Yoast SEO plugin. -->","yoast_head_json":{"title":"M\u00e9xico evaluar\u00e1 respuesta a aranceles de EUA al acero y aluminio antes del 2 de abril - Canal 7 SLP - 2025","robots":{"index":"index","follow":"follow","max-snippet":"max-snippet:-1","max-image-preview":"max-image-preview:large","max-video-preview":"max-video-preview:-1"},"canonical":"https:\/\/canal7slp.tv\/2025\/mexico-evaluara-respuesta-a-aranceles-de-eua-al-acero-y-aluminio-antes-del-2-de-abril\/","og_locale":"es_ES","og_type":"article","og_title":"M\u00e9xico evaluar\u00e1 respuesta a aranceles de EUA al acero y aluminio antes del 2 de abril - Canal 7 SLP - 2025","og_description":"M\u00e9xico.- La presidenta Claudia Sheinbaum Pardo anunci\u00f3 el 12 de marzo que M\u00e9xico decidir\u00e1 sobre los aranceles del 25% impuestos por EUA al acero y aluminio hasta el 2 de abril. Durante este periodo, continuar\u00e1n las negociaciones bilaterales, ya que EUA ha anunciado un esquema de aranceles rec\u00edprocos. La mandataria conf\u00eda en que, dado el tratado comercial y la ausencia de aranceles mexicanos hacia EUA, no se implementen aranceles rec\u00edprocos. A partir del 2 de abril, M\u00e9xico evaluar\u00e1 si aplicar\u00e1 aranceles en respuesta. Los aranceles del 25% a las exportaciones de acero y aluminio a M\u00e9xico, Canad\u00e1 y otros pa\u00edses [&hellip;]","og_url":"https:\/\/canal7slp.tv\/2025\/mexico-evaluara-respuesta-a-aranceles-de-eua-al-acero-y-aluminio-antes-del-2-de-abril\/","og_site_name":"Canal 7 SLP - 2025","article_publisher":"https:\/\/www.facebook.com\/noticieroscanal7atencionciudadana\/","article_published_time":"2025-03-12T20:22:00+00:00","og_image":[{"width":888,"height":500,"url":"https:\/\/canal7slp.tv\/2025\/wp-content\/uploads\/2025\/03\/03-10.jpg","type":"image\/jpeg"}],"author":"Edici\u00f3n Web","twitter_card":"summary_large_image","twitter_creator":"@NOTICIEROS7","twitter_site":"@NOTICIEROS7","twitter_misc":{"Escrito por":"Edici\u00f3n Web","Tiempo de lectura":"2 minutos"},"schema":{"@context":"https:\/\/schema.org","@graph":[{"@type":"Article","@id":"https:\/\/canal7slp.tv\/2025\/mexico-evaluara-respuesta-a-aranceles-de-eua-al-acero-y-aluminio-antes-del-2-de-abril\/#article","isPartOf":{"@id":"https:\/\/canal7slp.tv\/2025\/mexico-evaluara-respuesta-a-aranceles-de-eua-al-acero-y-aluminio-antes-del-2-de-abril\/"},"author":{"name":"Edici\u00f3n Web","@id":"https:\/\/canal7slp.tv\/2025\/#\/schema\/person\/271e2b60a96e7cc9d9ac296f4d7e414b"},"headline":"M\u00e9xico evaluar\u00e1 respuesta a aranceles de EUA al acero y aluminio antes del 2 de abril","datePublished":"2025-03-12T20:22:00+00:00","mainEntityOfPage":{"@id":"https:\/\/canal7slp.tv\/2025\/mexico-evaluara-respuesta-a-aranceles-de-eua-al-acero-y-aluminio-antes-del-2-de-abril\/"},"wordCount":269,"publisher":{"@id":"https:\/\/canal7slp.tv\/2025\/#organization"},"image":{"@id":"https:\/\/canal7slp.tv\/2025\/mexico-evaluara-respuesta-a-aranceles-de-eua-al-acero-y-aluminio-antes-del-2-de-abril\/#primaryimage"},"thumbnailUrl":"https:\/\/canal7slp.tv\/2025\/wp-content\/uploads\/2025\/03\/03-10.jpg","articleSection":["ECONOM\u00cdA"],"inLanguage":"es"},{"@type":"WebPage","@id":"https:\/\/canal7slp.tv\/2025\/mexico-evaluara-respuesta-a-aranceles-de-eua-al-acero-y-aluminio-antes-del-2-de-abril\/","url":"https:\/\/canal7slp.tv\/2025\/mexico-evaluara-respuesta-a-aranceles-de-eua-al-acero-y-aluminio-antes-del-2-de-abril\/","name":"M\u00e9xico evaluar\u00e1 respuesta a aranceles de EUA al acero y aluminio antes del 2 de abril - Canal 7 SLP - 2025","isPartOf":{"@id":"https:\/\/canal7slp.tv\/2025\/#website"},"primaryImageOfPage":{"@id":"https:\/\/canal7slp.tv\/2025\/mexico-evaluara-respuesta-a-aranceles-de-eua-al-acero-y-aluminio-antes-del-2-de-abril\/#primaryimage"},"image":{"@id":"https:\/\/canal7slp.tv\/2025\/mexico-evaluara-respuesta-a-aranceles-de-eua-al-acero-y-aluminio-antes-del-2-de-abril\/#primaryimage"},"thumbnailUrl":"https:\/\/canal7slp.tv\/2025\/wp-content\/uploads\/2025\/03\/03-10.jpg","datePublished":"2025-03-12T20:22:00+00:00","breadcrumb":{"@id":"https:\/\/canal7slp.tv\/2025\/mexico-evaluara-respuesta-a-aranceles-de-eua-al-acero-y-aluminio-antes-del-2-de-abril\/#breadcrumb"},"inLanguage":"es","potentialAction":[{"@type":"ReadAction","target":["https:\/\/canal7slp.tv\/2025\/mexico-evaluara-respuesta-a-aranceles-de-eua-al-acero-y-aluminio-antes-del-2-de-abril\/"]}]},{"@type":"ImageObject","inLanguage":"es","@id":"https:\/\/canal7slp.tv\/2025\/mexico-evaluara-respuesta-a-aranceles-de-eua-al-acero-y-aluminio-antes-del-2-de-abril\/#primaryimage","url":"https:\/\/canal7slp.tv\/2025\/wp-content\/uploads\/2025\/03\/03-10.jpg","contentUrl":"https:\/\/canal7slp.tv\/2025\/wp-content\/uploads\/2025\/03\/03-10.jpg","width":888,"height":500},{"@type":"BreadcrumbList","@id":"https:\/\/canal7slp.tv\/2025\/mexico-evaluara-respuesta-a-aranceles-de-eua-al-acero-y-aluminio-antes-del-2-de-abril\/#breadcrumb","itemListElement":[{"@type":"ListItem","position":1,"name":"Portada","item":"https:\/\/canal7slp.tv\/2025\/"},{"@type":"ListItem","position":2,"name":"M\u00e9xico evaluar\u00e1 respuesta a aranceles de EUA al acero y aluminio antes del 2 de abril"}]},{"@type":"WebSite","@id":"https:\/\/canal7slp.tv\/2025\/#website","url":"https:\/\/canal7slp.tv\/2025\/","name":"N7 - Noticieros Canal 7","description":"Somos el Medio","publisher":{"@id":"https:\/\/canal7slp.tv\/2025\/#organization"},"potentialAction":[{"@type":"SearchAction","target":{"@type":"EntryPoint","urlTemplate":"https:\/\/canal7slp.tv\/2025\/?s={search_term_string}"},"query-input":{"@type":"PropertyValueSpecification","valueRequired":true,"valueName":"search_term_string"}}],"inLanguage":"es"},{"@type":"Organization","@id":"https:\/\/canal7slp.tv\/2025\/#organization","name":"Noticieros Canal 7","url":"https:\/\/canal7slp.tv\/2025\/","logo":{"@type":"ImageObject","inLanguage":"es","@id":"https:\/\/canal7slp.tv\/2025\/#\/schema\/logo\/image\/","url":"https:\/\/canal7slp.tv\/2025\/wp-content\/uploads\/2021\/01\/logo-noticieros@2x.png","contentUrl":"https:\/\/canal7slp.tv\/2025\/wp-content\/uploads\/2021\/01\/logo-noticieros@2x.png","width":1017,"height":268,"caption":"Noticieros Canal 7"},"image":{"@id":"https:\/\/canal7slp.tv\/2025\/#\/schema\/logo\/image\/"},"sameAs":["https:\/\/www.facebook.com\/noticieroscanal7atencionciudadana\/","https:\/\/x.com\/NOTICIEROS7","https:\/\/www.instagram.com\/canal7_slp","https:\/\/www.youtube.com\/channel\/UCliiYs-gP3JfJeqdPrNdd5A"]},{"@type":"Person","@id":"https:\/\/canal7slp.tv\/2025\/#\/schema\/person\/271e2b60a96e7cc9d9ac296f4d7e414b","name":"Edici\u00f3n Web","image":{"@type":"ImageObject","inLanguage":"es","@id":"https:\/\/secure.gravatar.com\/avatar\/eee448fc3f7164808013b816ba91ac7e43bbe82a70bebac296f8bc6f0addaa1a?s=96&d=mm&r=g","url":"https:\/\/secure.gravatar.com\/avatar\/eee448fc3f7164808013b816ba91ac7e43bbe82a70bebac296f8bc6f0addaa1a?s=96&d=mm&r=g","contentUrl":"https:\/\/secure.gravatar.com\/avatar\/eee448fc3f7164808013b816ba91ac7e43bbe82a70bebac296f8bc6f0addaa1a?s=96&d=mm&r=g","caption":"Edici\u00f3n Web"},"url":"https:\/\/canal7slp.tv\/2025\/author\/edicionweb\/"}]}},"_links":{"self":[{"href":"https:\/\/canal7slp.tv\/2025\/wp-json\/wp\/v2\/posts\/160662","targetHints":{"allow":["GET"]}}],"collection":[{"href":"https:\/\/canal7slp.tv\/2025\/wp-json\/wp\/v2\/posts"}],"about":[{"href":"https:\/\/canal7slp.tv\/2025\/wp-json\/wp\/v2\/types\/post"}],"author":[{"embeddable":true,"href":"https:\/\/canal7slp.tv\/2025\/wp-json\/wp\/v2\/users\/2"}],"replies":[{"embeddable":true,"href":"https:\/\/canal7slp.tv\/2025\/wp-json\/wp\/v2\/comments?post=160662"}],"version-history":[{"count":1,"href":"https:\/\/canal7slp.tv\/2025\/wp-json\/wp\/v2\/posts\/160662\/revisions"}],"predecessor-version":[{"id":160664,"href":"https:\/\/canal7slp.tv\/2025\/wp-json\/wp\/v2\/posts\/160662\/revisions\/160664"}],"wp:featuredmedia":[{"embeddable":true,"href":"https:\/\/canal7slp.tv\/2025\/wp-json\/wp\/v2\/media\/160663"}],"wp:attachment":[{"href":"https:\/\/canal7slp.tv\/2025\/wp-json\/wp\/v2\/media?parent=160662"}],"wp:term":[{"taxonomy":"category","embeddable":true,"href":"https:\/\/canal7slp.tv\/2025\/wp-json\/wp\/v2\/categories?post=160662"},{"taxonomy":"post_tag","embeddable":true,"href":"https:\/\/canal7slp.tv\/2025\/wp-json\/wp\/v2\/tags?post=160662"}],"curies":[{"name":"wp","href":"https:\/\/api.w.org\/{rel}","templated":true}]}}