{"id":160578,"date":"2025-03-11T15:45:27","date_gmt":"2025-03-11T21:45:27","guid":{"rendered":"https:\/\/canal7slp.tv\/2025\/?p=160578"},"modified":"2025-03-11T15:45:27","modified_gmt":"2025-03-11T21:45:27","slug":"iniciara-en-junio-la-construccion-de-la-presa-de-las-escobas-en-san-luis-potosi","status":"publish","type":"post","link":"https:\/\/canal7slp.tv\/2025\/iniciara-en-junio-la-construccion-de-la-presa-de-las-escobas-en-san-luis-potosi\/","title":{"rendered":"Iniciar\u00e1 en junio la construcci\u00f3n de la Presa de Las Escobas en San Luis Potos\u00ed"},"content":{"rendered":"<p style=\"text-align: justify;\"><span style=\"font-size: 1.21429rem;\">SLP.- Se anunci\u00f3 que el pr\u00f3ximo mes de junio dar\u00e1 inicio la construcci\u00f3n de la Presa de Las Escobas, un proyecto que busca garantizar el suministro de agua en la capital potosina.<\/span><\/p>\n<p style=\"text-align: justify;\">La obra se realizar\u00e1 en coordinaci\u00f3n con el Gobierno Federal que encabeza la presidenta de M\u00e9xico, Claudia Sheinbaum Pardo.<\/p>\n<p style=\"text-align: justify;\">\u00abYa tenemos lista la primera obra que vamos a arrancar con la presidenta, arrancar\u00e1 por ah\u00ed del primero de junio. Ser\u00e1 ahorita la Presa Las Escobas, que ya estamos liberando la parte ejidal, estamos platicando con los ejidatarios, est\u00e1n muy contentos de que van a poner una empresa ah\u00ed\u00bb, declar\u00f3 Ricardo Gallardo Cardona.<\/p>\n<p style=\"text-align: justify;\">En ese sentido, detall\u00f3 que la inversi\u00f3n ser\u00e1 compartida entre ambas instancias de gobierno.<\/p>\n<p style=\"text-align: justify;\">\u00abVamos a hacer una inversi\u00f3n, mi partida, ah\u00ed el 50% lo va a poner la federaci\u00f3n, el otro 50 lo va a poner el estado y vamos a poder conectar la presa a Las Escobas\u00bb, explic\u00f3.<\/p>\n<p style=\"text-align: justify;\">Adem\u00e1s de la construcci\u00f3n de la presa, el proyecto contempla la creaci\u00f3n de un nuevo ducto para optimizar el traslado de agua hacia la ciudad.<\/p>\n<p style=\"text-align: justify;\">Este sistema permitir\u00e1 abastecer la capital a partir de diversas fuentes, con el objetivo de evitar futuras crisis por fallas en la infraestructura existente.<\/p>\n<p style=\"text-align: justify;\">\u00abVamos a crear un ducto nuevo que se va a construir para trasladar el agua de El Peaje a los filtros, para que tengas esas dos conexiones de los filtros, las presas de Las Escobas y El Peaje, y con esto creamos un plan de agua a largo plazo para que la capital no le vuelva a faltar\u00bb, se\u00f1al\u00f3.<\/p>\n<p style=\"text-align: justify;\">Gallardo tambi\u00e9n destac\u00f3 que este plan permitir\u00e1 enfrentar eventuales problemas con la presa de El Realito, cuya operaci\u00f3n ha presentado fallas recurrentes.<\/p>\n<p style=\"text-align: justify;\">\u00abQue cualquier desatenci\u00f3n de El Realito, cualquier desperfecto, no le afecte y ni siquiera lo resienta&#8230; 6 millones de metros c\u00fabicos y se va a unir a los 11 millones de metros c\u00fabicos de El Peaje. Estamos hablando de 17 millones de metros c\u00fabicos m\u00e1s la capacidad de la Presa San Jos\u00e9\u00bb, puntualiz\u00f3.<\/p>\n<p>Por: Jos\u00e9 Luis V\u00e1zquez<\/p>\n","protected":false},"excerpt":{"rendered":"<p>SLP.- Se anunci\u00f3 que el pr\u00f3ximo mes de junio dar\u00e1 inicio la construcci\u00f3n de la Presa de Las Escobas, un proyecto que busca garantizar el suministro de agua en la capital potosina. La obra se realizar\u00e1 en coordinaci\u00f3n con el Gobierno Federal que encabeza la presidenta de M\u00e9xico, Claudia Sheinbaum Pardo. \u00abYa tenemos lista la primera obra que vamos a arrancar con la presidenta, arrancar\u00e1 por ah\u00ed del primero de junio. Ser\u00e1 ahorita la Presa Las Escobas, que ya estamos liberando la parte ejidal, estamos platicando con los ejidatarios, est\u00e1n muy contentos de que van a poner una empresa ah\u00ed\u00bb, [&hellip;]<\/p>\n","protected":false},"author":2,"featured_media":160580,"comment_status":"closed","ping_status":"closed","sticky":false,"template":"","format":"video","meta":{"_monsterinsights_skip_tracking":false,"_monsterinsights_sitenote_active":false,"_monsterinsights_sitenote_note":"","_monsterinsights_sitenote_category":0,"footnotes":""},"categories":[66,5,510,45],"tags":[],"class_list":["post-160578","post","type-post","status-publish","format-video","has-post-thumbnail","hentry","category-ayoslp","category-destacadas","category-gobedoslp","category-localesyregionales","post_format-post-format-video","post--single"],"yoast_head":"<!-- This site is optimized with the Yoast SEO plugin v27.5 - https:\/\/yoast.com\/product\/yoast-seo-wordpress\/ -->\n<title>Iniciar\u00e1 en junio la construcci\u00f3n de la Presa de Las Escobas en San Luis Potos\u00ed - Canal 7 SLP - 2025<\/title>\n<meta name=\"robots\" content=\"index, follow, max-snippet:-1, max-image-preview:large, max-video-preview:-1\" \/>\n<link rel=\"canonical\" href=\"https:\/\/canal7slp.tv\/2025\/iniciara-en-junio-la-construccion-de-la-presa-de-las-escobas-en-san-luis-potosi\/\" \/>\n<meta property=\"og:locale\" content=\"es_ES\" \/>\n<meta property=\"og:type\" content=\"article\" \/>\n<meta property=\"og:title\" content=\"Iniciar\u00e1 en junio la construcci\u00f3n de la Presa de Las Escobas en San Luis Potos\u00ed - Canal 7 SLP - 2025\" \/>\n<meta property=\"og:description\" content=\"SLP.- Se anunci\u00f3 que el pr\u00f3ximo mes de junio dar\u00e1 inicio la construcci\u00f3n de la Presa de Las Escobas, un proyecto que busca garantizar el suministro de agua en la capital potosina. La obra se realizar\u00e1 en coordinaci\u00f3n con el Gobierno Federal que encabeza la presidenta de M\u00e9xico, Claudia Sheinbaum Pardo. \u00abYa tenemos lista la primera obra que vamos a arrancar con la presidenta, arrancar\u00e1 por ah\u00ed del primero de junio. Ser\u00e1 ahorita la Presa Las Escobas, que ya estamos liberando la parte ejidal, estamos platicando con los ejidatarios, est\u00e1n muy contentos de que van a poner una empresa ah\u00ed\u00bb, [&hellip;]\" \/>\n<meta property=\"og:url\" content=\"https:\/\/canal7slp.tv\/2025\/iniciara-en-junio-la-construccion-de-la-presa-de-las-escobas-en-san-luis-potosi\/\" \/>\n<meta property=\"og:site_name\" content=\"Canal 7 SLP - 2025\" \/>\n<meta property=\"article:publisher\" content=\"https:\/\/www.facebook.com\/noticieroscanal7atencionciudadana\/\" \/>\n<meta property=\"article:published_time\" content=\"2025-03-11T21:45:27+00:00\" \/>\n<meta property=\"og:image\" content=\"https:\/\/canal7slp.tv\/2025\/wp-content\/uploads\/2025\/03\/Vazquez01LasEscobas.jpg\" \/>\n\t<meta property=\"og:image:width\" content=\"1280\" \/>\n\t<meta property=\"og:image:height\" content=\"720\" \/>\n\t<meta property=\"og:image:type\" content=\"image\/jpeg\" \/>\n<meta name=\"author\" content=\"Edici\u00f3n Web\" \/>\n<meta name=\"twitter:card\" content=\"summary_large_image\" \/>\n<meta name=\"twitter:creator\" content=\"@NOTICIEROS7\" \/>\n<meta name=\"twitter:site\" content=\"@NOTICIEROS7\" \/>\n<meta name=\"twitter:label1\" content=\"Escrito por\" \/>\n\t<meta name=\"twitter:data1\" content=\"Edici\u00f3n Web\" \/>\n\t<meta name=\"twitter:label2\" content=\"Tiempo de lectura\" \/>\n\t<meta name=\"twitter:data2\" content=\"2 minutos\" \/>\n<script type=\"application\/ld+json\" class=\"yoast-schema-graph\">{\"@context\":\"https:\\\/\\\/schema.org\",\"@graph\":[{\"@type\":\"Article\",\"@id\":\"https:\\\/\\\/canal7slp.tv\\\/2025\\\/iniciara-en-junio-la-construccion-de-la-presa-de-las-escobas-en-san-luis-potosi\\\/#article\",\"isPartOf\":{\"@id\":\"https:\\\/\\\/canal7slp.tv\\\/2025\\\/iniciara-en-junio-la-construccion-de-la-presa-de-las-escobas-en-san-luis-potosi\\\/\"},\"author\":{\"name\":\"Edici\u00f3n Web\",\"@id\":\"https:\\\/\\\/canal7slp.tv\\\/2025\\\/#\\\/schema\\\/person\\\/271e2b60a96e7cc9d9ac296f4d7e414b\"},\"headline\":\"Iniciar\u00e1 en junio la construcci\u00f3n de la Presa de Las Escobas en San Luis Potos\u00ed\",\"datePublished\":\"2025-03-11T21:45:27+00:00\",\"mainEntityOfPage\":{\"@id\":\"https:\\\/\\\/canal7slp.tv\\\/2025\\\/iniciara-en-junio-la-construccion-de-la-presa-de-las-escobas-en-san-luis-potosi\\\/\"},\"wordCount\":373,\"publisher\":{\"@id\":\"https:\\\/\\\/canal7slp.tv\\\/2025\\\/#organization\"},\"image\":{\"@id\":\"https:\\\/\\\/canal7slp.tv\\\/2025\\\/iniciara-en-junio-la-construccion-de-la-presa-de-las-escobas-en-san-luis-potosi\\\/#primaryimage\"},\"thumbnailUrl\":\"https:\\\/\\\/canal7slp.tv\\\/2025\\\/wp-content\\\/uploads\\\/2025\\\/03\\\/Vazquez01LasEscobas.jpg\",\"articleSection\":[\"AYOSLP\",\"DESTACADAS\",\"GOBEDOSLP\",\"LOCALES Y REGIONALES\"],\"inLanguage\":\"es\"},{\"@type\":\"WebPage\",\"@id\":\"https:\\\/\\\/canal7slp.tv\\\/2025\\\/iniciara-en-junio-la-construccion-de-la-presa-de-las-escobas-en-san-luis-potosi\\\/\",\"url\":\"https:\\\/\\\/canal7slp.tv\\\/2025\\\/iniciara-en-junio-la-construccion-de-la-presa-de-las-escobas-en-san-luis-potosi\\\/\",\"name\":\"Iniciar\u00e1 en junio la construcci\u00f3n de la Presa de Las Escobas en San Luis Potos\u00ed - Canal 7 SLP - 2025\",\"isPartOf\":{\"@id\":\"https:\\\/\\\/canal7slp.tv\\\/2025\\\/#website\"},\"primaryImageOfPage\":{\"@id\":\"https:\\\/\\\/canal7slp.tv\\\/2025\\\/iniciara-en-junio-la-construccion-de-la-presa-de-las-escobas-en-san-luis-potosi\\\/#primaryimage\"},\"image\":{\"@id\":\"https:\\\/\\\/canal7slp.tv\\\/2025\\\/iniciara-en-junio-la-construccion-de-la-presa-de-las-escobas-en-san-luis-potosi\\\/#primaryimage\"},\"thumbnailUrl\":\"https:\\\/\\\/canal7slp.tv\\\/2025\\\/wp-content\\\/uploads\\\/2025\\\/03\\\/Vazquez01LasEscobas.jpg\",\"datePublished\":\"2025-03-11T21:45:27+00:00\",\"breadcrumb\":{\"@id\":\"https:\\\/\\\/canal7slp.tv\\\/2025\\\/iniciara-en-junio-la-construccion-de-la-presa-de-las-escobas-en-san-luis-potosi\\\/#breadcrumb\"},\"inLanguage\":\"es\",\"potentialAction\":[{\"@type\":\"ReadAction\",\"target\":[\"https:\\\/\\\/canal7slp.tv\\\/2025\\\/iniciara-en-junio-la-construccion-de-la-presa-de-las-escobas-en-san-luis-potosi\\\/\"]}]},{\"@type\":\"ImageObject\",\"inLanguage\":\"es\",\"@id\":\"https:\\\/\\\/canal7slp.tv\\\/2025\\\/iniciara-en-junio-la-construccion-de-la-presa-de-las-escobas-en-san-luis-potosi\\\/#primaryimage\",\"url\":\"https:\\\/\\\/canal7slp.tv\\\/2025\\\/wp-content\\\/uploads\\\/2025\\\/03\\\/Vazquez01LasEscobas.jpg\",\"contentUrl\":\"https:\\\/\\\/canal7slp.tv\\\/2025\\\/wp-content\\\/uploads\\\/2025\\\/03\\\/Vazquez01LasEscobas.jpg\",\"width\":1280,\"height\":720},{\"@type\":\"BreadcrumbList\",\"@id\":\"https:\\\/\\\/canal7slp.tv\\\/2025\\\/iniciara-en-junio-la-construccion-de-la-presa-de-las-escobas-en-san-luis-potosi\\\/#breadcrumb\",\"itemListElement\":[{\"@type\":\"ListItem\",\"position\":1,\"name\":\"Portada\",\"item\":\"https:\\\/\\\/canal7slp.tv\\\/2025\\\/\"},{\"@type\":\"ListItem\",\"position\":2,\"name\":\"Iniciar\u00e1 en junio la construcci\u00f3n de la Presa de Las Escobas en San Luis Potos\u00ed\"}]},{\"@type\":\"WebSite\",\"@id\":\"https:\\\/\\\/canal7slp.tv\\\/2025\\\/#website\",\"url\":\"https:\\\/\\\/canal7slp.tv\\\/2025\\\/\",\"name\":\"N7 - Noticieros Canal 7\",\"description\":\"Somos el Medio\",\"publisher\":{\"@id\":\"https:\\\/\\\/canal7slp.tv\\\/2025\\\/#organization\"},\"potentialAction\":[{\"@type\":\"SearchAction\",\"target\":{\"@type\":\"EntryPoint\",\"urlTemplate\":\"https:\\\/\\\/canal7slp.tv\\\/2025\\\/?s={search_term_string}\"},\"query-input\":{\"@type\":\"PropertyValueSpecification\",\"valueRequired\":true,\"valueName\":\"search_term_string\"}}],\"inLanguage\":\"es\"},{\"@type\":\"Organization\",\"@id\":\"https:\\\/\\\/canal7slp.tv\\\/2025\\\/#organization\",\"name\":\"Noticieros Canal 7\",\"url\":\"https:\\\/\\\/canal7slp.tv\\\/2025\\\/\",\"logo\":{\"@type\":\"ImageObject\",\"inLanguage\":\"es\",\"@id\":\"https:\\\/\\\/canal7slp.tv\\\/2025\\\/#\\\/schema\\\/logo\\\/image\\\/\",\"url\":\"https:\\\/\\\/canal7slp.tv\\\/2025\\\/wp-content\\\/uploads\\\/2021\\\/01\\\/logo-noticieros@2x.png\",\"contentUrl\":\"https:\\\/\\\/canal7slp.tv\\\/2025\\\/wp-content\\\/uploads\\\/2021\\\/01\\\/logo-noticieros@2x.png\",\"width\":1017,\"height\":268,\"caption\":\"Noticieros Canal 7\"},\"image\":{\"@id\":\"https:\\\/\\\/canal7slp.tv\\\/2025\\\/#\\\/schema\\\/logo\\\/image\\\/\"},\"sameAs\":[\"https:\\\/\\\/www.facebook.com\\\/noticieroscanal7atencionciudadana\\\/\",\"https:\\\/\\\/x.com\\\/NOTICIEROS7\",\"https:\\\/\\\/www.instagram.com\\\/canal7_slp\",\"https:\\\/\\\/www.youtube.com\\\/channel\\\/UCliiYs-gP3JfJeqdPrNdd5A\"]},{\"@type\":\"Person\",\"@id\":\"https:\\\/\\\/canal7slp.tv\\\/2025\\\/#\\\/schema\\\/person\\\/271e2b60a96e7cc9d9ac296f4d7e414b\",\"name\":\"Edici\u00f3n Web\",\"image\":{\"@type\":\"ImageObject\",\"inLanguage\":\"es\",\"@id\":\"https:\\\/\\\/secure.gravatar.com\\\/avatar\\\/eee448fc3f7164808013b816ba91ac7e43bbe82a70bebac296f8bc6f0addaa1a?s=96&d=mm&r=g\",\"url\":\"https:\\\/\\\/secure.gravatar.com\\\/avatar\\\/eee448fc3f7164808013b816ba91ac7e43bbe82a70bebac296f8bc6f0addaa1a?s=96&d=mm&r=g\",\"contentUrl\":\"https:\\\/\\\/secure.gravatar.com\\\/avatar\\\/eee448fc3f7164808013b816ba91ac7e43bbe82a70bebac296f8bc6f0addaa1a?s=96&d=mm&r=g\",\"caption\":\"Edici\u00f3n Web\"},\"url\":\"https:\\\/\\\/canal7slp.tv\\\/2025\\\/author\\\/edicionweb\\\/\"}]}<\/script>\n<!-- \/ Yoast SEO plugin. -->","yoast_head_json":{"title":"Iniciar\u00e1 en junio la construcci\u00f3n de la Presa de Las Escobas en San Luis Potos\u00ed - Canal 7 SLP - 2025","robots":{"index":"index","follow":"follow","max-snippet":"max-snippet:-1","max-image-preview":"max-image-preview:large","max-video-preview":"max-video-preview:-1"},"canonical":"https:\/\/canal7slp.tv\/2025\/iniciara-en-junio-la-construccion-de-la-presa-de-las-escobas-en-san-luis-potosi\/","og_locale":"es_ES","og_type":"article","og_title":"Iniciar\u00e1 en junio la construcci\u00f3n de la Presa de Las Escobas en San Luis Potos\u00ed - Canal 7 SLP - 2025","og_description":"SLP.- Se anunci\u00f3 que el pr\u00f3ximo mes de junio dar\u00e1 inicio la construcci\u00f3n de la Presa de Las Escobas, un proyecto que busca garantizar el suministro de agua en la capital potosina. La obra se realizar\u00e1 en coordinaci\u00f3n con el Gobierno Federal que encabeza la presidenta de M\u00e9xico, Claudia Sheinbaum Pardo. \u00abYa tenemos lista la primera obra que vamos a arrancar con la presidenta, arrancar\u00e1 por ah\u00ed del primero de junio. Ser\u00e1 ahorita la Presa Las Escobas, que ya estamos liberando la parte ejidal, estamos platicando con los ejidatarios, est\u00e1n muy contentos de que van a poner una empresa ah\u00ed\u00bb, [&hellip;]","og_url":"https:\/\/canal7slp.tv\/2025\/iniciara-en-junio-la-construccion-de-la-presa-de-las-escobas-en-san-luis-potosi\/","og_site_name":"Canal 7 SLP - 2025","article_publisher":"https:\/\/www.facebook.com\/noticieroscanal7atencionciudadana\/","article_published_time":"2025-03-11T21:45:27+00:00","og_image":[{"width":1280,"height":720,"url":"https:\/\/canal7slp.tv\/2025\/wp-content\/uploads\/2025\/03\/Vazquez01LasEscobas.jpg","type":"image\/jpeg"}],"author":"Edici\u00f3n Web","twitter_card":"summary_large_image","twitter_creator":"@NOTICIEROS7","twitter_site":"@NOTICIEROS7","twitter_misc":{"Escrito por":"Edici\u00f3n Web","Tiempo de lectura":"2 minutos"},"schema":{"@context":"https:\/\/schema.org","@graph":[{"@type":"Article","@id":"https:\/\/canal7slp.tv\/2025\/iniciara-en-junio-la-construccion-de-la-presa-de-las-escobas-en-san-luis-potosi\/#article","isPartOf":{"@id":"https:\/\/canal7slp.tv\/2025\/iniciara-en-junio-la-construccion-de-la-presa-de-las-escobas-en-san-luis-potosi\/"},"author":{"name":"Edici\u00f3n Web","@id":"https:\/\/canal7slp.tv\/2025\/#\/schema\/person\/271e2b60a96e7cc9d9ac296f4d7e414b"},"headline":"Iniciar\u00e1 en junio la construcci\u00f3n de la Presa de Las Escobas en San Luis Potos\u00ed","datePublished":"2025-03-11T21:45:27+00:00","mainEntityOfPage":{"@id":"https:\/\/canal7slp.tv\/2025\/iniciara-en-junio-la-construccion-de-la-presa-de-las-escobas-en-san-luis-potosi\/"},"wordCount":373,"publisher":{"@id":"https:\/\/canal7slp.tv\/2025\/#organization"},"image":{"@id":"https:\/\/canal7slp.tv\/2025\/iniciara-en-junio-la-construccion-de-la-presa-de-las-escobas-en-san-luis-potosi\/#primaryimage"},"thumbnailUrl":"https:\/\/canal7slp.tv\/2025\/wp-content\/uploads\/2025\/03\/Vazquez01LasEscobas.jpg","articleSection":["AYOSLP","DESTACADAS","GOBEDOSLP","LOCALES Y REGIONALES"],"inLanguage":"es"},{"@type":"WebPage","@id":"https:\/\/canal7slp.tv\/2025\/iniciara-en-junio-la-construccion-de-la-presa-de-las-escobas-en-san-luis-potosi\/","url":"https:\/\/canal7slp.tv\/2025\/iniciara-en-junio-la-construccion-de-la-presa-de-las-escobas-en-san-luis-potosi\/","name":"Iniciar\u00e1 en junio la construcci\u00f3n de la Presa de Las Escobas en San Luis Potos\u00ed - Canal 7 SLP - 2025","isPartOf":{"@id":"https:\/\/canal7slp.tv\/2025\/#website"},"primaryImageOfPage":{"@id":"https:\/\/canal7slp.tv\/2025\/iniciara-en-junio-la-construccion-de-la-presa-de-las-escobas-en-san-luis-potosi\/#primaryimage"},"image":{"@id":"https:\/\/canal7slp.tv\/2025\/iniciara-en-junio-la-construccion-de-la-presa-de-las-escobas-en-san-luis-potosi\/#primaryimage"},"thumbnailUrl":"https:\/\/canal7slp.tv\/2025\/wp-content\/uploads\/2025\/03\/Vazquez01LasEscobas.jpg","datePublished":"2025-03-11T21:45:27+00:00","breadcrumb":{"@id":"https:\/\/canal7slp.tv\/2025\/iniciara-en-junio-la-construccion-de-la-presa-de-las-escobas-en-san-luis-potosi\/#breadcrumb"},"inLanguage":"es","potentialAction":[{"@type":"ReadAction","target":["https:\/\/canal7slp.tv\/2025\/iniciara-en-junio-la-construccion-de-la-presa-de-las-escobas-en-san-luis-potosi\/"]}]},{"@type":"ImageObject","inLanguage":"es","@id":"https:\/\/canal7slp.tv\/2025\/iniciara-en-junio-la-construccion-de-la-presa-de-las-escobas-en-san-luis-potosi\/#primaryimage","url":"https:\/\/canal7slp.tv\/2025\/wp-content\/uploads\/2025\/03\/Vazquez01LasEscobas.jpg","contentUrl":"https:\/\/canal7slp.tv\/2025\/wp-content\/uploads\/2025\/03\/Vazquez01LasEscobas.jpg","width":1280,"height":720},{"@type":"BreadcrumbList","@id":"https:\/\/canal7slp.tv\/2025\/iniciara-en-junio-la-construccion-de-la-presa-de-las-escobas-en-san-luis-potosi\/#breadcrumb","itemListElement":[{"@type":"ListItem","position":1,"name":"Portada","item":"https:\/\/canal7slp.tv\/2025\/"},{"@type":"ListItem","position":2,"name":"Iniciar\u00e1 en junio la construcci\u00f3n de la Presa de Las Escobas en San Luis Potos\u00ed"}]},{"@type":"WebSite","@id":"https:\/\/canal7slp.tv\/2025\/#website","url":"https:\/\/canal7slp.tv\/2025\/","name":"N7 - Noticieros Canal 7","description":"Somos el Medio","publisher":{"@id":"https:\/\/canal7slp.tv\/2025\/#organization"},"potentialAction":[{"@type":"SearchAction","target":{"@type":"EntryPoint","urlTemplate":"https:\/\/canal7slp.tv\/2025\/?s={search_term_string}"},"query-input":{"@type":"PropertyValueSpecification","valueRequired":true,"valueName":"search_term_string"}}],"inLanguage":"es"},{"@type":"Organization","@id":"https:\/\/canal7slp.tv\/2025\/#organization","name":"Noticieros Canal 7","url":"https:\/\/canal7slp.tv\/2025\/","logo":{"@type":"ImageObject","inLanguage":"es","@id":"https:\/\/canal7slp.tv\/2025\/#\/schema\/logo\/image\/","url":"https:\/\/canal7slp.tv\/2025\/wp-content\/uploads\/2021\/01\/logo-noticieros@2x.png","contentUrl":"https:\/\/canal7slp.tv\/2025\/wp-content\/uploads\/2021\/01\/logo-noticieros@2x.png","width":1017,"height":268,"caption":"Noticieros Canal 7"},"image":{"@id":"https:\/\/canal7slp.tv\/2025\/#\/schema\/logo\/image\/"},"sameAs":["https:\/\/www.facebook.com\/noticieroscanal7atencionciudadana\/","https:\/\/x.com\/NOTICIEROS7","https:\/\/www.instagram.com\/canal7_slp","https:\/\/www.youtube.com\/channel\/UCliiYs-gP3JfJeqdPrNdd5A"]},{"@type":"Person","@id":"https:\/\/canal7slp.tv\/2025\/#\/schema\/person\/271e2b60a96e7cc9d9ac296f4d7e414b","name":"Edici\u00f3n Web","image":{"@type":"ImageObject","inLanguage":"es","@id":"https:\/\/secure.gravatar.com\/avatar\/eee448fc3f7164808013b816ba91ac7e43bbe82a70bebac296f8bc6f0addaa1a?s=96&d=mm&r=g","url":"https:\/\/secure.gravatar.com\/avatar\/eee448fc3f7164808013b816ba91ac7e43bbe82a70bebac296f8bc6f0addaa1a?s=96&d=mm&r=g","contentUrl":"https:\/\/secure.gravatar.com\/avatar\/eee448fc3f7164808013b816ba91ac7e43bbe82a70bebac296f8bc6f0addaa1a?s=96&d=mm&r=g","caption":"Edici\u00f3n Web"},"url":"https:\/\/canal7slp.tv\/2025\/author\/edicionweb\/"}]}},"_links":{"self":[{"href":"https:\/\/canal7slp.tv\/2025\/wp-json\/wp\/v2\/posts\/160578","targetHints":{"allow":["GET"]}}],"collection":[{"href":"https:\/\/canal7slp.tv\/2025\/wp-json\/wp\/v2\/posts"}],"about":[{"href":"https:\/\/canal7slp.tv\/2025\/wp-json\/wp\/v2\/types\/post"}],"author":[{"embeddable":true,"href":"https:\/\/canal7slp.tv\/2025\/wp-json\/wp\/v2\/users\/2"}],"replies":[{"embeddable":true,"href":"https:\/\/canal7slp.tv\/2025\/wp-json\/wp\/v2\/comments?post=160578"}],"version-history":[{"count":1,"href":"https:\/\/canal7slp.tv\/2025\/wp-json\/wp\/v2\/posts\/160578\/revisions"}],"predecessor-version":[{"id":160581,"href":"https:\/\/canal7slp.tv\/2025\/wp-json\/wp\/v2\/posts\/160578\/revisions\/160581"}],"wp:featuredmedia":[{"embeddable":true,"href":"https:\/\/canal7slp.tv\/2025\/wp-json\/wp\/v2\/media\/160580"}],"wp:attachment":[{"href":"https:\/\/canal7slp.tv\/2025\/wp-json\/wp\/v2\/media?parent=160578"}],"wp:term":[{"taxonomy":"category","embeddable":true,"href":"https:\/\/canal7slp.tv\/2025\/wp-json\/wp\/v2\/categories?post=160578"},{"taxonomy":"post_tag","embeddable":true,"href":"https:\/\/canal7slp.tv\/2025\/wp-json\/wp\/v2\/tags?post=160578"}],"curies":[{"name":"wp","href":"https:\/\/api.w.org\/{rel}","templated":true}]}}