{"id":160571,"date":"2025-03-11T15:35:11","date_gmt":"2025-03-11T21:35:11","guid":{"rendered":"https:\/\/canal7slp.tv\/2025\/?p=160571"},"modified":"2025-03-11T15:35:11","modified_gmt":"2025-03-11T21:35:11","slug":"cierre-del-centro-de-detencion-para-migrantes-en-texas-tras-disminucion-de-arrestos","status":"publish","type":"post","link":"https:\/\/canal7slp.tv\/2025\/cierre-del-centro-de-detencion-para-migrantes-en-texas-tras-disminucion-de-arrestos\/","title":{"rendered":"Cierre del Centro de Detenci\u00f3n para Migrantes en Texas tras disminuci\u00f3n de arrestos"},"content":{"rendered":"<p style=\"text-align: justify;\">Donna.- El Centro de Detenci\u00f3n para Migrantes en Donna, Texas, cerrar\u00e1 tras procesar a 611 mil personas en situaci\u00f3n irregular en cuatro a\u00f1os, incluyendo 223 mil ni\u00f1os no acompa\u00f1ados y 360 mil familias con menores, seg\u00fan Gloria Ch\u00e1vez, jefa de la Patrulla Fronteriza.<\/p>\n<p style=\"text-align: justify;\">El centro fue creado como una soluci\u00f3n temporal ante el aumento de arrestos de migrantes, que superaron la capacidad de las estaciones en el Valle del R\u00edo Grande.<\/p>\n<p style=\"text-align: justify;\">Durante su operaci\u00f3n, m\u00e1s de 700 agentes gestionaron la afluencia de migrantes, muchos trasladados desde otras partes de EUA.<\/p>\n<p style=\"text-align: justify;\">El cierre se debe a una disminuci\u00f3n del 78% en los arrestos, atribuida a las pol\u00edticas de la administraci\u00f3n actual, que permiten redirigir recursos hacia la seguridad fronteriza.<\/p>\n<p style=\"text-align: justify;\">Ch\u00e1vez destac\u00f3 que estas pol\u00edticas facilitan la gesti\u00f3n en instalaciones permanentes, eliminando la necesidad de centros temporales como el de Donna.<\/p>\n","protected":false},"excerpt":{"rendered":"<p>Donna.- El Centro de Detenci\u00f3n para Migrantes en Donna, Texas, cerrar\u00e1 tras procesar a 611 mil personas en situaci\u00f3n irregular en cuatro a\u00f1os, incluyendo 223 mil ni\u00f1os no acompa\u00f1ados y 360 mil familias con menores, seg\u00fan Gloria Ch\u00e1vez, jefa de la Patrulla Fronteriza. El centro fue creado como una soluci\u00f3n temporal ante el aumento de arrestos de migrantes, que superaron la capacidad de las estaciones en el Valle del R\u00edo Grande. Durante su operaci\u00f3n, m\u00e1s de 700 agentes gestionaron la afluencia de migrantes, muchos trasladados desde otras partes de EUA. El cierre se debe a una disminuci\u00f3n del 78% en [&hellip;]<\/p>\n","protected":false},"author":2,"featured_media":160572,"comment_status":"closed","ping_status":"closed","sticky":false,"template":"","format":"standard","meta":{"_monsterinsights_skip_tracking":false,"_monsterinsights_sitenote_active":false,"_monsterinsights_sitenote_note":"","_monsterinsights_sitenote_category":0,"footnotes":""},"categories":[44],"tags":[],"class_list":["post-160571","post","type-post","status-publish","format-standard","has-post-thumbnail","hentry","category-internacional","post--single"],"yoast_head":"<!-- This site is optimized with the Yoast SEO plugin v27.5 - https:\/\/yoast.com\/product\/yoast-seo-wordpress\/ -->\n<title>Cierre del Centro de Detenci\u00f3n para Migrantes en Texas tras disminuci\u00f3n de arrestos - Canal 7 SLP - 2025<\/title>\n<meta name=\"robots\" content=\"index, follow, max-snippet:-1, max-image-preview:large, max-video-preview:-1\" \/>\n<link rel=\"canonical\" href=\"https:\/\/canal7slp.tv\/2025\/cierre-del-centro-de-detencion-para-migrantes-en-texas-tras-disminucion-de-arrestos\/\" \/>\n<meta property=\"og:locale\" content=\"es_ES\" \/>\n<meta property=\"og:type\" content=\"article\" \/>\n<meta property=\"og:title\" content=\"Cierre del Centro de Detenci\u00f3n para Migrantes en Texas tras disminuci\u00f3n de arrestos - Canal 7 SLP - 2025\" \/>\n<meta property=\"og:description\" content=\"Donna.- El Centro de Detenci\u00f3n para Migrantes en Donna, Texas, cerrar\u00e1 tras procesar a 611 mil personas en situaci\u00f3n irregular en cuatro a\u00f1os, incluyendo 223 mil ni\u00f1os no acompa\u00f1ados y 360 mil familias con menores, seg\u00fan Gloria Ch\u00e1vez, jefa de la Patrulla Fronteriza. El centro fue creado como una soluci\u00f3n temporal ante el aumento de arrestos de migrantes, que superaron la capacidad de las estaciones en el Valle del R\u00edo Grande. Durante su operaci\u00f3n, m\u00e1s de 700 agentes gestionaron la afluencia de migrantes, muchos trasladados desde otras partes de EUA. El cierre se debe a una disminuci\u00f3n del 78% en [&hellip;]\" \/>\n<meta property=\"og:url\" content=\"https:\/\/canal7slp.tv\/2025\/cierre-del-centro-de-detencion-para-migrantes-en-texas-tras-disminucion-de-arrestos\/\" \/>\n<meta property=\"og:site_name\" content=\"Canal 7 SLP - 2025\" \/>\n<meta property=\"article:publisher\" content=\"https:\/\/www.facebook.com\/noticieroscanal7atencionciudadana\/\" \/>\n<meta property=\"article:published_time\" content=\"2025-03-11T21:35:11+00:00\" \/>\n<meta property=\"og:image\" content=\"https:\/\/canal7slp.tv\/2025\/wp-content\/uploads\/2025\/03\/08-10.jpg\" \/>\n\t<meta property=\"og:image:width\" content=\"714\" \/>\n\t<meta property=\"og:image:height\" content=\"450\" \/>\n\t<meta property=\"og:image:type\" content=\"image\/jpeg\" \/>\n<meta name=\"author\" content=\"Edici\u00f3n Web\" \/>\n<meta name=\"twitter:card\" content=\"summary_large_image\" \/>\n<meta name=\"twitter:creator\" content=\"@NOTICIEROS7\" \/>\n<meta name=\"twitter:site\" content=\"@NOTICIEROS7\" \/>\n<meta name=\"twitter:label1\" content=\"Escrito por\" \/>\n\t<meta name=\"twitter:data1\" content=\"Edici\u00f3n Web\" \/>\n\t<meta name=\"twitter:label2\" content=\"Tiempo de lectura\" \/>\n\t<meta name=\"twitter:data2\" content=\"1 minuto\" \/>\n<script type=\"application\/ld+json\" class=\"yoast-schema-graph\">{\"@context\":\"https:\\\/\\\/schema.org\",\"@graph\":[{\"@type\":\"Article\",\"@id\":\"https:\\\/\\\/canal7slp.tv\\\/2025\\\/cierre-del-centro-de-detencion-para-migrantes-en-texas-tras-disminucion-de-arrestos\\\/#article\",\"isPartOf\":{\"@id\":\"https:\\\/\\\/canal7slp.tv\\\/2025\\\/cierre-del-centro-de-detencion-para-migrantes-en-texas-tras-disminucion-de-arrestos\\\/\"},\"author\":{\"name\":\"Edici\u00f3n Web\",\"@id\":\"https:\\\/\\\/canal7slp.tv\\\/2025\\\/#\\\/schema\\\/person\\\/271e2b60a96e7cc9d9ac296f4d7e414b\"},\"headline\":\"Cierre del Centro de Detenci\u00f3n para Migrantes en Texas tras disminuci\u00f3n de arrestos\",\"datePublished\":\"2025-03-11T21:35:11+00:00\",\"mainEntityOfPage\":{\"@id\":\"https:\\\/\\\/canal7slp.tv\\\/2025\\\/cierre-del-centro-de-detencion-para-migrantes-en-texas-tras-disminucion-de-arrestos\\\/\"},\"wordCount\":167,\"publisher\":{\"@id\":\"https:\\\/\\\/canal7slp.tv\\\/2025\\\/#organization\"},\"image\":{\"@id\":\"https:\\\/\\\/canal7slp.tv\\\/2025\\\/cierre-del-centro-de-detencion-para-migrantes-en-texas-tras-disminucion-de-arrestos\\\/#primaryimage\"},\"thumbnailUrl\":\"https:\\\/\\\/canal7slp.tv\\\/2025\\\/wp-content\\\/uploads\\\/2025\\\/03\\\/08-10.jpg\",\"articleSection\":[\"INTERNACIONALES\"],\"inLanguage\":\"es\"},{\"@type\":\"WebPage\",\"@id\":\"https:\\\/\\\/canal7slp.tv\\\/2025\\\/cierre-del-centro-de-detencion-para-migrantes-en-texas-tras-disminucion-de-arrestos\\\/\",\"url\":\"https:\\\/\\\/canal7slp.tv\\\/2025\\\/cierre-del-centro-de-detencion-para-migrantes-en-texas-tras-disminucion-de-arrestos\\\/\",\"name\":\"Cierre del Centro de Detenci\u00f3n para Migrantes en Texas tras disminuci\u00f3n de arrestos - Canal 7 SLP - 2025\",\"isPartOf\":{\"@id\":\"https:\\\/\\\/canal7slp.tv\\\/2025\\\/#website\"},\"primaryImageOfPage\":{\"@id\":\"https:\\\/\\\/canal7slp.tv\\\/2025\\\/cierre-del-centro-de-detencion-para-migrantes-en-texas-tras-disminucion-de-arrestos\\\/#primaryimage\"},\"image\":{\"@id\":\"https:\\\/\\\/canal7slp.tv\\\/2025\\\/cierre-del-centro-de-detencion-para-migrantes-en-texas-tras-disminucion-de-arrestos\\\/#primaryimage\"},\"thumbnailUrl\":\"https:\\\/\\\/canal7slp.tv\\\/2025\\\/wp-content\\\/uploads\\\/2025\\\/03\\\/08-10.jpg\",\"datePublished\":\"2025-03-11T21:35:11+00:00\",\"breadcrumb\":{\"@id\":\"https:\\\/\\\/canal7slp.tv\\\/2025\\\/cierre-del-centro-de-detencion-para-migrantes-en-texas-tras-disminucion-de-arrestos\\\/#breadcrumb\"},\"inLanguage\":\"es\",\"potentialAction\":[{\"@type\":\"ReadAction\",\"target\":[\"https:\\\/\\\/canal7slp.tv\\\/2025\\\/cierre-del-centro-de-detencion-para-migrantes-en-texas-tras-disminucion-de-arrestos\\\/\"]}]},{\"@type\":\"ImageObject\",\"inLanguage\":\"es\",\"@id\":\"https:\\\/\\\/canal7slp.tv\\\/2025\\\/cierre-del-centro-de-detencion-para-migrantes-en-texas-tras-disminucion-de-arrestos\\\/#primaryimage\",\"url\":\"https:\\\/\\\/canal7slp.tv\\\/2025\\\/wp-content\\\/uploads\\\/2025\\\/03\\\/08-10.jpg\",\"contentUrl\":\"https:\\\/\\\/canal7slp.tv\\\/2025\\\/wp-content\\\/uploads\\\/2025\\\/03\\\/08-10.jpg\",\"width\":714,\"height\":450},{\"@type\":\"BreadcrumbList\",\"@id\":\"https:\\\/\\\/canal7slp.tv\\\/2025\\\/cierre-del-centro-de-detencion-para-migrantes-en-texas-tras-disminucion-de-arrestos\\\/#breadcrumb\",\"itemListElement\":[{\"@type\":\"ListItem\",\"position\":1,\"name\":\"Portada\",\"item\":\"https:\\\/\\\/canal7slp.tv\\\/2025\\\/\"},{\"@type\":\"ListItem\",\"position\":2,\"name\":\"Cierre del Centro de Detenci\u00f3n para Migrantes en Texas tras disminuci\u00f3n de arrestos\"}]},{\"@type\":\"WebSite\",\"@id\":\"https:\\\/\\\/canal7slp.tv\\\/2025\\\/#website\",\"url\":\"https:\\\/\\\/canal7slp.tv\\\/2025\\\/\",\"name\":\"N7 - Noticieros Canal 7\",\"description\":\"Somos el Medio\",\"publisher\":{\"@id\":\"https:\\\/\\\/canal7slp.tv\\\/2025\\\/#organization\"},\"potentialAction\":[{\"@type\":\"SearchAction\",\"target\":{\"@type\":\"EntryPoint\",\"urlTemplate\":\"https:\\\/\\\/canal7slp.tv\\\/2025\\\/?s={search_term_string}\"},\"query-input\":{\"@type\":\"PropertyValueSpecification\",\"valueRequired\":true,\"valueName\":\"search_term_string\"}}],\"inLanguage\":\"es\"},{\"@type\":\"Organization\",\"@id\":\"https:\\\/\\\/canal7slp.tv\\\/2025\\\/#organization\",\"name\":\"Noticieros Canal 7\",\"url\":\"https:\\\/\\\/canal7slp.tv\\\/2025\\\/\",\"logo\":{\"@type\":\"ImageObject\",\"inLanguage\":\"es\",\"@id\":\"https:\\\/\\\/canal7slp.tv\\\/2025\\\/#\\\/schema\\\/logo\\\/image\\\/\",\"url\":\"https:\\\/\\\/canal7slp.tv\\\/2025\\\/wp-content\\\/uploads\\\/2021\\\/01\\\/logo-noticieros@2x.png\",\"contentUrl\":\"https:\\\/\\\/canal7slp.tv\\\/2025\\\/wp-content\\\/uploads\\\/2021\\\/01\\\/logo-noticieros@2x.png\",\"width\":1017,\"height\":268,\"caption\":\"Noticieros Canal 7\"},\"image\":{\"@id\":\"https:\\\/\\\/canal7slp.tv\\\/2025\\\/#\\\/schema\\\/logo\\\/image\\\/\"},\"sameAs\":[\"https:\\\/\\\/www.facebook.com\\\/noticieroscanal7atencionciudadana\\\/\",\"https:\\\/\\\/x.com\\\/NOTICIEROS7\",\"https:\\\/\\\/www.instagram.com\\\/canal7_slp\",\"https:\\\/\\\/www.youtube.com\\\/channel\\\/UCliiYs-gP3JfJeqdPrNdd5A\"]},{\"@type\":\"Person\",\"@id\":\"https:\\\/\\\/canal7slp.tv\\\/2025\\\/#\\\/schema\\\/person\\\/271e2b60a96e7cc9d9ac296f4d7e414b\",\"name\":\"Edici\u00f3n Web\",\"image\":{\"@type\":\"ImageObject\",\"inLanguage\":\"es\",\"@id\":\"https:\\\/\\\/secure.gravatar.com\\\/avatar\\\/eee448fc3f7164808013b816ba91ac7e43bbe82a70bebac296f8bc6f0addaa1a?s=96&d=mm&r=g\",\"url\":\"https:\\\/\\\/secure.gravatar.com\\\/avatar\\\/eee448fc3f7164808013b816ba91ac7e43bbe82a70bebac296f8bc6f0addaa1a?s=96&d=mm&r=g\",\"contentUrl\":\"https:\\\/\\\/secure.gravatar.com\\\/avatar\\\/eee448fc3f7164808013b816ba91ac7e43bbe82a70bebac296f8bc6f0addaa1a?s=96&d=mm&r=g\",\"caption\":\"Edici\u00f3n Web\"},\"url\":\"https:\\\/\\\/canal7slp.tv\\\/2025\\\/author\\\/edicionweb\\\/\"}]}<\/script>\n<!-- \/ Yoast SEO plugin. -->","yoast_head_json":{"title":"Cierre del Centro de Detenci\u00f3n para Migrantes en Texas tras disminuci\u00f3n de arrestos - Canal 7 SLP - 2025","robots":{"index":"index","follow":"follow","max-snippet":"max-snippet:-1","max-image-preview":"max-image-preview:large","max-video-preview":"max-video-preview:-1"},"canonical":"https:\/\/canal7slp.tv\/2025\/cierre-del-centro-de-detencion-para-migrantes-en-texas-tras-disminucion-de-arrestos\/","og_locale":"es_ES","og_type":"article","og_title":"Cierre del Centro de Detenci\u00f3n para Migrantes en Texas tras disminuci\u00f3n de arrestos - Canal 7 SLP - 2025","og_description":"Donna.- El Centro de Detenci\u00f3n para Migrantes en Donna, Texas, cerrar\u00e1 tras procesar a 611 mil personas en situaci\u00f3n irregular en cuatro a\u00f1os, incluyendo 223 mil ni\u00f1os no acompa\u00f1ados y 360 mil familias con menores, seg\u00fan Gloria Ch\u00e1vez, jefa de la Patrulla Fronteriza. El centro fue creado como una soluci\u00f3n temporal ante el aumento de arrestos de migrantes, que superaron la capacidad de las estaciones en el Valle del R\u00edo Grande. Durante su operaci\u00f3n, m\u00e1s de 700 agentes gestionaron la afluencia de migrantes, muchos trasladados desde otras partes de EUA. El cierre se debe a una disminuci\u00f3n del 78% en [&hellip;]","og_url":"https:\/\/canal7slp.tv\/2025\/cierre-del-centro-de-detencion-para-migrantes-en-texas-tras-disminucion-de-arrestos\/","og_site_name":"Canal 7 SLP - 2025","article_publisher":"https:\/\/www.facebook.com\/noticieroscanal7atencionciudadana\/","article_published_time":"2025-03-11T21:35:11+00:00","og_image":[{"width":714,"height":450,"url":"https:\/\/canal7slp.tv\/2025\/wp-content\/uploads\/2025\/03\/08-10.jpg","type":"image\/jpeg"}],"author":"Edici\u00f3n Web","twitter_card":"summary_large_image","twitter_creator":"@NOTICIEROS7","twitter_site":"@NOTICIEROS7","twitter_misc":{"Escrito por":"Edici\u00f3n Web","Tiempo de lectura":"1 minuto"},"schema":{"@context":"https:\/\/schema.org","@graph":[{"@type":"Article","@id":"https:\/\/canal7slp.tv\/2025\/cierre-del-centro-de-detencion-para-migrantes-en-texas-tras-disminucion-de-arrestos\/#article","isPartOf":{"@id":"https:\/\/canal7slp.tv\/2025\/cierre-del-centro-de-detencion-para-migrantes-en-texas-tras-disminucion-de-arrestos\/"},"author":{"name":"Edici\u00f3n Web","@id":"https:\/\/canal7slp.tv\/2025\/#\/schema\/person\/271e2b60a96e7cc9d9ac296f4d7e414b"},"headline":"Cierre del Centro de Detenci\u00f3n para Migrantes en Texas tras disminuci\u00f3n de arrestos","datePublished":"2025-03-11T21:35:11+00:00","mainEntityOfPage":{"@id":"https:\/\/canal7slp.tv\/2025\/cierre-del-centro-de-detencion-para-migrantes-en-texas-tras-disminucion-de-arrestos\/"},"wordCount":167,"publisher":{"@id":"https:\/\/canal7slp.tv\/2025\/#organization"},"image":{"@id":"https:\/\/canal7slp.tv\/2025\/cierre-del-centro-de-detencion-para-migrantes-en-texas-tras-disminucion-de-arrestos\/#primaryimage"},"thumbnailUrl":"https:\/\/canal7slp.tv\/2025\/wp-content\/uploads\/2025\/03\/08-10.jpg","articleSection":["INTERNACIONALES"],"inLanguage":"es"},{"@type":"WebPage","@id":"https:\/\/canal7slp.tv\/2025\/cierre-del-centro-de-detencion-para-migrantes-en-texas-tras-disminucion-de-arrestos\/","url":"https:\/\/canal7slp.tv\/2025\/cierre-del-centro-de-detencion-para-migrantes-en-texas-tras-disminucion-de-arrestos\/","name":"Cierre del Centro de Detenci\u00f3n para Migrantes en Texas tras disminuci\u00f3n de arrestos - Canal 7 SLP - 2025","isPartOf":{"@id":"https:\/\/canal7slp.tv\/2025\/#website"},"primaryImageOfPage":{"@id":"https:\/\/canal7slp.tv\/2025\/cierre-del-centro-de-detencion-para-migrantes-en-texas-tras-disminucion-de-arrestos\/#primaryimage"},"image":{"@id":"https:\/\/canal7slp.tv\/2025\/cierre-del-centro-de-detencion-para-migrantes-en-texas-tras-disminucion-de-arrestos\/#primaryimage"},"thumbnailUrl":"https:\/\/canal7slp.tv\/2025\/wp-content\/uploads\/2025\/03\/08-10.jpg","datePublished":"2025-03-11T21:35:11+00:00","breadcrumb":{"@id":"https:\/\/canal7slp.tv\/2025\/cierre-del-centro-de-detencion-para-migrantes-en-texas-tras-disminucion-de-arrestos\/#breadcrumb"},"inLanguage":"es","potentialAction":[{"@type":"ReadAction","target":["https:\/\/canal7slp.tv\/2025\/cierre-del-centro-de-detencion-para-migrantes-en-texas-tras-disminucion-de-arrestos\/"]}]},{"@type":"ImageObject","inLanguage":"es","@id":"https:\/\/canal7slp.tv\/2025\/cierre-del-centro-de-detencion-para-migrantes-en-texas-tras-disminucion-de-arrestos\/#primaryimage","url":"https:\/\/canal7slp.tv\/2025\/wp-content\/uploads\/2025\/03\/08-10.jpg","contentUrl":"https:\/\/canal7slp.tv\/2025\/wp-content\/uploads\/2025\/03\/08-10.jpg","width":714,"height":450},{"@type":"BreadcrumbList","@id":"https:\/\/canal7slp.tv\/2025\/cierre-del-centro-de-detencion-para-migrantes-en-texas-tras-disminucion-de-arrestos\/#breadcrumb","itemListElement":[{"@type":"ListItem","position":1,"name":"Portada","item":"https:\/\/canal7slp.tv\/2025\/"},{"@type":"ListItem","position":2,"name":"Cierre del Centro de Detenci\u00f3n para Migrantes en Texas tras disminuci\u00f3n de arrestos"}]},{"@type":"WebSite","@id":"https:\/\/canal7slp.tv\/2025\/#website","url":"https:\/\/canal7slp.tv\/2025\/","name":"N7 - Noticieros Canal 7","description":"Somos el Medio","publisher":{"@id":"https:\/\/canal7slp.tv\/2025\/#organization"},"potentialAction":[{"@type":"SearchAction","target":{"@type":"EntryPoint","urlTemplate":"https:\/\/canal7slp.tv\/2025\/?s={search_term_string}"},"query-input":{"@type":"PropertyValueSpecification","valueRequired":true,"valueName":"search_term_string"}}],"inLanguage":"es"},{"@type":"Organization","@id":"https:\/\/canal7slp.tv\/2025\/#organization","name":"Noticieros Canal 7","url":"https:\/\/canal7slp.tv\/2025\/","logo":{"@type":"ImageObject","inLanguage":"es","@id":"https:\/\/canal7slp.tv\/2025\/#\/schema\/logo\/image\/","url":"https:\/\/canal7slp.tv\/2025\/wp-content\/uploads\/2021\/01\/logo-noticieros@2x.png","contentUrl":"https:\/\/canal7slp.tv\/2025\/wp-content\/uploads\/2021\/01\/logo-noticieros@2x.png","width":1017,"height":268,"caption":"Noticieros Canal 7"},"image":{"@id":"https:\/\/canal7slp.tv\/2025\/#\/schema\/logo\/image\/"},"sameAs":["https:\/\/www.facebook.com\/noticieroscanal7atencionciudadana\/","https:\/\/x.com\/NOTICIEROS7","https:\/\/www.instagram.com\/canal7_slp","https:\/\/www.youtube.com\/channel\/UCliiYs-gP3JfJeqdPrNdd5A"]},{"@type":"Person","@id":"https:\/\/canal7slp.tv\/2025\/#\/schema\/person\/271e2b60a96e7cc9d9ac296f4d7e414b","name":"Edici\u00f3n Web","image":{"@type":"ImageObject","inLanguage":"es","@id":"https:\/\/secure.gravatar.com\/avatar\/eee448fc3f7164808013b816ba91ac7e43bbe82a70bebac296f8bc6f0addaa1a?s=96&d=mm&r=g","url":"https:\/\/secure.gravatar.com\/avatar\/eee448fc3f7164808013b816ba91ac7e43bbe82a70bebac296f8bc6f0addaa1a?s=96&d=mm&r=g","contentUrl":"https:\/\/secure.gravatar.com\/avatar\/eee448fc3f7164808013b816ba91ac7e43bbe82a70bebac296f8bc6f0addaa1a?s=96&d=mm&r=g","caption":"Edici\u00f3n Web"},"url":"https:\/\/canal7slp.tv\/2025\/author\/edicionweb\/"}]}},"_links":{"self":[{"href":"https:\/\/canal7slp.tv\/2025\/wp-json\/wp\/v2\/posts\/160571","targetHints":{"allow":["GET"]}}],"collection":[{"href":"https:\/\/canal7slp.tv\/2025\/wp-json\/wp\/v2\/posts"}],"about":[{"href":"https:\/\/canal7slp.tv\/2025\/wp-json\/wp\/v2\/types\/post"}],"author":[{"embeddable":true,"href":"https:\/\/canal7slp.tv\/2025\/wp-json\/wp\/v2\/users\/2"}],"replies":[{"embeddable":true,"href":"https:\/\/canal7slp.tv\/2025\/wp-json\/wp\/v2\/comments?post=160571"}],"version-history":[{"count":2,"href":"https:\/\/canal7slp.tv\/2025\/wp-json\/wp\/v2\/posts\/160571\/revisions"}],"predecessor-version":[{"id":160574,"href":"https:\/\/canal7slp.tv\/2025\/wp-json\/wp\/v2\/posts\/160571\/revisions\/160574"}],"wp:featuredmedia":[{"embeddable":true,"href":"https:\/\/canal7slp.tv\/2025\/wp-json\/wp\/v2\/media\/160572"}],"wp:attachment":[{"href":"https:\/\/canal7slp.tv\/2025\/wp-json\/wp\/v2\/media?parent=160571"}],"wp:term":[{"taxonomy":"category","embeddable":true,"href":"https:\/\/canal7slp.tv\/2025\/wp-json\/wp\/v2\/categories?post=160571"},{"taxonomy":"post_tag","embeddable":true,"href":"https:\/\/canal7slp.tv\/2025\/wp-json\/wp\/v2\/tags?post=160571"}],"curies":[{"name":"wp","href":"https:\/\/api.w.org\/{rel}","templated":true}]}}