{"id":160357,"date":"2025-03-08T13:51:40","date_gmt":"2025-03-08T19:51:40","guid":{"rendered":"https:\/\/canal7slp.tv\/2025\/?p=160357"},"modified":"2025-03-08T13:51:40","modified_gmt":"2025-03-08T19:51:40","slug":"tribunal-surcoreano-declara-ilegal-el-arresto-del-presidente-yoon-suk-yeol-y-ordena-su-liberacion","status":"publish","type":"post","link":"https:\/\/canal7slp.tv\/2025\/tribunal-surcoreano-declara-ilegal-el-arresto-del-presidente-yoon-suk-yeol-y-ordena-su-liberacion\/","title":{"rendered":"Tribunal surcoreano declara ilegal el arresto del presidente Yoon Suk-yeol y ordena su liberaci\u00f3n"},"content":{"rendered":"<p style=\"text-align: justify;\">Se\u00fal.- Un tribunal surcoreano declar\u00f3 ilegal el arresto del presidente Yoon Suk-yeol, permiti\u00e9ndole enfrentar su proceso penal por insurrecci\u00f3n en libertad. Yoon fue liberado hoy tras 52 d\u00edas de detenci\u00f3n en Uiwang y regres\u00f3 a la residencia presidencial.<\/p>\n<p style=\"text-align: justify;\">El Tribunal del Distrito Central de Se\u00fal determin\u00f3 que su detenci\u00f3n excedi\u00f3 el per\u00edodo legal y que el procesamiento se realiz\u00f3 fuera de los plazos establecidos. Yoon agradeci\u00f3 la decisi\u00f3n, recibiendo el apoyo de sus partidarios al salir del centro de detenci\u00f3n.<\/p>\n<p style=\"text-align: justify;\">Yoon enfrenta cargos de insurrecci\u00f3n, que podr\u00edan resultar en cadena perpetua, y un juicio pol\u00edtico que decidir\u00e1 su posible destituci\u00f3n. Fue arrestado el 15 de enero tras un enfrentamiento entre autoridades y manifestantes. Su destituci\u00f3n, aprobada por el Parlamento el 14 de diciembre, est\u00e1 siendo revisada por el Tribunal Constitucional.<\/p>\n<p style=\"text-align: justify;\">Aunque sigue siendo presidente formalmente, Yoon est\u00e1 inhabilitado de facto mientras espera la resoluci\u00f3n del Constitucional. Si se confirma su destituci\u00f3n, se convocar\u00edan elecciones anticipadas en 60 d\u00edas.<\/p>\n<p style=\"text-align: justify;\">El Partido del Poder Popular, de Yoon, celebr\u00f3 su liberaci\u00f3n, pero lament\u00f3 que fuera \u00abtarde\u00bb. En cambio, el Partido Democr\u00e1tico, principal oposici\u00f3n, critic\u00f3 la decisi\u00f3n, tach\u00e1ndola de inaceptable.<\/p>\n","protected":false},"excerpt":{"rendered":"<p>Se\u00fal.- Un tribunal surcoreano declar\u00f3 ilegal el arresto del presidente Yoon Suk-yeol, permiti\u00e9ndole enfrentar su proceso penal por insurrecci\u00f3n en libertad. Yoon fue liberado hoy tras 52 d\u00edas de detenci\u00f3n en Uiwang y regres\u00f3 a la residencia presidencial. El Tribunal del Distrito Central de Se\u00fal determin\u00f3 que su detenci\u00f3n excedi\u00f3 el per\u00edodo legal y que el procesamiento se realiz\u00f3 fuera de los plazos establecidos. Yoon agradeci\u00f3 la decisi\u00f3n, recibiendo el apoyo de sus partidarios al salir del centro de detenci\u00f3n. Yoon enfrenta cargos de insurrecci\u00f3n, que podr\u00edan resultar en cadena perpetua, y un juicio pol\u00edtico que decidir\u00e1 su posible destituci\u00f3n. [&hellip;]<\/p>\n","protected":false},"author":2,"featured_media":160358,"comment_status":"closed","ping_status":"closed","sticky":false,"template":"","format":"standard","meta":{"_monsterinsights_skip_tracking":false,"_monsterinsights_sitenote_active":false,"_monsterinsights_sitenote_note":"","_monsterinsights_sitenote_category":0,"footnotes":""},"categories":[44],"tags":[],"class_list":["post-160357","post","type-post","status-publish","format-standard","has-post-thumbnail","hentry","category-internacional","post--single"],"yoast_head":"<!-- This site is optimized with the Yoast SEO plugin v27.5 - https:\/\/yoast.com\/product\/yoast-seo-wordpress\/ -->\n<title>Tribunal surcoreano declara ilegal el arresto del presidente Yoon Suk-yeol y ordena su liberaci\u00f3n - Canal 7 SLP - 2025<\/title>\n<meta name=\"robots\" content=\"index, follow, max-snippet:-1, max-image-preview:large, max-video-preview:-1\" \/>\n<link rel=\"canonical\" href=\"https:\/\/canal7slp.tv\/2025\/tribunal-surcoreano-declara-ilegal-el-arresto-del-presidente-yoon-suk-yeol-y-ordena-su-liberacion\/\" \/>\n<meta property=\"og:locale\" content=\"es_ES\" \/>\n<meta property=\"og:type\" content=\"article\" \/>\n<meta property=\"og:title\" content=\"Tribunal surcoreano declara ilegal el arresto del presidente Yoon Suk-yeol y ordena su liberaci\u00f3n - Canal 7 SLP - 2025\" \/>\n<meta property=\"og:description\" content=\"Se\u00fal.- Un tribunal surcoreano declar\u00f3 ilegal el arresto del presidente Yoon Suk-yeol, permiti\u00e9ndole enfrentar su proceso penal por insurrecci\u00f3n en libertad. Yoon fue liberado hoy tras 52 d\u00edas de detenci\u00f3n en Uiwang y regres\u00f3 a la residencia presidencial. El Tribunal del Distrito Central de Se\u00fal determin\u00f3 que su detenci\u00f3n excedi\u00f3 el per\u00edodo legal y que el procesamiento se realiz\u00f3 fuera de los plazos establecidos. Yoon agradeci\u00f3 la decisi\u00f3n, recibiendo el apoyo de sus partidarios al salir del centro de detenci\u00f3n. Yoon enfrenta cargos de insurrecci\u00f3n, que podr\u00edan resultar en cadena perpetua, y un juicio pol\u00edtico que decidir\u00e1 su posible destituci\u00f3n. [&hellip;]\" \/>\n<meta property=\"og:url\" content=\"https:\/\/canal7slp.tv\/2025\/tribunal-surcoreano-declara-ilegal-el-arresto-del-presidente-yoon-suk-yeol-y-ordena-su-liberacion\/\" \/>\n<meta property=\"og:site_name\" content=\"Canal 7 SLP - 2025\" \/>\n<meta property=\"article:publisher\" content=\"https:\/\/www.facebook.com\/noticieroscanal7atencionciudadana\/\" \/>\n<meta property=\"article:published_time\" content=\"2025-03-08T19:51:40+00:00\" \/>\n<meta property=\"og:image\" content=\"https:\/\/canal7slp.tv\/2025\/wp-content\/uploads\/2025\/03\/10-7.jpg\" \/>\n\t<meta property=\"og:image:width\" content=\"888\" \/>\n\t<meta property=\"og:image:height\" content=\"500\" \/>\n\t<meta property=\"og:image:type\" content=\"image\/jpeg\" \/>\n<meta name=\"author\" content=\"Edici\u00f3n Web\" \/>\n<meta name=\"twitter:card\" content=\"summary_large_image\" \/>\n<meta name=\"twitter:creator\" content=\"@NOTICIEROS7\" \/>\n<meta name=\"twitter:site\" content=\"@NOTICIEROS7\" \/>\n<meta name=\"twitter:label1\" content=\"Escrito por\" \/>\n\t<meta name=\"twitter:data1\" content=\"Edici\u00f3n Web\" \/>\n\t<meta name=\"twitter:label2\" content=\"Tiempo de lectura\" \/>\n\t<meta name=\"twitter:data2\" content=\"2 minutos\" \/>\n<script type=\"application\/ld+json\" class=\"yoast-schema-graph\">{\"@context\":\"https:\\\/\\\/schema.org\",\"@graph\":[{\"@type\":\"Article\",\"@id\":\"https:\\\/\\\/canal7slp.tv\\\/2025\\\/tribunal-surcoreano-declara-ilegal-el-arresto-del-presidente-yoon-suk-yeol-y-ordena-su-liberacion\\\/#article\",\"isPartOf\":{\"@id\":\"https:\\\/\\\/canal7slp.tv\\\/2025\\\/tribunal-surcoreano-declara-ilegal-el-arresto-del-presidente-yoon-suk-yeol-y-ordena-su-liberacion\\\/\"},\"author\":{\"name\":\"Edici\u00f3n Web\",\"@id\":\"https:\\\/\\\/canal7slp.tv\\\/2025\\\/#\\\/schema\\\/person\\\/271e2b60a96e7cc9d9ac296f4d7e414b\"},\"headline\":\"Tribunal surcoreano declara ilegal el arresto del presidente Yoon Suk-yeol y ordena su liberaci\u00f3n\",\"datePublished\":\"2025-03-08T19:51:40+00:00\",\"mainEntityOfPage\":{\"@id\":\"https:\\\/\\\/canal7slp.tv\\\/2025\\\/tribunal-surcoreano-declara-ilegal-el-arresto-del-presidente-yoon-suk-yeol-y-ordena-su-liberacion\\\/\"},\"wordCount\":222,\"publisher\":{\"@id\":\"https:\\\/\\\/canal7slp.tv\\\/2025\\\/#organization\"},\"image\":{\"@id\":\"https:\\\/\\\/canal7slp.tv\\\/2025\\\/tribunal-surcoreano-declara-ilegal-el-arresto-del-presidente-yoon-suk-yeol-y-ordena-su-liberacion\\\/#primaryimage\"},\"thumbnailUrl\":\"https:\\\/\\\/canal7slp.tv\\\/2025\\\/wp-content\\\/uploads\\\/2025\\\/03\\\/10-7.jpg\",\"articleSection\":[\"INTERNACIONALES\"],\"inLanguage\":\"es\"},{\"@type\":\"WebPage\",\"@id\":\"https:\\\/\\\/canal7slp.tv\\\/2025\\\/tribunal-surcoreano-declara-ilegal-el-arresto-del-presidente-yoon-suk-yeol-y-ordena-su-liberacion\\\/\",\"url\":\"https:\\\/\\\/canal7slp.tv\\\/2025\\\/tribunal-surcoreano-declara-ilegal-el-arresto-del-presidente-yoon-suk-yeol-y-ordena-su-liberacion\\\/\",\"name\":\"Tribunal surcoreano declara ilegal el arresto del presidente Yoon Suk-yeol y ordena su liberaci\u00f3n - Canal 7 SLP - 2025\",\"isPartOf\":{\"@id\":\"https:\\\/\\\/canal7slp.tv\\\/2025\\\/#website\"},\"primaryImageOfPage\":{\"@id\":\"https:\\\/\\\/canal7slp.tv\\\/2025\\\/tribunal-surcoreano-declara-ilegal-el-arresto-del-presidente-yoon-suk-yeol-y-ordena-su-liberacion\\\/#primaryimage\"},\"image\":{\"@id\":\"https:\\\/\\\/canal7slp.tv\\\/2025\\\/tribunal-surcoreano-declara-ilegal-el-arresto-del-presidente-yoon-suk-yeol-y-ordena-su-liberacion\\\/#primaryimage\"},\"thumbnailUrl\":\"https:\\\/\\\/canal7slp.tv\\\/2025\\\/wp-content\\\/uploads\\\/2025\\\/03\\\/10-7.jpg\",\"datePublished\":\"2025-03-08T19:51:40+00:00\",\"breadcrumb\":{\"@id\":\"https:\\\/\\\/canal7slp.tv\\\/2025\\\/tribunal-surcoreano-declara-ilegal-el-arresto-del-presidente-yoon-suk-yeol-y-ordena-su-liberacion\\\/#breadcrumb\"},\"inLanguage\":\"es\",\"potentialAction\":[{\"@type\":\"ReadAction\",\"target\":[\"https:\\\/\\\/canal7slp.tv\\\/2025\\\/tribunal-surcoreano-declara-ilegal-el-arresto-del-presidente-yoon-suk-yeol-y-ordena-su-liberacion\\\/\"]}]},{\"@type\":\"ImageObject\",\"inLanguage\":\"es\",\"@id\":\"https:\\\/\\\/canal7slp.tv\\\/2025\\\/tribunal-surcoreano-declara-ilegal-el-arresto-del-presidente-yoon-suk-yeol-y-ordena-su-liberacion\\\/#primaryimage\",\"url\":\"https:\\\/\\\/canal7slp.tv\\\/2025\\\/wp-content\\\/uploads\\\/2025\\\/03\\\/10-7.jpg\",\"contentUrl\":\"https:\\\/\\\/canal7slp.tv\\\/2025\\\/wp-content\\\/uploads\\\/2025\\\/03\\\/10-7.jpg\",\"width\":888,\"height\":500},{\"@type\":\"BreadcrumbList\",\"@id\":\"https:\\\/\\\/canal7slp.tv\\\/2025\\\/tribunal-surcoreano-declara-ilegal-el-arresto-del-presidente-yoon-suk-yeol-y-ordena-su-liberacion\\\/#breadcrumb\",\"itemListElement\":[{\"@type\":\"ListItem\",\"position\":1,\"name\":\"Portada\",\"item\":\"https:\\\/\\\/canal7slp.tv\\\/2025\\\/\"},{\"@type\":\"ListItem\",\"position\":2,\"name\":\"Tribunal surcoreano declara ilegal el arresto del presidente Yoon Suk-yeol y ordena su liberaci\u00f3n\"}]},{\"@type\":\"WebSite\",\"@id\":\"https:\\\/\\\/canal7slp.tv\\\/2025\\\/#website\",\"url\":\"https:\\\/\\\/canal7slp.tv\\\/2025\\\/\",\"name\":\"N7 - Noticieros Canal 7\",\"description\":\"Somos el Medio\",\"publisher\":{\"@id\":\"https:\\\/\\\/canal7slp.tv\\\/2025\\\/#organization\"},\"potentialAction\":[{\"@type\":\"SearchAction\",\"target\":{\"@type\":\"EntryPoint\",\"urlTemplate\":\"https:\\\/\\\/canal7slp.tv\\\/2025\\\/?s={search_term_string}\"},\"query-input\":{\"@type\":\"PropertyValueSpecification\",\"valueRequired\":true,\"valueName\":\"search_term_string\"}}],\"inLanguage\":\"es\"},{\"@type\":\"Organization\",\"@id\":\"https:\\\/\\\/canal7slp.tv\\\/2025\\\/#organization\",\"name\":\"Noticieros Canal 7\",\"url\":\"https:\\\/\\\/canal7slp.tv\\\/2025\\\/\",\"logo\":{\"@type\":\"ImageObject\",\"inLanguage\":\"es\",\"@id\":\"https:\\\/\\\/canal7slp.tv\\\/2025\\\/#\\\/schema\\\/logo\\\/image\\\/\",\"url\":\"https:\\\/\\\/canal7slp.tv\\\/2025\\\/wp-content\\\/uploads\\\/2021\\\/01\\\/logo-noticieros@2x.png\",\"contentUrl\":\"https:\\\/\\\/canal7slp.tv\\\/2025\\\/wp-content\\\/uploads\\\/2021\\\/01\\\/logo-noticieros@2x.png\",\"width\":1017,\"height\":268,\"caption\":\"Noticieros Canal 7\"},\"image\":{\"@id\":\"https:\\\/\\\/canal7slp.tv\\\/2025\\\/#\\\/schema\\\/logo\\\/image\\\/\"},\"sameAs\":[\"https:\\\/\\\/www.facebook.com\\\/noticieroscanal7atencionciudadana\\\/\",\"https:\\\/\\\/x.com\\\/NOTICIEROS7\",\"https:\\\/\\\/www.instagram.com\\\/canal7_slp\",\"https:\\\/\\\/www.youtube.com\\\/channel\\\/UCliiYs-gP3JfJeqdPrNdd5A\"]},{\"@type\":\"Person\",\"@id\":\"https:\\\/\\\/canal7slp.tv\\\/2025\\\/#\\\/schema\\\/person\\\/271e2b60a96e7cc9d9ac296f4d7e414b\",\"name\":\"Edici\u00f3n Web\",\"image\":{\"@type\":\"ImageObject\",\"inLanguage\":\"es\",\"@id\":\"https:\\\/\\\/secure.gravatar.com\\\/avatar\\\/eee448fc3f7164808013b816ba91ac7e43bbe82a70bebac296f8bc6f0addaa1a?s=96&d=mm&r=g\",\"url\":\"https:\\\/\\\/secure.gravatar.com\\\/avatar\\\/eee448fc3f7164808013b816ba91ac7e43bbe82a70bebac296f8bc6f0addaa1a?s=96&d=mm&r=g\",\"contentUrl\":\"https:\\\/\\\/secure.gravatar.com\\\/avatar\\\/eee448fc3f7164808013b816ba91ac7e43bbe82a70bebac296f8bc6f0addaa1a?s=96&d=mm&r=g\",\"caption\":\"Edici\u00f3n Web\"},\"url\":\"https:\\\/\\\/canal7slp.tv\\\/2025\\\/author\\\/edicionweb\\\/\"}]}<\/script>\n<!-- \/ Yoast SEO plugin. -->","yoast_head_json":{"title":"Tribunal surcoreano declara ilegal el arresto del presidente Yoon Suk-yeol y ordena su liberaci\u00f3n - Canal 7 SLP - 2025","robots":{"index":"index","follow":"follow","max-snippet":"max-snippet:-1","max-image-preview":"max-image-preview:large","max-video-preview":"max-video-preview:-1"},"canonical":"https:\/\/canal7slp.tv\/2025\/tribunal-surcoreano-declara-ilegal-el-arresto-del-presidente-yoon-suk-yeol-y-ordena-su-liberacion\/","og_locale":"es_ES","og_type":"article","og_title":"Tribunal surcoreano declara ilegal el arresto del presidente Yoon Suk-yeol y ordena su liberaci\u00f3n - Canal 7 SLP - 2025","og_description":"Se\u00fal.- Un tribunal surcoreano declar\u00f3 ilegal el arresto del presidente Yoon Suk-yeol, permiti\u00e9ndole enfrentar su proceso penal por insurrecci\u00f3n en libertad. Yoon fue liberado hoy tras 52 d\u00edas de detenci\u00f3n en Uiwang y regres\u00f3 a la residencia presidencial. El Tribunal del Distrito Central de Se\u00fal determin\u00f3 que su detenci\u00f3n excedi\u00f3 el per\u00edodo legal y que el procesamiento se realiz\u00f3 fuera de los plazos establecidos. Yoon agradeci\u00f3 la decisi\u00f3n, recibiendo el apoyo de sus partidarios al salir del centro de detenci\u00f3n. Yoon enfrenta cargos de insurrecci\u00f3n, que podr\u00edan resultar en cadena perpetua, y un juicio pol\u00edtico que decidir\u00e1 su posible destituci\u00f3n. [&hellip;]","og_url":"https:\/\/canal7slp.tv\/2025\/tribunal-surcoreano-declara-ilegal-el-arresto-del-presidente-yoon-suk-yeol-y-ordena-su-liberacion\/","og_site_name":"Canal 7 SLP - 2025","article_publisher":"https:\/\/www.facebook.com\/noticieroscanal7atencionciudadana\/","article_published_time":"2025-03-08T19:51:40+00:00","og_image":[{"width":888,"height":500,"url":"https:\/\/canal7slp.tv\/2025\/wp-content\/uploads\/2025\/03\/10-7.jpg","type":"image\/jpeg"}],"author":"Edici\u00f3n Web","twitter_card":"summary_large_image","twitter_creator":"@NOTICIEROS7","twitter_site":"@NOTICIEROS7","twitter_misc":{"Escrito por":"Edici\u00f3n Web","Tiempo de lectura":"2 minutos"},"schema":{"@context":"https:\/\/schema.org","@graph":[{"@type":"Article","@id":"https:\/\/canal7slp.tv\/2025\/tribunal-surcoreano-declara-ilegal-el-arresto-del-presidente-yoon-suk-yeol-y-ordena-su-liberacion\/#article","isPartOf":{"@id":"https:\/\/canal7slp.tv\/2025\/tribunal-surcoreano-declara-ilegal-el-arresto-del-presidente-yoon-suk-yeol-y-ordena-su-liberacion\/"},"author":{"name":"Edici\u00f3n Web","@id":"https:\/\/canal7slp.tv\/2025\/#\/schema\/person\/271e2b60a96e7cc9d9ac296f4d7e414b"},"headline":"Tribunal surcoreano declara ilegal el arresto del presidente Yoon Suk-yeol y ordena su liberaci\u00f3n","datePublished":"2025-03-08T19:51:40+00:00","mainEntityOfPage":{"@id":"https:\/\/canal7slp.tv\/2025\/tribunal-surcoreano-declara-ilegal-el-arresto-del-presidente-yoon-suk-yeol-y-ordena-su-liberacion\/"},"wordCount":222,"publisher":{"@id":"https:\/\/canal7slp.tv\/2025\/#organization"},"image":{"@id":"https:\/\/canal7slp.tv\/2025\/tribunal-surcoreano-declara-ilegal-el-arresto-del-presidente-yoon-suk-yeol-y-ordena-su-liberacion\/#primaryimage"},"thumbnailUrl":"https:\/\/canal7slp.tv\/2025\/wp-content\/uploads\/2025\/03\/10-7.jpg","articleSection":["INTERNACIONALES"],"inLanguage":"es"},{"@type":"WebPage","@id":"https:\/\/canal7slp.tv\/2025\/tribunal-surcoreano-declara-ilegal-el-arresto-del-presidente-yoon-suk-yeol-y-ordena-su-liberacion\/","url":"https:\/\/canal7slp.tv\/2025\/tribunal-surcoreano-declara-ilegal-el-arresto-del-presidente-yoon-suk-yeol-y-ordena-su-liberacion\/","name":"Tribunal surcoreano declara ilegal el arresto del presidente Yoon Suk-yeol y ordena su liberaci\u00f3n - Canal 7 SLP - 2025","isPartOf":{"@id":"https:\/\/canal7slp.tv\/2025\/#website"},"primaryImageOfPage":{"@id":"https:\/\/canal7slp.tv\/2025\/tribunal-surcoreano-declara-ilegal-el-arresto-del-presidente-yoon-suk-yeol-y-ordena-su-liberacion\/#primaryimage"},"image":{"@id":"https:\/\/canal7slp.tv\/2025\/tribunal-surcoreano-declara-ilegal-el-arresto-del-presidente-yoon-suk-yeol-y-ordena-su-liberacion\/#primaryimage"},"thumbnailUrl":"https:\/\/canal7slp.tv\/2025\/wp-content\/uploads\/2025\/03\/10-7.jpg","datePublished":"2025-03-08T19:51:40+00:00","breadcrumb":{"@id":"https:\/\/canal7slp.tv\/2025\/tribunal-surcoreano-declara-ilegal-el-arresto-del-presidente-yoon-suk-yeol-y-ordena-su-liberacion\/#breadcrumb"},"inLanguage":"es","potentialAction":[{"@type":"ReadAction","target":["https:\/\/canal7slp.tv\/2025\/tribunal-surcoreano-declara-ilegal-el-arresto-del-presidente-yoon-suk-yeol-y-ordena-su-liberacion\/"]}]},{"@type":"ImageObject","inLanguage":"es","@id":"https:\/\/canal7slp.tv\/2025\/tribunal-surcoreano-declara-ilegal-el-arresto-del-presidente-yoon-suk-yeol-y-ordena-su-liberacion\/#primaryimage","url":"https:\/\/canal7slp.tv\/2025\/wp-content\/uploads\/2025\/03\/10-7.jpg","contentUrl":"https:\/\/canal7slp.tv\/2025\/wp-content\/uploads\/2025\/03\/10-7.jpg","width":888,"height":500},{"@type":"BreadcrumbList","@id":"https:\/\/canal7slp.tv\/2025\/tribunal-surcoreano-declara-ilegal-el-arresto-del-presidente-yoon-suk-yeol-y-ordena-su-liberacion\/#breadcrumb","itemListElement":[{"@type":"ListItem","position":1,"name":"Portada","item":"https:\/\/canal7slp.tv\/2025\/"},{"@type":"ListItem","position":2,"name":"Tribunal surcoreano declara ilegal el arresto del presidente Yoon Suk-yeol y ordena su liberaci\u00f3n"}]},{"@type":"WebSite","@id":"https:\/\/canal7slp.tv\/2025\/#website","url":"https:\/\/canal7slp.tv\/2025\/","name":"N7 - Noticieros Canal 7","description":"Somos el Medio","publisher":{"@id":"https:\/\/canal7slp.tv\/2025\/#organization"},"potentialAction":[{"@type":"SearchAction","target":{"@type":"EntryPoint","urlTemplate":"https:\/\/canal7slp.tv\/2025\/?s={search_term_string}"},"query-input":{"@type":"PropertyValueSpecification","valueRequired":true,"valueName":"search_term_string"}}],"inLanguage":"es"},{"@type":"Organization","@id":"https:\/\/canal7slp.tv\/2025\/#organization","name":"Noticieros Canal 7","url":"https:\/\/canal7slp.tv\/2025\/","logo":{"@type":"ImageObject","inLanguage":"es","@id":"https:\/\/canal7slp.tv\/2025\/#\/schema\/logo\/image\/","url":"https:\/\/canal7slp.tv\/2025\/wp-content\/uploads\/2021\/01\/logo-noticieros@2x.png","contentUrl":"https:\/\/canal7slp.tv\/2025\/wp-content\/uploads\/2021\/01\/logo-noticieros@2x.png","width":1017,"height":268,"caption":"Noticieros Canal 7"},"image":{"@id":"https:\/\/canal7slp.tv\/2025\/#\/schema\/logo\/image\/"},"sameAs":["https:\/\/www.facebook.com\/noticieroscanal7atencionciudadana\/","https:\/\/x.com\/NOTICIEROS7","https:\/\/www.instagram.com\/canal7_slp","https:\/\/www.youtube.com\/channel\/UCliiYs-gP3JfJeqdPrNdd5A"]},{"@type":"Person","@id":"https:\/\/canal7slp.tv\/2025\/#\/schema\/person\/271e2b60a96e7cc9d9ac296f4d7e414b","name":"Edici\u00f3n Web","image":{"@type":"ImageObject","inLanguage":"es","@id":"https:\/\/secure.gravatar.com\/avatar\/eee448fc3f7164808013b816ba91ac7e43bbe82a70bebac296f8bc6f0addaa1a?s=96&d=mm&r=g","url":"https:\/\/secure.gravatar.com\/avatar\/eee448fc3f7164808013b816ba91ac7e43bbe82a70bebac296f8bc6f0addaa1a?s=96&d=mm&r=g","contentUrl":"https:\/\/secure.gravatar.com\/avatar\/eee448fc3f7164808013b816ba91ac7e43bbe82a70bebac296f8bc6f0addaa1a?s=96&d=mm&r=g","caption":"Edici\u00f3n Web"},"url":"https:\/\/canal7slp.tv\/2025\/author\/edicionweb\/"}]}},"_links":{"self":[{"href":"https:\/\/canal7slp.tv\/2025\/wp-json\/wp\/v2\/posts\/160357","targetHints":{"allow":["GET"]}}],"collection":[{"href":"https:\/\/canal7slp.tv\/2025\/wp-json\/wp\/v2\/posts"}],"about":[{"href":"https:\/\/canal7slp.tv\/2025\/wp-json\/wp\/v2\/types\/post"}],"author":[{"embeddable":true,"href":"https:\/\/canal7slp.tv\/2025\/wp-json\/wp\/v2\/users\/2"}],"replies":[{"embeddable":true,"href":"https:\/\/canal7slp.tv\/2025\/wp-json\/wp\/v2\/comments?post=160357"}],"version-history":[{"count":1,"href":"https:\/\/canal7slp.tv\/2025\/wp-json\/wp\/v2\/posts\/160357\/revisions"}],"predecessor-version":[{"id":160359,"href":"https:\/\/canal7slp.tv\/2025\/wp-json\/wp\/v2\/posts\/160357\/revisions\/160359"}],"wp:featuredmedia":[{"embeddable":true,"href":"https:\/\/canal7slp.tv\/2025\/wp-json\/wp\/v2\/media\/160358"}],"wp:attachment":[{"href":"https:\/\/canal7slp.tv\/2025\/wp-json\/wp\/v2\/media?parent=160357"}],"wp:term":[{"taxonomy":"category","embeddable":true,"href":"https:\/\/canal7slp.tv\/2025\/wp-json\/wp\/v2\/categories?post=160357"},{"taxonomy":"post_tag","embeddable":true,"href":"https:\/\/canal7slp.tv\/2025\/wp-json\/wp\/v2\/tags?post=160357"}],"curies":[{"name":"wp","href":"https:\/\/api.w.org\/{rel}","templated":true}]}}