{"id":160351,"date":"2025-03-08T13:15:03","date_gmt":"2025-03-08T19:15:03","guid":{"rendered":"https:\/\/canal7slp.tv\/2025\/?p=160351"},"modified":"2025-03-08T13:15:03","modified_gmt":"2025-03-08T19:15:03","slug":"eua-condena-a-el-menchito-a-cadena-perpetua-y-debera-pagar-seis-mil-mdd","status":"publish","type":"post","link":"https:\/\/canal7slp.tv\/2025\/eua-condena-a-el-menchito-a-cadena-perpetua-y-debera-pagar-seis-mil-mdd\/","title":{"rendered":"EUA condena a \u00abEl Menchito\u00bb a cadena perpetua y deber\u00e1 pagar seis mil mdd"},"content":{"rendered":"<p style=\"text-align: justify;\">\n<p style=\"text-align: justify;\">EUA.- Rub\u00e9n Oseguera Gonz\u00e1lez, alias \u201cEl Menchito\u201d, ha sido condenado a cadena perpetua en Estados Unidos por delitos relacionados con el narcotr\u00e1fico y el uso de armas de fuego. La sentencia fue dictada por la jueza federal Beryl A. Howell, del Distrito de Columbia, tras haber sido declarado culpable en septiembre de 2024 por conspiraci\u00f3n para distribuir coca\u00edna y metanfetamina, as\u00ed como por posesi\u00f3n de armas de fuego y dispositivos destructivos con fines de tr\u00e1fico de drogas.<\/p>\n<p style=\"text-align: justify;\">Adem\u00e1s de la pena de prisi\u00f3n, la jueza orden\u00f3 que \u201cEl Menchito\u201d pague m\u00e1s de 6 mil millones de d\u00f3lares en concepto de reparaci\u00f3n de da\u00f1os. La Fiscal\u00eda de EE.UU. hab\u00eda solicitado la cadena perpetua y una multa de hasta 12 mil millones de d\u00f3lares.<\/p>\n<p style=\"text-align: justify;\">Hijo de Nemesio Oseguera Cervantes, l\u00edder del C\u00e1rtel Jalisco Nueva Generaci\u00f3n (CJNG), Oseguera Gonz\u00e1lez fue arrestado por primera vez en enero de 2014 en Zapopan, Jalisco, pero liberado poco despu\u00e9s por falta de pruebas. En 2015, fue capturado nuevamente en la misma ciudad por el Ej\u00e9rcito Mexicano y la Polic\u00eda Federal. Finalmente, en 2020, fue extraditado a Estados Unidos, donde enfrent\u00f3 juicio ante la Corte Federal del Distrito de Columbia.<\/p>\n","protected":false},"excerpt":{"rendered":"<p>EUA.- Rub\u00e9n Oseguera Gonz\u00e1lez, alias \u201cEl Menchito\u201d, ha sido condenado a cadena perpetua en Estados Unidos por delitos relacionados con el narcotr\u00e1fico y el uso de armas de fuego. La sentencia fue dictada por la jueza federal Beryl A. Howell, del Distrito de Columbia, tras haber sido declarado culpable en septiembre de 2024 por conspiraci\u00f3n para distribuir coca\u00edna y metanfetamina, as\u00ed como por posesi\u00f3n de armas de fuego y dispositivos destructivos con fines de tr\u00e1fico de drogas. Adem\u00e1s de la pena de prisi\u00f3n, la jueza orden\u00f3 que \u201cEl Menchito\u201d pague m\u00e1s de 6 mil millones de d\u00f3lares en concepto de [&hellip;]<\/p>\n","protected":false},"author":2,"featured_media":160352,"comment_status":"closed","ping_status":"closed","sticky":false,"template":"","format":"standard","meta":{"_monsterinsights_skip_tracking":false,"_monsterinsights_sitenote_active":false,"_monsterinsights_sitenote_note":"","_monsterinsights_sitenote_category":0,"footnotes":""},"categories":[44],"tags":[],"class_list":["post-160351","post","type-post","status-publish","format-standard","has-post-thumbnail","hentry","category-internacional","post--single"],"yoast_head":"<!-- This site is optimized with the Yoast SEO plugin v27.5 - https:\/\/yoast.com\/product\/yoast-seo-wordpress\/ -->\n<title>EUA condena a &quot;El Menchito&quot; a cadena perpetua y deber\u00e1 pagar seis mil mdd - Canal 7 SLP - 2025<\/title>\n<meta name=\"robots\" content=\"index, follow, max-snippet:-1, max-image-preview:large, max-video-preview:-1\" \/>\n<link rel=\"canonical\" href=\"https:\/\/canal7slp.tv\/2025\/eua-condena-a-el-menchito-a-cadena-perpetua-y-debera-pagar-seis-mil-mdd\/\" \/>\n<meta property=\"og:locale\" content=\"es_ES\" \/>\n<meta property=\"og:type\" content=\"article\" \/>\n<meta property=\"og:title\" content=\"EUA condena a &quot;El Menchito&quot; a cadena perpetua y deber\u00e1 pagar seis mil mdd - Canal 7 SLP - 2025\" \/>\n<meta property=\"og:description\" content=\"EUA.- Rub\u00e9n Oseguera Gonz\u00e1lez, alias \u201cEl Menchito\u201d, ha sido condenado a cadena perpetua en Estados Unidos por delitos relacionados con el narcotr\u00e1fico y el uso de armas de fuego. La sentencia fue dictada por la jueza federal Beryl A. Howell, del Distrito de Columbia, tras haber sido declarado culpable en septiembre de 2024 por conspiraci\u00f3n para distribuir coca\u00edna y metanfetamina, as\u00ed como por posesi\u00f3n de armas de fuego y dispositivos destructivos con fines de tr\u00e1fico de drogas. Adem\u00e1s de la pena de prisi\u00f3n, la jueza orden\u00f3 que \u201cEl Menchito\u201d pague m\u00e1s de 6 mil millones de d\u00f3lares en concepto de [&hellip;]\" \/>\n<meta property=\"og:url\" content=\"https:\/\/canal7slp.tv\/2025\/eua-condena-a-el-menchito-a-cadena-perpetua-y-debera-pagar-seis-mil-mdd\/\" \/>\n<meta property=\"og:site_name\" content=\"Canal 7 SLP - 2025\" \/>\n<meta property=\"article:publisher\" content=\"https:\/\/www.facebook.com\/noticieroscanal7atencionciudadana\/\" \/>\n<meta property=\"article:published_time\" content=\"2025-03-08T19:15:03+00:00\" \/>\n<meta property=\"og:image\" content=\"https:\/\/canal7slp.tv\/2025\/wp-content\/uploads\/2025\/03\/08-7.jpg\" \/>\n\t<meta property=\"og:image:width\" content=\"888\" \/>\n\t<meta property=\"og:image:height\" content=\"500\" \/>\n\t<meta property=\"og:image:type\" content=\"image\/jpeg\" \/>\n<meta name=\"author\" content=\"Edici\u00f3n Web\" \/>\n<meta name=\"twitter:card\" content=\"summary_large_image\" \/>\n<meta name=\"twitter:creator\" content=\"@NOTICIEROS7\" \/>\n<meta name=\"twitter:site\" content=\"@NOTICIEROS7\" \/>\n<meta name=\"twitter:label1\" content=\"Escrito por\" \/>\n\t<meta name=\"twitter:data1\" content=\"Edici\u00f3n Web\" \/>\n\t<meta name=\"twitter:label2\" content=\"Tiempo de lectura\" \/>\n\t<meta name=\"twitter:data2\" content=\"2 minutos\" \/>\n<script type=\"application\/ld+json\" class=\"yoast-schema-graph\">{\"@context\":\"https:\\\/\\\/schema.org\",\"@graph\":[{\"@type\":\"Article\",\"@id\":\"https:\\\/\\\/canal7slp.tv\\\/2025\\\/eua-condena-a-el-menchito-a-cadena-perpetua-y-debera-pagar-seis-mil-mdd\\\/#article\",\"isPartOf\":{\"@id\":\"https:\\\/\\\/canal7slp.tv\\\/2025\\\/eua-condena-a-el-menchito-a-cadena-perpetua-y-debera-pagar-seis-mil-mdd\\\/\"},\"author\":{\"name\":\"Edici\u00f3n Web\",\"@id\":\"https:\\\/\\\/canal7slp.tv\\\/2025\\\/#\\\/schema\\\/person\\\/271e2b60a96e7cc9d9ac296f4d7e414b\"},\"headline\":\"EUA condena a \u00abEl Menchito\u00bb a cadena perpetua y deber\u00e1 pagar seis mil mdd\",\"datePublished\":\"2025-03-08T19:15:03+00:00\",\"mainEntityOfPage\":{\"@id\":\"https:\\\/\\\/canal7slp.tv\\\/2025\\\/eua-condena-a-el-menchito-a-cadena-perpetua-y-debera-pagar-seis-mil-mdd\\\/\"},\"wordCount\":225,\"publisher\":{\"@id\":\"https:\\\/\\\/canal7slp.tv\\\/2025\\\/#organization\"},\"image\":{\"@id\":\"https:\\\/\\\/canal7slp.tv\\\/2025\\\/eua-condena-a-el-menchito-a-cadena-perpetua-y-debera-pagar-seis-mil-mdd\\\/#primaryimage\"},\"thumbnailUrl\":\"https:\\\/\\\/canal7slp.tv\\\/2025\\\/wp-content\\\/uploads\\\/2025\\\/03\\\/08-7.jpg\",\"articleSection\":[\"INTERNACIONALES\"],\"inLanguage\":\"es\"},{\"@type\":\"WebPage\",\"@id\":\"https:\\\/\\\/canal7slp.tv\\\/2025\\\/eua-condena-a-el-menchito-a-cadena-perpetua-y-debera-pagar-seis-mil-mdd\\\/\",\"url\":\"https:\\\/\\\/canal7slp.tv\\\/2025\\\/eua-condena-a-el-menchito-a-cadena-perpetua-y-debera-pagar-seis-mil-mdd\\\/\",\"name\":\"EUA condena a \\\"El Menchito\\\" a cadena perpetua y deber\u00e1 pagar seis mil mdd - Canal 7 SLP - 2025\",\"isPartOf\":{\"@id\":\"https:\\\/\\\/canal7slp.tv\\\/2025\\\/#website\"},\"primaryImageOfPage\":{\"@id\":\"https:\\\/\\\/canal7slp.tv\\\/2025\\\/eua-condena-a-el-menchito-a-cadena-perpetua-y-debera-pagar-seis-mil-mdd\\\/#primaryimage\"},\"image\":{\"@id\":\"https:\\\/\\\/canal7slp.tv\\\/2025\\\/eua-condena-a-el-menchito-a-cadena-perpetua-y-debera-pagar-seis-mil-mdd\\\/#primaryimage\"},\"thumbnailUrl\":\"https:\\\/\\\/canal7slp.tv\\\/2025\\\/wp-content\\\/uploads\\\/2025\\\/03\\\/08-7.jpg\",\"datePublished\":\"2025-03-08T19:15:03+00:00\",\"breadcrumb\":{\"@id\":\"https:\\\/\\\/canal7slp.tv\\\/2025\\\/eua-condena-a-el-menchito-a-cadena-perpetua-y-debera-pagar-seis-mil-mdd\\\/#breadcrumb\"},\"inLanguage\":\"es\",\"potentialAction\":[{\"@type\":\"ReadAction\",\"target\":[\"https:\\\/\\\/canal7slp.tv\\\/2025\\\/eua-condena-a-el-menchito-a-cadena-perpetua-y-debera-pagar-seis-mil-mdd\\\/\"]}]},{\"@type\":\"ImageObject\",\"inLanguage\":\"es\",\"@id\":\"https:\\\/\\\/canal7slp.tv\\\/2025\\\/eua-condena-a-el-menchito-a-cadena-perpetua-y-debera-pagar-seis-mil-mdd\\\/#primaryimage\",\"url\":\"https:\\\/\\\/canal7slp.tv\\\/2025\\\/wp-content\\\/uploads\\\/2025\\\/03\\\/08-7.jpg\",\"contentUrl\":\"https:\\\/\\\/canal7slp.tv\\\/2025\\\/wp-content\\\/uploads\\\/2025\\\/03\\\/08-7.jpg\",\"width\":888,\"height\":500},{\"@type\":\"BreadcrumbList\",\"@id\":\"https:\\\/\\\/canal7slp.tv\\\/2025\\\/eua-condena-a-el-menchito-a-cadena-perpetua-y-debera-pagar-seis-mil-mdd\\\/#breadcrumb\",\"itemListElement\":[{\"@type\":\"ListItem\",\"position\":1,\"name\":\"Portada\",\"item\":\"https:\\\/\\\/canal7slp.tv\\\/2025\\\/\"},{\"@type\":\"ListItem\",\"position\":2,\"name\":\"EUA condena a \u00abEl Menchito\u00bb a cadena perpetua y deber\u00e1 pagar seis mil mdd\"}]},{\"@type\":\"WebSite\",\"@id\":\"https:\\\/\\\/canal7slp.tv\\\/2025\\\/#website\",\"url\":\"https:\\\/\\\/canal7slp.tv\\\/2025\\\/\",\"name\":\"N7 - Noticieros Canal 7\",\"description\":\"Somos el Medio\",\"publisher\":{\"@id\":\"https:\\\/\\\/canal7slp.tv\\\/2025\\\/#organization\"},\"potentialAction\":[{\"@type\":\"SearchAction\",\"target\":{\"@type\":\"EntryPoint\",\"urlTemplate\":\"https:\\\/\\\/canal7slp.tv\\\/2025\\\/?s={search_term_string}\"},\"query-input\":{\"@type\":\"PropertyValueSpecification\",\"valueRequired\":true,\"valueName\":\"search_term_string\"}}],\"inLanguage\":\"es\"},{\"@type\":\"Organization\",\"@id\":\"https:\\\/\\\/canal7slp.tv\\\/2025\\\/#organization\",\"name\":\"Noticieros Canal 7\",\"url\":\"https:\\\/\\\/canal7slp.tv\\\/2025\\\/\",\"logo\":{\"@type\":\"ImageObject\",\"inLanguage\":\"es\",\"@id\":\"https:\\\/\\\/canal7slp.tv\\\/2025\\\/#\\\/schema\\\/logo\\\/image\\\/\",\"url\":\"https:\\\/\\\/canal7slp.tv\\\/2025\\\/wp-content\\\/uploads\\\/2021\\\/01\\\/logo-noticieros@2x.png\",\"contentUrl\":\"https:\\\/\\\/canal7slp.tv\\\/2025\\\/wp-content\\\/uploads\\\/2021\\\/01\\\/logo-noticieros@2x.png\",\"width\":1017,\"height\":268,\"caption\":\"Noticieros Canal 7\"},\"image\":{\"@id\":\"https:\\\/\\\/canal7slp.tv\\\/2025\\\/#\\\/schema\\\/logo\\\/image\\\/\"},\"sameAs\":[\"https:\\\/\\\/www.facebook.com\\\/noticieroscanal7atencionciudadana\\\/\",\"https:\\\/\\\/x.com\\\/NOTICIEROS7\",\"https:\\\/\\\/www.instagram.com\\\/canal7_slp\",\"https:\\\/\\\/www.youtube.com\\\/channel\\\/UCliiYs-gP3JfJeqdPrNdd5A\"]},{\"@type\":\"Person\",\"@id\":\"https:\\\/\\\/canal7slp.tv\\\/2025\\\/#\\\/schema\\\/person\\\/271e2b60a96e7cc9d9ac296f4d7e414b\",\"name\":\"Edici\u00f3n Web\",\"image\":{\"@type\":\"ImageObject\",\"inLanguage\":\"es\",\"@id\":\"https:\\\/\\\/secure.gravatar.com\\\/avatar\\\/eee448fc3f7164808013b816ba91ac7e43bbe82a70bebac296f8bc6f0addaa1a?s=96&d=mm&r=g\",\"url\":\"https:\\\/\\\/secure.gravatar.com\\\/avatar\\\/eee448fc3f7164808013b816ba91ac7e43bbe82a70bebac296f8bc6f0addaa1a?s=96&d=mm&r=g\",\"contentUrl\":\"https:\\\/\\\/secure.gravatar.com\\\/avatar\\\/eee448fc3f7164808013b816ba91ac7e43bbe82a70bebac296f8bc6f0addaa1a?s=96&d=mm&r=g\",\"caption\":\"Edici\u00f3n Web\"},\"url\":\"https:\\\/\\\/canal7slp.tv\\\/2025\\\/author\\\/edicionweb\\\/\"}]}<\/script>\n<!-- \/ Yoast SEO plugin. -->","yoast_head_json":{"title":"EUA condena a \"El Menchito\" a cadena perpetua y deber\u00e1 pagar seis mil mdd - Canal 7 SLP - 2025","robots":{"index":"index","follow":"follow","max-snippet":"max-snippet:-1","max-image-preview":"max-image-preview:large","max-video-preview":"max-video-preview:-1"},"canonical":"https:\/\/canal7slp.tv\/2025\/eua-condena-a-el-menchito-a-cadena-perpetua-y-debera-pagar-seis-mil-mdd\/","og_locale":"es_ES","og_type":"article","og_title":"EUA condena a \"El Menchito\" a cadena perpetua y deber\u00e1 pagar seis mil mdd - Canal 7 SLP - 2025","og_description":"EUA.- Rub\u00e9n Oseguera Gonz\u00e1lez, alias \u201cEl Menchito\u201d, ha sido condenado a cadena perpetua en Estados Unidos por delitos relacionados con el narcotr\u00e1fico y el uso de armas de fuego. La sentencia fue dictada por la jueza federal Beryl A. Howell, del Distrito de Columbia, tras haber sido declarado culpable en septiembre de 2024 por conspiraci\u00f3n para distribuir coca\u00edna y metanfetamina, as\u00ed como por posesi\u00f3n de armas de fuego y dispositivos destructivos con fines de tr\u00e1fico de drogas. Adem\u00e1s de la pena de prisi\u00f3n, la jueza orden\u00f3 que \u201cEl Menchito\u201d pague m\u00e1s de 6 mil millones de d\u00f3lares en concepto de [&hellip;]","og_url":"https:\/\/canal7slp.tv\/2025\/eua-condena-a-el-menchito-a-cadena-perpetua-y-debera-pagar-seis-mil-mdd\/","og_site_name":"Canal 7 SLP - 2025","article_publisher":"https:\/\/www.facebook.com\/noticieroscanal7atencionciudadana\/","article_published_time":"2025-03-08T19:15:03+00:00","og_image":[{"width":888,"height":500,"url":"https:\/\/canal7slp.tv\/2025\/wp-content\/uploads\/2025\/03\/08-7.jpg","type":"image\/jpeg"}],"author":"Edici\u00f3n Web","twitter_card":"summary_large_image","twitter_creator":"@NOTICIEROS7","twitter_site":"@NOTICIEROS7","twitter_misc":{"Escrito por":"Edici\u00f3n Web","Tiempo de lectura":"2 minutos"},"schema":{"@context":"https:\/\/schema.org","@graph":[{"@type":"Article","@id":"https:\/\/canal7slp.tv\/2025\/eua-condena-a-el-menchito-a-cadena-perpetua-y-debera-pagar-seis-mil-mdd\/#article","isPartOf":{"@id":"https:\/\/canal7slp.tv\/2025\/eua-condena-a-el-menchito-a-cadena-perpetua-y-debera-pagar-seis-mil-mdd\/"},"author":{"name":"Edici\u00f3n Web","@id":"https:\/\/canal7slp.tv\/2025\/#\/schema\/person\/271e2b60a96e7cc9d9ac296f4d7e414b"},"headline":"EUA condena a \u00abEl Menchito\u00bb a cadena perpetua y deber\u00e1 pagar seis mil mdd","datePublished":"2025-03-08T19:15:03+00:00","mainEntityOfPage":{"@id":"https:\/\/canal7slp.tv\/2025\/eua-condena-a-el-menchito-a-cadena-perpetua-y-debera-pagar-seis-mil-mdd\/"},"wordCount":225,"publisher":{"@id":"https:\/\/canal7slp.tv\/2025\/#organization"},"image":{"@id":"https:\/\/canal7slp.tv\/2025\/eua-condena-a-el-menchito-a-cadena-perpetua-y-debera-pagar-seis-mil-mdd\/#primaryimage"},"thumbnailUrl":"https:\/\/canal7slp.tv\/2025\/wp-content\/uploads\/2025\/03\/08-7.jpg","articleSection":["INTERNACIONALES"],"inLanguage":"es"},{"@type":"WebPage","@id":"https:\/\/canal7slp.tv\/2025\/eua-condena-a-el-menchito-a-cadena-perpetua-y-debera-pagar-seis-mil-mdd\/","url":"https:\/\/canal7slp.tv\/2025\/eua-condena-a-el-menchito-a-cadena-perpetua-y-debera-pagar-seis-mil-mdd\/","name":"EUA condena a \"El Menchito\" a cadena perpetua y deber\u00e1 pagar seis mil mdd - Canal 7 SLP - 2025","isPartOf":{"@id":"https:\/\/canal7slp.tv\/2025\/#website"},"primaryImageOfPage":{"@id":"https:\/\/canal7slp.tv\/2025\/eua-condena-a-el-menchito-a-cadena-perpetua-y-debera-pagar-seis-mil-mdd\/#primaryimage"},"image":{"@id":"https:\/\/canal7slp.tv\/2025\/eua-condena-a-el-menchito-a-cadena-perpetua-y-debera-pagar-seis-mil-mdd\/#primaryimage"},"thumbnailUrl":"https:\/\/canal7slp.tv\/2025\/wp-content\/uploads\/2025\/03\/08-7.jpg","datePublished":"2025-03-08T19:15:03+00:00","breadcrumb":{"@id":"https:\/\/canal7slp.tv\/2025\/eua-condena-a-el-menchito-a-cadena-perpetua-y-debera-pagar-seis-mil-mdd\/#breadcrumb"},"inLanguage":"es","potentialAction":[{"@type":"ReadAction","target":["https:\/\/canal7slp.tv\/2025\/eua-condena-a-el-menchito-a-cadena-perpetua-y-debera-pagar-seis-mil-mdd\/"]}]},{"@type":"ImageObject","inLanguage":"es","@id":"https:\/\/canal7slp.tv\/2025\/eua-condena-a-el-menchito-a-cadena-perpetua-y-debera-pagar-seis-mil-mdd\/#primaryimage","url":"https:\/\/canal7slp.tv\/2025\/wp-content\/uploads\/2025\/03\/08-7.jpg","contentUrl":"https:\/\/canal7slp.tv\/2025\/wp-content\/uploads\/2025\/03\/08-7.jpg","width":888,"height":500},{"@type":"BreadcrumbList","@id":"https:\/\/canal7slp.tv\/2025\/eua-condena-a-el-menchito-a-cadena-perpetua-y-debera-pagar-seis-mil-mdd\/#breadcrumb","itemListElement":[{"@type":"ListItem","position":1,"name":"Portada","item":"https:\/\/canal7slp.tv\/2025\/"},{"@type":"ListItem","position":2,"name":"EUA condena a \u00abEl Menchito\u00bb a cadena perpetua y deber\u00e1 pagar seis mil mdd"}]},{"@type":"WebSite","@id":"https:\/\/canal7slp.tv\/2025\/#website","url":"https:\/\/canal7slp.tv\/2025\/","name":"N7 - Noticieros Canal 7","description":"Somos el Medio","publisher":{"@id":"https:\/\/canal7slp.tv\/2025\/#organization"},"potentialAction":[{"@type":"SearchAction","target":{"@type":"EntryPoint","urlTemplate":"https:\/\/canal7slp.tv\/2025\/?s={search_term_string}"},"query-input":{"@type":"PropertyValueSpecification","valueRequired":true,"valueName":"search_term_string"}}],"inLanguage":"es"},{"@type":"Organization","@id":"https:\/\/canal7slp.tv\/2025\/#organization","name":"Noticieros Canal 7","url":"https:\/\/canal7slp.tv\/2025\/","logo":{"@type":"ImageObject","inLanguage":"es","@id":"https:\/\/canal7slp.tv\/2025\/#\/schema\/logo\/image\/","url":"https:\/\/canal7slp.tv\/2025\/wp-content\/uploads\/2021\/01\/logo-noticieros@2x.png","contentUrl":"https:\/\/canal7slp.tv\/2025\/wp-content\/uploads\/2021\/01\/logo-noticieros@2x.png","width":1017,"height":268,"caption":"Noticieros Canal 7"},"image":{"@id":"https:\/\/canal7slp.tv\/2025\/#\/schema\/logo\/image\/"},"sameAs":["https:\/\/www.facebook.com\/noticieroscanal7atencionciudadana\/","https:\/\/x.com\/NOTICIEROS7","https:\/\/www.instagram.com\/canal7_slp","https:\/\/www.youtube.com\/channel\/UCliiYs-gP3JfJeqdPrNdd5A"]},{"@type":"Person","@id":"https:\/\/canal7slp.tv\/2025\/#\/schema\/person\/271e2b60a96e7cc9d9ac296f4d7e414b","name":"Edici\u00f3n Web","image":{"@type":"ImageObject","inLanguage":"es","@id":"https:\/\/secure.gravatar.com\/avatar\/eee448fc3f7164808013b816ba91ac7e43bbe82a70bebac296f8bc6f0addaa1a?s=96&d=mm&r=g","url":"https:\/\/secure.gravatar.com\/avatar\/eee448fc3f7164808013b816ba91ac7e43bbe82a70bebac296f8bc6f0addaa1a?s=96&d=mm&r=g","contentUrl":"https:\/\/secure.gravatar.com\/avatar\/eee448fc3f7164808013b816ba91ac7e43bbe82a70bebac296f8bc6f0addaa1a?s=96&d=mm&r=g","caption":"Edici\u00f3n Web"},"url":"https:\/\/canal7slp.tv\/2025\/author\/edicionweb\/"}]}},"_links":{"self":[{"href":"https:\/\/canal7slp.tv\/2025\/wp-json\/wp\/v2\/posts\/160351","targetHints":{"allow":["GET"]}}],"collection":[{"href":"https:\/\/canal7slp.tv\/2025\/wp-json\/wp\/v2\/posts"}],"about":[{"href":"https:\/\/canal7slp.tv\/2025\/wp-json\/wp\/v2\/types\/post"}],"author":[{"embeddable":true,"href":"https:\/\/canal7slp.tv\/2025\/wp-json\/wp\/v2\/users\/2"}],"replies":[{"embeddable":true,"href":"https:\/\/canal7slp.tv\/2025\/wp-json\/wp\/v2\/comments?post=160351"}],"version-history":[{"count":1,"href":"https:\/\/canal7slp.tv\/2025\/wp-json\/wp\/v2\/posts\/160351\/revisions"}],"predecessor-version":[{"id":160353,"href":"https:\/\/canal7slp.tv\/2025\/wp-json\/wp\/v2\/posts\/160351\/revisions\/160353"}],"wp:featuredmedia":[{"embeddable":true,"href":"https:\/\/canal7slp.tv\/2025\/wp-json\/wp\/v2\/media\/160352"}],"wp:attachment":[{"href":"https:\/\/canal7slp.tv\/2025\/wp-json\/wp\/v2\/media?parent=160351"}],"wp:term":[{"taxonomy":"category","embeddable":true,"href":"https:\/\/canal7slp.tv\/2025\/wp-json\/wp\/v2\/categories?post=160351"},{"taxonomy":"post_tag","embeddable":true,"href":"https:\/\/canal7slp.tv\/2025\/wp-json\/wp\/v2\/tags?post=160351"}],"curies":[{"name":"wp","href":"https:\/\/api.w.org\/{rel}","templated":true}]}}