{"id":160345,"date":"2025-03-08T12:30:29","date_gmt":"2025-03-08T18:30:29","guid":{"rendered":"https:\/\/canal7slp.tv\/2025\/?p=160345"},"modified":"2025-03-08T12:30:29","modified_gmt":"2025-03-08T18:30:29","slug":"oms-pide-no-olvidar-la-pandemia-de-covid-19-y-prepararse-para-nuevas-pandemias","status":"publish","type":"post","link":"https:\/\/canal7slp.tv\/2025\/oms-pide-no-olvidar-la-pandemia-de-covid-19-y-prepararse-para-nuevas-pandemias\/","title":{"rendered":"OMS pide no olvidar la pandemia de COVID-19 y prepararse para nuevas pandemias"},"content":{"rendered":"<p style=\"text-align: justify;\">Ginebra.- Cinco a\u00f1os despu\u00e9s de la pandemia de COVID-19, Maria Van Kerkhove, de la OMS, advierte sobre el riesgo de una \u00abamnesia colectiva\u00bb que podr\u00eda dificultar la preparaci\u00f3n para futuras pandemias. Aunque el virus sigue evolucionando, muchas personas prefieren olvidar lo ocurrido, lo que Van Kerkhove considera una falta de respeto hacia los aproximadamente 20 millones de fallecidos.<\/p>\n<p style=\"text-align: justify;\">Actualmente, se reportan unos 20 mil casos y menos de 600 muertes semanales, cifras mucho menores que en los picos de 2020 y 2021. Sin embargo, estos datos provienen de solo 30 pa\u00edses, lo que sugiere que podr\u00edan existir m\u00e1s casos y muertes no registradas.<\/p>\n<p style=\"text-align: justify;\">Van Kerkhove destac\u00f3 la importancia de aprender de los aciertos y errores de la pandemia, subrayando que \u00abno es cuesti\u00f3n de si habr\u00e1 otra pandemia, sino de cu\u00e1ndo\u00bb. Aunque se lograron avances, como el r\u00e1pido desarrollo de vacunas, persisten desaf\u00edos, como la falta de equidad en el acceso a tratamientos y vacunas. Desde 2021, los pa\u00edses miembros de la OMS negocian un tratado para mejorar la distribuci\u00f3n de recursos m\u00e9dicos, aunque enfrentan resistencia de naciones con grandes industrias farmac\u00e9uticas.<\/p>\n<p style=\"text-align: justify;\">Entre las amenazas futuras, Van Kerkhove mencion\u00f3 la gripe aviar (H5N1), otros coronavirus y arbovirus como el zika y el dengue. Recientemente, se detectaron casos de gripe aviar en ganado vacuno en EUA, lo que aumenta la preocupaci\u00f3n, especialmente tras la decisi\u00f3n del pa\u00eds de abandonar la OMS.<\/p>\n<p style=\"text-align: justify;\">Finalmente, Van Kerkhove inst\u00f3 a vacunar a los grupos de riesgo, ya que solo el 5% de las personas vulnerables han recibido la vacuna en 2024.<\/p>\n","protected":false},"excerpt":{"rendered":"<p>Ginebra.- Cinco a\u00f1os despu\u00e9s de la pandemia de COVID-19, Maria Van Kerkhove, de la OMS, advierte sobre el riesgo de una \u00abamnesia colectiva\u00bb que podr\u00eda dificultar la preparaci\u00f3n para futuras pandemias. Aunque el virus sigue evolucionando, muchas personas prefieren olvidar lo ocurrido, lo que Van Kerkhove considera una falta de respeto hacia los aproximadamente 20 millones de fallecidos. Actualmente, se reportan unos 20 mil casos y menos de 600 muertes semanales, cifras mucho menores que en los picos de 2020 y 2021. Sin embargo, estos datos provienen de solo 30 pa\u00edses, lo que sugiere que podr\u00edan existir m\u00e1s casos y [&hellip;]<\/p>\n","protected":false},"author":2,"featured_media":160346,"comment_status":"closed","ping_status":"closed","sticky":false,"template":"","format":"standard","meta":{"_monsterinsights_skip_tracking":false,"_monsterinsights_sitenote_active":false,"_monsterinsights_sitenote_note":"","_monsterinsights_sitenote_category":0,"footnotes":""},"categories":[4,44],"tags":[],"class_list":["post-160345","post","type-post","status-publish","format-standard","has-post-thumbnail","hentry","category-covid-19","category-internacional","post--single"],"yoast_head":"<!-- This site is optimized with the Yoast SEO plugin v27.5 - https:\/\/yoast.com\/product\/yoast-seo-wordpress\/ -->\n<title>OMS pide no olvidar la pandemia de COVID-19 y prepararse para nuevas pandemias - Canal 7 SLP - 2025<\/title>\n<meta name=\"robots\" content=\"index, follow, max-snippet:-1, max-image-preview:large, max-video-preview:-1\" \/>\n<link rel=\"canonical\" href=\"https:\/\/canal7slp.tv\/2025\/oms-pide-no-olvidar-la-pandemia-de-covid-19-y-prepararse-para-nuevas-pandemias\/\" \/>\n<meta property=\"og:locale\" content=\"es_ES\" \/>\n<meta property=\"og:type\" content=\"article\" \/>\n<meta property=\"og:title\" content=\"OMS pide no olvidar la pandemia de COVID-19 y prepararse para nuevas pandemias - Canal 7 SLP - 2025\" \/>\n<meta property=\"og:description\" content=\"Ginebra.- Cinco a\u00f1os despu\u00e9s de la pandemia de COVID-19, Maria Van Kerkhove, de la OMS, advierte sobre el riesgo de una \u00abamnesia colectiva\u00bb que podr\u00eda dificultar la preparaci\u00f3n para futuras pandemias. Aunque el virus sigue evolucionando, muchas personas prefieren olvidar lo ocurrido, lo que Van Kerkhove considera una falta de respeto hacia los aproximadamente 20 millones de fallecidos. Actualmente, se reportan unos 20 mil casos y menos de 600 muertes semanales, cifras mucho menores que en los picos de 2020 y 2021. Sin embargo, estos datos provienen de solo 30 pa\u00edses, lo que sugiere que podr\u00edan existir m\u00e1s casos y [&hellip;]\" \/>\n<meta property=\"og:url\" content=\"https:\/\/canal7slp.tv\/2025\/oms-pide-no-olvidar-la-pandemia-de-covid-19-y-prepararse-para-nuevas-pandemias\/\" \/>\n<meta property=\"og:site_name\" content=\"Canal 7 SLP - 2025\" \/>\n<meta property=\"article:publisher\" content=\"https:\/\/www.facebook.com\/noticieroscanal7atencionciudadana\/\" \/>\n<meta property=\"article:published_time\" content=\"2025-03-08T18:30:29+00:00\" \/>\n<meta property=\"og:image\" content=\"https:\/\/canal7slp.tv\/2025\/wp-content\/uploads\/2025\/03\/06-7.jpg\" \/>\n\t<meta property=\"og:image:width\" content=\"815\" \/>\n\t<meta property=\"og:image:height\" content=\"500\" \/>\n\t<meta property=\"og:image:type\" content=\"image\/jpeg\" \/>\n<meta name=\"author\" content=\"Edici\u00f3n Web\" \/>\n<meta name=\"twitter:card\" content=\"summary_large_image\" \/>\n<meta name=\"twitter:creator\" content=\"@NOTICIEROS7\" \/>\n<meta name=\"twitter:site\" content=\"@NOTICIEROS7\" \/>\n<meta name=\"twitter:label1\" content=\"Escrito por\" \/>\n\t<meta name=\"twitter:data1\" content=\"Edici\u00f3n Web\" \/>\n\t<meta name=\"twitter:label2\" content=\"Tiempo de lectura\" \/>\n\t<meta name=\"twitter:data2\" content=\"2 minutos\" \/>\n<script type=\"application\/ld+json\" class=\"yoast-schema-graph\">{\"@context\":\"https:\\\/\\\/schema.org\",\"@graph\":[{\"@type\":\"Article\",\"@id\":\"https:\\\/\\\/canal7slp.tv\\\/2025\\\/oms-pide-no-olvidar-la-pandemia-de-covid-19-y-prepararse-para-nuevas-pandemias\\\/#article\",\"isPartOf\":{\"@id\":\"https:\\\/\\\/canal7slp.tv\\\/2025\\\/oms-pide-no-olvidar-la-pandemia-de-covid-19-y-prepararse-para-nuevas-pandemias\\\/\"},\"author\":{\"name\":\"Edici\u00f3n Web\",\"@id\":\"https:\\\/\\\/canal7slp.tv\\\/2025\\\/#\\\/schema\\\/person\\\/271e2b60a96e7cc9d9ac296f4d7e414b\"},\"headline\":\"OMS pide no olvidar la pandemia de COVID-19 y prepararse para nuevas pandemias\",\"datePublished\":\"2025-03-08T18:30:29+00:00\",\"mainEntityOfPage\":{\"@id\":\"https:\\\/\\\/canal7slp.tv\\\/2025\\\/oms-pide-no-olvidar-la-pandemia-de-covid-19-y-prepararse-para-nuevas-pandemias\\\/\"},\"wordCount\":280,\"publisher\":{\"@id\":\"https:\\\/\\\/canal7slp.tv\\\/2025\\\/#organization\"},\"image\":{\"@id\":\"https:\\\/\\\/canal7slp.tv\\\/2025\\\/oms-pide-no-olvidar-la-pandemia-de-covid-19-y-prepararse-para-nuevas-pandemias\\\/#primaryimage\"},\"thumbnailUrl\":\"https:\\\/\\\/canal7slp.tv\\\/2025\\\/wp-content\\\/uploads\\\/2025\\\/03\\\/06-7.jpg\",\"articleSection\":[\"COVID-19\",\"INTERNACIONALES\"],\"inLanguage\":\"es\"},{\"@type\":\"WebPage\",\"@id\":\"https:\\\/\\\/canal7slp.tv\\\/2025\\\/oms-pide-no-olvidar-la-pandemia-de-covid-19-y-prepararse-para-nuevas-pandemias\\\/\",\"url\":\"https:\\\/\\\/canal7slp.tv\\\/2025\\\/oms-pide-no-olvidar-la-pandemia-de-covid-19-y-prepararse-para-nuevas-pandemias\\\/\",\"name\":\"OMS pide no olvidar la pandemia de COVID-19 y prepararse para nuevas pandemias - Canal 7 SLP - 2025\",\"isPartOf\":{\"@id\":\"https:\\\/\\\/canal7slp.tv\\\/2025\\\/#website\"},\"primaryImageOfPage\":{\"@id\":\"https:\\\/\\\/canal7slp.tv\\\/2025\\\/oms-pide-no-olvidar-la-pandemia-de-covid-19-y-prepararse-para-nuevas-pandemias\\\/#primaryimage\"},\"image\":{\"@id\":\"https:\\\/\\\/canal7slp.tv\\\/2025\\\/oms-pide-no-olvidar-la-pandemia-de-covid-19-y-prepararse-para-nuevas-pandemias\\\/#primaryimage\"},\"thumbnailUrl\":\"https:\\\/\\\/canal7slp.tv\\\/2025\\\/wp-content\\\/uploads\\\/2025\\\/03\\\/06-7.jpg\",\"datePublished\":\"2025-03-08T18:30:29+00:00\",\"breadcrumb\":{\"@id\":\"https:\\\/\\\/canal7slp.tv\\\/2025\\\/oms-pide-no-olvidar-la-pandemia-de-covid-19-y-prepararse-para-nuevas-pandemias\\\/#breadcrumb\"},\"inLanguage\":\"es\",\"potentialAction\":[{\"@type\":\"ReadAction\",\"target\":[\"https:\\\/\\\/canal7slp.tv\\\/2025\\\/oms-pide-no-olvidar-la-pandemia-de-covid-19-y-prepararse-para-nuevas-pandemias\\\/\"]}]},{\"@type\":\"ImageObject\",\"inLanguage\":\"es\",\"@id\":\"https:\\\/\\\/canal7slp.tv\\\/2025\\\/oms-pide-no-olvidar-la-pandemia-de-covid-19-y-prepararse-para-nuevas-pandemias\\\/#primaryimage\",\"url\":\"https:\\\/\\\/canal7slp.tv\\\/2025\\\/wp-content\\\/uploads\\\/2025\\\/03\\\/06-7.jpg\",\"contentUrl\":\"https:\\\/\\\/canal7slp.tv\\\/2025\\\/wp-content\\\/uploads\\\/2025\\\/03\\\/06-7.jpg\",\"width\":815,\"height\":500},{\"@type\":\"BreadcrumbList\",\"@id\":\"https:\\\/\\\/canal7slp.tv\\\/2025\\\/oms-pide-no-olvidar-la-pandemia-de-covid-19-y-prepararse-para-nuevas-pandemias\\\/#breadcrumb\",\"itemListElement\":[{\"@type\":\"ListItem\",\"position\":1,\"name\":\"Portada\",\"item\":\"https:\\\/\\\/canal7slp.tv\\\/2025\\\/\"},{\"@type\":\"ListItem\",\"position\":2,\"name\":\"OMS pide no olvidar la pandemia de COVID-19 y prepararse para nuevas pandemias\"}]},{\"@type\":\"WebSite\",\"@id\":\"https:\\\/\\\/canal7slp.tv\\\/2025\\\/#website\",\"url\":\"https:\\\/\\\/canal7slp.tv\\\/2025\\\/\",\"name\":\"N7 - Noticieros Canal 7\",\"description\":\"Somos el Medio\",\"publisher\":{\"@id\":\"https:\\\/\\\/canal7slp.tv\\\/2025\\\/#organization\"},\"potentialAction\":[{\"@type\":\"SearchAction\",\"target\":{\"@type\":\"EntryPoint\",\"urlTemplate\":\"https:\\\/\\\/canal7slp.tv\\\/2025\\\/?s={search_term_string}\"},\"query-input\":{\"@type\":\"PropertyValueSpecification\",\"valueRequired\":true,\"valueName\":\"search_term_string\"}}],\"inLanguage\":\"es\"},{\"@type\":\"Organization\",\"@id\":\"https:\\\/\\\/canal7slp.tv\\\/2025\\\/#organization\",\"name\":\"Noticieros Canal 7\",\"url\":\"https:\\\/\\\/canal7slp.tv\\\/2025\\\/\",\"logo\":{\"@type\":\"ImageObject\",\"inLanguage\":\"es\",\"@id\":\"https:\\\/\\\/canal7slp.tv\\\/2025\\\/#\\\/schema\\\/logo\\\/image\\\/\",\"url\":\"https:\\\/\\\/canal7slp.tv\\\/2025\\\/wp-content\\\/uploads\\\/2021\\\/01\\\/logo-noticieros@2x.png\",\"contentUrl\":\"https:\\\/\\\/canal7slp.tv\\\/2025\\\/wp-content\\\/uploads\\\/2021\\\/01\\\/logo-noticieros@2x.png\",\"width\":1017,\"height\":268,\"caption\":\"Noticieros Canal 7\"},\"image\":{\"@id\":\"https:\\\/\\\/canal7slp.tv\\\/2025\\\/#\\\/schema\\\/logo\\\/image\\\/\"},\"sameAs\":[\"https:\\\/\\\/www.facebook.com\\\/noticieroscanal7atencionciudadana\\\/\",\"https:\\\/\\\/x.com\\\/NOTICIEROS7\",\"https:\\\/\\\/www.instagram.com\\\/canal7_slp\",\"https:\\\/\\\/www.youtube.com\\\/channel\\\/UCliiYs-gP3JfJeqdPrNdd5A\"]},{\"@type\":\"Person\",\"@id\":\"https:\\\/\\\/canal7slp.tv\\\/2025\\\/#\\\/schema\\\/person\\\/271e2b60a96e7cc9d9ac296f4d7e414b\",\"name\":\"Edici\u00f3n Web\",\"image\":{\"@type\":\"ImageObject\",\"inLanguage\":\"es\",\"@id\":\"https:\\\/\\\/secure.gravatar.com\\\/avatar\\\/eee448fc3f7164808013b816ba91ac7e43bbe82a70bebac296f8bc6f0addaa1a?s=96&d=mm&r=g\",\"url\":\"https:\\\/\\\/secure.gravatar.com\\\/avatar\\\/eee448fc3f7164808013b816ba91ac7e43bbe82a70bebac296f8bc6f0addaa1a?s=96&d=mm&r=g\",\"contentUrl\":\"https:\\\/\\\/secure.gravatar.com\\\/avatar\\\/eee448fc3f7164808013b816ba91ac7e43bbe82a70bebac296f8bc6f0addaa1a?s=96&d=mm&r=g\",\"caption\":\"Edici\u00f3n Web\"},\"url\":\"https:\\\/\\\/canal7slp.tv\\\/2025\\\/author\\\/edicionweb\\\/\"}]}<\/script>\n<!-- \/ Yoast SEO plugin. -->","yoast_head_json":{"title":"OMS pide no olvidar la pandemia de COVID-19 y prepararse para nuevas pandemias - Canal 7 SLP - 2025","robots":{"index":"index","follow":"follow","max-snippet":"max-snippet:-1","max-image-preview":"max-image-preview:large","max-video-preview":"max-video-preview:-1"},"canonical":"https:\/\/canal7slp.tv\/2025\/oms-pide-no-olvidar-la-pandemia-de-covid-19-y-prepararse-para-nuevas-pandemias\/","og_locale":"es_ES","og_type":"article","og_title":"OMS pide no olvidar la pandemia de COVID-19 y prepararse para nuevas pandemias - Canal 7 SLP - 2025","og_description":"Ginebra.- Cinco a\u00f1os despu\u00e9s de la pandemia de COVID-19, Maria Van Kerkhove, de la OMS, advierte sobre el riesgo de una \u00abamnesia colectiva\u00bb que podr\u00eda dificultar la preparaci\u00f3n para futuras pandemias. Aunque el virus sigue evolucionando, muchas personas prefieren olvidar lo ocurrido, lo que Van Kerkhove considera una falta de respeto hacia los aproximadamente 20 millones de fallecidos. Actualmente, se reportan unos 20 mil casos y menos de 600 muertes semanales, cifras mucho menores que en los picos de 2020 y 2021. Sin embargo, estos datos provienen de solo 30 pa\u00edses, lo que sugiere que podr\u00edan existir m\u00e1s casos y [&hellip;]","og_url":"https:\/\/canal7slp.tv\/2025\/oms-pide-no-olvidar-la-pandemia-de-covid-19-y-prepararse-para-nuevas-pandemias\/","og_site_name":"Canal 7 SLP - 2025","article_publisher":"https:\/\/www.facebook.com\/noticieroscanal7atencionciudadana\/","article_published_time":"2025-03-08T18:30:29+00:00","og_image":[{"width":815,"height":500,"url":"https:\/\/canal7slp.tv\/2025\/wp-content\/uploads\/2025\/03\/06-7.jpg","type":"image\/jpeg"}],"author":"Edici\u00f3n Web","twitter_card":"summary_large_image","twitter_creator":"@NOTICIEROS7","twitter_site":"@NOTICIEROS7","twitter_misc":{"Escrito por":"Edici\u00f3n Web","Tiempo de lectura":"2 minutos"},"schema":{"@context":"https:\/\/schema.org","@graph":[{"@type":"Article","@id":"https:\/\/canal7slp.tv\/2025\/oms-pide-no-olvidar-la-pandemia-de-covid-19-y-prepararse-para-nuevas-pandemias\/#article","isPartOf":{"@id":"https:\/\/canal7slp.tv\/2025\/oms-pide-no-olvidar-la-pandemia-de-covid-19-y-prepararse-para-nuevas-pandemias\/"},"author":{"name":"Edici\u00f3n Web","@id":"https:\/\/canal7slp.tv\/2025\/#\/schema\/person\/271e2b60a96e7cc9d9ac296f4d7e414b"},"headline":"OMS pide no olvidar la pandemia de COVID-19 y prepararse para nuevas pandemias","datePublished":"2025-03-08T18:30:29+00:00","mainEntityOfPage":{"@id":"https:\/\/canal7slp.tv\/2025\/oms-pide-no-olvidar-la-pandemia-de-covid-19-y-prepararse-para-nuevas-pandemias\/"},"wordCount":280,"publisher":{"@id":"https:\/\/canal7slp.tv\/2025\/#organization"},"image":{"@id":"https:\/\/canal7slp.tv\/2025\/oms-pide-no-olvidar-la-pandemia-de-covid-19-y-prepararse-para-nuevas-pandemias\/#primaryimage"},"thumbnailUrl":"https:\/\/canal7slp.tv\/2025\/wp-content\/uploads\/2025\/03\/06-7.jpg","articleSection":["COVID-19","INTERNACIONALES"],"inLanguage":"es"},{"@type":"WebPage","@id":"https:\/\/canal7slp.tv\/2025\/oms-pide-no-olvidar-la-pandemia-de-covid-19-y-prepararse-para-nuevas-pandemias\/","url":"https:\/\/canal7slp.tv\/2025\/oms-pide-no-olvidar-la-pandemia-de-covid-19-y-prepararse-para-nuevas-pandemias\/","name":"OMS pide no olvidar la pandemia de COVID-19 y prepararse para nuevas pandemias - Canal 7 SLP - 2025","isPartOf":{"@id":"https:\/\/canal7slp.tv\/2025\/#website"},"primaryImageOfPage":{"@id":"https:\/\/canal7slp.tv\/2025\/oms-pide-no-olvidar-la-pandemia-de-covid-19-y-prepararse-para-nuevas-pandemias\/#primaryimage"},"image":{"@id":"https:\/\/canal7slp.tv\/2025\/oms-pide-no-olvidar-la-pandemia-de-covid-19-y-prepararse-para-nuevas-pandemias\/#primaryimage"},"thumbnailUrl":"https:\/\/canal7slp.tv\/2025\/wp-content\/uploads\/2025\/03\/06-7.jpg","datePublished":"2025-03-08T18:30:29+00:00","breadcrumb":{"@id":"https:\/\/canal7slp.tv\/2025\/oms-pide-no-olvidar-la-pandemia-de-covid-19-y-prepararse-para-nuevas-pandemias\/#breadcrumb"},"inLanguage":"es","potentialAction":[{"@type":"ReadAction","target":["https:\/\/canal7slp.tv\/2025\/oms-pide-no-olvidar-la-pandemia-de-covid-19-y-prepararse-para-nuevas-pandemias\/"]}]},{"@type":"ImageObject","inLanguage":"es","@id":"https:\/\/canal7slp.tv\/2025\/oms-pide-no-olvidar-la-pandemia-de-covid-19-y-prepararse-para-nuevas-pandemias\/#primaryimage","url":"https:\/\/canal7slp.tv\/2025\/wp-content\/uploads\/2025\/03\/06-7.jpg","contentUrl":"https:\/\/canal7slp.tv\/2025\/wp-content\/uploads\/2025\/03\/06-7.jpg","width":815,"height":500},{"@type":"BreadcrumbList","@id":"https:\/\/canal7slp.tv\/2025\/oms-pide-no-olvidar-la-pandemia-de-covid-19-y-prepararse-para-nuevas-pandemias\/#breadcrumb","itemListElement":[{"@type":"ListItem","position":1,"name":"Portada","item":"https:\/\/canal7slp.tv\/2025\/"},{"@type":"ListItem","position":2,"name":"OMS pide no olvidar la pandemia de COVID-19 y prepararse para nuevas pandemias"}]},{"@type":"WebSite","@id":"https:\/\/canal7slp.tv\/2025\/#website","url":"https:\/\/canal7slp.tv\/2025\/","name":"N7 - Noticieros Canal 7","description":"Somos el Medio","publisher":{"@id":"https:\/\/canal7slp.tv\/2025\/#organization"},"potentialAction":[{"@type":"SearchAction","target":{"@type":"EntryPoint","urlTemplate":"https:\/\/canal7slp.tv\/2025\/?s={search_term_string}"},"query-input":{"@type":"PropertyValueSpecification","valueRequired":true,"valueName":"search_term_string"}}],"inLanguage":"es"},{"@type":"Organization","@id":"https:\/\/canal7slp.tv\/2025\/#organization","name":"Noticieros Canal 7","url":"https:\/\/canal7slp.tv\/2025\/","logo":{"@type":"ImageObject","inLanguage":"es","@id":"https:\/\/canal7slp.tv\/2025\/#\/schema\/logo\/image\/","url":"https:\/\/canal7slp.tv\/2025\/wp-content\/uploads\/2021\/01\/logo-noticieros@2x.png","contentUrl":"https:\/\/canal7slp.tv\/2025\/wp-content\/uploads\/2021\/01\/logo-noticieros@2x.png","width":1017,"height":268,"caption":"Noticieros Canal 7"},"image":{"@id":"https:\/\/canal7slp.tv\/2025\/#\/schema\/logo\/image\/"},"sameAs":["https:\/\/www.facebook.com\/noticieroscanal7atencionciudadana\/","https:\/\/x.com\/NOTICIEROS7","https:\/\/www.instagram.com\/canal7_slp","https:\/\/www.youtube.com\/channel\/UCliiYs-gP3JfJeqdPrNdd5A"]},{"@type":"Person","@id":"https:\/\/canal7slp.tv\/2025\/#\/schema\/person\/271e2b60a96e7cc9d9ac296f4d7e414b","name":"Edici\u00f3n Web","image":{"@type":"ImageObject","inLanguage":"es","@id":"https:\/\/secure.gravatar.com\/avatar\/eee448fc3f7164808013b816ba91ac7e43bbe82a70bebac296f8bc6f0addaa1a?s=96&d=mm&r=g","url":"https:\/\/secure.gravatar.com\/avatar\/eee448fc3f7164808013b816ba91ac7e43bbe82a70bebac296f8bc6f0addaa1a?s=96&d=mm&r=g","contentUrl":"https:\/\/secure.gravatar.com\/avatar\/eee448fc3f7164808013b816ba91ac7e43bbe82a70bebac296f8bc6f0addaa1a?s=96&d=mm&r=g","caption":"Edici\u00f3n Web"},"url":"https:\/\/canal7slp.tv\/2025\/author\/edicionweb\/"}]}},"_links":{"self":[{"href":"https:\/\/canal7slp.tv\/2025\/wp-json\/wp\/v2\/posts\/160345","targetHints":{"allow":["GET"]}}],"collection":[{"href":"https:\/\/canal7slp.tv\/2025\/wp-json\/wp\/v2\/posts"}],"about":[{"href":"https:\/\/canal7slp.tv\/2025\/wp-json\/wp\/v2\/types\/post"}],"author":[{"embeddable":true,"href":"https:\/\/canal7slp.tv\/2025\/wp-json\/wp\/v2\/users\/2"}],"replies":[{"embeddable":true,"href":"https:\/\/canal7slp.tv\/2025\/wp-json\/wp\/v2\/comments?post=160345"}],"version-history":[{"count":1,"href":"https:\/\/canal7slp.tv\/2025\/wp-json\/wp\/v2\/posts\/160345\/revisions"}],"predecessor-version":[{"id":160347,"href":"https:\/\/canal7slp.tv\/2025\/wp-json\/wp\/v2\/posts\/160345\/revisions\/160347"}],"wp:featuredmedia":[{"embeddable":true,"href":"https:\/\/canal7slp.tv\/2025\/wp-json\/wp\/v2\/media\/160346"}],"wp:attachment":[{"href":"https:\/\/canal7slp.tv\/2025\/wp-json\/wp\/v2\/media?parent=160345"}],"wp:term":[{"taxonomy":"category","embeddable":true,"href":"https:\/\/canal7slp.tv\/2025\/wp-json\/wp\/v2\/categories?post=160345"},{"taxonomy":"post_tag","embeddable":true,"href":"https:\/\/canal7slp.tv\/2025\/wp-json\/wp\/v2\/tags?post=160345"}],"curies":[{"name":"wp","href":"https:\/\/api.w.org\/{rel}","templated":true}]}}