{"id":160335,"date":"2025-03-08T10:42:41","date_gmt":"2025-03-08T16:42:41","guid":{"rendered":"https:\/\/canal7slp.tv\/2025\/?p=160335"},"modified":"2025-03-08T10:42:41","modified_gmt":"2025-03-08T16:42:41","slug":"elon-musk-y-marco-rubio-chocan-en-la-casa-blanca-por-recortes-de-personal","status":"publish","type":"post","link":"https:\/\/canal7slp.tv\/2025\/elon-musk-y-marco-rubio-chocan-en-la-casa-blanca-por-recortes-de-personal\/","title":{"rendered":"Elon Musk y Marco Rubio chocan en la Casa Blanca por recortes de personal"},"content":{"rendered":"<p style=\"text-align: justify;\">\n<p style=\"text-align: justify;\">EUA.- Durante una reuni\u00f3n del gabinete, el secretario de Estado de EUA, Marco Rubio, y Elon Musk discutieron sobre los recortes de personal en el gobierno, bajo la supervisi\u00f3n del presidente Donald Trump. Seg\u00fan el\u00a0New York Times, Musk, encargado de reducir la burocracia federal, critic\u00f3 a Rubio por no haber despedido a empleados y por resistirse a implementar grandes reducciones de personal.<\/p>\n<p style=\"text-align: justify;\">Rubio respondi\u00f3 que mil 500 empleados del Departamento de Estado hab\u00edan optado por la jubilaci\u00f3n anticipada, preguntando sarc\u00e1sticamente si Musk quer\u00eda que los recontratara solo para despedirlos.<\/p>\n<p style=\"text-align: justify;\">La reuni\u00f3n se convoc\u00f3 tras quejas de jefes de agencia sobre el enfoque agresivo de Musk, lo que ha generado malestar entre congresistas republicanos y sus electores.<\/p>\n<p style=\"text-align: justify;\">Por su parte, el presidente Donald Trump neg\u00f3 que hubiera tensi\u00f3n, afirmando que tanto Rubio como Musk hac\u00edan un trabajo excepcional y que se llevaban bien.<\/p>\n<p style=\"text-align: justify;\">\n","protected":false},"excerpt":{"rendered":"<p>EUA.- Durante una reuni\u00f3n del gabinete, el secretario de Estado de EUA, Marco Rubio, y Elon Musk discutieron sobre los recortes de personal en el gobierno, bajo la supervisi\u00f3n del presidente Donald Trump. Seg\u00fan el\u00a0New York Times, Musk, encargado de reducir la burocracia federal, critic\u00f3 a Rubio por no haber despedido a empleados y por resistirse a implementar grandes reducciones de personal. Rubio respondi\u00f3 que mil 500 empleados del Departamento de Estado hab\u00edan optado por la jubilaci\u00f3n anticipada, preguntando sarc\u00e1sticamente si Musk quer\u00eda que los recontratara solo para despedirlos. La reuni\u00f3n se convoc\u00f3 tras quejas de jefes de agencia sobre [&hellip;]<\/p>\n","protected":false},"author":2,"featured_media":160336,"comment_status":"closed","ping_status":"closed","sticky":false,"template":"","format":"standard","meta":{"_monsterinsights_skip_tracking":false,"_monsterinsights_sitenote_active":false,"_monsterinsights_sitenote_note":"","_monsterinsights_sitenote_category":0,"footnotes":""},"categories":[44],"tags":[],"class_list":["post-160335","post","type-post","status-publish","format-standard","has-post-thumbnail","hentry","category-internacional","post--single"],"yoast_head":"<!-- This site is optimized with the Yoast SEO plugin v27.5 - https:\/\/yoast.com\/product\/yoast-seo-wordpress\/ -->\n<title>Elon Musk y Marco Rubio chocan en la Casa Blanca por recortes de personal - Canal 7 SLP - 2025<\/title>\n<meta name=\"robots\" content=\"index, follow, max-snippet:-1, max-image-preview:large, max-video-preview:-1\" \/>\n<link rel=\"canonical\" href=\"https:\/\/canal7slp.tv\/2025\/elon-musk-y-marco-rubio-chocan-en-la-casa-blanca-por-recortes-de-personal\/\" \/>\n<meta property=\"og:locale\" content=\"es_ES\" \/>\n<meta property=\"og:type\" content=\"article\" \/>\n<meta property=\"og:title\" content=\"Elon Musk y Marco Rubio chocan en la Casa Blanca por recortes de personal - Canal 7 SLP - 2025\" \/>\n<meta property=\"og:description\" content=\"EUA.- Durante una reuni\u00f3n del gabinete, el secretario de Estado de EUA, Marco Rubio, y Elon Musk discutieron sobre los recortes de personal en el gobierno, bajo la supervisi\u00f3n del presidente Donald Trump. Seg\u00fan el\u00a0New York Times, Musk, encargado de reducir la burocracia federal, critic\u00f3 a Rubio por no haber despedido a empleados y por resistirse a implementar grandes reducciones de personal. Rubio respondi\u00f3 que mil 500 empleados del Departamento de Estado hab\u00edan optado por la jubilaci\u00f3n anticipada, preguntando sarc\u00e1sticamente si Musk quer\u00eda que los recontratara solo para despedirlos. La reuni\u00f3n se convoc\u00f3 tras quejas de jefes de agencia sobre [&hellip;]\" \/>\n<meta property=\"og:url\" content=\"https:\/\/canal7slp.tv\/2025\/elon-musk-y-marco-rubio-chocan-en-la-casa-blanca-por-recortes-de-personal\/\" \/>\n<meta property=\"og:site_name\" content=\"Canal 7 SLP - 2025\" \/>\n<meta property=\"article:publisher\" content=\"https:\/\/www.facebook.com\/noticieroscanal7atencionciudadana\/\" \/>\n<meta property=\"article:published_time\" content=\"2025-03-08T16:42:41+00:00\" \/>\n<meta property=\"og:image\" content=\"https:\/\/canal7slp.tv\/2025\/wp-content\/uploads\/2025\/03\/04-7.jpg\" \/>\n\t<meta property=\"og:image:width\" content=\"888\" \/>\n\t<meta property=\"og:image:height\" content=\"500\" \/>\n\t<meta property=\"og:image:type\" content=\"image\/jpeg\" \/>\n<meta name=\"author\" content=\"Edici\u00f3n Web\" \/>\n<meta name=\"twitter:card\" content=\"summary_large_image\" \/>\n<meta name=\"twitter:creator\" content=\"@NOTICIEROS7\" \/>\n<meta name=\"twitter:site\" content=\"@NOTICIEROS7\" \/>\n<meta name=\"twitter:label1\" content=\"Escrito por\" \/>\n\t<meta name=\"twitter:data1\" content=\"Edici\u00f3n Web\" \/>\n\t<meta name=\"twitter:label2\" content=\"Tiempo de lectura\" \/>\n\t<meta name=\"twitter:data2\" content=\"1 minuto\" \/>\n<script type=\"application\/ld+json\" class=\"yoast-schema-graph\">{\"@context\":\"https:\\\/\\\/schema.org\",\"@graph\":[{\"@type\":\"Article\",\"@id\":\"https:\\\/\\\/canal7slp.tv\\\/2025\\\/elon-musk-y-marco-rubio-chocan-en-la-casa-blanca-por-recortes-de-personal\\\/#article\",\"isPartOf\":{\"@id\":\"https:\\\/\\\/canal7slp.tv\\\/2025\\\/elon-musk-y-marco-rubio-chocan-en-la-casa-blanca-por-recortes-de-personal\\\/\"},\"author\":{\"name\":\"Edici\u00f3n Web\",\"@id\":\"https:\\\/\\\/canal7slp.tv\\\/2025\\\/#\\\/schema\\\/person\\\/271e2b60a96e7cc9d9ac296f4d7e414b\"},\"headline\":\"Elon Musk y Marco Rubio chocan en la Casa Blanca por recortes de personal\",\"datePublished\":\"2025-03-08T16:42:41+00:00\",\"mainEntityOfPage\":{\"@id\":\"https:\\\/\\\/canal7slp.tv\\\/2025\\\/elon-musk-y-marco-rubio-chocan-en-la-casa-blanca-por-recortes-de-personal\\\/\"},\"wordCount\":167,\"publisher\":{\"@id\":\"https:\\\/\\\/canal7slp.tv\\\/2025\\\/#organization\"},\"image\":{\"@id\":\"https:\\\/\\\/canal7slp.tv\\\/2025\\\/elon-musk-y-marco-rubio-chocan-en-la-casa-blanca-por-recortes-de-personal\\\/#primaryimage\"},\"thumbnailUrl\":\"https:\\\/\\\/canal7slp.tv\\\/2025\\\/wp-content\\\/uploads\\\/2025\\\/03\\\/04-7.jpg\",\"articleSection\":[\"INTERNACIONALES\"],\"inLanguage\":\"es\"},{\"@type\":\"WebPage\",\"@id\":\"https:\\\/\\\/canal7slp.tv\\\/2025\\\/elon-musk-y-marco-rubio-chocan-en-la-casa-blanca-por-recortes-de-personal\\\/\",\"url\":\"https:\\\/\\\/canal7slp.tv\\\/2025\\\/elon-musk-y-marco-rubio-chocan-en-la-casa-blanca-por-recortes-de-personal\\\/\",\"name\":\"Elon Musk y Marco Rubio chocan en la Casa Blanca por recortes de personal - Canal 7 SLP - 2025\",\"isPartOf\":{\"@id\":\"https:\\\/\\\/canal7slp.tv\\\/2025\\\/#website\"},\"primaryImageOfPage\":{\"@id\":\"https:\\\/\\\/canal7slp.tv\\\/2025\\\/elon-musk-y-marco-rubio-chocan-en-la-casa-blanca-por-recortes-de-personal\\\/#primaryimage\"},\"image\":{\"@id\":\"https:\\\/\\\/canal7slp.tv\\\/2025\\\/elon-musk-y-marco-rubio-chocan-en-la-casa-blanca-por-recortes-de-personal\\\/#primaryimage\"},\"thumbnailUrl\":\"https:\\\/\\\/canal7slp.tv\\\/2025\\\/wp-content\\\/uploads\\\/2025\\\/03\\\/04-7.jpg\",\"datePublished\":\"2025-03-08T16:42:41+00:00\",\"breadcrumb\":{\"@id\":\"https:\\\/\\\/canal7slp.tv\\\/2025\\\/elon-musk-y-marco-rubio-chocan-en-la-casa-blanca-por-recortes-de-personal\\\/#breadcrumb\"},\"inLanguage\":\"es\",\"potentialAction\":[{\"@type\":\"ReadAction\",\"target\":[\"https:\\\/\\\/canal7slp.tv\\\/2025\\\/elon-musk-y-marco-rubio-chocan-en-la-casa-blanca-por-recortes-de-personal\\\/\"]}]},{\"@type\":\"ImageObject\",\"inLanguage\":\"es\",\"@id\":\"https:\\\/\\\/canal7slp.tv\\\/2025\\\/elon-musk-y-marco-rubio-chocan-en-la-casa-blanca-por-recortes-de-personal\\\/#primaryimage\",\"url\":\"https:\\\/\\\/canal7slp.tv\\\/2025\\\/wp-content\\\/uploads\\\/2025\\\/03\\\/04-7.jpg\",\"contentUrl\":\"https:\\\/\\\/canal7slp.tv\\\/2025\\\/wp-content\\\/uploads\\\/2025\\\/03\\\/04-7.jpg\",\"width\":888,\"height\":500},{\"@type\":\"BreadcrumbList\",\"@id\":\"https:\\\/\\\/canal7slp.tv\\\/2025\\\/elon-musk-y-marco-rubio-chocan-en-la-casa-blanca-por-recortes-de-personal\\\/#breadcrumb\",\"itemListElement\":[{\"@type\":\"ListItem\",\"position\":1,\"name\":\"Portada\",\"item\":\"https:\\\/\\\/canal7slp.tv\\\/2025\\\/\"},{\"@type\":\"ListItem\",\"position\":2,\"name\":\"Elon Musk y Marco Rubio chocan en la Casa Blanca por recortes de personal\"}]},{\"@type\":\"WebSite\",\"@id\":\"https:\\\/\\\/canal7slp.tv\\\/2025\\\/#website\",\"url\":\"https:\\\/\\\/canal7slp.tv\\\/2025\\\/\",\"name\":\"N7 - Noticieros Canal 7\",\"description\":\"Somos el Medio\",\"publisher\":{\"@id\":\"https:\\\/\\\/canal7slp.tv\\\/2025\\\/#organization\"},\"potentialAction\":[{\"@type\":\"SearchAction\",\"target\":{\"@type\":\"EntryPoint\",\"urlTemplate\":\"https:\\\/\\\/canal7slp.tv\\\/2025\\\/?s={search_term_string}\"},\"query-input\":{\"@type\":\"PropertyValueSpecification\",\"valueRequired\":true,\"valueName\":\"search_term_string\"}}],\"inLanguage\":\"es\"},{\"@type\":\"Organization\",\"@id\":\"https:\\\/\\\/canal7slp.tv\\\/2025\\\/#organization\",\"name\":\"Noticieros Canal 7\",\"url\":\"https:\\\/\\\/canal7slp.tv\\\/2025\\\/\",\"logo\":{\"@type\":\"ImageObject\",\"inLanguage\":\"es\",\"@id\":\"https:\\\/\\\/canal7slp.tv\\\/2025\\\/#\\\/schema\\\/logo\\\/image\\\/\",\"url\":\"https:\\\/\\\/canal7slp.tv\\\/2025\\\/wp-content\\\/uploads\\\/2021\\\/01\\\/logo-noticieros@2x.png\",\"contentUrl\":\"https:\\\/\\\/canal7slp.tv\\\/2025\\\/wp-content\\\/uploads\\\/2021\\\/01\\\/logo-noticieros@2x.png\",\"width\":1017,\"height\":268,\"caption\":\"Noticieros Canal 7\"},\"image\":{\"@id\":\"https:\\\/\\\/canal7slp.tv\\\/2025\\\/#\\\/schema\\\/logo\\\/image\\\/\"},\"sameAs\":[\"https:\\\/\\\/www.facebook.com\\\/noticieroscanal7atencionciudadana\\\/\",\"https:\\\/\\\/x.com\\\/NOTICIEROS7\",\"https:\\\/\\\/www.instagram.com\\\/canal7_slp\",\"https:\\\/\\\/www.youtube.com\\\/channel\\\/UCliiYs-gP3JfJeqdPrNdd5A\"]},{\"@type\":\"Person\",\"@id\":\"https:\\\/\\\/canal7slp.tv\\\/2025\\\/#\\\/schema\\\/person\\\/271e2b60a96e7cc9d9ac296f4d7e414b\",\"name\":\"Edici\u00f3n Web\",\"image\":{\"@type\":\"ImageObject\",\"inLanguage\":\"es\",\"@id\":\"https:\\\/\\\/secure.gravatar.com\\\/avatar\\\/eee448fc3f7164808013b816ba91ac7e43bbe82a70bebac296f8bc6f0addaa1a?s=96&d=mm&r=g\",\"url\":\"https:\\\/\\\/secure.gravatar.com\\\/avatar\\\/eee448fc3f7164808013b816ba91ac7e43bbe82a70bebac296f8bc6f0addaa1a?s=96&d=mm&r=g\",\"contentUrl\":\"https:\\\/\\\/secure.gravatar.com\\\/avatar\\\/eee448fc3f7164808013b816ba91ac7e43bbe82a70bebac296f8bc6f0addaa1a?s=96&d=mm&r=g\",\"caption\":\"Edici\u00f3n Web\"},\"url\":\"https:\\\/\\\/canal7slp.tv\\\/2025\\\/author\\\/edicionweb\\\/\"}]}<\/script>\n<!-- \/ Yoast SEO plugin. -->","yoast_head_json":{"title":"Elon Musk y Marco Rubio chocan en la Casa Blanca por recortes de personal - Canal 7 SLP - 2025","robots":{"index":"index","follow":"follow","max-snippet":"max-snippet:-1","max-image-preview":"max-image-preview:large","max-video-preview":"max-video-preview:-1"},"canonical":"https:\/\/canal7slp.tv\/2025\/elon-musk-y-marco-rubio-chocan-en-la-casa-blanca-por-recortes-de-personal\/","og_locale":"es_ES","og_type":"article","og_title":"Elon Musk y Marco Rubio chocan en la Casa Blanca por recortes de personal - Canal 7 SLP - 2025","og_description":"EUA.- Durante una reuni\u00f3n del gabinete, el secretario de Estado de EUA, Marco Rubio, y Elon Musk discutieron sobre los recortes de personal en el gobierno, bajo la supervisi\u00f3n del presidente Donald Trump. Seg\u00fan el\u00a0New York Times, Musk, encargado de reducir la burocracia federal, critic\u00f3 a Rubio por no haber despedido a empleados y por resistirse a implementar grandes reducciones de personal. Rubio respondi\u00f3 que mil 500 empleados del Departamento de Estado hab\u00edan optado por la jubilaci\u00f3n anticipada, preguntando sarc\u00e1sticamente si Musk quer\u00eda que los recontratara solo para despedirlos. La reuni\u00f3n se convoc\u00f3 tras quejas de jefes de agencia sobre [&hellip;]","og_url":"https:\/\/canal7slp.tv\/2025\/elon-musk-y-marco-rubio-chocan-en-la-casa-blanca-por-recortes-de-personal\/","og_site_name":"Canal 7 SLP - 2025","article_publisher":"https:\/\/www.facebook.com\/noticieroscanal7atencionciudadana\/","article_published_time":"2025-03-08T16:42:41+00:00","og_image":[{"width":888,"height":500,"url":"https:\/\/canal7slp.tv\/2025\/wp-content\/uploads\/2025\/03\/04-7.jpg","type":"image\/jpeg"}],"author":"Edici\u00f3n Web","twitter_card":"summary_large_image","twitter_creator":"@NOTICIEROS7","twitter_site":"@NOTICIEROS7","twitter_misc":{"Escrito por":"Edici\u00f3n Web","Tiempo de lectura":"1 minuto"},"schema":{"@context":"https:\/\/schema.org","@graph":[{"@type":"Article","@id":"https:\/\/canal7slp.tv\/2025\/elon-musk-y-marco-rubio-chocan-en-la-casa-blanca-por-recortes-de-personal\/#article","isPartOf":{"@id":"https:\/\/canal7slp.tv\/2025\/elon-musk-y-marco-rubio-chocan-en-la-casa-blanca-por-recortes-de-personal\/"},"author":{"name":"Edici\u00f3n Web","@id":"https:\/\/canal7slp.tv\/2025\/#\/schema\/person\/271e2b60a96e7cc9d9ac296f4d7e414b"},"headline":"Elon Musk y Marco Rubio chocan en la Casa Blanca por recortes de personal","datePublished":"2025-03-08T16:42:41+00:00","mainEntityOfPage":{"@id":"https:\/\/canal7slp.tv\/2025\/elon-musk-y-marco-rubio-chocan-en-la-casa-blanca-por-recortes-de-personal\/"},"wordCount":167,"publisher":{"@id":"https:\/\/canal7slp.tv\/2025\/#organization"},"image":{"@id":"https:\/\/canal7slp.tv\/2025\/elon-musk-y-marco-rubio-chocan-en-la-casa-blanca-por-recortes-de-personal\/#primaryimage"},"thumbnailUrl":"https:\/\/canal7slp.tv\/2025\/wp-content\/uploads\/2025\/03\/04-7.jpg","articleSection":["INTERNACIONALES"],"inLanguage":"es"},{"@type":"WebPage","@id":"https:\/\/canal7slp.tv\/2025\/elon-musk-y-marco-rubio-chocan-en-la-casa-blanca-por-recortes-de-personal\/","url":"https:\/\/canal7slp.tv\/2025\/elon-musk-y-marco-rubio-chocan-en-la-casa-blanca-por-recortes-de-personal\/","name":"Elon Musk y Marco Rubio chocan en la Casa Blanca por recortes de personal - Canal 7 SLP - 2025","isPartOf":{"@id":"https:\/\/canal7slp.tv\/2025\/#website"},"primaryImageOfPage":{"@id":"https:\/\/canal7slp.tv\/2025\/elon-musk-y-marco-rubio-chocan-en-la-casa-blanca-por-recortes-de-personal\/#primaryimage"},"image":{"@id":"https:\/\/canal7slp.tv\/2025\/elon-musk-y-marco-rubio-chocan-en-la-casa-blanca-por-recortes-de-personal\/#primaryimage"},"thumbnailUrl":"https:\/\/canal7slp.tv\/2025\/wp-content\/uploads\/2025\/03\/04-7.jpg","datePublished":"2025-03-08T16:42:41+00:00","breadcrumb":{"@id":"https:\/\/canal7slp.tv\/2025\/elon-musk-y-marco-rubio-chocan-en-la-casa-blanca-por-recortes-de-personal\/#breadcrumb"},"inLanguage":"es","potentialAction":[{"@type":"ReadAction","target":["https:\/\/canal7slp.tv\/2025\/elon-musk-y-marco-rubio-chocan-en-la-casa-blanca-por-recortes-de-personal\/"]}]},{"@type":"ImageObject","inLanguage":"es","@id":"https:\/\/canal7slp.tv\/2025\/elon-musk-y-marco-rubio-chocan-en-la-casa-blanca-por-recortes-de-personal\/#primaryimage","url":"https:\/\/canal7slp.tv\/2025\/wp-content\/uploads\/2025\/03\/04-7.jpg","contentUrl":"https:\/\/canal7slp.tv\/2025\/wp-content\/uploads\/2025\/03\/04-7.jpg","width":888,"height":500},{"@type":"BreadcrumbList","@id":"https:\/\/canal7slp.tv\/2025\/elon-musk-y-marco-rubio-chocan-en-la-casa-blanca-por-recortes-de-personal\/#breadcrumb","itemListElement":[{"@type":"ListItem","position":1,"name":"Portada","item":"https:\/\/canal7slp.tv\/2025\/"},{"@type":"ListItem","position":2,"name":"Elon Musk y Marco Rubio chocan en la Casa Blanca por recortes de personal"}]},{"@type":"WebSite","@id":"https:\/\/canal7slp.tv\/2025\/#website","url":"https:\/\/canal7slp.tv\/2025\/","name":"N7 - Noticieros Canal 7","description":"Somos el Medio","publisher":{"@id":"https:\/\/canal7slp.tv\/2025\/#organization"},"potentialAction":[{"@type":"SearchAction","target":{"@type":"EntryPoint","urlTemplate":"https:\/\/canal7slp.tv\/2025\/?s={search_term_string}"},"query-input":{"@type":"PropertyValueSpecification","valueRequired":true,"valueName":"search_term_string"}}],"inLanguage":"es"},{"@type":"Organization","@id":"https:\/\/canal7slp.tv\/2025\/#organization","name":"Noticieros Canal 7","url":"https:\/\/canal7slp.tv\/2025\/","logo":{"@type":"ImageObject","inLanguage":"es","@id":"https:\/\/canal7slp.tv\/2025\/#\/schema\/logo\/image\/","url":"https:\/\/canal7slp.tv\/2025\/wp-content\/uploads\/2021\/01\/logo-noticieros@2x.png","contentUrl":"https:\/\/canal7slp.tv\/2025\/wp-content\/uploads\/2021\/01\/logo-noticieros@2x.png","width":1017,"height":268,"caption":"Noticieros Canal 7"},"image":{"@id":"https:\/\/canal7slp.tv\/2025\/#\/schema\/logo\/image\/"},"sameAs":["https:\/\/www.facebook.com\/noticieroscanal7atencionciudadana\/","https:\/\/x.com\/NOTICIEROS7","https:\/\/www.instagram.com\/canal7_slp","https:\/\/www.youtube.com\/channel\/UCliiYs-gP3JfJeqdPrNdd5A"]},{"@type":"Person","@id":"https:\/\/canal7slp.tv\/2025\/#\/schema\/person\/271e2b60a96e7cc9d9ac296f4d7e414b","name":"Edici\u00f3n Web","image":{"@type":"ImageObject","inLanguage":"es","@id":"https:\/\/secure.gravatar.com\/avatar\/eee448fc3f7164808013b816ba91ac7e43bbe82a70bebac296f8bc6f0addaa1a?s=96&d=mm&r=g","url":"https:\/\/secure.gravatar.com\/avatar\/eee448fc3f7164808013b816ba91ac7e43bbe82a70bebac296f8bc6f0addaa1a?s=96&d=mm&r=g","contentUrl":"https:\/\/secure.gravatar.com\/avatar\/eee448fc3f7164808013b816ba91ac7e43bbe82a70bebac296f8bc6f0addaa1a?s=96&d=mm&r=g","caption":"Edici\u00f3n Web"},"url":"https:\/\/canal7slp.tv\/2025\/author\/edicionweb\/"}]}},"_links":{"self":[{"href":"https:\/\/canal7slp.tv\/2025\/wp-json\/wp\/v2\/posts\/160335","targetHints":{"allow":["GET"]}}],"collection":[{"href":"https:\/\/canal7slp.tv\/2025\/wp-json\/wp\/v2\/posts"}],"about":[{"href":"https:\/\/canal7slp.tv\/2025\/wp-json\/wp\/v2\/types\/post"}],"author":[{"embeddable":true,"href":"https:\/\/canal7slp.tv\/2025\/wp-json\/wp\/v2\/users\/2"}],"replies":[{"embeddable":true,"href":"https:\/\/canal7slp.tv\/2025\/wp-json\/wp\/v2\/comments?post=160335"}],"version-history":[{"count":1,"href":"https:\/\/canal7slp.tv\/2025\/wp-json\/wp\/v2\/posts\/160335\/revisions"}],"predecessor-version":[{"id":160337,"href":"https:\/\/canal7slp.tv\/2025\/wp-json\/wp\/v2\/posts\/160335\/revisions\/160337"}],"wp:featuredmedia":[{"embeddable":true,"href":"https:\/\/canal7slp.tv\/2025\/wp-json\/wp\/v2\/media\/160336"}],"wp:attachment":[{"href":"https:\/\/canal7slp.tv\/2025\/wp-json\/wp\/v2\/media?parent=160335"}],"wp:term":[{"taxonomy":"category","embeddable":true,"href":"https:\/\/canal7slp.tv\/2025\/wp-json\/wp\/v2\/categories?post=160335"},{"taxonomy":"post_tag","embeddable":true,"href":"https:\/\/canal7slp.tv\/2025\/wp-json\/wp\/v2\/tags?post=160335"}],"curies":[{"name":"wp","href":"https:\/\/api.w.org\/{rel}","templated":true}]}}