{"id":160332,"date":"2025-03-08T10:22:48","date_gmt":"2025-03-08T16:22:48","guid":{"rendered":"https:\/\/canal7slp.tv\/2025\/?p=160332"},"modified":"2025-03-08T10:22:48","modified_gmt":"2025-03-08T16:22:48","slug":"nombran-a-edgar-amador-zamora-como-nuevo-titular-de-shcp","status":"publish","type":"post","link":"https:\/\/canal7slp.tv\/2025\/nombran-a-edgar-amador-zamora-como-nuevo-titular-de-shcp\/","title":{"rendered":"Nombran a Edgar Amador Zamora como nuevo titular de SHCP"},"content":{"rendered":"<p style=\"text-align: justify;\">\n<ul style=\"text-align: justify;\">\n<li>Ram\u00edrez de la O ser\u00e1 asesor econ\u00f3mico para relaciones con EUA<\/li>\n<\/ul>\n<p style=\"text-align: justify;\">M\u00e9xico.- La Presidenta de M\u00e9xico, Claudia Sheinbaum, anunci\u00f3 el nombramiento de Edgar Amador Zamora como nuevo secretario de Hacienda y Cr\u00e9dito P\u00fablico, a partir del 8 de marzo. Amador Zamora, quien era subsecretario de la dependencia, agradeci\u00f3 el nombramiento y reafirm\u00f3 su compromiso con la estabilidad macroecon\u00f3mica y los objetivos del Paquete Fiscal para 2025.<\/p>\n<p style=\"text-align: justify;\">Sheinbaum tambi\u00e9n confirm\u00f3 la salida de Rogelio Ram\u00edrez de la O, quien asumir\u00e1 el cargo de asesor econ\u00f3mico para asuntos internacionales, enfoc\u00e1ndose en la relaci\u00f3n bilateral con Estados Unidos. Ram\u00edrez de la O atribuy\u00f3 su decisi\u00f3n a compromisos familiares, pero expres\u00f3 orgullo por su contribuci\u00f3n al gabinete de la primera mujer Presidenta de M\u00e9xico.<\/p>\n<p style=\"text-align: justify;\">Edgar Amador Zamora, originario de Monclova, Coahuila, es economista egresado de la UNAM con una maestr\u00eda del Colegio de M\u00e9xico. Cuenta con experiencia en el sector privado y p\u00fablico, incluyendo roles en la Secretar\u00eda de Finanzas de la Ciudad de M\u00e9xico.<\/p>\n<p style=\"text-align: justify;\">Con estos cambios, la administraci\u00f3n de Sheinbaum busca fortalecer la econom\u00eda nacional y avanzar en los objetivos de la Cuarta Transformaci\u00f3n.<\/p>\n<p style=\"text-align: justify;\">\n","protected":false},"excerpt":{"rendered":"<p>Ram\u00edrez de la O ser\u00e1 asesor econ\u00f3mico para relaciones con EUA M\u00e9xico.- La Presidenta de M\u00e9xico, Claudia Sheinbaum, anunci\u00f3 el nombramiento de Edgar Amador Zamora como nuevo secretario de Hacienda y Cr\u00e9dito P\u00fablico, a partir del 8 de marzo. Amador Zamora, quien era subsecretario de la dependencia, agradeci\u00f3 el nombramiento y reafirm\u00f3 su compromiso con la estabilidad macroecon\u00f3mica y los objetivos del Paquete Fiscal para 2025. Sheinbaum tambi\u00e9n confirm\u00f3 la salida de Rogelio Ram\u00edrez de la O, quien asumir\u00e1 el cargo de asesor econ\u00f3mico para asuntos internacionales, enfoc\u00e1ndose en la relaci\u00f3n bilateral con Estados Unidos. Ram\u00edrez de la O atribuy\u00f3 [&hellip;]<\/p>\n","protected":false},"author":2,"featured_media":160333,"comment_status":"closed","ping_status":"closed","sticky":false,"template":"","format":"standard","meta":{"_monsterinsights_skip_tracking":false,"_monsterinsights_sitenote_active":false,"_monsterinsights_sitenote_note":"","_monsterinsights_sitenote_category":0,"footnotes":""},"categories":[46],"tags":[],"class_list":["post-160332","post","type-post","status-publish","format-standard","has-post-thumbnail","hentry","category-nacional","post--single"],"yoast_head":"<!-- This site is optimized with the Yoast SEO plugin v27.5 - https:\/\/yoast.com\/product\/yoast-seo-wordpress\/ -->\n<title>Nombran a Edgar Amador Zamora como nuevo titular de SHCP - Canal 7 SLP - 2025<\/title>\n<meta name=\"robots\" content=\"index, follow, max-snippet:-1, max-image-preview:large, max-video-preview:-1\" \/>\n<link rel=\"canonical\" href=\"https:\/\/canal7slp.tv\/2025\/nombran-a-edgar-amador-zamora-como-nuevo-titular-de-shcp\/\" \/>\n<meta property=\"og:locale\" content=\"es_ES\" \/>\n<meta property=\"og:type\" content=\"article\" \/>\n<meta property=\"og:title\" content=\"Nombran a Edgar Amador Zamora como nuevo titular de SHCP - Canal 7 SLP - 2025\" \/>\n<meta property=\"og:description\" content=\"Ram\u00edrez de la O ser\u00e1 asesor econ\u00f3mico para relaciones con EUA M\u00e9xico.- La Presidenta de M\u00e9xico, Claudia Sheinbaum, anunci\u00f3 el nombramiento de Edgar Amador Zamora como nuevo secretario de Hacienda y Cr\u00e9dito P\u00fablico, a partir del 8 de marzo. Amador Zamora, quien era subsecretario de la dependencia, agradeci\u00f3 el nombramiento y reafirm\u00f3 su compromiso con la estabilidad macroecon\u00f3mica y los objetivos del Paquete Fiscal para 2025. Sheinbaum tambi\u00e9n confirm\u00f3 la salida de Rogelio Ram\u00edrez de la O, quien asumir\u00e1 el cargo de asesor econ\u00f3mico para asuntos internacionales, enfoc\u00e1ndose en la relaci\u00f3n bilateral con Estados Unidos. Ram\u00edrez de la O atribuy\u00f3 [&hellip;]\" \/>\n<meta property=\"og:url\" content=\"https:\/\/canal7slp.tv\/2025\/nombran-a-edgar-amador-zamora-como-nuevo-titular-de-shcp\/\" \/>\n<meta property=\"og:site_name\" content=\"Canal 7 SLP - 2025\" \/>\n<meta property=\"article:publisher\" content=\"https:\/\/www.facebook.com\/noticieroscanal7atencionciudadana\/\" \/>\n<meta property=\"article:published_time\" content=\"2025-03-08T16:22:48+00:00\" \/>\n<meta property=\"og:image\" content=\"https:\/\/canal7slp.tv\/2025\/wp-content\/uploads\/2025\/03\/03-7.jpg\" \/>\n\t<meta property=\"og:image:width\" content=\"888\" \/>\n\t<meta property=\"og:image:height\" content=\"500\" \/>\n\t<meta property=\"og:image:type\" content=\"image\/jpeg\" \/>\n<meta name=\"author\" content=\"Edici\u00f3n Web\" \/>\n<meta name=\"twitter:card\" content=\"summary_large_image\" \/>\n<meta name=\"twitter:creator\" content=\"@NOTICIEROS7\" \/>\n<meta name=\"twitter:site\" content=\"@NOTICIEROS7\" \/>\n<meta name=\"twitter:label1\" content=\"Escrito por\" \/>\n\t<meta name=\"twitter:data1\" content=\"Edici\u00f3n Web\" \/>\n\t<meta name=\"twitter:label2\" content=\"Tiempo de lectura\" \/>\n\t<meta name=\"twitter:data2\" content=\"2 minutos\" \/>\n<script type=\"application\/ld+json\" class=\"yoast-schema-graph\">{\"@context\":\"https:\\\/\\\/schema.org\",\"@graph\":[{\"@type\":\"Article\",\"@id\":\"https:\\\/\\\/canal7slp.tv\\\/2025\\\/nombran-a-edgar-amador-zamora-como-nuevo-titular-de-shcp\\\/#article\",\"isPartOf\":{\"@id\":\"https:\\\/\\\/canal7slp.tv\\\/2025\\\/nombran-a-edgar-amador-zamora-como-nuevo-titular-de-shcp\\\/\"},\"author\":{\"name\":\"Edici\u00f3n Web\",\"@id\":\"https:\\\/\\\/canal7slp.tv\\\/2025\\\/#\\\/schema\\\/person\\\/271e2b60a96e7cc9d9ac296f4d7e414b\"},\"headline\":\"Nombran a Edgar Amador Zamora como nuevo titular de SHCP\",\"datePublished\":\"2025-03-08T16:22:48+00:00\",\"mainEntityOfPage\":{\"@id\":\"https:\\\/\\\/canal7slp.tv\\\/2025\\\/nombran-a-edgar-amador-zamora-como-nuevo-titular-de-shcp\\\/\"},\"wordCount\":215,\"publisher\":{\"@id\":\"https:\\\/\\\/canal7slp.tv\\\/2025\\\/#organization\"},\"image\":{\"@id\":\"https:\\\/\\\/canal7slp.tv\\\/2025\\\/nombran-a-edgar-amador-zamora-como-nuevo-titular-de-shcp\\\/#primaryimage\"},\"thumbnailUrl\":\"https:\\\/\\\/canal7slp.tv\\\/2025\\\/wp-content\\\/uploads\\\/2025\\\/03\\\/03-7.jpg\",\"articleSection\":[\"NACIONALES\"],\"inLanguage\":\"es\"},{\"@type\":\"WebPage\",\"@id\":\"https:\\\/\\\/canal7slp.tv\\\/2025\\\/nombran-a-edgar-amador-zamora-como-nuevo-titular-de-shcp\\\/\",\"url\":\"https:\\\/\\\/canal7slp.tv\\\/2025\\\/nombran-a-edgar-amador-zamora-como-nuevo-titular-de-shcp\\\/\",\"name\":\"Nombran a Edgar Amador Zamora como nuevo titular de SHCP - Canal 7 SLP - 2025\",\"isPartOf\":{\"@id\":\"https:\\\/\\\/canal7slp.tv\\\/2025\\\/#website\"},\"primaryImageOfPage\":{\"@id\":\"https:\\\/\\\/canal7slp.tv\\\/2025\\\/nombran-a-edgar-amador-zamora-como-nuevo-titular-de-shcp\\\/#primaryimage\"},\"image\":{\"@id\":\"https:\\\/\\\/canal7slp.tv\\\/2025\\\/nombran-a-edgar-amador-zamora-como-nuevo-titular-de-shcp\\\/#primaryimage\"},\"thumbnailUrl\":\"https:\\\/\\\/canal7slp.tv\\\/2025\\\/wp-content\\\/uploads\\\/2025\\\/03\\\/03-7.jpg\",\"datePublished\":\"2025-03-08T16:22:48+00:00\",\"breadcrumb\":{\"@id\":\"https:\\\/\\\/canal7slp.tv\\\/2025\\\/nombran-a-edgar-amador-zamora-como-nuevo-titular-de-shcp\\\/#breadcrumb\"},\"inLanguage\":\"es\",\"potentialAction\":[{\"@type\":\"ReadAction\",\"target\":[\"https:\\\/\\\/canal7slp.tv\\\/2025\\\/nombran-a-edgar-amador-zamora-como-nuevo-titular-de-shcp\\\/\"]}]},{\"@type\":\"ImageObject\",\"inLanguage\":\"es\",\"@id\":\"https:\\\/\\\/canal7slp.tv\\\/2025\\\/nombran-a-edgar-amador-zamora-como-nuevo-titular-de-shcp\\\/#primaryimage\",\"url\":\"https:\\\/\\\/canal7slp.tv\\\/2025\\\/wp-content\\\/uploads\\\/2025\\\/03\\\/03-7.jpg\",\"contentUrl\":\"https:\\\/\\\/canal7slp.tv\\\/2025\\\/wp-content\\\/uploads\\\/2025\\\/03\\\/03-7.jpg\",\"width\":888,\"height\":500},{\"@type\":\"BreadcrumbList\",\"@id\":\"https:\\\/\\\/canal7slp.tv\\\/2025\\\/nombran-a-edgar-amador-zamora-como-nuevo-titular-de-shcp\\\/#breadcrumb\",\"itemListElement\":[{\"@type\":\"ListItem\",\"position\":1,\"name\":\"Portada\",\"item\":\"https:\\\/\\\/canal7slp.tv\\\/2025\\\/\"},{\"@type\":\"ListItem\",\"position\":2,\"name\":\"Nombran a Edgar Amador Zamora como nuevo titular de SHCP\"}]},{\"@type\":\"WebSite\",\"@id\":\"https:\\\/\\\/canal7slp.tv\\\/2025\\\/#website\",\"url\":\"https:\\\/\\\/canal7slp.tv\\\/2025\\\/\",\"name\":\"N7 - Noticieros Canal 7\",\"description\":\"Somos el Medio\",\"publisher\":{\"@id\":\"https:\\\/\\\/canal7slp.tv\\\/2025\\\/#organization\"},\"potentialAction\":[{\"@type\":\"SearchAction\",\"target\":{\"@type\":\"EntryPoint\",\"urlTemplate\":\"https:\\\/\\\/canal7slp.tv\\\/2025\\\/?s={search_term_string}\"},\"query-input\":{\"@type\":\"PropertyValueSpecification\",\"valueRequired\":true,\"valueName\":\"search_term_string\"}}],\"inLanguage\":\"es\"},{\"@type\":\"Organization\",\"@id\":\"https:\\\/\\\/canal7slp.tv\\\/2025\\\/#organization\",\"name\":\"Noticieros Canal 7\",\"url\":\"https:\\\/\\\/canal7slp.tv\\\/2025\\\/\",\"logo\":{\"@type\":\"ImageObject\",\"inLanguage\":\"es\",\"@id\":\"https:\\\/\\\/canal7slp.tv\\\/2025\\\/#\\\/schema\\\/logo\\\/image\\\/\",\"url\":\"https:\\\/\\\/canal7slp.tv\\\/2025\\\/wp-content\\\/uploads\\\/2021\\\/01\\\/logo-noticieros@2x.png\",\"contentUrl\":\"https:\\\/\\\/canal7slp.tv\\\/2025\\\/wp-content\\\/uploads\\\/2021\\\/01\\\/logo-noticieros@2x.png\",\"width\":1017,\"height\":268,\"caption\":\"Noticieros Canal 7\"},\"image\":{\"@id\":\"https:\\\/\\\/canal7slp.tv\\\/2025\\\/#\\\/schema\\\/logo\\\/image\\\/\"},\"sameAs\":[\"https:\\\/\\\/www.facebook.com\\\/noticieroscanal7atencionciudadana\\\/\",\"https:\\\/\\\/x.com\\\/NOTICIEROS7\",\"https:\\\/\\\/www.instagram.com\\\/canal7_slp\",\"https:\\\/\\\/www.youtube.com\\\/channel\\\/UCliiYs-gP3JfJeqdPrNdd5A\"]},{\"@type\":\"Person\",\"@id\":\"https:\\\/\\\/canal7slp.tv\\\/2025\\\/#\\\/schema\\\/person\\\/271e2b60a96e7cc9d9ac296f4d7e414b\",\"name\":\"Edici\u00f3n Web\",\"image\":{\"@type\":\"ImageObject\",\"inLanguage\":\"es\",\"@id\":\"https:\\\/\\\/secure.gravatar.com\\\/avatar\\\/eee448fc3f7164808013b816ba91ac7e43bbe82a70bebac296f8bc6f0addaa1a?s=96&d=mm&r=g\",\"url\":\"https:\\\/\\\/secure.gravatar.com\\\/avatar\\\/eee448fc3f7164808013b816ba91ac7e43bbe82a70bebac296f8bc6f0addaa1a?s=96&d=mm&r=g\",\"contentUrl\":\"https:\\\/\\\/secure.gravatar.com\\\/avatar\\\/eee448fc3f7164808013b816ba91ac7e43bbe82a70bebac296f8bc6f0addaa1a?s=96&d=mm&r=g\",\"caption\":\"Edici\u00f3n Web\"},\"url\":\"https:\\\/\\\/canal7slp.tv\\\/2025\\\/author\\\/edicionweb\\\/\"}]}<\/script>\n<!-- \/ Yoast SEO plugin. -->","yoast_head_json":{"title":"Nombran a Edgar Amador Zamora como nuevo titular de SHCP - Canal 7 SLP - 2025","robots":{"index":"index","follow":"follow","max-snippet":"max-snippet:-1","max-image-preview":"max-image-preview:large","max-video-preview":"max-video-preview:-1"},"canonical":"https:\/\/canal7slp.tv\/2025\/nombran-a-edgar-amador-zamora-como-nuevo-titular-de-shcp\/","og_locale":"es_ES","og_type":"article","og_title":"Nombran a Edgar Amador Zamora como nuevo titular de SHCP - Canal 7 SLP - 2025","og_description":"Ram\u00edrez de la O ser\u00e1 asesor econ\u00f3mico para relaciones con EUA M\u00e9xico.- La Presidenta de M\u00e9xico, Claudia Sheinbaum, anunci\u00f3 el nombramiento de Edgar Amador Zamora como nuevo secretario de Hacienda y Cr\u00e9dito P\u00fablico, a partir del 8 de marzo. Amador Zamora, quien era subsecretario de la dependencia, agradeci\u00f3 el nombramiento y reafirm\u00f3 su compromiso con la estabilidad macroecon\u00f3mica y los objetivos del Paquete Fiscal para 2025. Sheinbaum tambi\u00e9n confirm\u00f3 la salida de Rogelio Ram\u00edrez de la O, quien asumir\u00e1 el cargo de asesor econ\u00f3mico para asuntos internacionales, enfoc\u00e1ndose en la relaci\u00f3n bilateral con Estados Unidos. Ram\u00edrez de la O atribuy\u00f3 [&hellip;]","og_url":"https:\/\/canal7slp.tv\/2025\/nombran-a-edgar-amador-zamora-como-nuevo-titular-de-shcp\/","og_site_name":"Canal 7 SLP - 2025","article_publisher":"https:\/\/www.facebook.com\/noticieroscanal7atencionciudadana\/","article_published_time":"2025-03-08T16:22:48+00:00","og_image":[{"width":888,"height":500,"url":"https:\/\/canal7slp.tv\/2025\/wp-content\/uploads\/2025\/03\/03-7.jpg","type":"image\/jpeg"}],"author":"Edici\u00f3n Web","twitter_card":"summary_large_image","twitter_creator":"@NOTICIEROS7","twitter_site":"@NOTICIEROS7","twitter_misc":{"Escrito por":"Edici\u00f3n Web","Tiempo de lectura":"2 minutos"},"schema":{"@context":"https:\/\/schema.org","@graph":[{"@type":"Article","@id":"https:\/\/canal7slp.tv\/2025\/nombran-a-edgar-amador-zamora-como-nuevo-titular-de-shcp\/#article","isPartOf":{"@id":"https:\/\/canal7slp.tv\/2025\/nombran-a-edgar-amador-zamora-como-nuevo-titular-de-shcp\/"},"author":{"name":"Edici\u00f3n Web","@id":"https:\/\/canal7slp.tv\/2025\/#\/schema\/person\/271e2b60a96e7cc9d9ac296f4d7e414b"},"headline":"Nombran a Edgar Amador Zamora como nuevo titular de SHCP","datePublished":"2025-03-08T16:22:48+00:00","mainEntityOfPage":{"@id":"https:\/\/canal7slp.tv\/2025\/nombran-a-edgar-amador-zamora-como-nuevo-titular-de-shcp\/"},"wordCount":215,"publisher":{"@id":"https:\/\/canal7slp.tv\/2025\/#organization"},"image":{"@id":"https:\/\/canal7slp.tv\/2025\/nombran-a-edgar-amador-zamora-como-nuevo-titular-de-shcp\/#primaryimage"},"thumbnailUrl":"https:\/\/canal7slp.tv\/2025\/wp-content\/uploads\/2025\/03\/03-7.jpg","articleSection":["NACIONALES"],"inLanguage":"es"},{"@type":"WebPage","@id":"https:\/\/canal7slp.tv\/2025\/nombran-a-edgar-amador-zamora-como-nuevo-titular-de-shcp\/","url":"https:\/\/canal7slp.tv\/2025\/nombran-a-edgar-amador-zamora-como-nuevo-titular-de-shcp\/","name":"Nombran a Edgar Amador Zamora como nuevo titular de SHCP - Canal 7 SLP - 2025","isPartOf":{"@id":"https:\/\/canal7slp.tv\/2025\/#website"},"primaryImageOfPage":{"@id":"https:\/\/canal7slp.tv\/2025\/nombran-a-edgar-amador-zamora-como-nuevo-titular-de-shcp\/#primaryimage"},"image":{"@id":"https:\/\/canal7slp.tv\/2025\/nombran-a-edgar-amador-zamora-como-nuevo-titular-de-shcp\/#primaryimage"},"thumbnailUrl":"https:\/\/canal7slp.tv\/2025\/wp-content\/uploads\/2025\/03\/03-7.jpg","datePublished":"2025-03-08T16:22:48+00:00","breadcrumb":{"@id":"https:\/\/canal7slp.tv\/2025\/nombran-a-edgar-amador-zamora-como-nuevo-titular-de-shcp\/#breadcrumb"},"inLanguage":"es","potentialAction":[{"@type":"ReadAction","target":["https:\/\/canal7slp.tv\/2025\/nombran-a-edgar-amador-zamora-como-nuevo-titular-de-shcp\/"]}]},{"@type":"ImageObject","inLanguage":"es","@id":"https:\/\/canal7slp.tv\/2025\/nombran-a-edgar-amador-zamora-como-nuevo-titular-de-shcp\/#primaryimage","url":"https:\/\/canal7slp.tv\/2025\/wp-content\/uploads\/2025\/03\/03-7.jpg","contentUrl":"https:\/\/canal7slp.tv\/2025\/wp-content\/uploads\/2025\/03\/03-7.jpg","width":888,"height":500},{"@type":"BreadcrumbList","@id":"https:\/\/canal7slp.tv\/2025\/nombran-a-edgar-amador-zamora-como-nuevo-titular-de-shcp\/#breadcrumb","itemListElement":[{"@type":"ListItem","position":1,"name":"Portada","item":"https:\/\/canal7slp.tv\/2025\/"},{"@type":"ListItem","position":2,"name":"Nombran a Edgar Amador Zamora como nuevo titular de SHCP"}]},{"@type":"WebSite","@id":"https:\/\/canal7slp.tv\/2025\/#website","url":"https:\/\/canal7slp.tv\/2025\/","name":"N7 - Noticieros Canal 7","description":"Somos el Medio","publisher":{"@id":"https:\/\/canal7slp.tv\/2025\/#organization"},"potentialAction":[{"@type":"SearchAction","target":{"@type":"EntryPoint","urlTemplate":"https:\/\/canal7slp.tv\/2025\/?s={search_term_string}"},"query-input":{"@type":"PropertyValueSpecification","valueRequired":true,"valueName":"search_term_string"}}],"inLanguage":"es"},{"@type":"Organization","@id":"https:\/\/canal7slp.tv\/2025\/#organization","name":"Noticieros Canal 7","url":"https:\/\/canal7slp.tv\/2025\/","logo":{"@type":"ImageObject","inLanguage":"es","@id":"https:\/\/canal7slp.tv\/2025\/#\/schema\/logo\/image\/","url":"https:\/\/canal7slp.tv\/2025\/wp-content\/uploads\/2021\/01\/logo-noticieros@2x.png","contentUrl":"https:\/\/canal7slp.tv\/2025\/wp-content\/uploads\/2021\/01\/logo-noticieros@2x.png","width":1017,"height":268,"caption":"Noticieros Canal 7"},"image":{"@id":"https:\/\/canal7slp.tv\/2025\/#\/schema\/logo\/image\/"},"sameAs":["https:\/\/www.facebook.com\/noticieroscanal7atencionciudadana\/","https:\/\/x.com\/NOTICIEROS7","https:\/\/www.instagram.com\/canal7_slp","https:\/\/www.youtube.com\/channel\/UCliiYs-gP3JfJeqdPrNdd5A"]},{"@type":"Person","@id":"https:\/\/canal7slp.tv\/2025\/#\/schema\/person\/271e2b60a96e7cc9d9ac296f4d7e414b","name":"Edici\u00f3n Web","image":{"@type":"ImageObject","inLanguage":"es","@id":"https:\/\/secure.gravatar.com\/avatar\/eee448fc3f7164808013b816ba91ac7e43bbe82a70bebac296f8bc6f0addaa1a?s=96&d=mm&r=g","url":"https:\/\/secure.gravatar.com\/avatar\/eee448fc3f7164808013b816ba91ac7e43bbe82a70bebac296f8bc6f0addaa1a?s=96&d=mm&r=g","contentUrl":"https:\/\/secure.gravatar.com\/avatar\/eee448fc3f7164808013b816ba91ac7e43bbe82a70bebac296f8bc6f0addaa1a?s=96&d=mm&r=g","caption":"Edici\u00f3n Web"},"url":"https:\/\/canal7slp.tv\/2025\/author\/edicionweb\/"}]}},"_links":{"self":[{"href":"https:\/\/canal7slp.tv\/2025\/wp-json\/wp\/v2\/posts\/160332","targetHints":{"allow":["GET"]}}],"collection":[{"href":"https:\/\/canal7slp.tv\/2025\/wp-json\/wp\/v2\/posts"}],"about":[{"href":"https:\/\/canal7slp.tv\/2025\/wp-json\/wp\/v2\/types\/post"}],"author":[{"embeddable":true,"href":"https:\/\/canal7slp.tv\/2025\/wp-json\/wp\/v2\/users\/2"}],"replies":[{"embeddable":true,"href":"https:\/\/canal7slp.tv\/2025\/wp-json\/wp\/v2\/comments?post=160332"}],"version-history":[{"count":1,"href":"https:\/\/canal7slp.tv\/2025\/wp-json\/wp\/v2\/posts\/160332\/revisions"}],"predecessor-version":[{"id":160334,"href":"https:\/\/canal7slp.tv\/2025\/wp-json\/wp\/v2\/posts\/160332\/revisions\/160334"}],"wp:featuredmedia":[{"embeddable":true,"href":"https:\/\/canal7slp.tv\/2025\/wp-json\/wp\/v2\/media\/160333"}],"wp:attachment":[{"href":"https:\/\/canal7slp.tv\/2025\/wp-json\/wp\/v2\/media?parent=160332"}],"wp:term":[{"taxonomy":"category","embeddable":true,"href":"https:\/\/canal7slp.tv\/2025\/wp-json\/wp\/v2\/categories?post=160332"},{"taxonomy":"post_tag","embeddable":true,"href":"https:\/\/canal7slp.tv\/2025\/wp-json\/wp\/v2\/tags?post=160332"}],"curies":[{"name":"wp","href":"https:\/\/api.w.org\/{rel}","templated":true}]}}