{"id":160329,"date":"2025-03-08T10:04:46","date_gmt":"2025-03-08T16:04:46","guid":{"rendered":"https:\/\/canal7slp.tv\/2025\/?p=160329"},"modified":"2025-03-08T10:04:46","modified_gmt":"2025-03-08T16:04:46","slug":"mexico-y-eua-refuerzan-alianza-en-seguridad-con-una-reunion-historica-contra-el-narcotrafico","status":"publish","type":"post","link":"https:\/\/canal7slp.tv\/2025\/mexico-y-eua-refuerzan-alianza-en-seguridad-con-una-reunion-historica-contra-el-narcotrafico\/","title":{"rendered":"M\u00e9xico y EUA refuerzan alianza en seguridad con una reuni\u00f3n hist\u00f3rica contra el narcotr\u00e1fico"},"content":{"rendered":"<p style=\"text-align: justify;\">M\u00e9xico.- El secretario de Seguridad y Protecci\u00f3n Ciudadana de M\u00e9xico, Omar Garc\u00eda Harfuch, sostuvo una reuni\u00f3n en Estados Unidos con Kash Patel, director del Bur\u00f3 Federal de Investigaciones (FBI). Este encuentro fue calificado como un hito hist\u00f3rico, ya que result\u00f3 en la expulsi\u00f3n de 29 individuos, entre ellos ocho considerados objetivos prioritarios por el FBI. Patel destac\u00f3 que esta acci\u00f3n fortalece la cooperaci\u00f3n entre ambos pa\u00edses en materia de justicia y seguridad comunitaria.<\/p>\n<p style=\"text-align: justify;\">Recientemente, la Fiscal\u00eda General de la Rep\u00fablica (FGR) y el gobierno mexicano informaron que la entrega de estos 29 narcotraficantes a Estados Unidos se realiz\u00f3 por motivos de \u00abseguridad nacional\u00bb, sin recurrir al tratado de extradici\u00f3n vigente. La Casa Blanca reconoci\u00f3 el esfuerzo de la fiscal general Pam Bondi y del secretario de Estado, Marco Rubio, en la coordinaci\u00f3n de este proceso. A su vez, Rubio elogi\u00f3 las acciones del gobierno mexicano, incluyendo el despliegue de 10,000 elementos de la Guardia Nacional para reforzar la seguridad en la frontera.<\/p>\n<p style=\"text-align: justify;\">El pasado viernes, los narcotraficantes Rafael Caro Quintero y Vicente Carrillo Fuentes se declararon \u00abno culpables\u00bb ante la justicia de Estados Unidos. Autoridades confirmaron que ambos fueron expulsados a solicitud del gobierno mexicano, sin seguir el procedimiento de extradici\u00f3n. Caro Quintero enfrenta una posible pena de muerte, mientras que ambos comparecieron ante el juez federal Robert Levy en la Corte Federal de Brooklyn, donde se fijaron nuevas audiencias para el 25 y 26 de marzo. Actualmente, permanecen detenidos en el Centro de Detenci\u00f3n Metropolitano de Brooklyn.<\/p>\n<p style=\"text-align: justify;\">\n","protected":false},"excerpt":{"rendered":"<p>M\u00e9xico.- El secretario de Seguridad y Protecci\u00f3n Ciudadana de M\u00e9xico, Omar Garc\u00eda Harfuch, sostuvo una reuni\u00f3n en Estados Unidos con Kash Patel, director del Bur\u00f3 Federal de Investigaciones (FBI). Este encuentro fue calificado como un hito hist\u00f3rico, ya que result\u00f3 en la expulsi\u00f3n de 29 individuos, entre ellos ocho considerados objetivos prioritarios por el FBI. Patel destac\u00f3 que esta acci\u00f3n fortalece la cooperaci\u00f3n entre ambos pa\u00edses en materia de justicia y seguridad comunitaria. Recientemente, la Fiscal\u00eda General de la Rep\u00fablica (FGR) y el gobierno mexicano informaron que la entrega de estos 29 narcotraficantes a Estados Unidos se realiz\u00f3 por motivos [&hellip;]<\/p>\n","protected":false},"author":2,"featured_media":160330,"comment_status":"closed","ping_status":"closed","sticky":false,"template":"","format":"standard","meta":{"_monsterinsights_skip_tracking":false,"_monsterinsights_sitenote_active":false,"_monsterinsights_sitenote_note":"","_monsterinsights_sitenote_category":0,"footnotes":""},"categories":[46],"tags":[],"class_list":["post-160329","post","type-post","status-publish","format-standard","has-post-thumbnail","hentry","category-nacional","post--single"],"yoast_head":"<!-- This site is optimized with the Yoast SEO plugin v27.5 - https:\/\/yoast.com\/product\/yoast-seo-wordpress\/ -->\n<title>M\u00e9xico y EUA refuerzan alianza en seguridad con una reuni\u00f3n hist\u00f3rica contra el narcotr\u00e1fico - Canal 7 SLP - 2025<\/title>\n<meta name=\"robots\" content=\"index, follow, max-snippet:-1, max-image-preview:large, max-video-preview:-1\" \/>\n<link rel=\"canonical\" href=\"https:\/\/canal7slp.tv\/2025\/mexico-y-eua-refuerzan-alianza-en-seguridad-con-una-reunion-historica-contra-el-narcotrafico\/\" \/>\n<meta property=\"og:locale\" content=\"es_ES\" \/>\n<meta property=\"og:type\" content=\"article\" \/>\n<meta property=\"og:title\" content=\"M\u00e9xico y EUA refuerzan alianza en seguridad con una reuni\u00f3n hist\u00f3rica contra el narcotr\u00e1fico - Canal 7 SLP - 2025\" \/>\n<meta property=\"og:description\" content=\"M\u00e9xico.- El secretario de Seguridad y Protecci\u00f3n Ciudadana de M\u00e9xico, Omar Garc\u00eda Harfuch, sostuvo una reuni\u00f3n en Estados Unidos con Kash Patel, director del Bur\u00f3 Federal de Investigaciones (FBI). Este encuentro fue calificado como un hito hist\u00f3rico, ya que result\u00f3 en la expulsi\u00f3n de 29 individuos, entre ellos ocho considerados objetivos prioritarios por el FBI. Patel destac\u00f3 que esta acci\u00f3n fortalece la cooperaci\u00f3n entre ambos pa\u00edses en materia de justicia y seguridad comunitaria. Recientemente, la Fiscal\u00eda General de la Rep\u00fablica (FGR) y el gobierno mexicano informaron que la entrega de estos 29 narcotraficantes a Estados Unidos se realiz\u00f3 por motivos [&hellip;]\" \/>\n<meta property=\"og:url\" content=\"https:\/\/canal7slp.tv\/2025\/mexico-y-eua-refuerzan-alianza-en-seguridad-con-una-reunion-historica-contra-el-narcotrafico\/\" \/>\n<meta property=\"og:site_name\" content=\"Canal 7 SLP - 2025\" \/>\n<meta property=\"article:publisher\" content=\"https:\/\/www.facebook.com\/noticieroscanal7atencionciudadana\/\" \/>\n<meta property=\"article:published_time\" content=\"2025-03-08T16:04:46+00:00\" \/>\n<meta property=\"og:image\" content=\"https:\/\/canal7slp.tv\/2025\/wp-content\/uploads\/2025\/03\/02-7.jpg\" \/>\n\t<meta property=\"og:image:width\" content=\"888\" \/>\n\t<meta property=\"og:image:height\" content=\"500\" \/>\n\t<meta property=\"og:image:type\" content=\"image\/jpeg\" \/>\n<meta name=\"author\" content=\"Edici\u00f3n Web\" \/>\n<meta name=\"twitter:card\" content=\"summary_large_image\" \/>\n<meta name=\"twitter:creator\" content=\"@NOTICIEROS7\" \/>\n<meta name=\"twitter:site\" content=\"@NOTICIEROS7\" \/>\n<meta name=\"twitter:label1\" content=\"Escrito por\" \/>\n\t<meta name=\"twitter:data1\" content=\"Edici\u00f3n Web\" \/>\n\t<meta name=\"twitter:label2\" content=\"Tiempo de lectura\" \/>\n\t<meta name=\"twitter:data2\" content=\"2 minutos\" \/>\n<script type=\"application\/ld+json\" class=\"yoast-schema-graph\">{\"@context\":\"https:\\\/\\\/schema.org\",\"@graph\":[{\"@type\":\"Article\",\"@id\":\"https:\\\/\\\/canal7slp.tv\\\/2025\\\/mexico-y-eua-refuerzan-alianza-en-seguridad-con-una-reunion-historica-contra-el-narcotrafico\\\/#article\",\"isPartOf\":{\"@id\":\"https:\\\/\\\/canal7slp.tv\\\/2025\\\/mexico-y-eua-refuerzan-alianza-en-seguridad-con-una-reunion-historica-contra-el-narcotrafico\\\/\"},\"author\":{\"name\":\"Edici\u00f3n Web\",\"@id\":\"https:\\\/\\\/canal7slp.tv\\\/2025\\\/#\\\/schema\\\/person\\\/271e2b60a96e7cc9d9ac296f4d7e414b\"},\"headline\":\"M\u00e9xico y EUA refuerzan alianza en seguridad con una reuni\u00f3n hist\u00f3rica contra el narcotr\u00e1fico\",\"datePublished\":\"2025-03-08T16:04:46+00:00\",\"mainEntityOfPage\":{\"@id\":\"https:\\\/\\\/canal7slp.tv\\\/2025\\\/mexico-y-eua-refuerzan-alianza-en-seguridad-con-una-reunion-historica-contra-el-narcotrafico\\\/\"},\"wordCount\":278,\"publisher\":{\"@id\":\"https:\\\/\\\/canal7slp.tv\\\/2025\\\/#organization\"},\"image\":{\"@id\":\"https:\\\/\\\/canal7slp.tv\\\/2025\\\/mexico-y-eua-refuerzan-alianza-en-seguridad-con-una-reunion-historica-contra-el-narcotrafico\\\/#primaryimage\"},\"thumbnailUrl\":\"https:\\\/\\\/canal7slp.tv\\\/2025\\\/wp-content\\\/uploads\\\/2025\\\/03\\\/02-7.jpg\",\"articleSection\":[\"NACIONALES\"],\"inLanguage\":\"es\"},{\"@type\":\"WebPage\",\"@id\":\"https:\\\/\\\/canal7slp.tv\\\/2025\\\/mexico-y-eua-refuerzan-alianza-en-seguridad-con-una-reunion-historica-contra-el-narcotrafico\\\/\",\"url\":\"https:\\\/\\\/canal7slp.tv\\\/2025\\\/mexico-y-eua-refuerzan-alianza-en-seguridad-con-una-reunion-historica-contra-el-narcotrafico\\\/\",\"name\":\"M\u00e9xico y EUA refuerzan alianza en seguridad con una reuni\u00f3n hist\u00f3rica contra el narcotr\u00e1fico - Canal 7 SLP - 2025\",\"isPartOf\":{\"@id\":\"https:\\\/\\\/canal7slp.tv\\\/2025\\\/#website\"},\"primaryImageOfPage\":{\"@id\":\"https:\\\/\\\/canal7slp.tv\\\/2025\\\/mexico-y-eua-refuerzan-alianza-en-seguridad-con-una-reunion-historica-contra-el-narcotrafico\\\/#primaryimage\"},\"image\":{\"@id\":\"https:\\\/\\\/canal7slp.tv\\\/2025\\\/mexico-y-eua-refuerzan-alianza-en-seguridad-con-una-reunion-historica-contra-el-narcotrafico\\\/#primaryimage\"},\"thumbnailUrl\":\"https:\\\/\\\/canal7slp.tv\\\/2025\\\/wp-content\\\/uploads\\\/2025\\\/03\\\/02-7.jpg\",\"datePublished\":\"2025-03-08T16:04:46+00:00\",\"breadcrumb\":{\"@id\":\"https:\\\/\\\/canal7slp.tv\\\/2025\\\/mexico-y-eua-refuerzan-alianza-en-seguridad-con-una-reunion-historica-contra-el-narcotrafico\\\/#breadcrumb\"},\"inLanguage\":\"es\",\"potentialAction\":[{\"@type\":\"ReadAction\",\"target\":[\"https:\\\/\\\/canal7slp.tv\\\/2025\\\/mexico-y-eua-refuerzan-alianza-en-seguridad-con-una-reunion-historica-contra-el-narcotrafico\\\/\"]}]},{\"@type\":\"ImageObject\",\"inLanguage\":\"es\",\"@id\":\"https:\\\/\\\/canal7slp.tv\\\/2025\\\/mexico-y-eua-refuerzan-alianza-en-seguridad-con-una-reunion-historica-contra-el-narcotrafico\\\/#primaryimage\",\"url\":\"https:\\\/\\\/canal7slp.tv\\\/2025\\\/wp-content\\\/uploads\\\/2025\\\/03\\\/02-7.jpg\",\"contentUrl\":\"https:\\\/\\\/canal7slp.tv\\\/2025\\\/wp-content\\\/uploads\\\/2025\\\/03\\\/02-7.jpg\",\"width\":888,\"height\":500},{\"@type\":\"BreadcrumbList\",\"@id\":\"https:\\\/\\\/canal7slp.tv\\\/2025\\\/mexico-y-eua-refuerzan-alianza-en-seguridad-con-una-reunion-historica-contra-el-narcotrafico\\\/#breadcrumb\",\"itemListElement\":[{\"@type\":\"ListItem\",\"position\":1,\"name\":\"Portada\",\"item\":\"https:\\\/\\\/canal7slp.tv\\\/2025\\\/\"},{\"@type\":\"ListItem\",\"position\":2,\"name\":\"M\u00e9xico y EUA refuerzan alianza en seguridad con una reuni\u00f3n hist\u00f3rica contra el narcotr\u00e1fico\"}]},{\"@type\":\"WebSite\",\"@id\":\"https:\\\/\\\/canal7slp.tv\\\/2025\\\/#website\",\"url\":\"https:\\\/\\\/canal7slp.tv\\\/2025\\\/\",\"name\":\"N7 - Noticieros Canal 7\",\"description\":\"Somos el Medio\",\"publisher\":{\"@id\":\"https:\\\/\\\/canal7slp.tv\\\/2025\\\/#organization\"},\"potentialAction\":[{\"@type\":\"SearchAction\",\"target\":{\"@type\":\"EntryPoint\",\"urlTemplate\":\"https:\\\/\\\/canal7slp.tv\\\/2025\\\/?s={search_term_string}\"},\"query-input\":{\"@type\":\"PropertyValueSpecification\",\"valueRequired\":true,\"valueName\":\"search_term_string\"}}],\"inLanguage\":\"es\"},{\"@type\":\"Organization\",\"@id\":\"https:\\\/\\\/canal7slp.tv\\\/2025\\\/#organization\",\"name\":\"Noticieros Canal 7\",\"url\":\"https:\\\/\\\/canal7slp.tv\\\/2025\\\/\",\"logo\":{\"@type\":\"ImageObject\",\"inLanguage\":\"es\",\"@id\":\"https:\\\/\\\/canal7slp.tv\\\/2025\\\/#\\\/schema\\\/logo\\\/image\\\/\",\"url\":\"https:\\\/\\\/canal7slp.tv\\\/2025\\\/wp-content\\\/uploads\\\/2021\\\/01\\\/logo-noticieros@2x.png\",\"contentUrl\":\"https:\\\/\\\/canal7slp.tv\\\/2025\\\/wp-content\\\/uploads\\\/2021\\\/01\\\/logo-noticieros@2x.png\",\"width\":1017,\"height\":268,\"caption\":\"Noticieros Canal 7\"},\"image\":{\"@id\":\"https:\\\/\\\/canal7slp.tv\\\/2025\\\/#\\\/schema\\\/logo\\\/image\\\/\"},\"sameAs\":[\"https:\\\/\\\/www.facebook.com\\\/noticieroscanal7atencionciudadana\\\/\",\"https:\\\/\\\/x.com\\\/NOTICIEROS7\",\"https:\\\/\\\/www.instagram.com\\\/canal7_slp\",\"https:\\\/\\\/www.youtube.com\\\/channel\\\/UCliiYs-gP3JfJeqdPrNdd5A\"]},{\"@type\":\"Person\",\"@id\":\"https:\\\/\\\/canal7slp.tv\\\/2025\\\/#\\\/schema\\\/person\\\/271e2b60a96e7cc9d9ac296f4d7e414b\",\"name\":\"Edici\u00f3n Web\",\"image\":{\"@type\":\"ImageObject\",\"inLanguage\":\"es\",\"@id\":\"https:\\\/\\\/secure.gravatar.com\\\/avatar\\\/eee448fc3f7164808013b816ba91ac7e43bbe82a70bebac296f8bc6f0addaa1a?s=96&d=mm&r=g\",\"url\":\"https:\\\/\\\/secure.gravatar.com\\\/avatar\\\/eee448fc3f7164808013b816ba91ac7e43bbe82a70bebac296f8bc6f0addaa1a?s=96&d=mm&r=g\",\"contentUrl\":\"https:\\\/\\\/secure.gravatar.com\\\/avatar\\\/eee448fc3f7164808013b816ba91ac7e43bbe82a70bebac296f8bc6f0addaa1a?s=96&d=mm&r=g\",\"caption\":\"Edici\u00f3n Web\"},\"url\":\"https:\\\/\\\/canal7slp.tv\\\/2025\\\/author\\\/edicionweb\\\/\"}]}<\/script>\n<!-- \/ Yoast SEO plugin. -->","yoast_head_json":{"title":"M\u00e9xico y EUA refuerzan alianza en seguridad con una reuni\u00f3n hist\u00f3rica contra el narcotr\u00e1fico - Canal 7 SLP - 2025","robots":{"index":"index","follow":"follow","max-snippet":"max-snippet:-1","max-image-preview":"max-image-preview:large","max-video-preview":"max-video-preview:-1"},"canonical":"https:\/\/canal7slp.tv\/2025\/mexico-y-eua-refuerzan-alianza-en-seguridad-con-una-reunion-historica-contra-el-narcotrafico\/","og_locale":"es_ES","og_type":"article","og_title":"M\u00e9xico y EUA refuerzan alianza en seguridad con una reuni\u00f3n hist\u00f3rica contra el narcotr\u00e1fico - Canal 7 SLP - 2025","og_description":"M\u00e9xico.- El secretario de Seguridad y Protecci\u00f3n Ciudadana de M\u00e9xico, Omar Garc\u00eda Harfuch, sostuvo una reuni\u00f3n en Estados Unidos con Kash Patel, director del Bur\u00f3 Federal de Investigaciones (FBI). Este encuentro fue calificado como un hito hist\u00f3rico, ya que result\u00f3 en la expulsi\u00f3n de 29 individuos, entre ellos ocho considerados objetivos prioritarios por el FBI. Patel destac\u00f3 que esta acci\u00f3n fortalece la cooperaci\u00f3n entre ambos pa\u00edses en materia de justicia y seguridad comunitaria. Recientemente, la Fiscal\u00eda General de la Rep\u00fablica (FGR) y el gobierno mexicano informaron que la entrega de estos 29 narcotraficantes a Estados Unidos se realiz\u00f3 por motivos [&hellip;]","og_url":"https:\/\/canal7slp.tv\/2025\/mexico-y-eua-refuerzan-alianza-en-seguridad-con-una-reunion-historica-contra-el-narcotrafico\/","og_site_name":"Canal 7 SLP - 2025","article_publisher":"https:\/\/www.facebook.com\/noticieroscanal7atencionciudadana\/","article_published_time":"2025-03-08T16:04:46+00:00","og_image":[{"width":888,"height":500,"url":"https:\/\/canal7slp.tv\/2025\/wp-content\/uploads\/2025\/03\/02-7.jpg","type":"image\/jpeg"}],"author":"Edici\u00f3n Web","twitter_card":"summary_large_image","twitter_creator":"@NOTICIEROS7","twitter_site":"@NOTICIEROS7","twitter_misc":{"Escrito por":"Edici\u00f3n Web","Tiempo de lectura":"2 minutos"},"schema":{"@context":"https:\/\/schema.org","@graph":[{"@type":"Article","@id":"https:\/\/canal7slp.tv\/2025\/mexico-y-eua-refuerzan-alianza-en-seguridad-con-una-reunion-historica-contra-el-narcotrafico\/#article","isPartOf":{"@id":"https:\/\/canal7slp.tv\/2025\/mexico-y-eua-refuerzan-alianza-en-seguridad-con-una-reunion-historica-contra-el-narcotrafico\/"},"author":{"name":"Edici\u00f3n Web","@id":"https:\/\/canal7slp.tv\/2025\/#\/schema\/person\/271e2b60a96e7cc9d9ac296f4d7e414b"},"headline":"M\u00e9xico y EUA refuerzan alianza en seguridad con una reuni\u00f3n hist\u00f3rica contra el narcotr\u00e1fico","datePublished":"2025-03-08T16:04:46+00:00","mainEntityOfPage":{"@id":"https:\/\/canal7slp.tv\/2025\/mexico-y-eua-refuerzan-alianza-en-seguridad-con-una-reunion-historica-contra-el-narcotrafico\/"},"wordCount":278,"publisher":{"@id":"https:\/\/canal7slp.tv\/2025\/#organization"},"image":{"@id":"https:\/\/canal7slp.tv\/2025\/mexico-y-eua-refuerzan-alianza-en-seguridad-con-una-reunion-historica-contra-el-narcotrafico\/#primaryimage"},"thumbnailUrl":"https:\/\/canal7slp.tv\/2025\/wp-content\/uploads\/2025\/03\/02-7.jpg","articleSection":["NACIONALES"],"inLanguage":"es"},{"@type":"WebPage","@id":"https:\/\/canal7slp.tv\/2025\/mexico-y-eua-refuerzan-alianza-en-seguridad-con-una-reunion-historica-contra-el-narcotrafico\/","url":"https:\/\/canal7slp.tv\/2025\/mexico-y-eua-refuerzan-alianza-en-seguridad-con-una-reunion-historica-contra-el-narcotrafico\/","name":"M\u00e9xico y EUA refuerzan alianza en seguridad con una reuni\u00f3n hist\u00f3rica contra el narcotr\u00e1fico - Canal 7 SLP - 2025","isPartOf":{"@id":"https:\/\/canal7slp.tv\/2025\/#website"},"primaryImageOfPage":{"@id":"https:\/\/canal7slp.tv\/2025\/mexico-y-eua-refuerzan-alianza-en-seguridad-con-una-reunion-historica-contra-el-narcotrafico\/#primaryimage"},"image":{"@id":"https:\/\/canal7slp.tv\/2025\/mexico-y-eua-refuerzan-alianza-en-seguridad-con-una-reunion-historica-contra-el-narcotrafico\/#primaryimage"},"thumbnailUrl":"https:\/\/canal7slp.tv\/2025\/wp-content\/uploads\/2025\/03\/02-7.jpg","datePublished":"2025-03-08T16:04:46+00:00","breadcrumb":{"@id":"https:\/\/canal7slp.tv\/2025\/mexico-y-eua-refuerzan-alianza-en-seguridad-con-una-reunion-historica-contra-el-narcotrafico\/#breadcrumb"},"inLanguage":"es","potentialAction":[{"@type":"ReadAction","target":["https:\/\/canal7slp.tv\/2025\/mexico-y-eua-refuerzan-alianza-en-seguridad-con-una-reunion-historica-contra-el-narcotrafico\/"]}]},{"@type":"ImageObject","inLanguage":"es","@id":"https:\/\/canal7slp.tv\/2025\/mexico-y-eua-refuerzan-alianza-en-seguridad-con-una-reunion-historica-contra-el-narcotrafico\/#primaryimage","url":"https:\/\/canal7slp.tv\/2025\/wp-content\/uploads\/2025\/03\/02-7.jpg","contentUrl":"https:\/\/canal7slp.tv\/2025\/wp-content\/uploads\/2025\/03\/02-7.jpg","width":888,"height":500},{"@type":"BreadcrumbList","@id":"https:\/\/canal7slp.tv\/2025\/mexico-y-eua-refuerzan-alianza-en-seguridad-con-una-reunion-historica-contra-el-narcotrafico\/#breadcrumb","itemListElement":[{"@type":"ListItem","position":1,"name":"Portada","item":"https:\/\/canal7slp.tv\/2025\/"},{"@type":"ListItem","position":2,"name":"M\u00e9xico y EUA refuerzan alianza en seguridad con una reuni\u00f3n hist\u00f3rica contra el narcotr\u00e1fico"}]},{"@type":"WebSite","@id":"https:\/\/canal7slp.tv\/2025\/#website","url":"https:\/\/canal7slp.tv\/2025\/","name":"N7 - Noticieros Canal 7","description":"Somos el Medio","publisher":{"@id":"https:\/\/canal7slp.tv\/2025\/#organization"},"potentialAction":[{"@type":"SearchAction","target":{"@type":"EntryPoint","urlTemplate":"https:\/\/canal7slp.tv\/2025\/?s={search_term_string}"},"query-input":{"@type":"PropertyValueSpecification","valueRequired":true,"valueName":"search_term_string"}}],"inLanguage":"es"},{"@type":"Organization","@id":"https:\/\/canal7slp.tv\/2025\/#organization","name":"Noticieros Canal 7","url":"https:\/\/canal7slp.tv\/2025\/","logo":{"@type":"ImageObject","inLanguage":"es","@id":"https:\/\/canal7slp.tv\/2025\/#\/schema\/logo\/image\/","url":"https:\/\/canal7slp.tv\/2025\/wp-content\/uploads\/2021\/01\/logo-noticieros@2x.png","contentUrl":"https:\/\/canal7slp.tv\/2025\/wp-content\/uploads\/2021\/01\/logo-noticieros@2x.png","width":1017,"height":268,"caption":"Noticieros Canal 7"},"image":{"@id":"https:\/\/canal7slp.tv\/2025\/#\/schema\/logo\/image\/"},"sameAs":["https:\/\/www.facebook.com\/noticieroscanal7atencionciudadana\/","https:\/\/x.com\/NOTICIEROS7","https:\/\/www.instagram.com\/canal7_slp","https:\/\/www.youtube.com\/channel\/UCliiYs-gP3JfJeqdPrNdd5A"]},{"@type":"Person","@id":"https:\/\/canal7slp.tv\/2025\/#\/schema\/person\/271e2b60a96e7cc9d9ac296f4d7e414b","name":"Edici\u00f3n Web","image":{"@type":"ImageObject","inLanguage":"es","@id":"https:\/\/secure.gravatar.com\/avatar\/eee448fc3f7164808013b816ba91ac7e43bbe82a70bebac296f8bc6f0addaa1a?s=96&d=mm&r=g","url":"https:\/\/secure.gravatar.com\/avatar\/eee448fc3f7164808013b816ba91ac7e43bbe82a70bebac296f8bc6f0addaa1a?s=96&d=mm&r=g","contentUrl":"https:\/\/secure.gravatar.com\/avatar\/eee448fc3f7164808013b816ba91ac7e43bbe82a70bebac296f8bc6f0addaa1a?s=96&d=mm&r=g","caption":"Edici\u00f3n Web"},"url":"https:\/\/canal7slp.tv\/2025\/author\/edicionweb\/"}]}},"_links":{"self":[{"href":"https:\/\/canal7slp.tv\/2025\/wp-json\/wp\/v2\/posts\/160329","targetHints":{"allow":["GET"]}}],"collection":[{"href":"https:\/\/canal7slp.tv\/2025\/wp-json\/wp\/v2\/posts"}],"about":[{"href":"https:\/\/canal7slp.tv\/2025\/wp-json\/wp\/v2\/types\/post"}],"author":[{"embeddable":true,"href":"https:\/\/canal7slp.tv\/2025\/wp-json\/wp\/v2\/users\/2"}],"replies":[{"embeddable":true,"href":"https:\/\/canal7slp.tv\/2025\/wp-json\/wp\/v2\/comments?post=160329"}],"version-history":[{"count":1,"href":"https:\/\/canal7slp.tv\/2025\/wp-json\/wp\/v2\/posts\/160329\/revisions"}],"predecessor-version":[{"id":160331,"href":"https:\/\/canal7slp.tv\/2025\/wp-json\/wp\/v2\/posts\/160329\/revisions\/160331"}],"wp:featuredmedia":[{"embeddable":true,"href":"https:\/\/canal7slp.tv\/2025\/wp-json\/wp\/v2\/media\/160330"}],"wp:attachment":[{"href":"https:\/\/canal7slp.tv\/2025\/wp-json\/wp\/v2\/media?parent=160329"}],"wp:term":[{"taxonomy":"category","embeddable":true,"href":"https:\/\/canal7slp.tv\/2025\/wp-json\/wp\/v2\/categories?post=160329"},{"taxonomy":"post_tag","embeddable":true,"href":"https:\/\/canal7slp.tv\/2025\/wp-json\/wp\/v2\/tags?post=160329"}],"curies":[{"name":"wp","href":"https:\/\/api.w.org\/{rel}","templated":true}]}}