{"id":160236,"date":"2025-03-07T14:10:19","date_gmt":"2025-03-07T20:10:19","guid":{"rendered":"https:\/\/canal7slp.tv\/2025\/?p=160236"},"modified":"2025-03-07T14:10:19","modified_gmt":"2025-03-07T20:10:19","slug":"cadillac-se-une-al-mundial-de-formula-1-a-partir-de-2026","status":"publish","type":"post","link":"https:\/\/canal7slp.tv\/2025\/cadillac-se-une-al-mundial-de-formula-1-a-partir-de-2026\/","title":{"rendered":"Cadillac se une al mundial de F\u00f3rmula 1 a partir de 2026"},"content":{"rendered":"<p style=\"text-align: justify;\">\n<p style=\"text-align: justify;\">Francia.- Cadillac formar\u00e1 parte del Mundial de F\u00f3rmula 1 (F1) a partir de 2026, seg\u00fan un comunicado de la Federaci\u00f3n Internacional del Autom\u00f3vil (FIA) y los responsables de la categor\u00eda. La solicitud de General Motors y TWG Motorsports para ingresar un equipo Cadillac ha sido aprobada tras completar los asesoramientos necesarios.<\/p>\n<p style=\"text-align: justify;\">Con esta incorporaci\u00f3n, el campeonato de 2026 contar\u00e1 con 22 pilotos de once escuder\u00edas, a menos que se acepten m\u00e1s equipos. En el Mundial de 2025, que ver\u00e1 a Max Verstappen (Red Bull) defender su t\u00edtulo y buscar su quinto campeonato consecutivo, competir\u00e1n 20 pilotos de diez escuder\u00edas, incluyendo al espa\u00f1ol Fernando Alonso (Aston Martin), doble campe\u00f3n del mundo. McLaren, \u00faltima ganadora del Mundial de constructores, tambi\u00e9n estar\u00e1 presente, un t\u00edtulo que no conquistaba desde 1998.<\/p>\n<p style=\"text-align: justify;\">El Mundial de 2025, con 24 carreras, comenzar\u00e1 el 16 de marzo en el circuito de Albert Park de Melbourne (Gran Premio de Australia) y finalizar\u00e1 el 7 de diciembre en Yas Marina, Abu Dabi.<\/p>\n","protected":false},"excerpt":{"rendered":"<p>Francia.- Cadillac formar\u00e1 parte del Mundial de F\u00f3rmula 1 (F1) a partir de 2026, seg\u00fan un comunicado de la Federaci\u00f3n Internacional del Autom\u00f3vil (FIA) y los responsables de la categor\u00eda. La solicitud de General Motors y TWG Motorsports para ingresar un equipo Cadillac ha sido aprobada tras completar los asesoramientos necesarios. Con esta incorporaci\u00f3n, el campeonato de 2026 contar\u00e1 con 22 pilotos de once escuder\u00edas, a menos que se acepten m\u00e1s equipos. En el Mundial de 2025, que ver\u00e1 a Max Verstappen (Red Bull) defender su t\u00edtulo y buscar su quinto campeonato consecutivo, competir\u00e1n 20 pilotos de diez escuder\u00edas, incluyendo [&hellip;]<\/p>\n","protected":false},"author":2,"featured_media":160237,"comment_status":"closed","ping_status":"closed","sticky":false,"template":"","format":"standard","meta":{"_monsterinsights_skip_tracking":false,"_monsterinsights_sitenote_active":false,"_monsterinsights_sitenote_note":"","_monsterinsights_sitenote_category":0,"footnotes":""},"categories":[7],"tags":[],"class_list":["post-160236","post","type-post","status-publish","format-standard","has-post-thumbnail","hentry","category-deportes","post--single"],"yoast_head":"<!-- This site is optimized with the Yoast SEO plugin v27.5 - https:\/\/yoast.com\/product\/yoast-seo-wordpress\/ -->\n<title>Cadillac se une al mundial de F\u00f3rmula 1 a partir de 2026 - Canal 7 SLP - 2025<\/title>\n<meta name=\"robots\" content=\"index, follow, max-snippet:-1, max-image-preview:large, max-video-preview:-1\" \/>\n<link rel=\"canonical\" href=\"https:\/\/canal7slp.tv\/2025\/cadillac-se-une-al-mundial-de-formula-1-a-partir-de-2026\/\" \/>\n<meta property=\"og:locale\" content=\"es_ES\" \/>\n<meta property=\"og:type\" content=\"article\" \/>\n<meta property=\"og:title\" content=\"Cadillac se une al mundial de F\u00f3rmula 1 a partir de 2026 - Canal 7 SLP - 2025\" \/>\n<meta property=\"og:description\" content=\"Francia.- Cadillac formar\u00e1 parte del Mundial de F\u00f3rmula 1 (F1) a partir de 2026, seg\u00fan un comunicado de la Federaci\u00f3n Internacional del Autom\u00f3vil (FIA) y los responsables de la categor\u00eda. La solicitud de General Motors y TWG Motorsports para ingresar un equipo Cadillac ha sido aprobada tras completar los asesoramientos necesarios. Con esta incorporaci\u00f3n, el campeonato de 2026 contar\u00e1 con 22 pilotos de once escuder\u00edas, a menos que se acepten m\u00e1s equipos. En el Mundial de 2025, que ver\u00e1 a Max Verstappen (Red Bull) defender su t\u00edtulo y buscar su quinto campeonato consecutivo, competir\u00e1n 20 pilotos de diez escuder\u00edas, incluyendo [&hellip;]\" \/>\n<meta property=\"og:url\" content=\"https:\/\/canal7slp.tv\/2025\/cadillac-se-une-al-mundial-de-formula-1-a-partir-de-2026\/\" \/>\n<meta property=\"og:site_name\" content=\"Canal 7 SLP - 2025\" \/>\n<meta property=\"article:publisher\" content=\"https:\/\/www.facebook.com\/noticieroscanal7atencionciudadana\/\" \/>\n<meta property=\"article:published_time\" content=\"2025-03-07T20:10:19+00:00\" \/>\n<meta property=\"og:image\" content=\"https:\/\/canal7slp.tv\/2025\/wp-content\/uploads\/2025\/03\/05-6.jpg\" \/>\n\t<meta property=\"og:image:width\" content=\"888\" \/>\n\t<meta property=\"og:image:height\" content=\"500\" \/>\n\t<meta property=\"og:image:type\" content=\"image\/jpeg\" \/>\n<meta name=\"author\" content=\"Edici\u00f3n Web\" \/>\n<meta name=\"twitter:card\" content=\"summary_large_image\" \/>\n<meta name=\"twitter:creator\" content=\"@NOTICIEROS7\" \/>\n<meta name=\"twitter:site\" content=\"@NOTICIEROS7\" \/>\n<meta name=\"twitter:label1\" content=\"Escrito por\" \/>\n\t<meta name=\"twitter:data1\" content=\"Edici\u00f3n Web\" \/>\n\t<meta name=\"twitter:label2\" content=\"Tiempo de lectura\" \/>\n\t<meta name=\"twitter:data2\" content=\"1 minuto\" \/>\n<script type=\"application\/ld+json\" class=\"yoast-schema-graph\">{\"@context\":\"https:\\\/\\\/schema.org\",\"@graph\":[{\"@type\":\"Article\",\"@id\":\"https:\\\/\\\/canal7slp.tv\\\/2025\\\/cadillac-se-une-al-mundial-de-formula-1-a-partir-de-2026\\\/#article\",\"isPartOf\":{\"@id\":\"https:\\\/\\\/canal7slp.tv\\\/2025\\\/cadillac-se-une-al-mundial-de-formula-1-a-partir-de-2026\\\/\"},\"author\":{\"name\":\"Edici\u00f3n Web\",\"@id\":\"https:\\\/\\\/canal7slp.tv\\\/2025\\\/#\\\/schema\\\/person\\\/271e2b60a96e7cc9d9ac296f4d7e414b\"},\"headline\":\"Cadillac se une al mundial de F\u00f3rmula 1 a partir de 2026\",\"datePublished\":\"2025-03-07T20:10:19+00:00\",\"mainEntityOfPage\":{\"@id\":\"https:\\\/\\\/canal7slp.tv\\\/2025\\\/cadillac-se-une-al-mundial-de-formula-1-a-partir-de-2026\\\/\"},\"wordCount\":178,\"publisher\":{\"@id\":\"https:\\\/\\\/canal7slp.tv\\\/2025\\\/#organization\"},\"image\":{\"@id\":\"https:\\\/\\\/canal7slp.tv\\\/2025\\\/cadillac-se-une-al-mundial-de-formula-1-a-partir-de-2026\\\/#primaryimage\"},\"thumbnailUrl\":\"https:\\\/\\\/canal7slp.tv\\\/2025\\\/wp-content\\\/uploads\\\/2025\\\/03\\\/05-6.jpg\",\"articleSection\":[\"DEPORTES\"],\"inLanguage\":\"es\"},{\"@type\":\"WebPage\",\"@id\":\"https:\\\/\\\/canal7slp.tv\\\/2025\\\/cadillac-se-une-al-mundial-de-formula-1-a-partir-de-2026\\\/\",\"url\":\"https:\\\/\\\/canal7slp.tv\\\/2025\\\/cadillac-se-une-al-mundial-de-formula-1-a-partir-de-2026\\\/\",\"name\":\"Cadillac se une al mundial de F\u00f3rmula 1 a partir de 2026 - Canal 7 SLP - 2025\",\"isPartOf\":{\"@id\":\"https:\\\/\\\/canal7slp.tv\\\/2025\\\/#website\"},\"primaryImageOfPage\":{\"@id\":\"https:\\\/\\\/canal7slp.tv\\\/2025\\\/cadillac-se-une-al-mundial-de-formula-1-a-partir-de-2026\\\/#primaryimage\"},\"image\":{\"@id\":\"https:\\\/\\\/canal7slp.tv\\\/2025\\\/cadillac-se-une-al-mundial-de-formula-1-a-partir-de-2026\\\/#primaryimage\"},\"thumbnailUrl\":\"https:\\\/\\\/canal7slp.tv\\\/2025\\\/wp-content\\\/uploads\\\/2025\\\/03\\\/05-6.jpg\",\"datePublished\":\"2025-03-07T20:10:19+00:00\",\"breadcrumb\":{\"@id\":\"https:\\\/\\\/canal7slp.tv\\\/2025\\\/cadillac-se-une-al-mundial-de-formula-1-a-partir-de-2026\\\/#breadcrumb\"},\"inLanguage\":\"es\",\"potentialAction\":[{\"@type\":\"ReadAction\",\"target\":[\"https:\\\/\\\/canal7slp.tv\\\/2025\\\/cadillac-se-une-al-mundial-de-formula-1-a-partir-de-2026\\\/\"]}]},{\"@type\":\"ImageObject\",\"inLanguage\":\"es\",\"@id\":\"https:\\\/\\\/canal7slp.tv\\\/2025\\\/cadillac-se-une-al-mundial-de-formula-1-a-partir-de-2026\\\/#primaryimage\",\"url\":\"https:\\\/\\\/canal7slp.tv\\\/2025\\\/wp-content\\\/uploads\\\/2025\\\/03\\\/05-6.jpg\",\"contentUrl\":\"https:\\\/\\\/canal7slp.tv\\\/2025\\\/wp-content\\\/uploads\\\/2025\\\/03\\\/05-6.jpg\",\"width\":888,\"height\":500},{\"@type\":\"BreadcrumbList\",\"@id\":\"https:\\\/\\\/canal7slp.tv\\\/2025\\\/cadillac-se-une-al-mundial-de-formula-1-a-partir-de-2026\\\/#breadcrumb\",\"itemListElement\":[{\"@type\":\"ListItem\",\"position\":1,\"name\":\"Portada\",\"item\":\"https:\\\/\\\/canal7slp.tv\\\/2025\\\/\"},{\"@type\":\"ListItem\",\"position\":2,\"name\":\"Cadillac se une al mundial de F\u00f3rmula 1 a partir de 2026\"}]},{\"@type\":\"WebSite\",\"@id\":\"https:\\\/\\\/canal7slp.tv\\\/2025\\\/#website\",\"url\":\"https:\\\/\\\/canal7slp.tv\\\/2025\\\/\",\"name\":\"N7 - Noticieros Canal 7\",\"description\":\"Somos el Medio\",\"publisher\":{\"@id\":\"https:\\\/\\\/canal7slp.tv\\\/2025\\\/#organization\"},\"potentialAction\":[{\"@type\":\"SearchAction\",\"target\":{\"@type\":\"EntryPoint\",\"urlTemplate\":\"https:\\\/\\\/canal7slp.tv\\\/2025\\\/?s={search_term_string}\"},\"query-input\":{\"@type\":\"PropertyValueSpecification\",\"valueRequired\":true,\"valueName\":\"search_term_string\"}}],\"inLanguage\":\"es\"},{\"@type\":\"Organization\",\"@id\":\"https:\\\/\\\/canal7slp.tv\\\/2025\\\/#organization\",\"name\":\"Noticieros Canal 7\",\"url\":\"https:\\\/\\\/canal7slp.tv\\\/2025\\\/\",\"logo\":{\"@type\":\"ImageObject\",\"inLanguage\":\"es\",\"@id\":\"https:\\\/\\\/canal7slp.tv\\\/2025\\\/#\\\/schema\\\/logo\\\/image\\\/\",\"url\":\"https:\\\/\\\/canal7slp.tv\\\/2025\\\/wp-content\\\/uploads\\\/2021\\\/01\\\/logo-noticieros@2x.png\",\"contentUrl\":\"https:\\\/\\\/canal7slp.tv\\\/2025\\\/wp-content\\\/uploads\\\/2021\\\/01\\\/logo-noticieros@2x.png\",\"width\":1017,\"height\":268,\"caption\":\"Noticieros Canal 7\"},\"image\":{\"@id\":\"https:\\\/\\\/canal7slp.tv\\\/2025\\\/#\\\/schema\\\/logo\\\/image\\\/\"},\"sameAs\":[\"https:\\\/\\\/www.facebook.com\\\/noticieroscanal7atencionciudadana\\\/\",\"https:\\\/\\\/x.com\\\/NOTICIEROS7\",\"https:\\\/\\\/www.instagram.com\\\/canal7_slp\",\"https:\\\/\\\/www.youtube.com\\\/channel\\\/UCliiYs-gP3JfJeqdPrNdd5A\"]},{\"@type\":\"Person\",\"@id\":\"https:\\\/\\\/canal7slp.tv\\\/2025\\\/#\\\/schema\\\/person\\\/271e2b60a96e7cc9d9ac296f4d7e414b\",\"name\":\"Edici\u00f3n Web\",\"image\":{\"@type\":\"ImageObject\",\"inLanguage\":\"es\",\"@id\":\"https:\\\/\\\/secure.gravatar.com\\\/avatar\\\/eee448fc3f7164808013b816ba91ac7e43bbe82a70bebac296f8bc6f0addaa1a?s=96&d=mm&r=g\",\"url\":\"https:\\\/\\\/secure.gravatar.com\\\/avatar\\\/eee448fc3f7164808013b816ba91ac7e43bbe82a70bebac296f8bc6f0addaa1a?s=96&d=mm&r=g\",\"contentUrl\":\"https:\\\/\\\/secure.gravatar.com\\\/avatar\\\/eee448fc3f7164808013b816ba91ac7e43bbe82a70bebac296f8bc6f0addaa1a?s=96&d=mm&r=g\",\"caption\":\"Edici\u00f3n Web\"},\"url\":\"https:\\\/\\\/canal7slp.tv\\\/2025\\\/author\\\/edicionweb\\\/\"}]}<\/script>\n<!-- \/ Yoast SEO plugin. -->","yoast_head_json":{"title":"Cadillac se une al mundial de F\u00f3rmula 1 a partir de 2026 - Canal 7 SLP - 2025","robots":{"index":"index","follow":"follow","max-snippet":"max-snippet:-1","max-image-preview":"max-image-preview:large","max-video-preview":"max-video-preview:-1"},"canonical":"https:\/\/canal7slp.tv\/2025\/cadillac-se-une-al-mundial-de-formula-1-a-partir-de-2026\/","og_locale":"es_ES","og_type":"article","og_title":"Cadillac se une al mundial de F\u00f3rmula 1 a partir de 2026 - Canal 7 SLP - 2025","og_description":"Francia.- Cadillac formar\u00e1 parte del Mundial de F\u00f3rmula 1 (F1) a partir de 2026, seg\u00fan un comunicado de la Federaci\u00f3n Internacional del Autom\u00f3vil (FIA) y los responsables de la categor\u00eda. La solicitud de General Motors y TWG Motorsports para ingresar un equipo Cadillac ha sido aprobada tras completar los asesoramientos necesarios. Con esta incorporaci\u00f3n, el campeonato de 2026 contar\u00e1 con 22 pilotos de once escuder\u00edas, a menos que se acepten m\u00e1s equipos. En el Mundial de 2025, que ver\u00e1 a Max Verstappen (Red Bull) defender su t\u00edtulo y buscar su quinto campeonato consecutivo, competir\u00e1n 20 pilotos de diez escuder\u00edas, incluyendo [&hellip;]","og_url":"https:\/\/canal7slp.tv\/2025\/cadillac-se-une-al-mundial-de-formula-1-a-partir-de-2026\/","og_site_name":"Canal 7 SLP - 2025","article_publisher":"https:\/\/www.facebook.com\/noticieroscanal7atencionciudadana\/","article_published_time":"2025-03-07T20:10:19+00:00","og_image":[{"width":888,"height":500,"url":"https:\/\/canal7slp.tv\/2025\/wp-content\/uploads\/2025\/03\/05-6.jpg","type":"image\/jpeg"}],"author":"Edici\u00f3n Web","twitter_card":"summary_large_image","twitter_creator":"@NOTICIEROS7","twitter_site":"@NOTICIEROS7","twitter_misc":{"Escrito por":"Edici\u00f3n Web","Tiempo de lectura":"1 minuto"},"schema":{"@context":"https:\/\/schema.org","@graph":[{"@type":"Article","@id":"https:\/\/canal7slp.tv\/2025\/cadillac-se-une-al-mundial-de-formula-1-a-partir-de-2026\/#article","isPartOf":{"@id":"https:\/\/canal7slp.tv\/2025\/cadillac-se-une-al-mundial-de-formula-1-a-partir-de-2026\/"},"author":{"name":"Edici\u00f3n Web","@id":"https:\/\/canal7slp.tv\/2025\/#\/schema\/person\/271e2b60a96e7cc9d9ac296f4d7e414b"},"headline":"Cadillac se une al mundial de F\u00f3rmula 1 a partir de 2026","datePublished":"2025-03-07T20:10:19+00:00","mainEntityOfPage":{"@id":"https:\/\/canal7slp.tv\/2025\/cadillac-se-une-al-mundial-de-formula-1-a-partir-de-2026\/"},"wordCount":178,"publisher":{"@id":"https:\/\/canal7slp.tv\/2025\/#organization"},"image":{"@id":"https:\/\/canal7slp.tv\/2025\/cadillac-se-une-al-mundial-de-formula-1-a-partir-de-2026\/#primaryimage"},"thumbnailUrl":"https:\/\/canal7slp.tv\/2025\/wp-content\/uploads\/2025\/03\/05-6.jpg","articleSection":["DEPORTES"],"inLanguage":"es"},{"@type":"WebPage","@id":"https:\/\/canal7slp.tv\/2025\/cadillac-se-une-al-mundial-de-formula-1-a-partir-de-2026\/","url":"https:\/\/canal7slp.tv\/2025\/cadillac-se-une-al-mundial-de-formula-1-a-partir-de-2026\/","name":"Cadillac se une al mundial de F\u00f3rmula 1 a partir de 2026 - Canal 7 SLP - 2025","isPartOf":{"@id":"https:\/\/canal7slp.tv\/2025\/#website"},"primaryImageOfPage":{"@id":"https:\/\/canal7slp.tv\/2025\/cadillac-se-une-al-mundial-de-formula-1-a-partir-de-2026\/#primaryimage"},"image":{"@id":"https:\/\/canal7slp.tv\/2025\/cadillac-se-une-al-mundial-de-formula-1-a-partir-de-2026\/#primaryimage"},"thumbnailUrl":"https:\/\/canal7slp.tv\/2025\/wp-content\/uploads\/2025\/03\/05-6.jpg","datePublished":"2025-03-07T20:10:19+00:00","breadcrumb":{"@id":"https:\/\/canal7slp.tv\/2025\/cadillac-se-une-al-mundial-de-formula-1-a-partir-de-2026\/#breadcrumb"},"inLanguage":"es","potentialAction":[{"@type":"ReadAction","target":["https:\/\/canal7slp.tv\/2025\/cadillac-se-une-al-mundial-de-formula-1-a-partir-de-2026\/"]}]},{"@type":"ImageObject","inLanguage":"es","@id":"https:\/\/canal7slp.tv\/2025\/cadillac-se-une-al-mundial-de-formula-1-a-partir-de-2026\/#primaryimage","url":"https:\/\/canal7slp.tv\/2025\/wp-content\/uploads\/2025\/03\/05-6.jpg","contentUrl":"https:\/\/canal7slp.tv\/2025\/wp-content\/uploads\/2025\/03\/05-6.jpg","width":888,"height":500},{"@type":"BreadcrumbList","@id":"https:\/\/canal7slp.tv\/2025\/cadillac-se-une-al-mundial-de-formula-1-a-partir-de-2026\/#breadcrumb","itemListElement":[{"@type":"ListItem","position":1,"name":"Portada","item":"https:\/\/canal7slp.tv\/2025\/"},{"@type":"ListItem","position":2,"name":"Cadillac se une al mundial de F\u00f3rmula 1 a partir de 2026"}]},{"@type":"WebSite","@id":"https:\/\/canal7slp.tv\/2025\/#website","url":"https:\/\/canal7slp.tv\/2025\/","name":"N7 - Noticieros Canal 7","description":"Somos el Medio","publisher":{"@id":"https:\/\/canal7slp.tv\/2025\/#organization"},"potentialAction":[{"@type":"SearchAction","target":{"@type":"EntryPoint","urlTemplate":"https:\/\/canal7slp.tv\/2025\/?s={search_term_string}"},"query-input":{"@type":"PropertyValueSpecification","valueRequired":true,"valueName":"search_term_string"}}],"inLanguage":"es"},{"@type":"Organization","@id":"https:\/\/canal7slp.tv\/2025\/#organization","name":"Noticieros Canal 7","url":"https:\/\/canal7slp.tv\/2025\/","logo":{"@type":"ImageObject","inLanguage":"es","@id":"https:\/\/canal7slp.tv\/2025\/#\/schema\/logo\/image\/","url":"https:\/\/canal7slp.tv\/2025\/wp-content\/uploads\/2021\/01\/logo-noticieros@2x.png","contentUrl":"https:\/\/canal7slp.tv\/2025\/wp-content\/uploads\/2021\/01\/logo-noticieros@2x.png","width":1017,"height":268,"caption":"Noticieros Canal 7"},"image":{"@id":"https:\/\/canal7slp.tv\/2025\/#\/schema\/logo\/image\/"},"sameAs":["https:\/\/www.facebook.com\/noticieroscanal7atencionciudadana\/","https:\/\/x.com\/NOTICIEROS7","https:\/\/www.instagram.com\/canal7_slp","https:\/\/www.youtube.com\/channel\/UCliiYs-gP3JfJeqdPrNdd5A"]},{"@type":"Person","@id":"https:\/\/canal7slp.tv\/2025\/#\/schema\/person\/271e2b60a96e7cc9d9ac296f4d7e414b","name":"Edici\u00f3n Web","image":{"@type":"ImageObject","inLanguage":"es","@id":"https:\/\/secure.gravatar.com\/avatar\/eee448fc3f7164808013b816ba91ac7e43bbe82a70bebac296f8bc6f0addaa1a?s=96&d=mm&r=g","url":"https:\/\/secure.gravatar.com\/avatar\/eee448fc3f7164808013b816ba91ac7e43bbe82a70bebac296f8bc6f0addaa1a?s=96&d=mm&r=g","contentUrl":"https:\/\/secure.gravatar.com\/avatar\/eee448fc3f7164808013b816ba91ac7e43bbe82a70bebac296f8bc6f0addaa1a?s=96&d=mm&r=g","caption":"Edici\u00f3n Web"},"url":"https:\/\/canal7slp.tv\/2025\/author\/edicionweb\/"}]}},"_links":{"self":[{"href":"https:\/\/canal7slp.tv\/2025\/wp-json\/wp\/v2\/posts\/160236","targetHints":{"allow":["GET"]}}],"collection":[{"href":"https:\/\/canal7slp.tv\/2025\/wp-json\/wp\/v2\/posts"}],"about":[{"href":"https:\/\/canal7slp.tv\/2025\/wp-json\/wp\/v2\/types\/post"}],"author":[{"embeddable":true,"href":"https:\/\/canal7slp.tv\/2025\/wp-json\/wp\/v2\/users\/2"}],"replies":[{"embeddable":true,"href":"https:\/\/canal7slp.tv\/2025\/wp-json\/wp\/v2\/comments?post=160236"}],"version-history":[{"count":2,"href":"https:\/\/canal7slp.tv\/2025\/wp-json\/wp\/v2\/posts\/160236\/revisions"}],"predecessor-version":[{"id":160239,"href":"https:\/\/canal7slp.tv\/2025\/wp-json\/wp\/v2\/posts\/160236\/revisions\/160239"}],"wp:featuredmedia":[{"embeddable":true,"href":"https:\/\/canal7slp.tv\/2025\/wp-json\/wp\/v2\/media\/160237"}],"wp:attachment":[{"href":"https:\/\/canal7slp.tv\/2025\/wp-json\/wp\/v2\/media?parent=160236"}],"wp:term":[{"taxonomy":"category","embeddable":true,"href":"https:\/\/canal7slp.tv\/2025\/wp-json\/wp\/v2\/categories?post=160236"},{"taxonomy":"post_tag","embeddable":true,"href":"https:\/\/canal7slp.tv\/2025\/wp-json\/wp\/v2\/tags?post=160236"}],"curies":[{"name":"wp","href":"https:\/\/api.w.org\/{rel}","templated":true}]}}