{"id":160182,"date":"2025-03-06T17:38:54","date_gmt":"2025-03-06T23:38:54","guid":{"rendered":"https:\/\/canal7slp.tv\/2025\/?p=160182"},"modified":"2025-03-06T17:38:54","modified_gmt":"2025-03-06T23:38:54","slug":"comision-de-atencion-a-las-mujeres-de-la-capital-contra-violencia-de-genero","status":"publish","type":"post","link":"https:\/\/canal7slp.tv\/2025\/comision-de-atencion-a-las-mujeres-de-la-capital-contra-violencia-de-genero\/","title":{"rendered":"Comisi\u00f3n de Atenci\u00f3n a las Mujeres de la Capital contra violencia de g\u00e9nero"},"content":{"rendered":"<p style=\"text-align: justify;\">SLP.- Como parte de las actividades de la Comisi\u00f3n de Atenci\u00f3n a las Mujeres del Ayuntamiento de San Luis Potos\u00ed, se impulsar\u00e1n una serie de proyectos de los que habl\u00f3 el regidor Francisco Pedraza Blanco.<\/p>\n<p style=\"text-align: justify;\">\u201cCon mis compa\u00f1eros regidores en la comisi\u00f3n vamos a trabajar de la mano para potencializar el tema de c\u00f3mo ayudar y c\u00f3mo ver que en realidad la mujer (\u2026) es quien tomas las riendas en el camino del pa\u00eds, entonces nosotros queremos ayudar\u201d.<\/p>\n<p style=\"text-align: justify;\">Erradicar la violencia es vital.<\/p>\n<p style=\"text-align: justify;\">\u201cTodav\u00eda en el tema de la violencia de g\u00e9nero pues lamentablemente en San Luis Potos\u00ed todav\u00eda existe\u201d.<\/p>\n<p style=\"text-align: justify;\">La coordinaci\u00f3n ser\u00e1 vital.<\/p>\n<p style=\"text-align: justify;\">\u201cS\u00ed, queremos trabajar junto con la instancia de la mujer y queremos trabajar en conjunto con las dem\u00e1s instancias de los municipios cercanos (\u2026) nosotros traemos el proyecto del Bot\u00f3n Rosa que le llamamos, queremos hacerlo, es exclusivamente un bot\u00f3n de ayuda para la mujer y ver c\u00f3mo nosotros aqu\u00ed en la capital potosina poder aminorar un poco el tema en cuesti\u00f3n de violencia de g\u00e9nero con las mujeres\u201d.<\/p>\n<p>Por: Juan Carlos Contreras<\/p>\n","protected":false},"excerpt":{"rendered":"<p>SLP.- Como parte de las actividades de la Comisi\u00f3n de Atenci\u00f3n a las Mujeres del Ayuntamiento de San Luis Potos\u00ed, se impulsar\u00e1n una serie de proyectos de los que habl\u00f3 el regidor Francisco Pedraza Blanco. \u201cCon mis compa\u00f1eros regidores en la comisi\u00f3n vamos a trabajar de la mano para potencializar el tema de c\u00f3mo ayudar y c\u00f3mo ver que en realidad la mujer (\u2026) es quien tomas las riendas en el camino del pa\u00eds, entonces nosotros queremos ayudar\u201d. Erradicar la violencia es vital. \u201cTodav\u00eda en el tema de la violencia de g\u00e9nero pues lamentablemente en San Luis Potos\u00ed todav\u00eda existe\u201d. [&hellip;]<\/p>\n","protected":false},"author":2,"featured_media":160201,"comment_status":"closed","ping_status":"closed","sticky":false,"template":"","format":"video","meta":{"_monsterinsights_skip_tracking":false,"_monsterinsights_sitenote_active":false,"_monsterinsights_sitenote_note":"","_monsterinsights_sitenote_category":0,"footnotes":""},"categories":[66,5,45],"tags":[],"class_list":["post-160182","post","type-post","status-publish","format-video","has-post-thumbnail","hentry","category-ayoslp","category-destacadas","category-localesyregionales","post_format-post-format-video","post--single"],"yoast_head":"<!-- This site is optimized with the Yoast SEO plugin v27.5 - https:\/\/yoast.com\/product\/yoast-seo-wordpress\/ -->\n<title>Comisi\u00f3n de Atenci\u00f3n a las Mujeres de la Capital contra violencia de g\u00e9nero - Canal 7 SLP - 2025<\/title>\n<meta name=\"robots\" content=\"index, follow, max-snippet:-1, max-image-preview:large, max-video-preview:-1\" \/>\n<link rel=\"canonical\" href=\"https:\/\/canal7slp.tv\/2025\/comision-de-atencion-a-las-mujeres-de-la-capital-contra-violencia-de-genero\/\" \/>\n<meta property=\"og:locale\" content=\"es_ES\" \/>\n<meta property=\"og:type\" content=\"article\" \/>\n<meta property=\"og:title\" content=\"Comisi\u00f3n de Atenci\u00f3n a las Mujeres de la Capital contra violencia de g\u00e9nero - Canal 7 SLP - 2025\" \/>\n<meta property=\"og:description\" content=\"SLP.- Como parte de las actividades de la Comisi\u00f3n de Atenci\u00f3n a las Mujeres del Ayuntamiento de San Luis Potos\u00ed, se impulsar\u00e1n una serie de proyectos de los que habl\u00f3 el regidor Francisco Pedraza Blanco. \u201cCon mis compa\u00f1eros regidores en la comisi\u00f3n vamos a trabajar de la mano para potencializar el tema de c\u00f3mo ayudar y c\u00f3mo ver que en realidad la mujer (\u2026) es quien tomas las riendas en el camino del pa\u00eds, entonces nosotros queremos ayudar\u201d. Erradicar la violencia es vital. \u201cTodav\u00eda en el tema de la violencia de g\u00e9nero pues lamentablemente en San Luis Potos\u00ed todav\u00eda existe\u201d. [&hellip;]\" \/>\n<meta property=\"og:url\" content=\"https:\/\/canal7slp.tv\/2025\/comision-de-atencion-a-las-mujeres-de-la-capital-contra-violencia-de-genero\/\" \/>\n<meta property=\"og:site_name\" content=\"Canal 7 SLP - 2025\" \/>\n<meta property=\"article:publisher\" content=\"https:\/\/www.facebook.com\/noticieroscanal7atencionciudadana\/\" \/>\n<meta property=\"article:published_time\" content=\"2025-03-06T23:38:54+00:00\" \/>\n<meta property=\"og:image\" content=\"https:\/\/canal7slp.tv\/2025\/wp-content\/uploads\/2025\/03\/Poky05ApoyoMujeres.jpg\" \/>\n\t<meta property=\"og:image:width\" content=\"1280\" \/>\n\t<meta property=\"og:image:height\" content=\"720\" \/>\n\t<meta property=\"og:image:type\" content=\"image\/jpeg\" \/>\n<meta name=\"author\" content=\"Edici\u00f3n Web\" \/>\n<meta name=\"twitter:card\" content=\"summary_large_image\" \/>\n<meta name=\"twitter:creator\" content=\"@NOTICIEROS7\" \/>\n<meta name=\"twitter:site\" content=\"@NOTICIEROS7\" \/>\n<meta name=\"twitter:label1\" content=\"Escrito por\" \/>\n\t<meta name=\"twitter:data1\" content=\"Edici\u00f3n Web\" \/>\n\t<meta name=\"twitter:label2\" content=\"Tiempo de lectura\" \/>\n\t<meta name=\"twitter:data2\" content=\"2 minutos\" \/>\n<script type=\"application\/ld+json\" class=\"yoast-schema-graph\">{\"@context\":\"https:\\\/\\\/schema.org\",\"@graph\":[{\"@type\":\"Article\",\"@id\":\"https:\\\/\\\/canal7slp.tv\\\/2025\\\/comision-de-atencion-a-las-mujeres-de-la-capital-contra-violencia-de-genero\\\/#article\",\"isPartOf\":{\"@id\":\"https:\\\/\\\/canal7slp.tv\\\/2025\\\/comision-de-atencion-a-las-mujeres-de-la-capital-contra-violencia-de-genero\\\/\"},\"author\":{\"name\":\"Edici\u00f3n Web\",\"@id\":\"https:\\\/\\\/canal7slp.tv\\\/2025\\\/#\\\/schema\\\/person\\\/271e2b60a96e7cc9d9ac296f4d7e414b\"},\"headline\":\"Comisi\u00f3n de Atenci\u00f3n a las Mujeres de la Capital contra violencia de g\u00e9nero\",\"datePublished\":\"2025-03-06T23:38:54+00:00\",\"mainEntityOfPage\":{\"@id\":\"https:\\\/\\\/canal7slp.tv\\\/2025\\\/comision-de-atencion-a-las-mujeres-de-la-capital-contra-violencia-de-genero\\\/\"},\"wordCount\":210,\"publisher\":{\"@id\":\"https:\\\/\\\/canal7slp.tv\\\/2025\\\/#organization\"},\"image\":{\"@id\":\"https:\\\/\\\/canal7slp.tv\\\/2025\\\/comision-de-atencion-a-las-mujeres-de-la-capital-contra-violencia-de-genero\\\/#primaryimage\"},\"thumbnailUrl\":\"https:\\\/\\\/canal7slp.tv\\\/2025\\\/wp-content\\\/uploads\\\/2025\\\/03\\\/Poky05ApoyoMujeres.jpg\",\"articleSection\":[\"AYOSLP\",\"DESTACADAS\",\"LOCALES Y REGIONALES\"],\"inLanguage\":\"es\"},{\"@type\":\"WebPage\",\"@id\":\"https:\\\/\\\/canal7slp.tv\\\/2025\\\/comision-de-atencion-a-las-mujeres-de-la-capital-contra-violencia-de-genero\\\/\",\"url\":\"https:\\\/\\\/canal7slp.tv\\\/2025\\\/comision-de-atencion-a-las-mujeres-de-la-capital-contra-violencia-de-genero\\\/\",\"name\":\"Comisi\u00f3n de Atenci\u00f3n a las Mujeres de la Capital contra violencia de g\u00e9nero - Canal 7 SLP - 2025\",\"isPartOf\":{\"@id\":\"https:\\\/\\\/canal7slp.tv\\\/2025\\\/#website\"},\"primaryImageOfPage\":{\"@id\":\"https:\\\/\\\/canal7slp.tv\\\/2025\\\/comision-de-atencion-a-las-mujeres-de-la-capital-contra-violencia-de-genero\\\/#primaryimage\"},\"image\":{\"@id\":\"https:\\\/\\\/canal7slp.tv\\\/2025\\\/comision-de-atencion-a-las-mujeres-de-la-capital-contra-violencia-de-genero\\\/#primaryimage\"},\"thumbnailUrl\":\"https:\\\/\\\/canal7slp.tv\\\/2025\\\/wp-content\\\/uploads\\\/2025\\\/03\\\/Poky05ApoyoMujeres.jpg\",\"datePublished\":\"2025-03-06T23:38:54+00:00\",\"breadcrumb\":{\"@id\":\"https:\\\/\\\/canal7slp.tv\\\/2025\\\/comision-de-atencion-a-las-mujeres-de-la-capital-contra-violencia-de-genero\\\/#breadcrumb\"},\"inLanguage\":\"es\",\"potentialAction\":[{\"@type\":\"ReadAction\",\"target\":[\"https:\\\/\\\/canal7slp.tv\\\/2025\\\/comision-de-atencion-a-las-mujeres-de-la-capital-contra-violencia-de-genero\\\/\"]}]},{\"@type\":\"ImageObject\",\"inLanguage\":\"es\",\"@id\":\"https:\\\/\\\/canal7slp.tv\\\/2025\\\/comision-de-atencion-a-las-mujeres-de-la-capital-contra-violencia-de-genero\\\/#primaryimage\",\"url\":\"https:\\\/\\\/canal7slp.tv\\\/2025\\\/wp-content\\\/uploads\\\/2025\\\/03\\\/Poky05ApoyoMujeres.jpg\",\"contentUrl\":\"https:\\\/\\\/canal7slp.tv\\\/2025\\\/wp-content\\\/uploads\\\/2025\\\/03\\\/Poky05ApoyoMujeres.jpg\",\"width\":1280,\"height\":720},{\"@type\":\"BreadcrumbList\",\"@id\":\"https:\\\/\\\/canal7slp.tv\\\/2025\\\/comision-de-atencion-a-las-mujeres-de-la-capital-contra-violencia-de-genero\\\/#breadcrumb\",\"itemListElement\":[{\"@type\":\"ListItem\",\"position\":1,\"name\":\"Portada\",\"item\":\"https:\\\/\\\/canal7slp.tv\\\/2025\\\/\"},{\"@type\":\"ListItem\",\"position\":2,\"name\":\"Comisi\u00f3n de Atenci\u00f3n a las Mujeres de la Capital contra violencia de g\u00e9nero\"}]},{\"@type\":\"WebSite\",\"@id\":\"https:\\\/\\\/canal7slp.tv\\\/2025\\\/#website\",\"url\":\"https:\\\/\\\/canal7slp.tv\\\/2025\\\/\",\"name\":\"N7 - Noticieros Canal 7\",\"description\":\"Somos el Medio\",\"publisher\":{\"@id\":\"https:\\\/\\\/canal7slp.tv\\\/2025\\\/#organization\"},\"potentialAction\":[{\"@type\":\"SearchAction\",\"target\":{\"@type\":\"EntryPoint\",\"urlTemplate\":\"https:\\\/\\\/canal7slp.tv\\\/2025\\\/?s={search_term_string}\"},\"query-input\":{\"@type\":\"PropertyValueSpecification\",\"valueRequired\":true,\"valueName\":\"search_term_string\"}}],\"inLanguage\":\"es\"},{\"@type\":\"Organization\",\"@id\":\"https:\\\/\\\/canal7slp.tv\\\/2025\\\/#organization\",\"name\":\"Noticieros Canal 7\",\"url\":\"https:\\\/\\\/canal7slp.tv\\\/2025\\\/\",\"logo\":{\"@type\":\"ImageObject\",\"inLanguage\":\"es\",\"@id\":\"https:\\\/\\\/canal7slp.tv\\\/2025\\\/#\\\/schema\\\/logo\\\/image\\\/\",\"url\":\"https:\\\/\\\/canal7slp.tv\\\/2025\\\/wp-content\\\/uploads\\\/2021\\\/01\\\/logo-noticieros@2x.png\",\"contentUrl\":\"https:\\\/\\\/canal7slp.tv\\\/2025\\\/wp-content\\\/uploads\\\/2021\\\/01\\\/logo-noticieros@2x.png\",\"width\":1017,\"height\":268,\"caption\":\"Noticieros Canal 7\"},\"image\":{\"@id\":\"https:\\\/\\\/canal7slp.tv\\\/2025\\\/#\\\/schema\\\/logo\\\/image\\\/\"},\"sameAs\":[\"https:\\\/\\\/www.facebook.com\\\/noticieroscanal7atencionciudadana\\\/\",\"https:\\\/\\\/x.com\\\/NOTICIEROS7\",\"https:\\\/\\\/www.instagram.com\\\/canal7_slp\",\"https:\\\/\\\/www.youtube.com\\\/channel\\\/UCliiYs-gP3JfJeqdPrNdd5A\"]},{\"@type\":\"Person\",\"@id\":\"https:\\\/\\\/canal7slp.tv\\\/2025\\\/#\\\/schema\\\/person\\\/271e2b60a96e7cc9d9ac296f4d7e414b\",\"name\":\"Edici\u00f3n Web\",\"image\":{\"@type\":\"ImageObject\",\"inLanguage\":\"es\",\"@id\":\"https:\\\/\\\/secure.gravatar.com\\\/avatar\\\/eee448fc3f7164808013b816ba91ac7e43bbe82a70bebac296f8bc6f0addaa1a?s=96&d=mm&r=g\",\"url\":\"https:\\\/\\\/secure.gravatar.com\\\/avatar\\\/eee448fc3f7164808013b816ba91ac7e43bbe82a70bebac296f8bc6f0addaa1a?s=96&d=mm&r=g\",\"contentUrl\":\"https:\\\/\\\/secure.gravatar.com\\\/avatar\\\/eee448fc3f7164808013b816ba91ac7e43bbe82a70bebac296f8bc6f0addaa1a?s=96&d=mm&r=g\",\"caption\":\"Edici\u00f3n Web\"},\"url\":\"https:\\\/\\\/canal7slp.tv\\\/2025\\\/author\\\/edicionweb\\\/\"}]}<\/script>\n<!-- \/ Yoast SEO plugin. -->","yoast_head_json":{"title":"Comisi\u00f3n de Atenci\u00f3n a las Mujeres de la Capital contra violencia de g\u00e9nero - Canal 7 SLP - 2025","robots":{"index":"index","follow":"follow","max-snippet":"max-snippet:-1","max-image-preview":"max-image-preview:large","max-video-preview":"max-video-preview:-1"},"canonical":"https:\/\/canal7slp.tv\/2025\/comision-de-atencion-a-las-mujeres-de-la-capital-contra-violencia-de-genero\/","og_locale":"es_ES","og_type":"article","og_title":"Comisi\u00f3n de Atenci\u00f3n a las Mujeres de la Capital contra violencia de g\u00e9nero - Canal 7 SLP - 2025","og_description":"SLP.- Como parte de las actividades de la Comisi\u00f3n de Atenci\u00f3n a las Mujeres del Ayuntamiento de San Luis Potos\u00ed, se impulsar\u00e1n una serie de proyectos de los que habl\u00f3 el regidor Francisco Pedraza Blanco. \u201cCon mis compa\u00f1eros regidores en la comisi\u00f3n vamos a trabajar de la mano para potencializar el tema de c\u00f3mo ayudar y c\u00f3mo ver que en realidad la mujer (\u2026) es quien tomas las riendas en el camino del pa\u00eds, entonces nosotros queremos ayudar\u201d. Erradicar la violencia es vital. \u201cTodav\u00eda en el tema de la violencia de g\u00e9nero pues lamentablemente en San Luis Potos\u00ed todav\u00eda existe\u201d. [&hellip;]","og_url":"https:\/\/canal7slp.tv\/2025\/comision-de-atencion-a-las-mujeres-de-la-capital-contra-violencia-de-genero\/","og_site_name":"Canal 7 SLP - 2025","article_publisher":"https:\/\/www.facebook.com\/noticieroscanal7atencionciudadana\/","article_published_time":"2025-03-06T23:38:54+00:00","og_image":[{"width":1280,"height":720,"url":"https:\/\/canal7slp.tv\/2025\/wp-content\/uploads\/2025\/03\/Poky05ApoyoMujeres.jpg","type":"image\/jpeg"}],"author":"Edici\u00f3n Web","twitter_card":"summary_large_image","twitter_creator":"@NOTICIEROS7","twitter_site":"@NOTICIEROS7","twitter_misc":{"Escrito por":"Edici\u00f3n Web","Tiempo de lectura":"2 minutos"},"schema":{"@context":"https:\/\/schema.org","@graph":[{"@type":"Article","@id":"https:\/\/canal7slp.tv\/2025\/comision-de-atencion-a-las-mujeres-de-la-capital-contra-violencia-de-genero\/#article","isPartOf":{"@id":"https:\/\/canal7slp.tv\/2025\/comision-de-atencion-a-las-mujeres-de-la-capital-contra-violencia-de-genero\/"},"author":{"name":"Edici\u00f3n Web","@id":"https:\/\/canal7slp.tv\/2025\/#\/schema\/person\/271e2b60a96e7cc9d9ac296f4d7e414b"},"headline":"Comisi\u00f3n de Atenci\u00f3n a las Mujeres de la Capital contra violencia de g\u00e9nero","datePublished":"2025-03-06T23:38:54+00:00","mainEntityOfPage":{"@id":"https:\/\/canal7slp.tv\/2025\/comision-de-atencion-a-las-mujeres-de-la-capital-contra-violencia-de-genero\/"},"wordCount":210,"publisher":{"@id":"https:\/\/canal7slp.tv\/2025\/#organization"},"image":{"@id":"https:\/\/canal7slp.tv\/2025\/comision-de-atencion-a-las-mujeres-de-la-capital-contra-violencia-de-genero\/#primaryimage"},"thumbnailUrl":"https:\/\/canal7slp.tv\/2025\/wp-content\/uploads\/2025\/03\/Poky05ApoyoMujeres.jpg","articleSection":["AYOSLP","DESTACADAS","LOCALES Y REGIONALES"],"inLanguage":"es"},{"@type":"WebPage","@id":"https:\/\/canal7slp.tv\/2025\/comision-de-atencion-a-las-mujeres-de-la-capital-contra-violencia-de-genero\/","url":"https:\/\/canal7slp.tv\/2025\/comision-de-atencion-a-las-mujeres-de-la-capital-contra-violencia-de-genero\/","name":"Comisi\u00f3n de Atenci\u00f3n a las Mujeres de la Capital contra violencia de g\u00e9nero - Canal 7 SLP - 2025","isPartOf":{"@id":"https:\/\/canal7slp.tv\/2025\/#website"},"primaryImageOfPage":{"@id":"https:\/\/canal7slp.tv\/2025\/comision-de-atencion-a-las-mujeres-de-la-capital-contra-violencia-de-genero\/#primaryimage"},"image":{"@id":"https:\/\/canal7slp.tv\/2025\/comision-de-atencion-a-las-mujeres-de-la-capital-contra-violencia-de-genero\/#primaryimage"},"thumbnailUrl":"https:\/\/canal7slp.tv\/2025\/wp-content\/uploads\/2025\/03\/Poky05ApoyoMujeres.jpg","datePublished":"2025-03-06T23:38:54+00:00","breadcrumb":{"@id":"https:\/\/canal7slp.tv\/2025\/comision-de-atencion-a-las-mujeres-de-la-capital-contra-violencia-de-genero\/#breadcrumb"},"inLanguage":"es","potentialAction":[{"@type":"ReadAction","target":["https:\/\/canal7slp.tv\/2025\/comision-de-atencion-a-las-mujeres-de-la-capital-contra-violencia-de-genero\/"]}]},{"@type":"ImageObject","inLanguage":"es","@id":"https:\/\/canal7slp.tv\/2025\/comision-de-atencion-a-las-mujeres-de-la-capital-contra-violencia-de-genero\/#primaryimage","url":"https:\/\/canal7slp.tv\/2025\/wp-content\/uploads\/2025\/03\/Poky05ApoyoMujeres.jpg","contentUrl":"https:\/\/canal7slp.tv\/2025\/wp-content\/uploads\/2025\/03\/Poky05ApoyoMujeres.jpg","width":1280,"height":720},{"@type":"BreadcrumbList","@id":"https:\/\/canal7slp.tv\/2025\/comision-de-atencion-a-las-mujeres-de-la-capital-contra-violencia-de-genero\/#breadcrumb","itemListElement":[{"@type":"ListItem","position":1,"name":"Portada","item":"https:\/\/canal7slp.tv\/2025\/"},{"@type":"ListItem","position":2,"name":"Comisi\u00f3n de Atenci\u00f3n a las Mujeres de la Capital contra violencia de g\u00e9nero"}]},{"@type":"WebSite","@id":"https:\/\/canal7slp.tv\/2025\/#website","url":"https:\/\/canal7slp.tv\/2025\/","name":"N7 - Noticieros Canal 7","description":"Somos el Medio","publisher":{"@id":"https:\/\/canal7slp.tv\/2025\/#organization"},"potentialAction":[{"@type":"SearchAction","target":{"@type":"EntryPoint","urlTemplate":"https:\/\/canal7slp.tv\/2025\/?s={search_term_string}"},"query-input":{"@type":"PropertyValueSpecification","valueRequired":true,"valueName":"search_term_string"}}],"inLanguage":"es"},{"@type":"Organization","@id":"https:\/\/canal7slp.tv\/2025\/#organization","name":"Noticieros Canal 7","url":"https:\/\/canal7slp.tv\/2025\/","logo":{"@type":"ImageObject","inLanguage":"es","@id":"https:\/\/canal7slp.tv\/2025\/#\/schema\/logo\/image\/","url":"https:\/\/canal7slp.tv\/2025\/wp-content\/uploads\/2021\/01\/logo-noticieros@2x.png","contentUrl":"https:\/\/canal7slp.tv\/2025\/wp-content\/uploads\/2021\/01\/logo-noticieros@2x.png","width":1017,"height":268,"caption":"Noticieros Canal 7"},"image":{"@id":"https:\/\/canal7slp.tv\/2025\/#\/schema\/logo\/image\/"},"sameAs":["https:\/\/www.facebook.com\/noticieroscanal7atencionciudadana\/","https:\/\/x.com\/NOTICIEROS7","https:\/\/www.instagram.com\/canal7_slp","https:\/\/www.youtube.com\/channel\/UCliiYs-gP3JfJeqdPrNdd5A"]},{"@type":"Person","@id":"https:\/\/canal7slp.tv\/2025\/#\/schema\/person\/271e2b60a96e7cc9d9ac296f4d7e414b","name":"Edici\u00f3n Web","image":{"@type":"ImageObject","inLanguage":"es","@id":"https:\/\/secure.gravatar.com\/avatar\/eee448fc3f7164808013b816ba91ac7e43bbe82a70bebac296f8bc6f0addaa1a?s=96&d=mm&r=g","url":"https:\/\/secure.gravatar.com\/avatar\/eee448fc3f7164808013b816ba91ac7e43bbe82a70bebac296f8bc6f0addaa1a?s=96&d=mm&r=g","contentUrl":"https:\/\/secure.gravatar.com\/avatar\/eee448fc3f7164808013b816ba91ac7e43bbe82a70bebac296f8bc6f0addaa1a?s=96&d=mm&r=g","caption":"Edici\u00f3n Web"},"url":"https:\/\/canal7slp.tv\/2025\/author\/edicionweb\/"}]}},"_links":{"self":[{"href":"https:\/\/canal7slp.tv\/2025\/wp-json\/wp\/v2\/posts\/160182","targetHints":{"allow":["GET"]}}],"collection":[{"href":"https:\/\/canal7slp.tv\/2025\/wp-json\/wp\/v2\/posts"}],"about":[{"href":"https:\/\/canal7slp.tv\/2025\/wp-json\/wp\/v2\/types\/post"}],"author":[{"embeddable":true,"href":"https:\/\/canal7slp.tv\/2025\/wp-json\/wp\/v2\/users\/2"}],"replies":[{"embeddable":true,"href":"https:\/\/canal7slp.tv\/2025\/wp-json\/wp\/v2\/comments?post=160182"}],"version-history":[{"count":2,"href":"https:\/\/canal7slp.tv\/2025\/wp-json\/wp\/v2\/posts\/160182\/revisions"}],"predecessor-version":[{"id":160202,"href":"https:\/\/canal7slp.tv\/2025\/wp-json\/wp\/v2\/posts\/160182\/revisions\/160202"}],"wp:featuredmedia":[{"embeddable":true,"href":"https:\/\/canal7slp.tv\/2025\/wp-json\/wp\/v2\/media\/160201"}],"wp:attachment":[{"href":"https:\/\/canal7slp.tv\/2025\/wp-json\/wp\/v2\/media?parent=160182"}],"wp:term":[{"taxonomy":"category","embeddable":true,"href":"https:\/\/canal7slp.tv\/2025\/wp-json\/wp\/v2\/categories?post=160182"},{"taxonomy":"post_tag","embeddable":true,"href":"https:\/\/canal7slp.tv\/2025\/wp-json\/wp\/v2\/tags?post=160182"}],"curies":[{"name":"wp","href":"https:\/\/api.w.org\/{rel}","templated":true}]}}