{"id":160181,"date":"2025-03-06T17:31:07","date_gmt":"2025-03-06T23:31:07","guid":{"rendered":"https:\/\/canal7slp.tv\/2025\/?p=160181"},"modified":"2025-03-06T17:31:07","modified_gmt":"2025-03-06T23:31:07","slug":"comerciantes-informales-aun-es-la-gran-problematica-de-la-zona-centro","status":"publish","type":"post","link":"https:\/\/canal7slp.tv\/2025\/comerciantes-informales-aun-es-la-gran-problematica-de-la-zona-centro\/","title":{"rendered":"Comerciantes informales a\u00fan es la gran problem\u00e1tica de la zona centro"},"content":{"rendered":"<p style=\"text-align: justify;\"><span style=\"font-size: 1.21429rem;\">SLP.- Los comerciantes informales se mantienen entre las principales problem\u00e1ticas del primer cuadro de la capital y sus inmediaciones, as\u00ed lo extern\u00f3 el titular de la Unidad de Gesti\u00f3n del Centro Hist\u00f3rico del Ayuntamiento de San Luis Potos\u00ed, Jes\u00fas Becerra Rodr\u00edguez.<\/span><\/p>\n<p style=\"text-align: justify;\">\u201cEl tema del comercio es un tema muy amplio, tanto se afecta el tema de caminar por alguna v\u00eda, por alguna acera, como el tema de la visibilidad del Patrimonio Hist\u00f3rico, nosotros tenemos reglamentos del Instituto Nacional de Antropolog\u00eda e Historia que por ejemplo el tema de las fachas de los comercios, el tema de la visibilidad del centro hist\u00f3rico en si pues no se puede ver modificada o alterada por cualquier tema de comercio\u201d.<\/p>\n<p style=\"text-align: justify;\">Las instancias cumplen con su funci\u00f3n preventiva o de multa.<\/p>\n<p style=\"text-align: justify;\">\u201cEn ese sentido lo que nos toca como Unidad de Gesti\u00f3n del Centro Hist\u00f3rico, atendemos, hacemos el apercibimiento verbal y sino pues ya hay otras instancias para hacer que nuestros reglamentos que se respeten\u201d.<\/p>\n<p style=\"text-align: justify;\">M\u00faltiples vialidades son invadidas, sobre todo aquellas que tienen mayor paso de peatones o las que por temporadas lucen con arreglos llamativos para la poblaci\u00f3n.<\/p>\n<p>Por: Juan Carlos Contreras<\/p>\n","protected":false},"excerpt":{"rendered":"<p>SLP.- Los comerciantes informales se mantienen entre las principales problem\u00e1ticas del primer cuadro de la capital y sus inmediaciones, as\u00ed lo extern\u00f3 el titular de la Unidad de Gesti\u00f3n del Centro Hist\u00f3rico del Ayuntamiento de San Luis Potos\u00ed, Jes\u00fas Becerra Rodr\u00edguez. \u201cEl tema del comercio es un tema muy amplio, tanto se afecta el tema de caminar por alguna v\u00eda, por alguna acera, como el tema de la visibilidad del Patrimonio Hist\u00f3rico, nosotros tenemos reglamentos del Instituto Nacional de Antropolog\u00eda e Historia que por ejemplo el tema de las fachas de los comercios, el tema de la visibilidad del centro [&hellip;]<\/p>\n","protected":false},"author":2,"featured_media":160198,"comment_status":"closed","ping_status":"closed","sticky":false,"template":"","format":"video","meta":{"_monsterinsights_skip_tracking":false,"_monsterinsights_sitenote_active":false,"_monsterinsights_sitenote_note":"","_monsterinsights_sitenote_category":0,"footnotes":""},"categories":[66,5,45],"tags":[],"class_list":["post-160181","post","type-post","status-publish","format-video","has-post-thumbnail","hentry","category-ayoslp","category-destacadas","category-localesyregionales","post_format-post-format-video","post--single"],"yoast_head":"<!-- This site is optimized with the Yoast SEO plugin v27.5 - https:\/\/yoast.com\/product\/yoast-seo-wordpress\/ -->\n<title>Comerciantes informales a\u00fan es la gran problem\u00e1tica de la zona centro - Canal 7 SLP - 2025<\/title>\n<meta name=\"robots\" content=\"index, follow, max-snippet:-1, max-image-preview:large, max-video-preview:-1\" \/>\n<link rel=\"canonical\" href=\"https:\/\/canal7slp.tv\/2025\/comerciantes-informales-aun-es-la-gran-problematica-de-la-zona-centro\/\" \/>\n<meta property=\"og:locale\" content=\"es_ES\" \/>\n<meta property=\"og:type\" content=\"article\" \/>\n<meta property=\"og:title\" content=\"Comerciantes informales a\u00fan es la gran problem\u00e1tica de la zona centro - Canal 7 SLP - 2025\" \/>\n<meta property=\"og:description\" content=\"SLP.- Los comerciantes informales se mantienen entre las principales problem\u00e1ticas del primer cuadro de la capital y sus inmediaciones, as\u00ed lo extern\u00f3 el titular de la Unidad de Gesti\u00f3n del Centro Hist\u00f3rico del Ayuntamiento de San Luis Potos\u00ed, Jes\u00fas Becerra Rodr\u00edguez. \u201cEl tema del comercio es un tema muy amplio, tanto se afecta el tema de caminar por alguna v\u00eda, por alguna acera, como el tema de la visibilidad del Patrimonio Hist\u00f3rico, nosotros tenemos reglamentos del Instituto Nacional de Antropolog\u00eda e Historia que por ejemplo el tema de las fachas de los comercios, el tema de la visibilidad del centro [&hellip;]\" \/>\n<meta property=\"og:url\" content=\"https:\/\/canal7slp.tv\/2025\/comerciantes-informales-aun-es-la-gran-problematica-de-la-zona-centro\/\" \/>\n<meta property=\"og:site_name\" content=\"Canal 7 SLP - 2025\" \/>\n<meta property=\"article:publisher\" content=\"https:\/\/www.facebook.com\/noticieroscanal7atencionciudadana\/\" \/>\n<meta property=\"article:published_time\" content=\"2025-03-06T23:31:07+00:00\" \/>\n<meta property=\"og:image\" content=\"https:\/\/canal7slp.tv\/2025\/wp-content\/uploads\/2025\/03\/Poky04UGCHInformales.jpg\" \/>\n\t<meta property=\"og:image:width\" content=\"1280\" \/>\n\t<meta property=\"og:image:height\" content=\"720\" \/>\n\t<meta property=\"og:image:type\" content=\"image\/jpeg\" \/>\n<meta name=\"author\" content=\"Edici\u00f3n Web\" \/>\n<meta name=\"twitter:card\" content=\"summary_large_image\" \/>\n<meta name=\"twitter:creator\" content=\"@NOTICIEROS7\" \/>\n<meta name=\"twitter:site\" content=\"@NOTICIEROS7\" \/>\n<meta name=\"twitter:label1\" content=\"Escrito por\" \/>\n\t<meta name=\"twitter:data1\" content=\"Edici\u00f3n Web\" \/>\n\t<meta name=\"twitter:label2\" content=\"Tiempo de lectura\" \/>\n\t<meta name=\"twitter:data2\" content=\"2 minutos\" \/>\n<script type=\"application\/ld+json\" class=\"yoast-schema-graph\">{\"@context\":\"https:\\\/\\\/schema.org\",\"@graph\":[{\"@type\":\"Article\",\"@id\":\"https:\\\/\\\/canal7slp.tv\\\/2025\\\/comerciantes-informales-aun-es-la-gran-problematica-de-la-zona-centro\\\/#article\",\"isPartOf\":{\"@id\":\"https:\\\/\\\/canal7slp.tv\\\/2025\\\/comerciantes-informales-aun-es-la-gran-problematica-de-la-zona-centro\\\/\"},\"author\":{\"name\":\"Edici\u00f3n Web\",\"@id\":\"https:\\\/\\\/canal7slp.tv\\\/2025\\\/#\\\/schema\\\/person\\\/271e2b60a96e7cc9d9ac296f4d7e414b\"},\"headline\":\"Comerciantes informales a\u00fan es la gran problem\u00e1tica de la zona centro\",\"datePublished\":\"2025-03-06T23:31:07+00:00\",\"mainEntityOfPage\":{\"@id\":\"https:\\\/\\\/canal7slp.tv\\\/2025\\\/comerciantes-informales-aun-es-la-gran-problematica-de-la-zona-centro\\\/\"},\"wordCount\":217,\"publisher\":{\"@id\":\"https:\\\/\\\/canal7slp.tv\\\/2025\\\/#organization\"},\"image\":{\"@id\":\"https:\\\/\\\/canal7slp.tv\\\/2025\\\/comerciantes-informales-aun-es-la-gran-problematica-de-la-zona-centro\\\/#primaryimage\"},\"thumbnailUrl\":\"https:\\\/\\\/canal7slp.tv\\\/2025\\\/wp-content\\\/uploads\\\/2025\\\/03\\\/Poky04UGCHInformales.jpg\",\"articleSection\":[\"AYOSLP\",\"DESTACADAS\",\"LOCALES Y REGIONALES\"],\"inLanguage\":\"es\"},{\"@type\":\"WebPage\",\"@id\":\"https:\\\/\\\/canal7slp.tv\\\/2025\\\/comerciantes-informales-aun-es-la-gran-problematica-de-la-zona-centro\\\/\",\"url\":\"https:\\\/\\\/canal7slp.tv\\\/2025\\\/comerciantes-informales-aun-es-la-gran-problematica-de-la-zona-centro\\\/\",\"name\":\"Comerciantes informales a\u00fan es la gran problem\u00e1tica de la zona centro - Canal 7 SLP - 2025\",\"isPartOf\":{\"@id\":\"https:\\\/\\\/canal7slp.tv\\\/2025\\\/#website\"},\"primaryImageOfPage\":{\"@id\":\"https:\\\/\\\/canal7slp.tv\\\/2025\\\/comerciantes-informales-aun-es-la-gran-problematica-de-la-zona-centro\\\/#primaryimage\"},\"image\":{\"@id\":\"https:\\\/\\\/canal7slp.tv\\\/2025\\\/comerciantes-informales-aun-es-la-gran-problematica-de-la-zona-centro\\\/#primaryimage\"},\"thumbnailUrl\":\"https:\\\/\\\/canal7slp.tv\\\/2025\\\/wp-content\\\/uploads\\\/2025\\\/03\\\/Poky04UGCHInformales.jpg\",\"datePublished\":\"2025-03-06T23:31:07+00:00\",\"breadcrumb\":{\"@id\":\"https:\\\/\\\/canal7slp.tv\\\/2025\\\/comerciantes-informales-aun-es-la-gran-problematica-de-la-zona-centro\\\/#breadcrumb\"},\"inLanguage\":\"es\",\"potentialAction\":[{\"@type\":\"ReadAction\",\"target\":[\"https:\\\/\\\/canal7slp.tv\\\/2025\\\/comerciantes-informales-aun-es-la-gran-problematica-de-la-zona-centro\\\/\"]}]},{\"@type\":\"ImageObject\",\"inLanguage\":\"es\",\"@id\":\"https:\\\/\\\/canal7slp.tv\\\/2025\\\/comerciantes-informales-aun-es-la-gran-problematica-de-la-zona-centro\\\/#primaryimage\",\"url\":\"https:\\\/\\\/canal7slp.tv\\\/2025\\\/wp-content\\\/uploads\\\/2025\\\/03\\\/Poky04UGCHInformales.jpg\",\"contentUrl\":\"https:\\\/\\\/canal7slp.tv\\\/2025\\\/wp-content\\\/uploads\\\/2025\\\/03\\\/Poky04UGCHInformales.jpg\",\"width\":1280,\"height\":720},{\"@type\":\"BreadcrumbList\",\"@id\":\"https:\\\/\\\/canal7slp.tv\\\/2025\\\/comerciantes-informales-aun-es-la-gran-problematica-de-la-zona-centro\\\/#breadcrumb\",\"itemListElement\":[{\"@type\":\"ListItem\",\"position\":1,\"name\":\"Portada\",\"item\":\"https:\\\/\\\/canal7slp.tv\\\/2025\\\/\"},{\"@type\":\"ListItem\",\"position\":2,\"name\":\"Comerciantes informales a\u00fan es la gran problem\u00e1tica de la zona centro\"}]},{\"@type\":\"WebSite\",\"@id\":\"https:\\\/\\\/canal7slp.tv\\\/2025\\\/#website\",\"url\":\"https:\\\/\\\/canal7slp.tv\\\/2025\\\/\",\"name\":\"N7 - Noticieros Canal 7\",\"description\":\"Somos el Medio\",\"publisher\":{\"@id\":\"https:\\\/\\\/canal7slp.tv\\\/2025\\\/#organization\"},\"potentialAction\":[{\"@type\":\"SearchAction\",\"target\":{\"@type\":\"EntryPoint\",\"urlTemplate\":\"https:\\\/\\\/canal7slp.tv\\\/2025\\\/?s={search_term_string}\"},\"query-input\":{\"@type\":\"PropertyValueSpecification\",\"valueRequired\":true,\"valueName\":\"search_term_string\"}}],\"inLanguage\":\"es\"},{\"@type\":\"Organization\",\"@id\":\"https:\\\/\\\/canal7slp.tv\\\/2025\\\/#organization\",\"name\":\"Noticieros Canal 7\",\"url\":\"https:\\\/\\\/canal7slp.tv\\\/2025\\\/\",\"logo\":{\"@type\":\"ImageObject\",\"inLanguage\":\"es\",\"@id\":\"https:\\\/\\\/canal7slp.tv\\\/2025\\\/#\\\/schema\\\/logo\\\/image\\\/\",\"url\":\"https:\\\/\\\/canal7slp.tv\\\/2025\\\/wp-content\\\/uploads\\\/2021\\\/01\\\/logo-noticieros@2x.png\",\"contentUrl\":\"https:\\\/\\\/canal7slp.tv\\\/2025\\\/wp-content\\\/uploads\\\/2021\\\/01\\\/logo-noticieros@2x.png\",\"width\":1017,\"height\":268,\"caption\":\"Noticieros Canal 7\"},\"image\":{\"@id\":\"https:\\\/\\\/canal7slp.tv\\\/2025\\\/#\\\/schema\\\/logo\\\/image\\\/\"},\"sameAs\":[\"https:\\\/\\\/www.facebook.com\\\/noticieroscanal7atencionciudadana\\\/\",\"https:\\\/\\\/x.com\\\/NOTICIEROS7\",\"https:\\\/\\\/www.instagram.com\\\/canal7_slp\",\"https:\\\/\\\/www.youtube.com\\\/channel\\\/UCliiYs-gP3JfJeqdPrNdd5A\"]},{\"@type\":\"Person\",\"@id\":\"https:\\\/\\\/canal7slp.tv\\\/2025\\\/#\\\/schema\\\/person\\\/271e2b60a96e7cc9d9ac296f4d7e414b\",\"name\":\"Edici\u00f3n Web\",\"image\":{\"@type\":\"ImageObject\",\"inLanguage\":\"es\",\"@id\":\"https:\\\/\\\/secure.gravatar.com\\\/avatar\\\/eee448fc3f7164808013b816ba91ac7e43bbe82a70bebac296f8bc6f0addaa1a?s=96&d=mm&r=g\",\"url\":\"https:\\\/\\\/secure.gravatar.com\\\/avatar\\\/eee448fc3f7164808013b816ba91ac7e43bbe82a70bebac296f8bc6f0addaa1a?s=96&d=mm&r=g\",\"contentUrl\":\"https:\\\/\\\/secure.gravatar.com\\\/avatar\\\/eee448fc3f7164808013b816ba91ac7e43bbe82a70bebac296f8bc6f0addaa1a?s=96&d=mm&r=g\",\"caption\":\"Edici\u00f3n Web\"},\"url\":\"https:\\\/\\\/canal7slp.tv\\\/2025\\\/author\\\/edicionweb\\\/\"}]}<\/script>\n<!-- \/ Yoast SEO plugin. -->","yoast_head_json":{"title":"Comerciantes informales a\u00fan es la gran problem\u00e1tica de la zona centro - Canal 7 SLP - 2025","robots":{"index":"index","follow":"follow","max-snippet":"max-snippet:-1","max-image-preview":"max-image-preview:large","max-video-preview":"max-video-preview:-1"},"canonical":"https:\/\/canal7slp.tv\/2025\/comerciantes-informales-aun-es-la-gran-problematica-de-la-zona-centro\/","og_locale":"es_ES","og_type":"article","og_title":"Comerciantes informales a\u00fan es la gran problem\u00e1tica de la zona centro - Canal 7 SLP - 2025","og_description":"SLP.- Los comerciantes informales se mantienen entre las principales problem\u00e1ticas del primer cuadro de la capital y sus inmediaciones, as\u00ed lo extern\u00f3 el titular de la Unidad de Gesti\u00f3n del Centro Hist\u00f3rico del Ayuntamiento de San Luis Potos\u00ed, Jes\u00fas Becerra Rodr\u00edguez. \u201cEl tema del comercio es un tema muy amplio, tanto se afecta el tema de caminar por alguna v\u00eda, por alguna acera, como el tema de la visibilidad del Patrimonio Hist\u00f3rico, nosotros tenemos reglamentos del Instituto Nacional de Antropolog\u00eda e Historia que por ejemplo el tema de las fachas de los comercios, el tema de la visibilidad del centro [&hellip;]","og_url":"https:\/\/canal7slp.tv\/2025\/comerciantes-informales-aun-es-la-gran-problematica-de-la-zona-centro\/","og_site_name":"Canal 7 SLP - 2025","article_publisher":"https:\/\/www.facebook.com\/noticieroscanal7atencionciudadana\/","article_published_time":"2025-03-06T23:31:07+00:00","og_image":[{"width":1280,"height":720,"url":"https:\/\/canal7slp.tv\/2025\/wp-content\/uploads\/2025\/03\/Poky04UGCHInformales.jpg","type":"image\/jpeg"}],"author":"Edici\u00f3n Web","twitter_card":"summary_large_image","twitter_creator":"@NOTICIEROS7","twitter_site":"@NOTICIEROS7","twitter_misc":{"Escrito por":"Edici\u00f3n Web","Tiempo de lectura":"2 minutos"},"schema":{"@context":"https:\/\/schema.org","@graph":[{"@type":"Article","@id":"https:\/\/canal7slp.tv\/2025\/comerciantes-informales-aun-es-la-gran-problematica-de-la-zona-centro\/#article","isPartOf":{"@id":"https:\/\/canal7slp.tv\/2025\/comerciantes-informales-aun-es-la-gran-problematica-de-la-zona-centro\/"},"author":{"name":"Edici\u00f3n Web","@id":"https:\/\/canal7slp.tv\/2025\/#\/schema\/person\/271e2b60a96e7cc9d9ac296f4d7e414b"},"headline":"Comerciantes informales a\u00fan es la gran problem\u00e1tica de la zona centro","datePublished":"2025-03-06T23:31:07+00:00","mainEntityOfPage":{"@id":"https:\/\/canal7slp.tv\/2025\/comerciantes-informales-aun-es-la-gran-problematica-de-la-zona-centro\/"},"wordCount":217,"publisher":{"@id":"https:\/\/canal7slp.tv\/2025\/#organization"},"image":{"@id":"https:\/\/canal7slp.tv\/2025\/comerciantes-informales-aun-es-la-gran-problematica-de-la-zona-centro\/#primaryimage"},"thumbnailUrl":"https:\/\/canal7slp.tv\/2025\/wp-content\/uploads\/2025\/03\/Poky04UGCHInformales.jpg","articleSection":["AYOSLP","DESTACADAS","LOCALES Y REGIONALES"],"inLanguage":"es"},{"@type":"WebPage","@id":"https:\/\/canal7slp.tv\/2025\/comerciantes-informales-aun-es-la-gran-problematica-de-la-zona-centro\/","url":"https:\/\/canal7slp.tv\/2025\/comerciantes-informales-aun-es-la-gran-problematica-de-la-zona-centro\/","name":"Comerciantes informales a\u00fan es la gran problem\u00e1tica de la zona centro - Canal 7 SLP - 2025","isPartOf":{"@id":"https:\/\/canal7slp.tv\/2025\/#website"},"primaryImageOfPage":{"@id":"https:\/\/canal7slp.tv\/2025\/comerciantes-informales-aun-es-la-gran-problematica-de-la-zona-centro\/#primaryimage"},"image":{"@id":"https:\/\/canal7slp.tv\/2025\/comerciantes-informales-aun-es-la-gran-problematica-de-la-zona-centro\/#primaryimage"},"thumbnailUrl":"https:\/\/canal7slp.tv\/2025\/wp-content\/uploads\/2025\/03\/Poky04UGCHInformales.jpg","datePublished":"2025-03-06T23:31:07+00:00","breadcrumb":{"@id":"https:\/\/canal7slp.tv\/2025\/comerciantes-informales-aun-es-la-gran-problematica-de-la-zona-centro\/#breadcrumb"},"inLanguage":"es","potentialAction":[{"@type":"ReadAction","target":["https:\/\/canal7slp.tv\/2025\/comerciantes-informales-aun-es-la-gran-problematica-de-la-zona-centro\/"]}]},{"@type":"ImageObject","inLanguage":"es","@id":"https:\/\/canal7slp.tv\/2025\/comerciantes-informales-aun-es-la-gran-problematica-de-la-zona-centro\/#primaryimage","url":"https:\/\/canal7slp.tv\/2025\/wp-content\/uploads\/2025\/03\/Poky04UGCHInformales.jpg","contentUrl":"https:\/\/canal7slp.tv\/2025\/wp-content\/uploads\/2025\/03\/Poky04UGCHInformales.jpg","width":1280,"height":720},{"@type":"BreadcrumbList","@id":"https:\/\/canal7slp.tv\/2025\/comerciantes-informales-aun-es-la-gran-problematica-de-la-zona-centro\/#breadcrumb","itemListElement":[{"@type":"ListItem","position":1,"name":"Portada","item":"https:\/\/canal7slp.tv\/2025\/"},{"@type":"ListItem","position":2,"name":"Comerciantes informales a\u00fan es la gran problem\u00e1tica de la zona centro"}]},{"@type":"WebSite","@id":"https:\/\/canal7slp.tv\/2025\/#website","url":"https:\/\/canal7slp.tv\/2025\/","name":"N7 - Noticieros Canal 7","description":"Somos el Medio","publisher":{"@id":"https:\/\/canal7slp.tv\/2025\/#organization"},"potentialAction":[{"@type":"SearchAction","target":{"@type":"EntryPoint","urlTemplate":"https:\/\/canal7slp.tv\/2025\/?s={search_term_string}"},"query-input":{"@type":"PropertyValueSpecification","valueRequired":true,"valueName":"search_term_string"}}],"inLanguage":"es"},{"@type":"Organization","@id":"https:\/\/canal7slp.tv\/2025\/#organization","name":"Noticieros Canal 7","url":"https:\/\/canal7slp.tv\/2025\/","logo":{"@type":"ImageObject","inLanguage":"es","@id":"https:\/\/canal7slp.tv\/2025\/#\/schema\/logo\/image\/","url":"https:\/\/canal7slp.tv\/2025\/wp-content\/uploads\/2021\/01\/logo-noticieros@2x.png","contentUrl":"https:\/\/canal7slp.tv\/2025\/wp-content\/uploads\/2021\/01\/logo-noticieros@2x.png","width":1017,"height":268,"caption":"Noticieros Canal 7"},"image":{"@id":"https:\/\/canal7slp.tv\/2025\/#\/schema\/logo\/image\/"},"sameAs":["https:\/\/www.facebook.com\/noticieroscanal7atencionciudadana\/","https:\/\/x.com\/NOTICIEROS7","https:\/\/www.instagram.com\/canal7_slp","https:\/\/www.youtube.com\/channel\/UCliiYs-gP3JfJeqdPrNdd5A"]},{"@type":"Person","@id":"https:\/\/canal7slp.tv\/2025\/#\/schema\/person\/271e2b60a96e7cc9d9ac296f4d7e414b","name":"Edici\u00f3n Web","image":{"@type":"ImageObject","inLanguage":"es","@id":"https:\/\/secure.gravatar.com\/avatar\/eee448fc3f7164808013b816ba91ac7e43bbe82a70bebac296f8bc6f0addaa1a?s=96&d=mm&r=g","url":"https:\/\/secure.gravatar.com\/avatar\/eee448fc3f7164808013b816ba91ac7e43bbe82a70bebac296f8bc6f0addaa1a?s=96&d=mm&r=g","contentUrl":"https:\/\/secure.gravatar.com\/avatar\/eee448fc3f7164808013b816ba91ac7e43bbe82a70bebac296f8bc6f0addaa1a?s=96&d=mm&r=g","caption":"Edici\u00f3n Web"},"url":"https:\/\/canal7slp.tv\/2025\/author\/edicionweb\/"}]}},"_links":{"self":[{"href":"https:\/\/canal7slp.tv\/2025\/wp-json\/wp\/v2\/posts\/160181","targetHints":{"allow":["GET"]}}],"collection":[{"href":"https:\/\/canal7slp.tv\/2025\/wp-json\/wp\/v2\/posts"}],"about":[{"href":"https:\/\/canal7slp.tv\/2025\/wp-json\/wp\/v2\/types\/post"}],"author":[{"embeddable":true,"href":"https:\/\/canal7slp.tv\/2025\/wp-json\/wp\/v2\/users\/2"}],"replies":[{"embeddable":true,"href":"https:\/\/canal7slp.tv\/2025\/wp-json\/wp\/v2\/comments?post=160181"}],"version-history":[{"count":2,"href":"https:\/\/canal7slp.tv\/2025\/wp-json\/wp\/v2\/posts\/160181\/revisions"}],"predecessor-version":[{"id":160199,"href":"https:\/\/canal7slp.tv\/2025\/wp-json\/wp\/v2\/posts\/160181\/revisions\/160199"}],"wp:featuredmedia":[{"embeddable":true,"href":"https:\/\/canal7slp.tv\/2025\/wp-json\/wp\/v2\/media\/160198"}],"wp:attachment":[{"href":"https:\/\/canal7slp.tv\/2025\/wp-json\/wp\/v2\/media?parent=160181"}],"wp:term":[{"taxonomy":"category","embeddable":true,"href":"https:\/\/canal7slp.tv\/2025\/wp-json\/wp\/v2\/categories?post=160181"},{"taxonomy":"post_tag","embeddable":true,"href":"https:\/\/canal7slp.tv\/2025\/wp-json\/wp\/v2\/tags?post=160181"}],"curies":[{"name":"wp","href":"https:\/\/api.w.org\/{rel}","templated":true}]}}