{"id":159837,"date":"2025-03-03T19:05:19","date_gmt":"2025-03-04T01:05:19","guid":{"rendered":"https:\/\/canal7slp.tv\/2025\/?p=159837"},"modified":"2025-12-10T08:48:53","modified_gmt":"2025-12-10T14:48:53","slug":"apedrean-imagen-religiosa-al-interior-del-templo-de-san-jose","status":"publish","type":"post","link":"https:\/\/canal7slp.tv\/2025\/apedrean-imagen-religiosa-al-interior-del-templo-de-san-jose\/","title":{"rendered":"Apedrean imagen religiosa al interior del Templo de San Jos\u00e9"},"content":{"rendered":"<p style=\"text-align: justify;\">SLP.-\u00a0A las 8:50 de la ma\u00f1ana de este lunes un sujeto desconocido se introdujo al templo de San Jos\u00e9 y se dirigi\u00f3 directamente a la imagen de La Virgen de la Soledad, arrojando una piedra que rompi\u00f3 el capelo que la resguardaba para posteriormente darse a la fuga.<\/p>\n<p style=\"text-align: justify;\">Las im\u00e1genes fueron grabadas por las c\u00e1maras de seguridad del templo y dadas a conocer por el vocero del Arzobispado Potosino, Tom\u00e1s Cruz Perales.<\/p>\n<p style=\"text-align: justify;\">En el video se observa que la gente que estaba ah\u00ed orando sale corriendo inmediatamente luego de atestiguar \u00e9ste hecho violento.<\/p>\n<p style=\"text-align: justify;\">Esta persona portaba una mochila de donde de su interior sustrajo la piedra que arroj\u00f3 a la imagen rompiendo el cristal de protecci\u00f3n y causando da\u00f1os solamente en una mano de la imagen, sin que el sujeto fuera detenido.<\/p>\n<p style=\"text-align: justify;\">Al condenar los hechos el vocero de la Arquidi\u00f3cesis Potosina se\u00f1al\u00f3 que se valora si presentar\u00e1n una denuncia formal por este ataque.<\/p>\n<p style=\"text-align: justify;\">Descart\u00f3 el robo como motivo de este atentado al decir que evidentemente fue por odio por la forma en que se cometi\u00f3.<\/p>\n<p>Por: Claudio Ibarra<\/p>\n","protected":false},"excerpt":{"rendered":"<p>SLP.-\u00a0A las 8:50 de la ma\u00f1ana de este lunes un sujeto desconocido se introdujo al templo de San Jos\u00e9 y se dirigi\u00f3 directamente a la imagen de La Virgen de la Soledad, arrojando una piedra que rompi\u00f3 el capelo que la resguardaba para posteriormente darse a la fuga. Las im\u00e1genes fueron grabadas por las c\u00e1maras de seguridad del templo y dadas a conocer por el vocero del Arzobispado Potosino, Tom\u00e1s Cruz Perales. En el video se observa que la gente que estaba ah\u00ed orando sale corriendo inmediatamente luego de atestiguar \u00e9ste hecho violento. Esta persona portaba una mochila de donde [&hellip;]<\/p>\n","protected":false},"author":2,"featured_media":159893,"comment_status":"closed","ping_status":"closed","sticky":false,"template":"","format":"video","meta":{"_monsterinsights_skip_tracking":false,"_monsterinsights_sitenote_active":false,"_monsterinsights_sitenote_note":"","_monsterinsights_sitenote_category":0,"footnotes":""},"categories":[5,519,45],"tags":[],"class_list":["post-159837","post","type-post","status-publish","format-video","has-post-thumbnail","hentry","category-destacadas","category-iglesia","category-localesyregionales","post_format-post-format-video","post--single"],"yoast_head":"<!-- This site is optimized with the Yoast SEO plugin v27.4 - https:\/\/yoast.com\/product\/yoast-seo-wordpress\/ -->\n<title>Apedrean imagen religiosa al interior del Templo de San Jos\u00e9 - Canal 7 SLP - 2025<\/title>\n<meta name=\"robots\" content=\"index, follow, max-snippet:-1, max-image-preview:large, max-video-preview:-1\" \/>\n<link rel=\"canonical\" href=\"https:\/\/canal7slp.tv\/2025\/apedrean-imagen-religiosa-al-interior-del-templo-de-san-jose\/\" \/>\n<meta property=\"og:locale\" content=\"es_ES\" \/>\n<meta property=\"og:type\" content=\"article\" \/>\n<meta property=\"og:title\" content=\"Apedrean imagen religiosa al interior del Templo de San Jos\u00e9 - Canal 7 SLP - 2025\" \/>\n<meta property=\"og:description\" content=\"SLP.-\u00a0A las 8:50 de la ma\u00f1ana de este lunes un sujeto desconocido se introdujo al templo de San Jos\u00e9 y se dirigi\u00f3 directamente a la imagen de La Virgen de la Soledad, arrojando una piedra que rompi\u00f3 el capelo que la resguardaba para posteriormente darse a la fuga. Las im\u00e1genes fueron grabadas por las c\u00e1maras de seguridad del templo y dadas a conocer por el vocero del Arzobispado Potosino, Tom\u00e1s Cruz Perales. En el video se observa que la gente que estaba ah\u00ed orando sale corriendo inmediatamente luego de atestiguar \u00e9ste hecho violento. Esta persona portaba una mochila de donde [&hellip;]\" \/>\n<meta property=\"og:url\" content=\"https:\/\/canal7slp.tv\/2025\/apedrean-imagen-religiosa-al-interior-del-templo-de-san-jose\/\" \/>\n<meta property=\"og:site_name\" content=\"Canal 7 SLP - 2025\" \/>\n<meta property=\"article:publisher\" content=\"https:\/\/www.facebook.com\/noticieroscanal7atencionciudadana\/\" \/>\n<meta property=\"article:published_time\" content=\"2025-03-04T01:05:19+00:00\" \/>\n<meta property=\"article:modified_time\" content=\"2025-12-10T14:48:53+00:00\" \/>\n<meta property=\"og:image\" content=\"https:\/\/canal7slp.tv\/2025\/wp-content\/uploads\/2025\/03\/Claudio04Atentado.jpg\" \/>\n\t<meta property=\"og:image:width\" content=\"1280\" \/>\n\t<meta property=\"og:image:height\" content=\"720\" \/>\n\t<meta property=\"og:image:type\" content=\"image\/jpeg\" \/>\n<meta name=\"author\" content=\"Edici\u00f3n Web\" \/>\n<meta name=\"twitter:card\" content=\"summary_large_image\" \/>\n<meta name=\"twitter:creator\" content=\"@NOTICIEROS7\" \/>\n<meta name=\"twitter:site\" content=\"@NOTICIEROS7\" \/>\n<meta name=\"twitter:label1\" content=\"Escrito por\" \/>\n\t<meta name=\"twitter:data1\" content=\"Edici\u00f3n Web\" \/>\n\t<meta name=\"twitter:label2\" content=\"Tiempo de lectura\" \/>\n\t<meta name=\"twitter:data2\" content=\"2 minutos\" \/>\n<script type=\"application\/ld+json\" class=\"yoast-schema-graph\">{\"@context\":\"https:\\\/\\\/schema.org\",\"@graph\":[{\"@type\":\"Article\",\"@id\":\"https:\\\/\\\/canal7slp.tv\\\/2025\\\/apedrean-imagen-religiosa-al-interior-del-templo-de-san-jose\\\/#article\",\"isPartOf\":{\"@id\":\"https:\\\/\\\/canal7slp.tv\\\/2025\\\/apedrean-imagen-religiosa-al-interior-del-templo-de-san-jose\\\/\"},\"author\":{\"name\":\"Edici\u00f3n Web\",\"@id\":\"https:\\\/\\\/canal7slp.tv\\\/2025\\\/#\\\/schema\\\/person\\\/271e2b60a96e7cc9d9ac296f4d7e414b\"},\"headline\":\"Apedrean imagen religiosa al interior del Templo de San Jos\u00e9\",\"datePublished\":\"2025-03-04T01:05:19+00:00\",\"dateModified\":\"2025-12-10T14:48:53+00:00\",\"mainEntityOfPage\":{\"@id\":\"https:\\\/\\\/canal7slp.tv\\\/2025\\\/apedrean-imagen-religiosa-al-interior-del-templo-de-san-jose\\\/\"},\"wordCount\":199,\"publisher\":{\"@id\":\"https:\\\/\\\/canal7slp.tv\\\/2025\\\/#organization\"},\"image\":{\"@id\":\"https:\\\/\\\/canal7slp.tv\\\/2025\\\/apedrean-imagen-religiosa-al-interior-del-templo-de-san-jose\\\/#primaryimage\"},\"thumbnailUrl\":\"https:\\\/\\\/canal7slp.tv\\\/2025\\\/wp-content\\\/uploads\\\/2025\\\/03\\\/Claudio04Atentado.jpg\",\"articleSection\":[\"DESTACADAS\",\"Iglesia\",\"LOCALES Y REGIONALES\"],\"inLanguage\":\"es\"},{\"@type\":\"WebPage\",\"@id\":\"https:\\\/\\\/canal7slp.tv\\\/2025\\\/apedrean-imagen-religiosa-al-interior-del-templo-de-san-jose\\\/\",\"url\":\"https:\\\/\\\/canal7slp.tv\\\/2025\\\/apedrean-imagen-religiosa-al-interior-del-templo-de-san-jose\\\/\",\"name\":\"Apedrean imagen religiosa al interior del Templo de San Jos\u00e9 - Canal 7 SLP - 2025\",\"isPartOf\":{\"@id\":\"https:\\\/\\\/canal7slp.tv\\\/2025\\\/#website\"},\"primaryImageOfPage\":{\"@id\":\"https:\\\/\\\/canal7slp.tv\\\/2025\\\/apedrean-imagen-religiosa-al-interior-del-templo-de-san-jose\\\/#primaryimage\"},\"image\":{\"@id\":\"https:\\\/\\\/canal7slp.tv\\\/2025\\\/apedrean-imagen-religiosa-al-interior-del-templo-de-san-jose\\\/#primaryimage\"},\"thumbnailUrl\":\"https:\\\/\\\/canal7slp.tv\\\/2025\\\/wp-content\\\/uploads\\\/2025\\\/03\\\/Claudio04Atentado.jpg\",\"datePublished\":\"2025-03-04T01:05:19+00:00\",\"dateModified\":\"2025-12-10T14:48:53+00:00\",\"breadcrumb\":{\"@id\":\"https:\\\/\\\/canal7slp.tv\\\/2025\\\/apedrean-imagen-religiosa-al-interior-del-templo-de-san-jose\\\/#breadcrumb\"},\"inLanguage\":\"es\",\"potentialAction\":[{\"@type\":\"ReadAction\",\"target\":[\"https:\\\/\\\/canal7slp.tv\\\/2025\\\/apedrean-imagen-religiosa-al-interior-del-templo-de-san-jose\\\/\"]}]},{\"@type\":\"ImageObject\",\"inLanguage\":\"es\",\"@id\":\"https:\\\/\\\/canal7slp.tv\\\/2025\\\/apedrean-imagen-religiosa-al-interior-del-templo-de-san-jose\\\/#primaryimage\",\"url\":\"https:\\\/\\\/canal7slp.tv\\\/2025\\\/wp-content\\\/uploads\\\/2025\\\/03\\\/Claudio04Atentado.jpg\",\"contentUrl\":\"https:\\\/\\\/canal7slp.tv\\\/2025\\\/wp-content\\\/uploads\\\/2025\\\/03\\\/Claudio04Atentado.jpg\",\"width\":1280,\"height\":720},{\"@type\":\"BreadcrumbList\",\"@id\":\"https:\\\/\\\/canal7slp.tv\\\/2025\\\/apedrean-imagen-religiosa-al-interior-del-templo-de-san-jose\\\/#breadcrumb\",\"itemListElement\":[{\"@type\":\"ListItem\",\"position\":1,\"name\":\"Portada\",\"item\":\"https:\\\/\\\/canal7slp.tv\\\/2025\\\/\"},{\"@type\":\"ListItem\",\"position\":2,\"name\":\"Apedrean imagen religiosa al interior del Templo de San Jos\u00e9\"}]},{\"@type\":\"WebSite\",\"@id\":\"https:\\\/\\\/canal7slp.tv\\\/2025\\\/#website\",\"url\":\"https:\\\/\\\/canal7slp.tv\\\/2025\\\/\",\"name\":\"N7 - Noticieros Canal 7\",\"description\":\"Somos el Medio\",\"publisher\":{\"@id\":\"https:\\\/\\\/canal7slp.tv\\\/2025\\\/#organization\"},\"potentialAction\":[{\"@type\":\"SearchAction\",\"target\":{\"@type\":\"EntryPoint\",\"urlTemplate\":\"https:\\\/\\\/canal7slp.tv\\\/2025\\\/?s={search_term_string}\"},\"query-input\":{\"@type\":\"PropertyValueSpecification\",\"valueRequired\":true,\"valueName\":\"search_term_string\"}}],\"inLanguage\":\"es\"},{\"@type\":\"Organization\",\"@id\":\"https:\\\/\\\/canal7slp.tv\\\/2025\\\/#organization\",\"name\":\"Noticieros Canal 7\",\"url\":\"https:\\\/\\\/canal7slp.tv\\\/2025\\\/\",\"logo\":{\"@type\":\"ImageObject\",\"inLanguage\":\"es\",\"@id\":\"https:\\\/\\\/canal7slp.tv\\\/2025\\\/#\\\/schema\\\/logo\\\/image\\\/\",\"url\":\"https:\\\/\\\/canal7slp.tv\\\/2025\\\/wp-content\\\/uploads\\\/2021\\\/01\\\/logo-noticieros@2x.png\",\"contentUrl\":\"https:\\\/\\\/canal7slp.tv\\\/2025\\\/wp-content\\\/uploads\\\/2021\\\/01\\\/logo-noticieros@2x.png\",\"width\":1017,\"height\":268,\"caption\":\"Noticieros Canal 7\"},\"image\":{\"@id\":\"https:\\\/\\\/canal7slp.tv\\\/2025\\\/#\\\/schema\\\/logo\\\/image\\\/\"},\"sameAs\":[\"https:\\\/\\\/www.facebook.com\\\/noticieroscanal7atencionciudadana\\\/\",\"https:\\\/\\\/x.com\\\/NOTICIEROS7\",\"https:\\\/\\\/www.instagram.com\\\/canal7_slp\",\"https:\\\/\\\/www.youtube.com\\\/channel\\\/UCliiYs-gP3JfJeqdPrNdd5A\"]},{\"@type\":\"Person\",\"@id\":\"https:\\\/\\\/canal7slp.tv\\\/2025\\\/#\\\/schema\\\/person\\\/271e2b60a96e7cc9d9ac296f4d7e414b\",\"name\":\"Edici\u00f3n Web\",\"image\":{\"@type\":\"ImageObject\",\"inLanguage\":\"es\",\"@id\":\"https:\\\/\\\/secure.gravatar.com\\\/avatar\\\/eee448fc3f7164808013b816ba91ac7e43bbe82a70bebac296f8bc6f0addaa1a?s=96&d=mm&r=g\",\"url\":\"https:\\\/\\\/secure.gravatar.com\\\/avatar\\\/eee448fc3f7164808013b816ba91ac7e43bbe82a70bebac296f8bc6f0addaa1a?s=96&d=mm&r=g\",\"contentUrl\":\"https:\\\/\\\/secure.gravatar.com\\\/avatar\\\/eee448fc3f7164808013b816ba91ac7e43bbe82a70bebac296f8bc6f0addaa1a?s=96&d=mm&r=g\",\"caption\":\"Edici\u00f3n Web\"},\"url\":\"https:\\\/\\\/canal7slp.tv\\\/2025\\\/author\\\/edicionweb\\\/\"}]}<\/script>\n<!-- \/ Yoast SEO plugin. -->","yoast_head_json":{"title":"Apedrean imagen religiosa al interior del Templo de San Jos\u00e9 - Canal 7 SLP - 2025","robots":{"index":"index","follow":"follow","max-snippet":"max-snippet:-1","max-image-preview":"max-image-preview:large","max-video-preview":"max-video-preview:-1"},"canonical":"https:\/\/canal7slp.tv\/2025\/apedrean-imagen-religiosa-al-interior-del-templo-de-san-jose\/","og_locale":"es_ES","og_type":"article","og_title":"Apedrean imagen religiosa al interior del Templo de San Jos\u00e9 - Canal 7 SLP - 2025","og_description":"SLP.-\u00a0A las 8:50 de la ma\u00f1ana de este lunes un sujeto desconocido se introdujo al templo de San Jos\u00e9 y se dirigi\u00f3 directamente a la imagen de La Virgen de la Soledad, arrojando una piedra que rompi\u00f3 el capelo que la resguardaba para posteriormente darse a la fuga. Las im\u00e1genes fueron grabadas por las c\u00e1maras de seguridad del templo y dadas a conocer por el vocero del Arzobispado Potosino, Tom\u00e1s Cruz Perales. En el video se observa que la gente que estaba ah\u00ed orando sale corriendo inmediatamente luego de atestiguar \u00e9ste hecho violento. Esta persona portaba una mochila de donde [&hellip;]","og_url":"https:\/\/canal7slp.tv\/2025\/apedrean-imagen-religiosa-al-interior-del-templo-de-san-jose\/","og_site_name":"Canal 7 SLP - 2025","article_publisher":"https:\/\/www.facebook.com\/noticieroscanal7atencionciudadana\/","article_published_time":"2025-03-04T01:05:19+00:00","article_modified_time":"2025-12-10T14:48:53+00:00","og_image":[{"width":1280,"height":720,"url":"https:\/\/canal7slp.tv\/2025\/wp-content\/uploads\/2025\/03\/Claudio04Atentado.jpg","type":"image\/jpeg"}],"author":"Edici\u00f3n Web","twitter_card":"summary_large_image","twitter_creator":"@NOTICIEROS7","twitter_site":"@NOTICIEROS7","twitter_misc":{"Escrito por":"Edici\u00f3n Web","Tiempo de lectura":"2 minutos"},"schema":{"@context":"https:\/\/schema.org","@graph":[{"@type":"Article","@id":"https:\/\/canal7slp.tv\/2025\/apedrean-imagen-religiosa-al-interior-del-templo-de-san-jose\/#article","isPartOf":{"@id":"https:\/\/canal7slp.tv\/2025\/apedrean-imagen-religiosa-al-interior-del-templo-de-san-jose\/"},"author":{"name":"Edici\u00f3n Web","@id":"https:\/\/canal7slp.tv\/2025\/#\/schema\/person\/271e2b60a96e7cc9d9ac296f4d7e414b"},"headline":"Apedrean imagen religiosa al interior del Templo de San Jos\u00e9","datePublished":"2025-03-04T01:05:19+00:00","dateModified":"2025-12-10T14:48:53+00:00","mainEntityOfPage":{"@id":"https:\/\/canal7slp.tv\/2025\/apedrean-imagen-religiosa-al-interior-del-templo-de-san-jose\/"},"wordCount":199,"publisher":{"@id":"https:\/\/canal7slp.tv\/2025\/#organization"},"image":{"@id":"https:\/\/canal7slp.tv\/2025\/apedrean-imagen-religiosa-al-interior-del-templo-de-san-jose\/#primaryimage"},"thumbnailUrl":"https:\/\/canal7slp.tv\/2025\/wp-content\/uploads\/2025\/03\/Claudio04Atentado.jpg","articleSection":["DESTACADAS","Iglesia","LOCALES Y REGIONALES"],"inLanguage":"es"},{"@type":"WebPage","@id":"https:\/\/canal7slp.tv\/2025\/apedrean-imagen-religiosa-al-interior-del-templo-de-san-jose\/","url":"https:\/\/canal7slp.tv\/2025\/apedrean-imagen-religiosa-al-interior-del-templo-de-san-jose\/","name":"Apedrean imagen religiosa al interior del Templo de San Jos\u00e9 - Canal 7 SLP - 2025","isPartOf":{"@id":"https:\/\/canal7slp.tv\/2025\/#website"},"primaryImageOfPage":{"@id":"https:\/\/canal7slp.tv\/2025\/apedrean-imagen-religiosa-al-interior-del-templo-de-san-jose\/#primaryimage"},"image":{"@id":"https:\/\/canal7slp.tv\/2025\/apedrean-imagen-religiosa-al-interior-del-templo-de-san-jose\/#primaryimage"},"thumbnailUrl":"https:\/\/canal7slp.tv\/2025\/wp-content\/uploads\/2025\/03\/Claudio04Atentado.jpg","datePublished":"2025-03-04T01:05:19+00:00","dateModified":"2025-12-10T14:48:53+00:00","breadcrumb":{"@id":"https:\/\/canal7slp.tv\/2025\/apedrean-imagen-religiosa-al-interior-del-templo-de-san-jose\/#breadcrumb"},"inLanguage":"es","potentialAction":[{"@type":"ReadAction","target":["https:\/\/canal7slp.tv\/2025\/apedrean-imagen-religiosa-al-interior-del-templo-de-san-jose\/"]}]},{"@type":"ImageObject","inLanguage":"es","@id":"https:\/\/canal7slp.tv\/2025\/apedrean-imagen-religiosa-al-interior-del-templo-de-san-jose\/#primaryimage","url":"https:\/\/canal7slp.tv\/2025\/wp-content\/uploads\/2025\/03\/Claudio04Atentado.jpg","contentUrl":"https:\/\/canal7slp.tv\/2025\/wp-content\/uploads\/2025\/03\/Claudio04Atentado.jpg","width":1280,"height":720},{"@type":"BreadcrumbList","@id":"https:\/\/canal7slp.tv\/2025\/apedrean-imagen-religiosa-al-interior-del-templo-de-san-jose\/#breadcrumb","itemListElement":[{"@type":"ListItem","position":1,"name":"Portada","item":"https:\/\/canal7slp.tv\/2025\/"},{"@type":"ListItem","position":2,"name":"Apedrean imagen religiosa al interior del Templo de San Jos\u00e9"}]},{"@type":"WebSite","@id":"https:\/\/canal7slp.tv\/2025\/#website","url":"https:\/\/canal7slp.tv\/2025\/","name":"N7 - Noticieros Canal 7","description":"Somos el Medio","publisher":{"@id":"https:\/\/canal7slp.tv\/2025\/#organization"},"potentialAction":[{"@type":"SearchAction","target":{"@type":"EntryPoint","urlTemplate":"https:\/\/canal7slp.tv\/2025\/?s={search_term_string}"},"query-input":{"@type":"PropertyValueSpecification","valueRequired":true,"valueName":"search_term_string"}}],"inLanguage":"es"},{"@type":"Organization","@id":"https:\/\/canal7slp.tv\/2025\/#organization","name":"Noticieros Canal 7","url":"https:\/\/canal7slp.tv\/2025\/","logo":{"@type":"ImageObject","inLanguage":"es","@id":"https:\/\/canal7slp.tv\/2025\/#\/schema\/logo\/image\/","url":"https:\/\/canal7slp.tv\/2025\/wp-content\/uploads\/2021\/01\/logo-noticieros@2x.png","contentUrl":"https:\/\/canal7slp.tv\/2025\/wp-content\/uploads\/2021\/01\/logo-noticieros@2x.png","width":1017,"height":268,"caption":"Noticieros Canal 7"},"image":{"@id":"https:\/\/canal7slp.tv\/2025\/#\/schema\/logo\/image\/"},"sameAs":["https:\/\/www.facebook.com\/noticieroscanal7atencionciudadana\/","https:\/\/x.com\/NOTICIEROS7","https:\/\/www.instagram.com\/canal7_slp","https:\/\/www.youtube.com\/channel\/UCliiYs-gP3JfJeqdPrNdd5A"]},{"@type":"Person","@id":"https:\/\/canal7slp.tv\/2025\/#\/schema\/person\/271e2b60a96e7cc9d9ac296f4d7e414b","name":"Edici\u00f3n Web","image":{"@type":"ImageObject","inLanguage":"es","@id":"https:\/\/secure.gravatar.com\/avatar\/eee448fc3f7164808013b816ba91ac7e43bbe82a70bebac296f8bc6f0addaa1a?s=96&d=mm&r=g","url":"https:\/\/secure.gravatar.com\/avatar\/eee448fc3f7164808013b816ba91ac7e43bbe82a70bebac296f8bc6f0addaa1a?s=96&d=mm&r=g","contentUrl":"https:\/\/secure.gravatar.com\/avatar\/eee448fc3f7164808013b816ba91ac7e43bbe82a70bebac296f8bc6f0addaa1a?s=96&d=mm&r=g","caption":"Edici\u00f3n Web"},"url":"https:\/\/canal7slp.tv\/2025\/author\/edicionweb\/"}]}},"_links":{"self":[{"href":"https:\/\/canal7slp.tv\/2025\/wp-json\/wp\/v2\/posts\/159837","targetHints":{"allow":["GET"]}}],"collection":[{"href":"https:\/\/canal7slp.tv\/2025\/wp-json\/wp\/v2\/posts"}],"about":[{"href":"https:\/\/canal7slp.tv\/2025\/wp-json\/wp\/v2\/types\/post"}],"author":[{"embeddable":true,"href":"https:\/\/canal7slp.tv\/2025\/wp-json\/wp\/v2\/users\/2"}],"replies":[{"embeddable":true,"href":"https:\/\/canal7slp.tv\/2025\/wp-json\/wp\/v2\/comments?post=159837"}],"version-history":[{"count":3,"href":"https:\/\/canal7slp.tv\/2025\/wp-json\/wp\/v2\/posts\/159837\/revisions"}],"predecessor-version":[{"id":159894,"href":"https:\/\/canal7slp.tv\/2025\/wp-json\/wp\/v2\/posts\/159837\/revisions\/159894"}],"wp:featuredmedia":[{"embeddable":true,"href":"https:\/\/canal7slp.tv\/2025\/wp-json\/wp\/v2\/media\/159893"}],"wp:attachment":[{"href":"https:\/\/canal7slp.tv\/2025\/wp-json\/wp\/v2\/media?parent=159837"}],"wp:term":[{"taxonomy":"category","embeddable":true,"href":"https:\/\/canal7slp.tv\/2025\/wp-json\/wp\/v2\/categories?post=159837"},{"taxonomy":"post_tag","embeddable":true,"href":"https:\/\/canal7slp.tv\/2025\/wp-json\/wp\/v2\/tags?post=159837"}],"curies":[{"name":"wp","href":"https:\/\/api.w.org\/{rel}","templated":true}]}}