{"id":159836,"date":"2025-03-03T19:02:15","date_gmt":"2025-03-04T01:02:15","guid":{"rendered":"https:\/\/canal7slp.tv\/2025\/?p=159836"},"modified":"2025-03-03T19:02:15","modified_gmt":"2025-03-04T01:02:15","slug":"la-medallista-olimpica-paola-espinosa-se-pronuncia-por-un-mayor-impulso-al-deporte-en-mexico","status":"publish","type":"post","link":"https:\/\/canal7slp.tv\/2025\/la-medallista-olimpica-paola-espinosa-se-pronuncia-por-un-mayor-impulso-al-deporte-en-mexico\/","title":{"rendered":"La medallista ol\u00edmpica Paola Espinosa se pronuncia por un mayor impulso al deporte en M\u00e9xico"},"content":{"rendered":"<p style=\"text-align: justify;\">SLP.-\u00a0Entrevistada al t\u00e9rmino de impartir una conferencia con mujeres empresarias la diputada federal y medallista ol\u00edmpica Paola Espinosa S\u00e1nchez, afirm\u00f3 que pese a las buenas intenciones del actual gobierno federal el deporte en M\u00e9xico est\u00e1 en crisis.<\/p>\n<p style=\"text-align: justify;\">Ganadora de dos medallas ol\u00edmpicas, una de plata y otra de bronce, Espinosa S\u00e1nchez se\u00f1al\u00f3 que en M\u00e9xico hay mucho talento deportivo pero que dijo, no cuenta con los apoyos econ\u00f3micos suficientes para impulsar su carrera desde abajo.<\/p>\n<p style=\"text-align: justify;\">En este sentido, opin\u00f3 que la Comisi\u00f3n Nacional de Cultura F\u00edsica y Deporte debe apoyar con m\u00e1s recursos para impulsar al deporte mexicano, a niveles m\u00e1s altos.<\/p>\n<p>Por: Claudio Ibarra<\/p>\n","protected":false},"excerpt":{"rendered":"<p>SLP.-\u00a0Entrevistada al t\u00e9rmino de impartir una conferencia con mujeres empresarias la diputada federal y medallista ol\u00edmpica Paola Espinosa S\u00e1nchez, afirm\u00f3 que pese a las buenas intenciones del actual gobierno federal el deporte en M\u00e9xico est\u00e1 en crisis. Ganadora de dos medallas ol\u00edmpicas, una de plata y otra de bronce, Espinosa S\u00e1nchez se\u00f1al\u00f3 que en M\u00e9xico hay mucho talento deportivo pero que dijo, no cuenta con los apoyos econ\u00f3micos suficientes para impulsar su carrera desde abajo. En este sentido, opin\u00f3 que la Comisi\u00f3n Nacional de Cultura F\u00edsica y Deporte debe apoyar con m\u00e1s recursos para impulsar al deporte mexicano, a niveles [&hellip;]<\/p>\n","protected":false},"author":2,"featured_media":159890,"comment_status":"closed","ping_status":"closed","sticky":false,"template":"","format":"video","meta":{"_monsterinsights_skip_tracking":false,"_monsterinsights_sitenote_active":false,"_monsterinsights_sitenote_note":"","_monsterinsights_sitenote_category":0,"footnotes":""},"categories":[5,45],"tags":[],"class_list":["post-159836","post","type-post","status-publish","format-video","has-post-thumbnail","hentry","category-destacadas","category-localesyregionales","post_format-post-format-video","post--single"],"yoast_head":"<!-- This site is optimized with the Yoast SEO plugin v27.4 - https:\/\/yoast.com\/product\/yoast-seo-wordpress\/ -->\n<title>La medallista ol\u00edmpica Paola Espinosa se pronuncia por un mayor impulso al deporte en M\u00e9xico - Canal 7 SLP - 2025<\/title>\n<meta name=\"robots\" content=\"index, follow, max-snippet:-1, max-image-preview:large, max-video-preview:-1\" \/>\n<link rel=\"canonical\" href=\"https:\/\/canal7slp.tv\/2025\/la-medallista-olimpica-paola-espinosa-se-pronuncia-por-un-mayor-impulso-al-deporte-en-mexico\/\" \/>\n<meta property=\"og:locale\" content=\"es_ES\" \/>\n<meta property=\"og:type\" content=\"article\" \/>\n<meta property=\"og:title\" content=\"La medallista ol\u00edmpica Paola Espinosa se pronuncia por un mayor impulso al deporte en M\u00e9xico - Canal 7 SLP - 2025\" \/>\n<meta property=\"og:description\" content=\"SLP.-\u00a0Entrevistada al t\u00e9rmino de impartir una conferencia con mujeres empresarias la diputada federal y medallista ol\u00edmpica Paola Espinosa S\u00e1nchez, afirm\u00f3 que pese a las buenas intenciones del actual gobierno federal el deporte en M\u00e9xico est\u00e1 en crisis. Ganadora de dos medallas ol\u00edmpicas, una de plata y otra de bronce, Espinosa S\u00e1nchez se\u00f1al\u00f3 que en M\u00e9xico hay mucho talento deportivo pero que dijo, no cuenta con los apoyos econ\u00f3micos suficientes para impulsar su carrera desde abajo. En este sentido, opin\u00f3 que la Comisi\u00f3n Nacional de Cultura F\u00edsica y Deporte debe apoyar con m\u00e1s recursos para impulsar al deporte mexicano, a niveles [&hellip;]\" \/>\n<meta property=\"og:url\" content=\"https:\/\/canal7slp.tv\/2025\/la-medallista-olimpica-paola-espinosa-se-pronuncia-por-un-mayor-impulso-al-deporte-en-mexico\/\" \/>\n<meta property=\"og:site_name\" content=\"Canal 7 SLP - 2025\" \/>\n<meta property=\"article:publisher\" content=\"https:\/\/www.facebook.com\/noticieroscanal7atencionciudadana\/\" \/>\n<meta property=\"article:published_time\" content=\"2025-03-04T01:02:15+00:00\" \/>\n<meta property=\"og:image\" content=\"https:\/\/canal7slp.tv\/2025\/wp-content\/uploads\/2025\/03\/Claudio03Paola.jpg\" \/>\n\t<meta property=\"og:image:width\" content=\"1280\" \/>\n\t<meta property=\"og:image:height\" content=\"720\" \/>\n\t<meta property=\"og:image:type\" content=\"image\/jpeg\" \/>\n<meta name=\"author\" content=\"Edici\u00f3n Web\" \/>\n<meta name=\"twitter:card\" content=\"summary_large_image\" \/>\n<meta name=\"twitter:creator\" content=\"@NOTICIEROS7\" \/>\n<meta name=\"twitter:site\" content=\"@NOTICIEROS7\" \/>\n<meta name=\"twitter:label1\" content=\"Escrito por\" \/>\n\t<meta name=\"twitter:data1\" content=\"Edici\u00f3n Web\" \/>\n\t<meta name=\"twitter:label2\" content=\"Tiempo de lectura\" \/>\n\t<meta name=\"twitter:data2\" content=\"1 minuto\" \/>\n<script type=\"application\/ld+json\" class=\"yoast-schema-graph\">{\"@context\":\"https:\\\/\\\/schema.org\",\"@graph\":[{\"@type\":\"Article\",\"@id\":\"https:\\\/\\\/canal7slp.tv\\\/2025\\\/la-medallista-olimpica-paola-espinosa-se-pronuncia-por-un-mayor-impulso-al-deporte-en-mexico\\\/#article\",\"isPartOf\":{\"@id\":\"https:\\\/\\\/canal7slp.tv\\\/2025\\\/la-medallista-olimpica-paola-espinosa-se-pronuncia-por-un-mayor-impulso-al-deporte-en-mexico\\\/\"},\"author\":{\"name\":\"Edici\u00f3n Web\",\"@id\":\"https:\\\/\\\/canal7slp.tv\\\/2025\\\/#\\\/schema\\\/person\\\/271e2b60a96e7cc9d9ac296f4d7e414b\"},\"headline\":\"La medallista ol\u00edmpica Paola Espinosa se pronuncia por un mayor impulso al deporte en M\u00e9xico\",\"datePublished\":\"2025-03-04T01:02:15+00:00\",\"mainEntityOfPage\":{\"@id\":\"https:\\\/\\\/canal7slp.tv\\\/2025\\\/la-medallista-olimpica-paola-espinosa-se-pronuncia-por-un-mayor-impulso-al-deporte-en-mexico\\\/\"},\"wordCount\":137,\"publisher\":{\"@id\":\"https:\\\/\\\/canal7slp.tv\\\/2025\\\/#organization\"},\"image\":{\"@id\":\"https:\\\/\\\/canal7slp.tv\\\/2025\\\/la-medallista-olimpica-paola-espinosa-se-pronuncia-por-un-mayor-impulso-al-deporte-en-mexico\\\/#primaryimage\"},\"thumbnailUrl\":\"https:\\\/\\\/canal7slp.tv\\\/2025\\\/wp-content\\\/uploads\\\/2025\\\/03\\\/Claudio03Paola.jpg\",\"articleSection\":[\"DESTACADAS\",\"LOCALES Y REGIONALES\"],\"inLanguage\":\"es\"},{\"@type\":\"WebPage\",\"@id\":\"https:\\\/\\\/canal7slp.tv\\\/2025\\\/la-medallista-olimpica-paola-espinosa-se-pronuncia-por-un-mayor-impulso-al-deporte-en-mexico\\\/\",\"url\":\"https:\\\/\\\/canal7slp.tv\\\/2025\\\/la-medallista-olimpica-paola-espinosa-se-pronuncia-por-un-mayor-impulso-al-deporte-en-mexico\\\/\",\"name\":\"La medallista ol\u00edmpica Paola Espinosa se pronuncia por un mayor impulso al deporte en M\u00e9xico - Canal 7 SLP - 2025\",\"isPartOf\":{\"@id\":\"https:\\\/\\\/canal7slp.tv\\\/2025\\\/#website\"},\"primaryImageOfPage\":{\"@id\":\"https:\\\/\\\/canal7slp.tv\\\/2025\\\/la-medallista-olimpica-paola-espinosa-se-pronuncia-por-un-mayor-impulso-al-deporte-en-mexico\\\/#primaryimage\"},\"image\":{\"@id\":\"https:\\\/\\\/canal7slp.tv\\\/2025\\\/la-medallista-olimpica-paola-espinosa-se-pronuncia-por-un-mayor-impulso-al-deporte-en-mexico\\\/#primaryimage\"},\"thumbnailUrl\":\"https:\\\/\\\/canal7slp.tv\\\/2025\\\/wp-content\\\/uploads\\\/2025\\\/03\\\/Claudio03Paola.jpg\",\"datePublished\":\"2025-03-04T01:02:15+00:00\",\"breadcrumb\":{\"@id\":\"https:\\\/\\\/canal7slp.tv\\\/2025\\\/la-medallista-olimpica-paola-espinosa-se-pronuncia-por-un-mayor-impulso-al-deporte-en-mexico\\\/#breadcrumb\"},\"inLanguage\":\"es\",\"potentialAction\":[{\"@type\":\"ReadAction\",\"target\":[\"https:\\\/\\\/canal7slp.tv\\\/2025\\\/la-medallista-olimpica-paola-espinosa-se-pronuncia-por-un-mayor-impulso-al-deporte-en-mexico\\\/\"]}]},{\"@type\":\"ImageObject\",\"inLanguage\":\"es\",\"@id\":\"https:\\\/\\\/canal7slp.tv\\\/2025\\\/la-medallista-olimpica-paola-espinosa-se-pronuncia-por-un-mayor-impulso-al-deporte-en-mexico\\\/#primaryimage\",\"url\":\"https:\\\/\\\/canal7slp.tv\\\/2025\\\/wp-content\\\/uploads\\\/2025\\\/03\\\/Claudio03Paola.jpg\",\"contentUrl\":\"https:\\\/\\\/canal7slp.tv\\\/2025\\\/wp-content\\\/uploads\\\/2025\\\/03\\\/Claudio03Paola.jpg\",\"width\":1280,\"height\":720},{\"@type\":\"BreadcrumbList\",\"@id\":\"https:\\\/\\\/canal7slp.tv\\\/2025\\\/la-medallista-olimpica-paola-espinosa-se-pronuncia-por-un-mayor-impulso-al-deporte-en-mexico\\\/#breadcrumb\",\"itemListElement\":[{\"@type\":\"ListItem\",\"position\":1,\"name\":\"Portada\",\"item\":\"https:\\\/\\\/canal7slp.tv\\\/2025\\\/\"},{\"@type\":\"ListItem\",\"position\":2,\"name\":\"La medallista ol\u00edmpica Paola Espinosa se pronuncia por un mayor impulso al deporte en M\u00e9xico\"}]},{\"@type\":\"WebSite\",\"@id\":\"https:\\\/\\\/canal7slp.tv\\\/2025\\\/#website\",\"url\":\"https:\\\/\\\/canal7slp.tv\\\/2025\\\/\",\"name\":\"N7 - Noticieros Canal 7\",\"description\":\"Somos el Medio\",\"publisher\":{\"@id\":\"https:\\\/\\\/canal7slp.tv\\\/2025\\\/#organization\"},\"potentialAction\":[{\"@type\":\"SearchAction\",\"target\":{\"@type\":\"EntryPoint\",\"urlTemplate\":\"https:\\\/\\\/canal7slp.tv\\\/2025\\\/?s={search_term_string}\"},\"query-input\":{\"@type\":\"PropertyValueSpecification\",\"valueRequired\":true,\"valueName\":\"search_term_string\"}}],\"inLanguage\":\"es\"},{\"@type\":\"Organization\",\"@id\":\"https:\\\/\\\/canal7slp.tv\\\/2025\\\/#organization\",\"name\":\"Noticieros Canal 7\",\"url\":\"https:\\\/\\\/canal7slp.tv\\\/2025\\\/\",\"logo\":{\"@type\":\"ImageObject\",\"inLanguage\":\"es\",\"@id\":\"https:\\\/\\\/canal7slp.tv\\\/2025\\\/#\\\/schema\\\/logo\\\/image\\\/\",\"url\":\"https:\\\/\\\/canal7slp.tv\\\/2025\\\/wp-content\\\/uploads\\\/2021\\\/01\\\/logo-noticieros@2x.png\",\"contentUrl\":\"https:\\\/\\\/canal7slp.tv\\\/2025\\\/wp-content\\\/uploads\\\/2021\\\/01\\\/logo-noticieros@2x.png\",\"width\":1017,\"height\":268,\"caption\":\"Noticieros Canal 7\"},\"image\":{\"@id\":\"https:\\\/\\\/canal7slp.tv\\\/2025\\\/#\\\/schema\\\/logo\\\/image\\\/\"},\"sameAs\":[\"https:\\\/\\\/www.facebook.com\\\/noticieroscanal7atencionciudadana\\\/\",\"https:\\\/\\\/x.com\\\/NOTICIEROS7\",\"https:\\\/\\\/www.instagram.com\\\/canal7_slp\",\"https:\\\/\\\/www.youtube.com\\\/channel\\\/UCliiYs-gP3JfJeqdPrNdd5A\"]},{\"@type\":\"Person\",\"@id\":\"https:\\\/\\\/canal7slp.tv\\\/2025\\\/#\\\/schema\\\/person\\\/271e2b60a96e7cc9d9ac296f4d7e414b\",\"name\":\"Edici\u00f3n Web\",\"image\":{\"@type\":\"ImageObject\",\"inLanguage\":\"es\",\"@id\":\"https:\\\/\\\/secure.gravatar.com\\\/avatar\\\/eee448fc3f7164808013b816ba91ac7e43bbe82a70bebac296f8bc6f0addaa1a?s=96&d=mm&r=g\",\"url\":\"https:\\\/\\\/secure.gravatar.com\\\/avatar\\\/eee448fc3f7164808013b816ba91ac7e43bbe82a70bebac296f8bc6f0addaa1a?s=96&d=mm&r=g\",\"contentUrl\":\"https:\\\/\\\/secure.gravatar.com\\\/avatar\\\/eee448fc3f7164808013b816ba91ac7e43bbe82a70bebac296f8bc6f0addaa1a?s=96&d=mm&r=g\",\"caption\":\"Edici\u00f3n Web\"},\"url\":\"https:\\\/\\\/canal7slp.tv\\\/2025\\\/author\\\/edicionweb\\\/\"}]}<\/script>\n<!-- \/ Yoast SEO plugin. -->","yoast_head_json":{"title":"La medallista ol\u00edmpica Paola Espinosa se pronuncia por un mayor impulso al deporte en M\u00e9xico - Canal 7 SLP - 2025","robots":{"index":"index","follow":"follow","max-snippet":"max-snippet:-1","max-image-preview":"max-image-preview:large","max-video-preview":"max-video-preview:-1"},"canonical":"https:\/\/canal7slp.tv\/2025\/la-medallista-olimpica-paola-espinosa-se-pronuncia-por-un-mayor-impulso-al-deporte-en-mexico\/","og_locale":"es_ES","og_type":"article","og_title":"La medallista ol\u00edmpica Paola Espinosa se pronuncia por un mayor impulso al deporte en M\u00e9xico - Canal 7 SLP - 2025","og_description":"SLP.-\u00a0Entrevistada al t\u00e9rmino de impartir una conferencia con mujeres empresarias la diputada federal y medallista ol\u00edmpica Paola Espinosa S\u00e1nchez, afirm\u00f3 que pese a las buenas intenciones del actual gobierno federal el deporte en M\u00e9xico est\u00e1 en crisis. Ganadora de dos medallas ol\u00edmpicas, una de plata y otra de bronce, Espinosa S\u00e1nchez se\u00f1al\u00f3 que en M\u00e9xico hay mucho talento deportivo pero que dijo, no cuenta con los apoyos econ\u00f3micos suficientes para impulsar su carrera desde abajo. En este sentido, opin\u00f3 que la Comisi\u00f3n Nacional de Cultura F\u00edsica y Deporte debe apoyar con m\u00e1s recursos para impulsar al deporte mexicano, a niveles [&hellip;]","og_url":"https:\/\/canal7slp.tv\/2025\/la-medallista-olimpica-paola-espinosa-se-pronuncia-por-un-mayor-impulso-al-deporte-en-mexico\/","og_site_name":"Canal 7 SLP - 2025","article_publisher":"https:\/\/www.facebook.com\/noticieroscanal7atencionciudadana\/","article_published_time":"2025-03-04T01:02:15+00:00","og_image":[{"width":1280,"height":720,"url":"https:\/\/canal7slp.tv\/2025\/wp-content\/uploads\/2025\/03\/Claudio03Paola.jpg","type":"image\/jpeg"}],"author":"Edici\u00f3n Web","twitter_card":"summary_large_image","twitter_creator":"@NOTICIEROS7","twitter_site":"@NOTICIEROS7","twitter_misc":{"Escrito por":"Edici\u00f3n Web","Tiempo de lectura":"1 minuto"},"schema":{"@context":"https:\/\/schema.org","@graph":[{"@type":"Article","@id":"https:\/\/canal7slp.tv\/2025\/la-medallista-olimpica-paola-espinosa-se-pronuncia-por-un-mayor-impulso-al-deporte-en-mexico\/#article","isPartOf":{"@id":"https:\/\/canal7slp.tv\/2025\/la-medallista-olimpica-paola-espinosa-se-pronuncia-por-un-mayor-impulso-al-deporte-en-mexico\/"},"author":{"name":"Edici\u00f3n Web","@id":"https:\/\/canal7slp.tv\/2025\/#\/schema\/person\/271e2b60a96e7cc9d9ac296f4d7e414b"},"headline":"La medallista ol\u00edmpica Paola Espinosa se pronuncia por un mayor impulso al deporte en M\u00e9xico","datePublished":"2025-03-04T01:02:15+00:00","mainEntityOfPage":{"@id":"https:\/\/canal7slp.tv\/2025\/la-medallista-olimpica-paola-espinosa-se-pronuncia-por-un-mayor-impulso-al-deporte-en-mexico\/"},"wordCount":137,"publisher":{"@id":"https:\/\/canal7slp.tv\/2025\/#organization"},"image":{"@id":"https:\/\/canal7slp.tv\/2025\/la-medallista-olimpica-paola-espinosa-se-pronuncia-por-un-mayor-impulso-al-deporte-en-mexico\/#primaryimage"},"thumbnailUrl":"https:\/\/canal7slp.tv\/2025\/wp-content\/uploads\/2025\/03\/Claudio03Paola.jpg","articleSection":["DESTACADAS","LOCALES Y REGIONALES"],"inLanguage":"es"},{"@type":"WebPage","@id":"https:\/\/canal7slp.tv\/2025\/la-medallista-olimpica-paola-espinosa-se-pronuncia-por-un-mayor-impulso-al-deporte-en-mexico\/","url":"https:\/\/canal7slp.tv\/2025\/la-medallista-olimpica-paola-espinosa-se-pronuncia-por-un-mayor-impulso-al-deporte-en-mexico\/","name":"La medallista ol\u00edmpica Paola Espinosa se pronuncia por un mayor impulso al deporte en M\u00e9xico - Canal 7 SLP - 2025","isPartOf":{"@id":"https:\/\/canal7slp.tv\/2025\/#website"},"primaryImageOfPage":{"@id":"https:\/\/canal7slp.tv\/2025\/la-medallista-olimpica-paola-espinosa-se-pronuncia-por-un-mayor-impulso-al-deporte-en-mexico\/#primaryimage"},"image":{"@id":"https:\/\/canal7slp.tv\/2025\/la-medallista-olimpica-paola-espinosa-se-pronuncia-por-un-mayor-impulso-al-deporte-en-mexico\/#primaryimage"},"thumbnailUrl":"https:\/\/canal7slp.tv\/2025\/wp-content\/uploads\/2025\/03\/Claudio03Paola.jpg","datePublished":"2025-03-04T01:02:15+00:00","breadcrumb":{"@id":"https:\/\/canal7slp.tv\/2025\/la-medallista-olimpica-paola-espinosa-se-pronuncia-por-un-mayor-impulso-al-deporte-en-mexico\/#breadcrumb"},"inLanguage":"es","potentialAction":[{"@type":"ReadAction","target":["https:\/\/canal7slp.tv\/2025\/la-medallista-olimpica-paola-espinosa-se-pronuncia-por-un-mayor-impulso-al-deporte-en-mexico\/"]}]},{"@type":"ImageObject","inLanguage":"es","@id":"https:\/\/canal7slp.tv\/2025\/la-medallista-olimpica-paola-espinosa-se-pronuncia-por-un-mayor-impulso-al-deporte-en-mexico\/#primaryimage","url":"https:\/\/canal7slp.tv\/2025\/wp-content\/uploads\/2025\/03\/Claudio03Paola.jpg","contentUrl":"https:\/\/canal7slp.tv\/2025\/wp-content\/uploads\/2025\/03\/Claudio03Paola.jpg","width":1280,"height":720},{"@type":"BreadcrumbList","@id":"https:\/\/canal7slp.tv\/2025\/la-medallista-olimpica-paola-espinosa-se-pronuncia-por-un-mayor-impulso-al-deporte-en-mexico\/#breadcrumb","itemListElement":[{"@type":"ListItem","position":1,"name":"Portada","item":"https:\/\/canal7slp.tv\/2025\/"},{"@type":"ListItem","position":2,"name":"La medallista ol\u00edmpica Paola Espinosa se pronuncia por un mayor impulso al deporte en M\u00e9xico"}]},{"@type":"WebSite","@id":"https:\/\/canal7slp.tv\/2025\/#website","url":"https:\/\/canal7slp.tv\/2025\/","name":"N7 - Noticieros Canal 7","description":"Somos el Medio","publisher":{"@id":"https:\/\/canal7slp.tv\/2025\/#organization"},"potentialAction":[{"@type":"SearchAction","target":{"@type":"EntryPoint","urlTemplate":"https:\/\/canal7slp.tv\/2025\/?s={search_term_string}"},"query-input":{"@type":"PropertyValueSpecification","valueRequired":true,"valueName":"search_term_string"}}],"inLanguage":"es"},{"@type":"Organization","@id":"https:\/\/canal7slp.tv\/2025\/#organization","name":"Noticieros Canal 7","url":"https:\/\/canal7slp.tv\/2025\/","logo":{"@type":"ImageObject","inLanguage":"es","@id":"https:\/\/canal7slp.tv\/2025\/#\/schema\/logo\/image\/","url":"https:\/\/canal7slp.tv\/2025\/wp-content\/uploads\/2021\/01\/logo-noticieros@2x.png","contentUrl":"https:\/\/canal7slp.tv\/2025\/wp-content\/uploads\/2021\/01\/logo-noticieros@2x.png","width":1017,"height":268,"caption":"Noticieros Canal 7"},"image":{"@id":"https:\/\/canal7slp.tv\/2025\/#\/schema\/logo\/image\/"},"sameAs":["https:\/\/www.facebook.com\/noticieroscanal7atencionciudadana\/","https:\/\/x.com\/NOTICIEROS7","https:\/\/www.instagram.com\/canal7_slp","https:\/\/www.youtube.com\/channel\/UCliiYs-gP3JfJeqdPrNdd5A"]},{"@type":"Person","@id":"https:\/\/canal7slp.tv\/2025\/#\/schema\/person\/271e2b60a96e7cc9d9ac296f4d7e414b","name":"Edici\u00f3n Web","image":{"@type":"ImageObject","inLanguage":"es","@id":"https:\/\/secure.gravatar.com\/avatar\/eee448fc3f7164808013b816ba91ac7e43bbe82a70bebac296f8bc6f0addaa1a?s=96&d=mm&r=g","url":"https:\/\/secure.gravatar.com\/avatar\/eee448fc3f7164808013b816ba91ac7e43bbe82a70bebac296f8bc6f0addaa1a?s=96&d=mm&r=g","contentUrl":"https:\/\/secure.gravatar.com\/avatar\/eee448fc3f7164808013b816ba91ac7e43bbe82a70bebac296f8bc6f0addaa1a?s=96&d=mm&r=g","caption":"Edici\u00f3n Web"},"url":"https:\/\/canal7slp.tv\/2025\/author\/edicionweb\/"}]}},"_links":{"self":[{"href":"https:\/\/canal7slp.tv\/2025\/wp-json\/wp\/v2\/posts\/159836","targetHints":{"allow":["GET"]}}],"collection":[{"href":"https:\/\/canal7slp.tv\/2025\/wp-json\/wp\/v2\/posts"}],"about":[{"href":"https:\/\/canal7slp.tv\/2025\/wp-json\/wp\/v2\/types\/post"}],"author":[{"embeddable":true,"href":"https:\/\/canal7slp.tv\/2025\/wp-json\/wp\/v2\/users\/2"}],"replies":[{"embeddable":true,"href":"https:\/\/canal7slp.tv\/2025\/wp-json\/wp\/v2\/comments?post=159836"}],"version-history":[{"count":3,"href":"https:\/\/canal7slp.tv\/2025\/wp-json\/wp\/v2\/posts\/159836\/revisions"}],"predecessor-version":[{"id":159891,"href":"https:\/\/canal7slp.tv\/2025\/wp-json\/wp\/v2\/posts\/159836\/revisions\/159891"}],"wp:featuredmedia":[{"embeddable":true,"href":"https:\/\/canal7slp.tv\/2025\/wp-json\/wp\/v2\/media\/159890"}],"wp:attachment":[{"href":"https:\/\/canal7slp.tv\/2025\/wp-json\/wp\/v2\/media?parent=159836"}],"wp:term":[{"taxonomy":"category","embeddable":true,"href":"https:\/\/canal7slp.tv\/2025\/wp-json\/wp\/v2\/categories?post=159836"},{"taxonomy":"post_tag","embeddable":true,"href":"https:\/\/canal7slp.tv\/2025\/wp-json\/wp\/v2\/tags?post=159836"}],"curies":[{"name":"wp","href":"https:\/\/api.w.org\/{rel}","templated":true}]}}