{"id":159834,"date":"2025-03-03T18:51:19","date_gmt":"2025-03-04T00:51:19","guid":{"rendered":"https:\/\/canal7slp.tv\/2025\/?p=159834"},"modified":"2025-03-03T18:51:19","modified_gmt":"2025-03-04T00:51:19","slug":"imparte-conferencia-la-diputada-y-medallista-olimpica-paola-espinosa","status":"publish","type":"post","link":"https:\/\/canal7slp.tv\/2025\/imparte-conferencia-la-diputada-y-medallista-olimpica-paola-espinosa\/","title":{"rendered":"Imparte conferencia la diputada y medallista ol\u00edmpica Paola Espinosa"},"content":{"rendered":"<p style=\"text-align: justify;\"><span style=\"font-size: 1.21429rem;\">SLP.- La diputada federal y medallista ol\u00edmpica Paola Espinosa S\u00e1nchez imparti\u00f3 una conferencia con mujeres empresarias previo a la conmemoraci\u00f3n del D\u00eda Internacional de la Mujer, el pr\u00f3ximo 8 de Marzo.<\/span><\/p>\n<p style=\"text-align: justify;\">Al mostrar su primera medalla ol\u00edmpica afirm\u00f3 que la tenacidad y el trabajo constante son las \u00fanicas claves para el \u00e9xito.<\/p>\n<p style=\"text-align: justify;\">Medallista de plata en los Juegos Ol\u00edmpicos de Londres en 2012 la clavadista mexicana present\u00f3 su experiencia de vida y esfuerzos, para alcanzar sus objetivos.<\/p>\n<p style=\"text-align: justify;\">Afirm\u00f3 que obtener las medallas ol\u00edmpicas de bronce y plata en 2008 y 2012 respectivamente ha sido para ella la m\u00e1s grande emoci\u00f3n que ha sentido en su vida, al reiterar que aplicar el m\u00e1ximo esfuerzo es b\u00e1sico para alcanzar las metas en la vida.<\/p>\n<p style=\"text-align: justify;\">La diputada y medallista ol\u00edmpica a fue invitada a impartir esta conferencia por el diputado federal David Azuara, en donde tambi\u00e9n estuvo presente la diputada federal Nubia Castillo.<\/p>\n<p style=\"text-align: justify;\">En su intervenci\u00f3n el legislador potosino habl\u00f3 sobre los temas en la agenda del Congreso de la Uni\u00f3n al calificar de lamentable la desaparici\u00f3n del impuesto DNR eliminado en el sexenio pasado.<\/p>\n<p style=\"text-align: justify;\">Se trata de una contribuci\u00f3n que se aplicaba a los extranjeros que realizaban actividades tur\u00edsticas en M\u00e9xico y que dijo, present\u00f3 una iniciativa para restituir este impuesto que significaban 6 mil millones de pesos.<\/p>\n<p>Por: Claudio Ibarra<\/p>\n","protected":false},"excerpt":{"rendered":"<p>SLP.- La diputada federal y medallista ol\u00edmpica Paola Espinosa S\u00e1nchez imparti\u00f3 una conferencia con mujeres empresarias previo a la conmemoraci\u00f3n del D\u00eda Internacional de la Mujer, el pr\u00f3ximo 8 de Marzo. Al mostrar su primera medalla ol\u00edmpica afirm\u00f3 que la tenacidad y el trabajo constante son las \u00fanicas claves para el \u00e9xito. Medallista de plata en los Juegos Ol\u00edmpicos de Londres en 2012 la clavadista mexicana present\u00f3 su experiencia de vida y esfuerzos, para alcanzar sus objetivos. Afirm\u00f3 que obtener las medallas ol\u00edmpicas de bronce y plata en 2008 y 2012 respectivamente ha sido para ella la m\u00e1s grande emoci\u00f3n [&hellip;]<\/p>\n","protected":false},"author":2,"featured_media":159884,"comment_status":"closed","ping_status":"closed","sticky":false,"template":"","format":"video","meta":{"_monsterinsights_skip_tracking":false,"_monsterinsights_sitenote_active":false,"_monsterinsights_sitenote_note":"","_monsterinsights_sitenote_category":0,"footnotes":""},"categories":[5,45],"tags":[],"class_list":["post-159834","post","type-post","status-publish","format-video","has-post-thumbnail","hentry","category-destacadas","category-localesyregionales","post_format-post-format-video","post--single"],"yoast_head":"<!-- This site is optimized with the Yoast SEO plugin v27.4 - https:\/\/yoast.com\/product\/yoast-seo-wordpress\/ -->\n<title>Imparte conferencia la diputada y medallista ol\u00edmpica Paola Espinosa - Canal 7 SLP - 2025<\/title>\n<meta name=\"robots\" content=\"index, follow, max-snippet:-1, max-image-preview:large, max-video-preview:-1\" \/>\n<link rel=\"canonical\" href=\"https:\/\/canal7slp.tv\/2025\/imparte-conferencia-la-diputada-y-medallista-olimpica-paola-espinosa\/\" \/>\n<meta property=\"og:locale\" content=\"es_ES\" \/>\n<meta property=\"og:type\" content=\"article\" \/>\n<meta property=\"og:title\" content=\"Imparte conferencia la diputada y medallista ol\u00edmpica Paola Espinosa - Canal 7 SLP - 2025\" \/>\n<meta property=\"og:description\" content=\"SLP.- La diputada federal y medallista ol\u00edmpica Paola Espinosa S\u00e1nchez imparti\u00f3 una conferencia con mujeres empresarias previo a la conmemoraci\u00f3n del D\u00eda Internacional de la Mujer, el pr\u00f3ximo 8 de Marzo. Al mostrar su primera medalla ol\u00edmpica afirm\u00f3 que la tenacidad y el trabajo constante son las \u00fanicas claves para el \u00e9xito. Medallista de plata en los Juegos Ol\u00edmpicos de Londres en 2012 la clavadista mexicana present\u00f3 su experiencia de vida y esfuerzos, para alcanzar sus objetivos. Afirm\u00f3 que obtener las medallas ol\u00edmpicas de bronce y plata en 2008 y 2012 respectivamente ha sido para ella la m\u00e1s grande emoci\u00f3n [&hellip;]\" \/>\n<meta property=\"og:url\" content=\"https:\/\/canal7slp.tv\/2025\/imparte-conferencia-la-diputada-y-medallista-olimpica-paola-espinosa\/\" \/>\n<meta property=\"og:site_name\" content=\"Canal 7 SLP - 2025\" \/>\n<meta property=\"article:publisher\" content=\"https:\/\/www.facebook.com\/noticieroscanal7atencionciudadana\/\" \/>\n<meta property=\"article:published_time\" content=\"2025-03-04T00:51:19+00:00\" \/>\n<meta property=\"og:image\" content=\"https:\/\/canal7slp.tv\/2025\/wp-content\/uploads\/2025\/03\/Claudio01Trayectoria.jpg\" \/>\n\t<meta property=\"og:image:width\" content=\"1280\" \/>\n\t<meta property=\"og:image:height\" content=\"720\" \/>\n\t<meta property=\"og:image:type\" content=\"image\/jpeg\" \/>\n<meta name=\"author\" content=\"Edici\u00f3n Web\" \/>\n<meta name=\"twitter:card\" content=\"summary_large_image\" \/>\n<meta name=\"twitter:creator\" content=\"@NOTICIEROS7\" \/>\n<meta name=\"twitter:site\" content=\"@NOTICIEROS7\" \/>\n<meta name=\"twitter:label1\" content=\"Escrito por\" \/>\n\t<meta name=\"twitter:data1\" content=\"Edici\u00f3n Web\" \/>\n\t<meta name=\"twitter:label2\" content=\"Tiempo de lectura\" \/>\n\t<meta name=\"twitter:data2\" content=\"2 minutos\" \/>\n<script type=\"application\/ld+json\" class=\"yoast-schema-graph\">{\"@context\":\"https:\\\/\\\/schema.org\",\"@graph\":[{\"@type\":\"Article\",\"@id\":\"https:\\\/\\\/canal7slp.tv\\\/2025\\\/imparte-conferencia-la-diputada-y-medallista-olimpica-paola-espinosa\\\/#article\",\"isPartOf\":{\"@id\":\"https:\\\/\\\/canal7slp.tv\\\/2025\\\/imparte-conferencia-la-diputada-y-medallista-olimpica-paola-espinosa\\\/\"},\"author\":{\"name\":\"Edici\u00f3n Web\",\"@id\":\"https:\\\/\\\/canal7slp.tv\\\/2025\\\/#\\\/schema\\\/person\\\/271e2b60a96e7cc9d9ac296f4d7e414b\"},\"headline\":\"Imparte conferencia la diputada y medallista ol\u00edmpica Paola Espinosa\",\"datePublished\":\"2025-03-04T00:51:19+00:00\",\"mainEntityOfPage\":{\"@id\":\"https:\\\/\\\/canal7slp.tv\\\/2025\\\/imparte-conferencia-la-diputada-y-medallista-olimpica-paola-espinosa\\\/\"},\"wordCount\":245,\"publisher\":{\"@id\":\"https:\\\/\\\/canal7slp.tv\\\/2025\\\/#organization\"},\"image\":{\"@id\":\"https:\\\/\\\/canal7slp.tv\\\/2025\\\/imparte-conferencia-la-diputada-y-medallista-olimpica-paola-espinosa\\\/#primaryimage\"},\"thumbnailUrl\":\"https:\\\/\\\/canal7slp.tv\\\/2025\\\/wp-content\\\/uploads\\\/2025\\\/03\\\/Claudio01Trayectoria.jpg\",\"articleSection\":[\"DESTACADAS\",\"LOCALES Y REGIONALES\"],\"inLanguage\":\"es\"},{\"@type\":\"WebPage\",\"@id\":\"https:\\\/\\\/canal7slp.tv\\\/2025\\\/imparte-conferencia-la-diputada-y-medallista-olimpica-paola-espinosa\\\/\",\"url\":\"https:\\\/\\\/canal7slp.tv\\\/2025\\\/imparte-conferencia-la-diputada-y-medallista-olimpica-paola-espinosa\\\/\",\"name\":\"Imparte conferencia la diputada y medallista ol\u00edmpica Paola Espinosa - Canal 7 SLP - 2025\",\"isPartOf\":{\"@id\":\"https:\\\/\\\/canal7slp.tv\\\/2025\\\/#website\"},\"primaryImageOfPage\":{\"@id\":\"https:\\\/\\\/canal7slp.tv\\\/2025\\\/imparte-conferencia-la-diputada-y-medallista-olimpica-paola-espinosa\\\/#primaryimage\"},\"image\":{\"@id\":\"https:\\\/\\\/canal7slp.tv\\\/2025\\\/imparte-conferencia-la-diputada-y-medallista-olimpica-paola-espinosa\\\/#primaryimage\"},\"thumbnailUrl\":\"https:\\\/\\\/canal7slp.tv\\\/2025\\\/wp-content\\\/uploads\\\/2025\\\/03\\\/Claudio01Trayectoria.jpg\",\"datePublished\":\"2025-03-04T00:51:19+00:00\",\"breadcrumb\":{\"@id\":\"https:\\\/\\\/canal7slp.tv\\\/2025\\\/imparte-conferencia-la-diputada-y-medallista-olimpica-paola-espinosa\\\/#breadcrumb\"},\"inLanguage\":\"es\",\"potentialAction\":[{\"@type\":\"ReadAction\",\"target\":[\"https:\\\/\\\/canal7slp.tv\\\/2025\\\/imparte-conferencia-la-diputada-y-medallista-olimpica-paola-espinosa\\\/\"]}]},{\"@type\":\"ImageObject\",\"inLanguage\":\"es\",\"@id\":\"https:\\\/\\\/canal7slp.tv\\\/2025\\\/imparte-conferencia-la-diputada-y-medallista-olimpica-paola-espinosa\\\/#primaryimage\",\"url\":\"https:\\\/\\\/canal7slp.tv\\\/2025\\\/wp-content\\\/uploads\\\/2025\\\/03\\\/Claudio01Trayectoria.jpg\",\"contentUrl\":\"https:\\\/\\\/canal7slp.tv\\\/2025\\\/wp-content\\\/uploads\\\/2025\\\/03\\\/Claudio01Trayectoria.jpg\",\"width\":1280,\"height\":720},{\"@type\":\"BreadcrumbList\",\"@id\":\"https:\\\/\\\/canal7slp.tv\\\/2025\\\/imparte-conferencia-la-diputada-y-medallista-olimpica-paola-espinosa\\\/#breadcrumb\",\"itemListElement\":[{\"@type\":\"ListItem\",\"position\":1,\"name\":\"Portada\",\"item\":\"https:\\\/\\\/canal7slp.tv\\\/2025\\\/\"},{\"@type\":\"ListItem\",\"position\":2,\"name\":\"Imparte conferencia la diputada y medallista ol\u00edmpica Paola Espinosa\"}]},{\"@type\":\"WebSite\",\"@id\":\"https:\\\/\\\/canal7slp.tv\\\/2025\\\/#website\",\"url\":\"https:\\\/\\\/canal7slp.tv\\\/2025\\\/\",\"name\":\"N7 - Noticieros Canal 7\",\"description\":\"Somos el Medio\",\"publisher\":{\"@id\":\"https:\\\/\\\/canal7slp.tv\\\/2025\\\/#organization\"},\"potentialAction\":[{\"@type\":\"SearchAction\",\"target\":{\"@type\":\"EntryPoint\",\"urlTemplate\":\"https:\\\/\\\/canal7slp.tv\\\/2025\\\/?s={search_term_string}\"},\"query-input\":{\"@type\":\"PropertyValueSpecification\",\"valueRequired\":true,\"valueName\":\"search_term_string\"}}],\"inLanguage\":\"es\"},{\"@type\":\"Organization\",\"@id\":\"https:\\\/\\\/canal7slp.tv\\\/2025\\\/#organization\",\"name\":\"Noticieros Canal 7\",\"url\":\"https:\\\/\\\/canal7slp.tv\\\/2025\\\/\",\"logo\":{\"@type\":\"ImageObject\",\"inLanguage\":\"es\",\"@id\":\"https:\\\/\\\/canal7slp.tv\\\/2025\\\/#\\\/schema\\\/logo\\\/image\\\/\",\"url\":\"https:\\\/\\\/canal7slp.tv\\\/2025\\\/wp-content\\\/uploads\\\/2021\\\/01\\\/logo-noticieros@2x.png\",\"contentUrl\":\"https:\\\/\\\/canal7slp.tv\\\/2025\\\/wp-content\\\/uploads\\\/2021\\\/01\\\/logo-noticieros@2x.png\",\"width\":1017,\"height\":268,\"caption\":\"Noticieros Canal 7\"},\"image\":{\"@id\":\"https:\\\/\\\/canal7slp.tv\\\/2025\\\/#\\\/schema\\\/logo\\\/image\\\/\"},\"sameAs\":[\"https:\\\/\\\/www.facebook.com\\\/noticieroscanal7atencionciudadana\\\/\",\"https:\\\/\\\/x.com\\\/NOTICIEROS7\",\"https:\\\/\\\/www.instagram.com\\\/canal7_slp\",\"https:\\\/\\\/www.youtube.com\\\/channel\\\/UCliiYs-gP3JfJeqdPrNdd5A\"]},{\"@type\":\"Person\",\"@id\":\"https:\\\/\\\/canal7slp.tv\\\/2025\\\/#\\\/schema\\\/person\\\/271e2b60a96e7cc9d9ac296f4d7e414b\",\"name\":\"Edici\u00f3n Web\",\"image\":{\"@type\":\"ImageObject\",\"inLanguage\":\"es\",\"@id\":\"https:\\\/\\\/secure.gravatar.com\\\/avatar\\\/eee448fc3f7164808013b816ba91ac7e43bbe82a70bebac296f8bc6f0addaa1a?s=96&d=mm&r=g\",\"url\":\"https:\\\/\\\/secure.gravatar.com\\\/avatar\\\/eee448fc3f7164808013b816ba91ac7e43bbe82a70bebac296f8bc6f0addaa1a?s=96&d=mm&r=g\",\"contentUrl\":\"https:\\\/\\\/secure.gravatar.com\\\/avatar\\\/eee448fc3f7164808013b816ba91ac7e43bbe82a70bebac296f8bc6f0addaa1a?s=96&d=mm&r=g\",\"caption\":\"Edici\u00f3n Web\"},\"url\":\"https:\\\/\\\/canal7slp.tv\\\/2025\\\/author\\\/edicionweb\\\/\"}]}<\/script>\n<!-- \/ Yoast SEO plugin. -->","yoast_head_json":{"title":"Imparte conferencia la diputada y medallista ol\u00edmpica Paola Espinosa - Canal 7 SLP - 2025","robots":{"index":"index","follow":"follow","max-snippet":"max-snippet:-1","max-image-preview":"max-image-preview:large","max-video-preview":"max-video-preview:-1"},"canonical":"https:\/\/canal7slp.tv\/2025\/imparte-conferencia-la-diputada-y-medallista-olimpica-paola-espinosa\/","og_locale":"es_ES","og_type":"article","og_title":"Imparte conferencia la diputada y medallista ol\u00edmpica Paola Espinosa - Canal 7 SLP - 2025","og_description":"SLP.- La diputada federal y medallista ol\u00edmpica Paola Espinosa S\u00e1nchez imparti\u00f3 una conferencia con mujeres empresarias previo a la conmemoraci\u00f3n del D\u00eda Internacional de la Mujer, el pr\u00f3ximo 8 de Marzo. Al mostrar su primera medalla ol\u00edmpica afirm\u00f3 que la tenacidad y el trabajo constante son las \u00fanicas claves para el \u00e9xito. Medallista de plata en los Juegos Ol\u00edmpicos de Londres en 2012 la clavadista mexicana present\u00f3 su experiencia de vida y esfuerzos, para alcanzar sus objetivos. Afirm\u00f3 que obtener las medallas ol\u00edmpicas de bronce y plata en 2008 y 2012 respectivamente ha sido para ella la m\u00e1s grande emoci\u00f3n [&hellip;]","og_url":"https:\/\/canal7slp.tv\/2025\/imparte-conferencia-la-diputada-y-medallista-olimpica-paola-espinosa\/","og_site_name":"Canal 7 SLP - 2025","article_publisher":"https:\/\/www.facebook.com\/noticieroscanal7atencionciudadana\/","article_published_time":"2025-03-04T00:51:19+00:00","og_image":[{"width":1280,"height":720,"url":"https:\/\/canal7slp.tv\/2025\/wp-content\/uploads\/2025\/03\/Claudio01Trayectoria.jpg","type":"image\/jpeg"}],"author":"Edici\u00f3n Web","twitter_card":"summary_large_image","twitter_creator":"@NOTICIEROS7","twitter_site":"@NOTICIEROS7","twitter_misc":{"Escrito por":"Edici\u00f3n Web","Tiempo de lectura":"2 minutos"},"schema":{"@context":"https:\/\/schema.org","@graph":[{"@type":"Article","@id":"https:\/\/canal7slp.tv\/2025\/imparte-conferencia-la-diputada-y-medallista-olimpica-paola-espinosa\/#article","isPartOf":{"@id":"https:\/\/canal7slp.tv\/2025\/imparte-conferencia-la-diputada-y-medallista-olimpica-paola-espinosa\/"},"author":{"name":"Edici\u00f3n Web","@id":"https:\/\/canal7slp.tv\/2025\/#\/schema\/person\/271e2b60a96e7cc9d9ac296f4d7e414b"},"headline":"Imparte conferencia la diputada y medallista ol\u00edmpica Paola Espinosa","datePublished":"2025-03-04T00:51:19+00:00","mainEntityOfPage":{"@id":"https:\/\/canal7slp.tv\/2025\/imparte-conferencia-la-diputada-y-medallista-olimpica-paola-espinosa\/"},"wordCount":245,"publisher":{"@id":"https:\/\/canal7slp.tv\/2025\/#organization"},"image":{"@id":"https:\/\/canal7slp.tv\/2025\/imparte-conferencia-la-diputada-y-medallista-olimpica-paola-espinosa\/#primaryimage"},"thumbnailUrl":"https:\/\/canal7slp.tv\/2025\/wp-content\/uploads\/2025\/03\/Claudio01Trayectoria.jpg","articleSection":["DESTACADAS","LOCALES Y REGIONALES"],"inLanguage":"es"},{"@type":"WebPage","@id":"https:\/\/canal7slp.tv\/2025\/imparte-conferencia-la-diputada-y-medallista-olimpica-paola-espinosa\/","url":"https:\/\/canal7slp.tv\/2025\/imparte-conferencia-la-diputada-y-medallista-olimpica-paola-espinosa\/","name":"Imparte conferencia la diputada y medallista ol\u00edmpica Paola Espinosa - Canal 7 SLP - 2025","isPartOf":{"@id":"https:\/\/canal7slp.tv\/2025\/#website"},"primaryImageOfPage":{"@id":"https:\/\/canal7slp.tv\/2025\/imparte-conferencia-la-diputada-y-medallista-olimpica-paola-espinosa\/#primaryimage"},"image":{"@id":"https:\/\/canal7slp.tv\/2025\/imparte-conferencia-la-diputada-y-medallista-olimpica-paola-espinosa\/#primaryimage"},"thumbnailUrl":"https:\/\/canal7slp.tv\/2025\/wp-content\/uploads\/2025\/03\/Claudio01Trayectoria.jpg","datePublished":"2025-03-04T00:51:19+00:00","breadcrumb":{"@id":"https:\/\/canal7slp.tv\/2025\/imparte-conferencia-la-diputada-y-medallista-olimpica-paola-espinosa\/#breadcrumb"},"inLanguage":"es","potentialAction":[{"@type":"ReadAction","target":["https:\/\/canal7slp.tv\/2025\/imparte-conferencia-la-diputada-y-medallista-olimpica-paola-espinosa\/"]}]},{"@type":"ImageObject","inLanguage":"es","@id":"https:\/\/canal7slp.tv\/2025\/imparte-conferencia-la-diputada-y-medallista-olimpica-paola-espinosa\/#primaryimage","url":"https:\/\/canal7slp.tv\/2025\/wp-content\/uploads\/2025\/03\/Claudio01Trayectoria.jpg","contentUrl":"https:\/\/canal7slp.tv\/2025\/wp-content\/uploads\/2025\/03\/Claudio01Trayectoria.jpg","width":1280,"height":720},{"@type":"BreadcrumbList","@id":"https:\/\/canal7slp.tv\/2025\/imparte-conferencia-la-diputada-y-medallista-olimpica-paola-espinosa\/#breadcrumb","itemListElement":[{"@type":"ListItem","position":1,"name":"Portada","item":"https:\/\/canal7slp.tv\/2025\/"},{"@type":"ListItem","position":2,"name":"Imparte conferencia la diputada y medallista ol\u00edmpica Paola Espinosa"}]},{"@type":"WebSite","@id":"https:\/\/canal7slp.tv\/2025\/#website","url":"https:\/\/canal7slp.tv\/2025\/","name":"N7 - Noticieros Canal 7","description":"Somos el Medio","publisher":{"@id":"https:\/\/canal7slp.tv\/2025\/#organization"},"potentialAction":[{"@type":"SearchAction","target":{"@type":"EntryPoint","urlTemplate":"https:\/\/canal7slp.tv\/2025\/?s={search_term_string}"},"query-input":{"@type":"PropertyValueSpecification","valueRequired":true,"valueName":"search_term_string"}}],"inLanguage":"es"},{"@type":"Organization","@id":"https:\/\/canal7slp.tv\/2025\/#organization","name":"Noticieros Canal 7","url":"https:\/\/canal7slp.tv\/2025\/","logo":{"@type":"ImageObject","inLanguage":"es","@id":"https:\/\/canal7slp.tv\/2025\/#\/schema\/logo\/image\/","url":"https:\/\/canal7slp.tv\/2025\/wp-content\/uploads\/2021\/01\/logo-noticieros@2x.png","contentUrl":"https:\/\/canal7slp.tv\/2025\/wp-content\/uploads\/2021\/01\/logo-noticieros@2x.png","width":1017,"height":268,"caption":"Noticieros Canal 7"},"image":{"@id":"https:\/\/canal7slp.tv\/2025\/#\/schema\/logo\/image\/"},"sameAs":["https:\/\/www.facebook.com\/noticieroscanal7atencionciudadana\/","https:\/\/x.com\/NOTICIEROS7","https:\/\/www.instagram.com\/canal7_slp","https:\/\/www.youtube.com\/channel\/UCliiYs-gP3JfJeqdPrNdd5A"]},{"@type":"Person","@id":"https:\/\/canal7slp.tv\/2025\/#\/schema\/person\/271e2b60a96e7cc9d9ac296f4d7e414b","name":"Edici\u00f3n Web","image":{"@type":"ImageObject","inLanguage":"es","@id":"https:\/\/secure.gravatar.com\/avatar\/eee448fc3f7164808013b816ba91ac7e43bbe82a70bebac296f8bc6f0addaa1a?s=96&d=mm&r=g","url":"https:\/\/secure.gravatar.com\/avatar\/eee448fc3f7164808013b816ba91ac7e43bbe82a70bebac296f8bc6f0addaa1a?s=96&d=mm&r=g","contentUrl":"https:\/\/secure.gravatar.com\/avatar\/eee448fc3f7164808013b816ba91ac7e43bbe82a70bebac296f8bc6f0addaa1a?s=96&d=mm&r=g","caption":"Edici\u00f3n Web"},"url":"https:\/\/canal7slp.tv\/2025\/author\/edicionweb\/"}]}},"_links":{"self":[{"href":"https:\/\/canal7slp.tv\/2025\/wp-json\/wp\/v2\/posts\/159834","targetHints":{"allow":["GET"]}}],"collection":[{"href":"https:\/\/canal7slp.tv\/2025\/wp-json\/wp\/v2\/posts"}],"about":[{"href":"https:\/\/canal7slp.tv\/2025\/wp-json\/wp\/v2\/types\/post"}],"author":[{"embeddable":true,"href":"https:\/\/canal7slp.tv\/2025\/wp-json\/wp\/v2\/users\/2"}],"replies":[{"embeddable":true,"href":"https:\/\/canal7slp.tv\/2025\/wp-json\/wp\/v2\/comments?post=159834"}],"version-history":[{"count":3,"href":"https:\/\/canal7slp.tv\/2025\/wp-json\/wp\/v2\/posts\/159834\/revisions"}],"predecessor-version":[{"id":159885,"href":"https:\/\/canal7slp.tv\/2025\/wp-json\/wp\/v2\/posts\/159834\/revisions\/159885"}],"wp:featuredmedia":[{"embeddable":true,"href":"https:\/\/canal7slp.tv\/2025\/wp-json\/wp\/v2\/media\/159884"}],"wp:attachment":[{"href":"https:\/\/canal7slp.tv\/2025\/wp-json\/wp\/v2\/media?parent=159834"}],"wp:term":[{"taxonomy":"category","embeddable":true,"href":"https:\/\/canal7slp.tv\/2025\/wp-json\/wp\/v2\/categories?post=159834"},{"taxonomy":"post_tag","embeddable":true,"href":"https:\/\/canal7slp.tv\/2025\/wp-json\/wp\/v2\/tags?post=159834"}],"curies":[{"name":"wp","href":"https:\/\/api.w.org\/{rel}","templated":true}]}}