{"id":159833,"date":"2025-03-03T16:48:49","date_gmt":"2025-03-03T22:48:49","guid":{"rendered":"https:\/\/canal7slp.tv\/2025\/?p=159833"},"modified":"2025-03-03T16:48:49","modified_gmt":"2025-03-03T22:48:49","slug":"ayuntamiento-de-slp-cambiara-parquimetros-de-la-capital","status":"publish","type":"post","link":"https:\/\/canal7slp.tv\/2025\/ayuntamiento-de-slp-cambiara-parquimetros-de-la-capital\/","title":{"rendered":"Ayuntamiento de SLP cambiar\u00e1 parqu\u00edmetros de la capital"},"content":{"rendered":"<p style=\"text-align: justify;\"><span style=\"font-size: 1.21429rem;\">SLP.- Los aparatos usados como parte del sistema de parqu\u00edmetros en San Luis Potos\u00ed han quedado obsoletos por lo que se buscar\u00e1 cambiarlos, as\u00ed lo hizo saber el alcalde Enrique Galindo Ceballos.<\/span><\/p>\n<p style=\"text-align: justify;\">\u201cVamos a cambiar de tecnolog\u00eda, son muy viejos, as\u00ed como no hab\u00eda aumentado la tarifa, tampoco se hab\u00edan modernizado los equipos, estamos ya explorando cu\u00e1l es la mejor tecnolog\u00eda, hoy hay tecnolog\u00eda que incluso no necesitan aparatos, pueden hacer todo por celular (\u2026) estamos explorando cu\u00e1l ser\u00eda la mejor, cu\u00e1l ser\u00eda la m\u00e1s transparente y cu\u00e1l ser\u00eda la de mejor beneficio para los ciudadanos, yo creo que eso es lo importante\u201d.<\/p>\n<p style=\"text-align: justify;\">Cuestionado en el destino de los fondos recaudados por parqu\u00edmetros, el edil acept\u00f3 que las causas se han perdido.<\/p>\n<p style=\"text-align: justify;\">\u201cHace mucho se perdi\u00f3 ese mecanismo de distribuci\u00f3n de lo recaudado por los parqu\u00edmetros, \u00bfpor qu\u00e9?, porque todo entra a una cuenta, a la recaudaci\u00f3n y de ah\u00ed se ejerce\u201d.<\/p>\n<p style=\"text-align: justify;\">Sin embargo, asever\u00f3 que no se desatienden las obligaciones.<\/p>\n<p style=\"text-align: justify;\">\u201cLos compromisos, ustedes lo saben es el de los bomberos, no me alcanzar\u00eda incluso lo de los parqu\u00edmetros para lo de los bomberos, nosotros cumplimos con lo de los bomberos y lo dem\u00e1s se va a obra a todas las acciones y obras que estamos haciendo en la ciudad\u201d.<\/p>\n<p style=\"text-align: justify;\">Descart\u00f3 una ampliaci\u00f3n de la red de parqu\u00edmetros como parte de la renovaci\u00f3n que se podr\u00eda dar.<\/p>\n<p>Por: Juan Carlos Contreras<\/p>\n","protected":false},"excerpt":{"rendered":"<p>SLP.- Los aparatos usados como parte del sistema de parqu\u00edmetros en San Luis Potos\u00ed han quedado obsoletos por lo que se buscar\u00e1 cambiarlos, as\u00ed lo hizo saber el alcalde Enrique Galindo Ceballos. \u201cVamos a cambiar de tecnolog\u00eda, son muy viejos, as\u00ed como no hab\u00eda aumentado la tarifa, tampoco se hab\u00edan modernizado los equipos, estamos ya explorando cu\u00e1l es la mejor tecnolog\u00eda, hoy hay tecnolog\u00eda que incluso no necesitan aparatos, pueden hacer todo por celular (\u2026) estamos explorando cu\u00e1l ser\u00eda la mejor, cu\u00e1l ser\u00eda la m\u00e1s transparente y cu\u00e1l ser\u00eda la de mejor beneficio para los ciudadanos, yo creo que eso [&hellip;]<\/p>\n","protected":false},"author":2,"featured_media":159861,"comment_status":"closed","ping_status":"closed","sticky":false,"template":"","format":"video","meta":{"_monsterinsights_skip_tracking":false,"_monsterinsights_sitenote_active":false,"_monsterinsights_sitenote_note":"","_monsterinsights_sitenote_category":0,"footnotes":""},"categories":[66,5,45],"tags":[],"class_list":["post-159833","post","type-post","status-publish","format-video","has-post-thumbnail","hentry","category-ayoslp","category-destacadas","category-localesyregionales","post_format-post-format-video","post--single"],"yoast_head":"<!-- This site is optimized with the Yoast SEO plugin v27.5 - https:\/\/yoast.com\/product\/yoast-seo-wordpress\/ -->\n<title>Ayuntamiento de SLP cambiar\u00e1 parqu\u00edmetros de la capital - Canal 7 SLP - 2025<\/title>\n<meta name=\"robots\" content=\"index, follow, max-snippet:-1, max-image-preview:large, max-video-preview:-1\" \/>\n<link rel=\"canonical\" href=\"https:\/\/canal7slp.tv\/2025\/ayuntamiento-de-slp-cambiara-parquimetros-de-la-capital\/\" \/>\n<meta property=\"og:locale\" content=\"es_ES\" \/>\n<meta property=\"og:type\" content=\"article\" \/>\n<meta property=\"og:title\" content=\"Ayuntamiento de SLP cambiar\u00e1 parqu\u00edmetros de la capital - Canal 7 SLP - 2025\" \/>\n<meta property=\"og:description\" content=\"SLP.- Los aparatos usados como parte del sistema de parqu\u00edmetros en San Luis Potos\u00ed han quedado obsoletos por lo que se buscar\u00e1 cambiarlos, as\u00ed lo hizo saber el alcalde Enrique Galindo Ceballos. \u201cVamos a cambiar de tecnolog\u00eda, son muy viejos, as\u00ed como no hab\u00eda aumentado la tarifa, tampoco se hab\u00edan modernizado los equipos, estamos ya explorando cu\u00e1l es la mejor tecnolog\u00eda, hoy hay tecnolog\u00eda que incluso no necesitan aparatos, pueden hacer todo por celular (\u2026) estamos explorando cu\u00e1l ser\u00eda la mejor, cu\u00e1l ser\u00eda la m\u00e1s transparente y cu\u00e1l ser\u00eda la de mejor beneficio para los ciudadanos, yo creo que eso [&hellip;]\" \/>\n<meta property=\"og:url\" content=\"https:\/\/canal7slp.tv\/2025\/ayuntamiento-de-slp-cambiara-parquimetros-de-la-capital\/\" \/>\n<meta property=\"og:site_name\" content=\"Canal 7 SLP - 2025\" \/>\n<meta property=\"article:publisher\" content=\"https:\/\/www.facebook.com\/noticieroscanal7atencionciudadana\/\" \/>\n<meta property=\"article:published_time\" content=\"2025-03-03T22:48:49+00:00\" \/>\n<meta property=\"og:image\" content=\"https:\/\/canal7slp.tv\/2025\/wp-content\/uploads\/2025\/03\/Poky05ParquimetrosCapital.jpg\" \/>\n\t<meta property=\"og:image:width\" content=\"1280\" \/>\n\t<meta property=\"og:image:height\" content=\"720\" \/>\n\t<meta property=\"og:image:type\" content=\"image\/jpeg\" \/>\n<meta name=\"author\" content=\"Edici\u00f3n Web\" \/>\n<meta name=\"twitter:card\" content=\"summary_large_image\" \/>\n<meta name=\"twitter:creator\" content=\"@NOTICIEROS7\" \/>\n<meta name=\"twitter:site\" content=\"@NOTICIEROS7\" \/>\n<meta name=\"twitter:label1\" content=\"Escrito por\" \/>\n\t<meta name=\"twitter:data1\" content=\"Edici\u00f3n Web\" \/>\n\t<meta name=\"twitter:label2\" content=\"Tiempo de lectura\" \/>\n\t<meta name=\"twitter:data2\" content=\"2 minutos\" \/>\n<script type=\"application\/ld+json\" class=\"yoast-schema-graph\">{\"@context\":\"https:\\\/\\\/schema.org\",\"@graph\":[{\"@type\":\"Article\",\"@id\":\"https:\\\/\\\/canal7slp.tv\\\/2025\\\/ayuntamiento-de-slp-cambiara-parquimetros-de-la-capital\\\/#article\",\"isPartOf\":{\"@id\":\"https:\\\/\\\/canal7slp.tv\\\/2025\\\/ayuntamiento-de-slp-cambiara-parquimetros-de-la-capital\\\/\"},\"author\":{\"name\":\"Edici\u00f3n Web\",\"@id\":\"https:\\\/\\\/canal7slp.tv\\\/2025\\\/#\\\/schema\\\/person\\\/271e2b60a96e7cc9d9ac296f4d7e414b\"},\"headline\":\"Ayuntamiento de SLP cambiar\u00e1 parqu\u00edmetros de la capital\",\"datePublished\":\"2025-03-03T22:48:49+00:00\",\"mainEntityOfPage\":{\"@id\":\"https:\\\/\\\/canal7slp.tv\\\/2025\\\/ayuntamiento-de-slp-cambiara-parquimetros-de-la-capital\\\/\"},\"wordCount\":265,\"publisher\":{\"@id\":\"https:\\\/\\\/canal7slp.tv\\\/2025\\\/#organization\"},\"image\":{\"@id\":\"https:\\\/\\\/canal7slp.tv\\\/2025\\\/ayuntamiento-de-slp-cambiara-parquimetros-de-la-capital\\\/#primaryimage\"},\"thumbnailUrl\":\"https:\\\/\\\/canal7slp.tv\\\/2025\\\/wp-content\\\/uploads\\\/2025\\\/03\\\/Poky05ParquimetrosCapital.jpg\",\"articleSection\":[\"AYOSLP\",\"DESTACADAS\",\"LOCALES Y REGIONALES\"],\"inLanguage\":\"es\"},{\"@type\":\"WebPage\",\"@id\":\"https:\\\/\\\/canal7slp.tv\\\/2025\\\/ayuntamiento-de-slp-cambiara-parquimetros-de-la-capital\\\/\",\"url\":\"https:\\\/\\\/canal7slp.tv\\\/2025\\\/ayuntamiento-de-slp-cambiara-parquimetros-de-la-capital\\\/\",\"name\":\"Ayuntamiento de SLP cambiar\u00e1 parqu\u00edmetros de la capital - Canal 7 SLP - 2025\",\"isPartOf\":{\"@id\":\"https:\\\/\\\/canal7slp.tv\\\/2025\\\/#website\"},\"primaryImageOfPage\":{\"@id\":\"https:\\\/\\\/canal7slp.tv\\\/2025\\\/ayuntamiento-de-slp-cambiara-parquimetros-de-la-capital\\\/#primaryimage\"},\"image\":{\"@id\":\"https:\\\/\\\/canal7slp.tv\\\/2025\\\/ayuntamiento-de-slp-cambiara-parquimetros-de-la-capital\\\/#primaryimage\"},\"thumbnailUrl\":\"https:\\\/\\\/canal7slp.tv\\\/2025\\\/wp-content\\\/uploads\\\/2025\\\/03\\\/Poky05ParquimetrosCapital.jpg\",\"datePublished\":\"2025-03-03T22:48:49+00:00\",\"breadcrumb\":{\"@id\":\"https:\\\/\\\/canal7slp.tv\\\/2025\\\/ayuntamiento-de-slp-cambiara-parquimetros-de-la-capital\\\/#breadcrumb\"},\"inLanguage\":\"es\",\"potentialAction\":[{\"@type\":\"ReadAction\",\"target\":[\"https:\\\/\\\/canal7slp.tv\\\/2025\\\/ayuntamiento-de-slp-cambiara-parquimetros-de-la-capital\\\/\"]}]},{\"@type\":\"ImageObject\",\"inLanguage\":\"es\",\"@id\":\"https:\\\/\\\/canal7slp.tv\\\/2025\\\/ayuntamiento-de-slp-cambiara-parquimetros-de-la-capital\\\/#primaryimage\",\"url\":\"https:\\\/\\\/canal7slp.tv\\\/2025\\\/wp-content\\\/uploads\\\/2025\\\/03\\\/Poky05ParquimetrosCapital.jpg\",\"contentUrl\":\"https:\\\/\\\/canal7slp.tv\\\/2025\\\/wp-content\\\/uploads\\\/2025\\\/03\\\/Poky05ParquimetrosCapital.jpg\",\"width\":1280,\"height\":720},{\"@type\":\"BreadcrumbList\",\"@id\":\"https:\\\/\\\/canal7slp.tv\\\/2025\\\/ayuntamiento-de-slp-cambiara-parquimetros-de-la-capital\\\/#breadcrumb\",\"itemListElement\":[{\"@type\":\"ListItem\",\"position\":1,\"name\":\"Portada\",\"item\":\"https:\\\/\\\/canal7slp.tv\\\/2025\\\/\"},{\"@type\":\"ListItem\",\"position\":2,\"name\":\"Ayuntamiento de SLP cambiar\u00e1 parqu\u00edmetros de la capital\"}]},{\"@type\":\"WebSite\",\"@id\":\"https:\\\/\\\/canal7slp.tv\\\/2025\\\/#website\",\"url\":\"https:\\\/\\\/canal7slp.tv\\\/2025\\\/\",\"name\":\"N7 - Noticieros Canal 7\",\"description\":\"Somos el Medio\",\"publisher\":{\"@id\":\"https:\\\/\\\/canal7slp.tv\\\/2025\\\/#organization\"},\"potentialAction\":[{\"@type\":\"SearchAction\",\"target\":{\"@type\":\"EntryPoint\",\"urlTemplate\":\"https:\\\/\\\/canal7slp.tv\\\/2025\\\/?s={search_term_string}\"},\"query-input\":{\"@type\":\"PropertyValueSpecification\",\"valueRequired\":true,\"valueName\":\"search_term_string\"}}],\"inLanguage\":\"es\"},{\"@type\":\"Organization\",\"@id\":\"https:\\\/\\\/canal7slp.tv\\\/2025\\\/#organization\",\"name\":\"Noticieros Canal 7\",\"url\":\"https:\\\/\\\/canal7slp.tv\\\/2025\\\/\",\"logo\":{\"@type\":\"ImageObject\",\"inLanguage\":\"es\",\"@id\":\"https:\\\/\\\/canal7slp.tv\\\/2025\\\/#\\\/schema\\\/logo\\\/image\\\/\",\"url\":\"https:\\\/\\\/canal7slp.tv\\\/2025\\\/wp-content\\\/uploads\\\/2021\\\/01\\\/logo-noticieros@2x.png\",\"contentUrl\":\"https:\\\/\\\/canal7slp.tv\\\/2025\\\/wp-content\\\/uploads\\\/2021\\\/01\\\/logo-noticieros@2x.png\",\"width\":1017,\"height\":268,\"caption\":\"Noticieros Canal 7\"},\"image\":{\"@id\":\"https:\\\/\\\/canal7slp.tv\\\/2025\\\/#\\\/schema\\\/logo\\\/image\\\/\"},\"sameAs\":[\"https:\\\/\\\/www.facebook.com\\\/noticieroscanal7atencionciudadana\\\/\",\"https:\\\/\\\/x.com\\\/NOTICIEROS7\",\"https:\\\/\\\/www.instagram.com\\\/canal7_slp\",\"https:\\\/\\\/www.youtube.com\\\/channel\\\/UCliiYs-gP3JfJeqdPrNdd5A\"]},{\"@type\":\"Person\",\"@id\":\"https:\\\/\\\/canal7slp.tv\\\/2025\\\/#\\\/schema\\\/person\\\/271e2b60a96e7cc9d9ac296f4d7e414b\",\"name\":\"Edici\u00f3n Web\",\"image\":{\"@type\":\"ImageObject\",\"inLanguage\":\"es\",\"@id\":\"https:\\\/\\\/secure.gravatar.com\\\/avatar\\\/eee448fc3f7164808013b816ba91ac7e43bbe82a70bebac296f8bc6f0addaa1a?s=96&d=mm&r=g\",\"url\":\"https:\\\/\\\/secure.gravatar.com\\\/avatar\\\/eee448fc3f7164808013b816ba91ac7e43bbe82a70bebac296f8bc6f0addaa1a?s=96&d=mm&r=g\",\"contentUrl\":\"https:\\\/\\\/secure.gravatar.com\\\/avatar\\\/eee448fc3f7164808013b816ba91ac7e43bbe82a70bebac296f8bc6f0addaa1a?s=96&d=mm&r=g\",\"caption\":\"Edici\u00f3n Web\"},\"url\":\"https:\\\/\\\/canal7slp.tv\\\/2025\\\/author\\\/edicionweb\\\/\"}]}<\/script>\n<!-- \/ Yoast SEO plugin. -->","yoast_head_json":{"title":"Ayuntamiento de SLP cambiar\u00e1 parqu\u00edmetros de la capital - Canal 7 SLP - 2025","robots":{"index":"index","follow":"follow","max-snippet":"max-snippet:-1","max-image-preview":"max-image-preview:large","max-video-preview":"max-video-preview:-1"},"canonical":"https:\/\/canal7slp.tv\/2025\/ayuntamiento-de-slp-cambiara-parquimetros-de-la-capital\/","og_locale":"es_ES","og_type":"article","og_title":"Ayuntamiento de SLP cambiar\u00e1 parqu\u00edmetros de la capital - Canal 7 SLP - 2025","og_description":"SLP.- Los aparatos usados como parte del sistema de parqu\u00edmetros en San Luis Potos\u00ed han quedado obsoletos por lo que se buscar\u00e1 cambiarlos, as\u00ed lo hizo saber el alcalde Enrique Galindo Ceballos. \u201cVamos a cambiar de tecnolog\u00eda, son muy viejos, as\u00ed como no hab\u00eda aumentado la tarifa, tampoco se hab\u00edan modernizado los equipos, estamos ya explorando cu\u00e1l es la mejor tecnolog\u00eda, hoy hay tecnolog\u00eda que incluso no necesitan aparatos, pueden hacer todo por celular (\u2026) estamos explorando cu\u00e1l ser\u00eda la mejor, cu\u00e1l ser\u00eda la m\u00e1s transparente y cu\u00e1l ser\u00eda la de mejor beneficio para los ciudadanos, yo creo que eso [&hellip;]","og_url":"https:\/\/canal7slp.tv\/2025\/ayuntamiento-de-slp-cambiara-parquimetros-de-la-capital\/","og_site_name":"Canal 7 SLP - 2025","article_publisher":"https:\/\/www.facebook.com\/noticieroscanal7atencionciudadana\/","article_published_time":"2025-03-03T22:48:49+00:00","og_image":[{"width":1280,"height":720,"url":"https:\/\/canal7slp.tv\/2025\/wp-content\/uploads\/2025\/03\/Poky05ParquimetrosCapital.jpg","type":"image\/jpeg"}],"author":"Edici\u00f3n Web","twitter_card":"summary_large_image","twitter_creator":"@NOTICIEROS7","twitter_site":"@NOTICIEROS7","twitter_misc":{"Escrito por":"Edici\u00f3n Web","Tiempo de lectura":"2 minutos"},"schema":{"@context":"https:\/\/schema.org","@graph":[{"@type":"Article","@id":"https:\/\/canal7slp.tv\/2025\/ayuntamiento-de-slp-cambiara-parquimetros-de-la-capital\/#article","isPartOf":{"@id":"https:\/\/canal7slp.tv\/2025\/ayuntamiento-de-slp-cambiara-parquimetros-de-la-capital\/"},"author":{"name":"Edici\u00f3n Web","@id":"https:\/\/canal7slp.tv\/2025\/#\/schema\/person\/271e2b60a96e7cc9d9ac296f4d7e414b"},"headline":"Ayuntamiento de SLP cambiar\u00e1 parqu\u00edmetros de la capital","datePublished":"2025-03-03T22:48:49+00:00","mainEntityOfPage":{"@id":"https:\/\/canal7slp.tv\/2025\/ayuntamiento-de-slp-cambiara-parquimetros-de-la-capital\/"},"wordCount":265,"publisher":{"@id":"https:\/\/canal7slp.tv\/2025\/#organization"},"image":{"@id":"https:\/\/canal7slp.tv\/2025\/ayuntamiento-de-slp-cambiara-parquimetros-de-la-capital\/#primaryimage"},"thumbnailUrl":"https:\/\/canal7slp.tv\/2025\/wp-content\/uploads\/2025\/03\/Poky05ParquimetrosCapital.jpg","articleSection":["AYOSLP","DESTACADAS","LOCALES Y REGIONALES"],"inLanguage":"es"},{"@type":"WebPage","@id":"https:\/\/canal7slp.tv\/2025\/ayuntamiento-de-slp-cambiara-parquimetros-de-la-capital\/","url":"https:\/\/canal7slp.tv\/2025\/ayuntamiento-de-slp-cambiara-parquimetros-de-la-capital\/","name":"Ayuntamiento de SLP cambiar\u00e1 parqu\u00edmetros de la capital - Canal 7 SLP - 2025","isPartOf":{"@id":"https:\/\/canal7slp.tv\/2025\/#website"},"primaryImageOfPage":{"@id":"https:\/\/canal7slp.tv\/2025\/ayuntamiento-de-slp-cambiara-parquimetros-de-la-capital\/#primaryimage"},"image":{"@id":"https:\/\/canal7slp.tv\/2025\/ayuntamiento-de-slp-cambiara-parquimetros-de-la-capital\/#primaryimage"},"thumbnailUrl":"https:\/\/canal7slp.tv\/2025\/wp-content\/uploads\/2025\/03\/Poky05ParquimetrosCapital.jpg","datePublished":"2025-03-03T22:48:49+00:00","breadcrumb":{"@id":"https:\/\/canal7slp.tv\/2025\/ayuntamiento-de-slp-cambiara-parquimetros-de-la-capital\/#breadcrumb"},"inLanguage":"es","potentialAction":[{"@type":"ReadAction","target":["https:\/\/canal7slp.tv\/2025\/ayuntamiento-de-slp-cambiara-parquimetros-de-la-capital\/"]}]},{"@type":"ImageObject","inLanguage":"es","@id":"https:\/\/canal7slp.tv\/2025\/ayuntamiento-de-slp-cambiara-parquimetros-de-la-capital\/#primaryimage","url":"https:\/\/canal7slp.tv\/2025\/wp-content\/uploads\/2025\/03\/Poky05ParquimetrosCapital.jpg","contentUrl":"https:\/\/canal7slp.tv\/2025\/wp-content\/uploads\/2025\/03\/Poky05ParquimetrosCapital.jpg","width":1280,"height":720},{"@type":"BreadcrumbList","@id":"https:\/\/canal7slp.tv\/2025\/ayuntamiento-de-slp-cambiara-parquimetros-de-la-capital\/#breadcrumb","itemListElement":[{"@type":"ListItem","position":1,"name":"Portada","item":"https:\/\/canal7slp.tv\/2025\/"},{"@type":"ListItem","position":2,"name":"Ayuntamiento de SLP cambiar\u00e1 parqu\u00edmetros de la capital"}]},{"@type":"WebSite","@id":"https:\/\/canal7slp.tv\/2025\/#website","url":"https:\/\/canal7slp.tv\/2025\/","name":"N7 - Noticieros Canal 7","description":"Somos el Medio","publisher":{"@id":"https:\/\/canal7slp.tv\/2025\/#organization"},"potentialAction":[{"@type":"SearchAction","target":{"@type":"EntryPoint","urlTemplate":"https:\/\/canal7slp.tv\/2025\/?s={search_term_string}"},"query-input":{"@type":"PropertyValueSpecification","valueRequired":true,"valueName":"search_term_string"}}],"inLanguage":"es"},{"@type":"Organization","@id":"https:\/\/canal7slp.tv\/2025\/#organization","name":"Noticieros Canal 7","url":"https:\/\/canal7slp.tv\/2025\/","logo":{"@type":"ImageObject","inLanguage":"es","@id":"https:\/\/canal7slp.tv\/2025\/#\/schema\/logo\/image\/","url":"https:\/\/canal7slp.tv\/2025\/wp-content\/uploads\/2021\/01\/logo-noticieros@2x.png","contentUrl":"https:\/\/canal7slp.tv\/2025\/wp-content\/uploads\/2021\/01\/logo-noticieros@2x.png","width":1017,"height":268,"caption":"Noticieros Canal 7"},"image":{"@id":"https:\/\/canal7slp.tv\/2025\/#\/schema\/logo\/image\/"},"sameAs":["https:\/\/www.facebook.com\/noticieroscanal7atencionciudadana\/","https:\/\/x.com\/NOTICIEROS7","https:\/\/www.instagram.com\/canal7_slp","https:\/\/www.youtube.com\/channel\/UCliiYs-gP3JfJeqdPrNdd5A"]},{"@type":"Person","@id":"https:\/\/canal7slp.tv\/2025\/#\/schema\/person\/271e2b60a96e7cc9d9ac296f4d7e414b","name":"Edici\u00f3n Web","image":{"@type":"ImageObject","inLanguage":"es","@id":"https:\/\/secure.gravatar.com\/avatar\/eee448fc3f7164808013b816ba91ac7e43bbe82a70bebac296f8bc6f0addaa1a?s=96&d=mm&r=g","url":"https:\/\/secure.gravatar.com\/avatar\/eee448fc3f7164808013b816ba91ac7e43bbe82a70bebac296f8bc6f0addaa1a?s=96&d=mm&r=g","contentUrl":"https:\/\/secure.gravatar.com\/avatar\/eee448fc3f7164808013b816ba91ac7e43bbe82a70bebac296f8bc6f0addaa1a?s=96&d=mm&r=g","caption":"Edici\u00f3n Web"},"url":"https:\/\/canal7slp.tv\/2025\/author\/edicionweb\/"}]}},"_links":{"self":[{"href":"https:\/\/canal7slp.tv\/2025\/wp-json\/wp\/v2\/posts\/159833","targetHints":{"allow":["GET"]}}],"collection":[{"href":"https:\/\/canal7slp.tv\/2025\/wp-json\/wp\/v2\/posts"}],"about":[{"href":"https:\/\/canal7slp.tv\/2025\/wp-json\/wp\/v2\/types\/post"}],"author":[{"embeddable":true,"href":"https:\/\/canal7slp.tv\/2025\/wp-json\/wp\/v2\/users\/2"}],"replies":[{"embeddable":true,"href":"https:\/\/canal7slp.tv\/2025\/wp-json\/wp\/v2\/comments?post=159833"}],"version-history":[{"count":2,"href":"https:\/\/canal7slp.tv\/2025\/wp-json\/wp\/v2\/posts\/159833\/revisions"}],"predecessor-version":[{"id":159862,"href":"https:\/\/canal7slp.tv\/2025\/wp-json\/wp\/v2\/posts\/159833\/revisions\/159862"}],"wp:featuredmedia":[{"embeddable":true,"href":"https:\/\/canal7slp.tv\/2025\/wp-json\/wp\/v2\/media\/159861"}],"wp:attachment":[{"href":"https:\/\/canal7slp.tv\/2025\/wp-json\/wp\/v2\/media?parent=159833"}],"wp:term":[{"taxonomy":"category","embeddable":true,"href":"https:\/\/canal7slp.tv\/2025\/wp-json\/wp\/v2\/categories?post=159833"},{"taxonomy":"post_tag","embeddable":true,"href":"https:\/\/canal7slp.tv\/2025\/wp-json\/wp\/v2\/tags?post=159833"}],"curies":[{"name":"wp","href":"https:\/\/api.w.org\/{rel}","templated":true}]}}