{"id":159829,"date":"2025-03-03T16:08:14","date_gmt":"2025-03-03T22:08:14","guid":{"rendered":"https:\/\/canal7slp.tv\/2025\/?p=159829"},"modified":"2025-03-03T16:08:14","modified_gmt":"2025-03-03T22:08:14","slug":"lamenta-veronica-rodriguez-imposicion-aranceles-de-los-eua","status":"publish","type":"post","link":"https:\/\/canal7slp.tv\/2025\/lamenta-veronica-rodriguez-imposicion-aranceles-de-los-eua\/","title":{"rendered":"Lamenta Ver\u00f3nica Rodr\u00edguez imposici\u00f3n aranceles de los EUA"},"content":{"rendered":"<p style=\"text-align: justify;\"><span style=\"font-size: 1.21429rem;\">SLP.- El presidente de Estados Unidos, Donald Trump decidir\u00e1 qu\u00e9 niveles de aranceles impondr\u00e1 a Canad\u00e1 y M\u00e9xico, esto despu\u00e9s de la serie de negociaciones y reuniones que se han dado entorno a este tema, la situaci\u00f3n es complicada para nuestro pa\u00eds opin\u00f3 la presidenta del Comit\u00e9 Directivo Estatal del Partido Acci\u00f3n Nacional, Ver\u00f3nica Rodr\u00edguez Hern\u00e1ndez.<\/span><\/p>\n<p style=\"text-align: justify;\">\u201cLos aranceles s\u00ed van para M\u00e9xico, ha sido lamentable como la mala relaci\u00f3n bilateral que existe entre M\u00e9xico y Estado Unidos est\u00e1 permeando pero a quienes perjudica m\u00e1s es a las familias mexicanas, otra vez a los productores \u00bfpor qu\u00e9?, porque impacta en la econom\u00eda de nuestro pa\u00eds\u201d.<\/p>\n<p style=\"text-align: justify;\">Afirm\u00f3 que el grupo blanquiazul al interior del Senado de la Rep\u00fablica es quien ha solicitado reuniones con los EUA para evitar la aplicaci\u00f3n de esta tarifa.<\/p>\n<p style=\"text-align: justify;\">\u201cHa sido el grupo parlamentario de Acci\u00f3n Nacional quien ha solicitado que se lleve a cabo una reuni\u00f3n con nuestros pares de Estado Unidos y por supuesto, que nos expliquen qu\u00e9 es lo que va a hacer M\u00e9xico ante esta situaci\u00f3n que ya no es una amenaza, es una realidad, los aranceles se van a aplicar a M\u00e9xico\u201d.<\/p>\n<p style=\"text-align: justify;\">Exigi\u00f3 apoyo al Gobierno Federal.<\/p>\n<p style=\"text-align: justify;\">\u201cNecesitamos tener un gobierno, no solamente determinante en la defensa, sino con acciones concretas que de verdad protejan la econom\u00eda de nuestro pa\u00eds (\u2026) San Luis Potos\u00ed el 90% de su econom\u00eda depende justamente mucho de la industria que beneficia en el empleo, en la econom\u00eda a las y los potosinos y por ello es que exigimos al Gobierno Federal que haya acciones concretas.\u201d<\/p>\n<p>Por: Juan Carlos Contreras<\/p>\n","protected":false},"excerpt":{"rendered":"<p>SLP.- El presidente de Estados Unidos, Donald Trump decidir\u00e1 qu\u00e9 niveles de aranceles impondr\u00e1 a Canad\u00e1 y M\u00e9xico, esto despu\u00e9s de la serie de negociaciones y reuniones que se han dado entorno a este tema, la situaci\u00f3n es complicada para nuestro pa\u00eds opin\u00f3 la presidenta del Comit\u00e9 Directivo Estatal del Partido Acci\u00f3n Nacional, Ver\u00f3nica Rodr\u00edguez Hern\u00e1ndez. \u201cLos aranceles s\u00ed van para M\u00e9xico, ha sido lamentable como la mala relaci\u00f3n bilateral que existe entre M\u00e9xico y Estado Unidos est\u00e1 permeando pero a quienes perjudica m\u00e1s es a las familias mexicanas, otra vez a los productores \u00bfpor qu\u00e9?, porque impacta en la [&hellip;]<\/p>\n","protected":false},"author":2,"featured_media":159849,"comment_status":"closed","ping_status":"closed","sticky":false,"template":"","format":"video","meta":{"_monsterinsights_skip_tracking":false,"_monsterinsights_sitenote_active":false,"_monsterinsights_sitenote_note":"","_monsterinsights_sitenote_category":0,"footnotes":""},"categories":[5,45],"tags":[],"class_list":["post-159829","post","type-post","status-publish","format-video","has-post-thumbnail","hentry","category-destacadas","category-localesyregionales","post_format-post-format-video","post--single"],"yoast_head":"<!-- This site is optimized with the Yoast SEO plugin v27.5 - https:\/\/yoast.com\/product\/yoast-seo-wordpress\/ -->\n<title>Lamenta Ver\u00f3nica Rodr\u00edguez imposici\u00f3n aranceles de los EUA - Canal 7 SLP - 2025<\/title>\n<meta name=\"robots\" content=\"index, follow, max-snippet:-1, max-image-preview:large, max-video-preview:-1\" \/>\n<link rel=\"canonical\" href=\"https:\/\/canal7slp.tv\/2025\/lamenta-veronica-rodriguez-imposicion-aranceles-de-los-eua\/\" \/>\n<meta property=\"og:locale\" content=\"es_ES\" \/>\n<meta property=\"og:type\" content=\"article\" \/>\n<meta property=\"og:title\" content=\"Lamenta Ver\u00f3nica Rodr\u00edguez imposici\u00f3n aranceles de los EUA - Canal 7 SLP - 2025\" \/>\n<meta property=\"og:description\" content=\"SLP.- El presidente de Estados Unidos, Donald Trump decidir\u00e1 qu\u00e9 niveles de aranceles impondr\u00e1 a Canad\u00e1 y M\u00e9xico, esto despu\u00e9s de la serie de negociaciones y reuniones que se han dado entorno a este tema, la situaci\u00f3n es complicada para nuestro pa\u00eds opin\u00f3 la presidenta del Comit\u00e9 Directivo Estatal del Partido Acci\u00f3n Nacional, Ver\u00f3nica Rodr\u00edguez Hern\u00e1ndez. \u201cLos aranceles s\u00ed van para M\u00e9xico, ha sido lamentable como la mala relaci\u00f3n bilateral que existe entre M\u00e9xico y Estado Unidos est\u00e1 permeando pero a quienes perjudica m\u00e1s es a las familias mexicanas, otra vez a los productores \u00bfpor qu\u00e9?, porque impacta en la [&hellip;]\" \/>\n<meta property=\"og:url\" content=\"https:\/\/canal7slp.tv\/2025\/lamenta-veronica-rodriguez-imposicion-aranceles-de-los-eua\/\" \/>\n<meta property=\"og:site_name\" content=\"Canal 7 SLP - 2025\" \/>\n<meta property=\"article:publisher\" content=\"https:\/\/www.facebook.com\/noticieroscanal7atencionciudadana\/\" \/>\n<meta property=\"article:published_time\" content=\"2025-03-03T22:08:14+00:00\" \/>\n<meta property=\"og:image\" content=\"https:\/\/canal7slp.tv\/2025\/wp-content\/uploads\/2025\/03\/Poky01ArancelesPAN.jpg\" \/>\n\t<meta property=\"og:image:width\" content=\"1280\" \/>\n\t<meta property=\"og:image:height\" content=\"720\" \/>\n\t<meta property=\"og:image:type\" content=\"image\/jpeg\" \/>\n<meta name=\"author\" content=\"Edici\u00f3n Web\" \/>\n<meta name=\"twitter:card\" content=\"summary_large_image\" \/>\n<meta name=\"twitter:creator\" content=\"@NOTICIEROS7\" \/>\n<meta name=\"twitter:site\" content=\"@NOTICIEROS7\" \/>\n<meta name=\"twitter:label1\" content=\"Escrito por\" \/>\n\t<meta name=\"twitter:data1\" content=\"Edici\u00f3n Web\" \/>\n\t<meta name=\"twitter:label2\" content=\"Tiempo de lectura\" \/>\n\t<meta name=\"twitter:data2\" content=\"2 minutos\" \/>\n<script type=\"application\/ld+json\" class=\"yoast-schema-graph\">{\"@context\":\"https:\\\/\\\/schema.org\",\"@graph\":[{\"@type\":\"Article\",\"@id\":\"https:\\\/\\\/canal7slp.tv\\\/2025\\\/lamenta-veronica-rodriguez-imposicion-aranceles-de-los-eua\\\/#article\",\"isPartOf\":{\"@id\":\"https:\\\/\\\/canal7slp.tv\\\/2025\\\/lamenta-veronica-rodriguez-imposicion-aranceles-de-los-eua\\\/\"},\"author\":{\"name\":\"Edici\u00f3n Web\",\"@id\":\"https:\\\/\\\/canal7slp.tv\\\/2025\\\/#\\\/schema\\\/person\\\/271e2b60a96e7cc9d9ac296f4d7e414b\"},\"headline\":\"Lamenta Ver\u00f3nica Rodr\u00edguez imposici\u00f3n aranceles de los EUA\",\"datePublished\":\"2025-03-03T22:08:14+00:00\",\"mainEntityOfPage\":{\"@id\":\"https:\\\/\\\/canal7slp.tv\\\/2025\\\/lamenta-veronica-rodriguez-imposicion-aranceles-de-los-eua\\\/\"},\"wordCount\":297,\"publisher\":{\"@id\":\"https:\\\/\\\/canal7slp.tv\\\/2025\\\/#organization\"},\"image\":{\"@id\":\"https:\\\/\\\/canal7slp.tv\\\/2025\\\/lamenta-veronica-rodriguez-imposicion-aranceles-de-los-eua\\\/#primaryimage\"},\"thumbnailUrl\":\"https:\\\/\\\/canal7slp.tv\\\/2025\\\/wp-content\\\/uploads\\\/2025\\\/03\\\/Poky01ArancelesPAN.jpg\",\"articleSection\":[\"DESTACADAS\",\"LOCALES Y REGIONALES\"],\"inLanguage\":\"es\"},{\"@type\":\"WebPage\",\"@id\":\"https:\\\/\\\/canal7slp.tv\\\/2025\\\/lamenta-veronica-rodriguez-imposicion-aranceles-de-los-eua\\\/\",\"url\":\"https:\\\/\\\/canal7slp.tv\\\/2025\\\/lamenta-veronica-rodriguez-imposicion-aranceles-de-los-eua\\\/\",\"name\":\"Lamenta Ver\u00f3nica Rodr\u00edguez imposici\u00f3n aranceles de los EUA - Canal 7 SLP - 2025\",\"isPartOf\":{\"@id\":\"https:\\\/\\\/canal7slp.tv\\\/2025\\\/#website\"},\"primaryImageOfPage\":{\"@id\":\"https:\\\/\\\/canal7slp.tv\\\/2025\\\/lamenta-veronica-rodriguez-imposicion-aranceles-de-los-eua\\\/#primaryimage\"},\"image\":{\"@id\":\"https:\\\/\\\/canal7slp.tv\\\/2025\\\/lamenta-veronica-rodriguez-imposicion-aranceles-de-los-eua\\\/#primaryimage\"},\"thumbnailUrl\":\"https:\\\/\\\/canal7slp.tv\\\/2025\\\/wp-content\\\/uploads\\\/2025\\\/03\\\/Poky01ArancelesPAN.jpg\",\"datePublished\":\"2025-03-03T22:08:14+00:00\",\"breadcrumb\":{\"@id\":\"https:\\\/\\\/canal7slp.tv\\\/2025\\\/lamenta-veronica-rodriguez-imposicion-aranceles-de-los-eua\\\/#breadcrumb\"},\"inLanguage\":\"es\",\"potentialAction\":[{\"@type\":\"ReadAction\",\"target\":[\"https:\\\/\\\/canal7slp.tv\\\/2025\\\/lamenta-veronica-rodriguez-imposicion-aranceles-de-los-eua\\\/\"]}]},{\"@type\":\"ImageObject\",\"inLanguage\":\"es\",\"@id\":\"https:\\\/\\\/canal7slp.tv\\\/2025\\\/lamenta-veronica-rodriguez-imposicion-aranceles-de-los-eua\\\/#primaryimage\",\"url\":\"https:\\\/\\\/canal7slp.tv\\\/2025\\\/wp-content\\\/uploads\\\/2025\\\/03\\\/Poky01ArancelesPAN.jpg\",\"contentUrl\":\"https:\\\/\\\/canal7slp.tv\\\/2025\\\/wp-content\\\/uploads\\\/2025\\\/03\\\/Poky01ArancelesPAN.jpg\",\"width\":1280,\"height\":720},{\"@type\":\"BreadcrumbList\",\"@id\":\"https:\\\/\\\/canal7slp.tv\\\/2025\\\/lamenta-veronica-rodriguez-imposicion-aranceles-de-los-eua\\\/#breadcrumb\",\"itemListElement\":[{\"@type\":\"ListItem\",\"position\":1,\"name\":\"Portada\",\"item\":\"https:\\\/\\\/canal7slp.tv\\\/2025\\\/\"},{\"@type\":\"ListItem\",\"position\":2,\"name\":\"Lamenta Ver\u00f3nica Rodr\u00edguez imposici\u00f3n aranceles de los EUA\"}]},{\"@type\":\"WebSite\",\"@id\":\"https:\\\/\\\/canal7slp.tv\\\/2025\\\/#website\",\"url\":\"https:\\\/\\\/canal7slp.tv\\\/2025\\\/\",\"name\":\"N7 - Noticieros Canal 7\",\"description\":\"Somos el Medio\",\"publisher\":{\"@id\":\"https:\\\/\\\/canal7slp.tv\\\/2025\\\/#organization\"},\"potentialAction\":[{\"@type\":\"SearchAction\",\"target\":{\"@type\":\"EntryPoint\",\"urlTemplate\":\"https:\\\/\\\/canal7slp.tv\\\/2025\\\/?s={search_term_string}\"},\"query-input\":{\"@type\":\"PropertyValueSpecification\",\"valueRequired\":true,\"valueName\":\"search_term_string\"}}],\"inLanguage\":\"es\"},{\"@type\":\"Organization\",\"@id\":\"https:\\\/\\\/canal7slp.tv\\\/2025\\\/#organization\",\"name\":\"Noticieros Canal 7\",\"url\":\"https:\\\/\\\/canal7slp.tv\\\/2025\\\/\",\"logo\":{\"@type\":\"ImageObject\",\"inLanguage\":\"es\",\"@id\":\"https:\\\/\\\/canal7slp.tv\\\/2025\\\/#\\\/schema\\\/logo\\\/image\\\/\",\"url\":\"https:\\\/\\\/canal7slp.tv\\\/2025\\\/wp-content\\\/uploads\\\/2021\\\/01\\\/logo-noticieros@2x.png\",\"contentUrl\":\"https:\\\/\\\/canal7slp.tv\\\/2025\\\/wp-content\\\/uploads\\\/2021\\\/01\\\/logo-noticieros@2x.png\",\"width\":1017,\"height\":268,\"caption\":\"Noticieros Canal 7\"},\"image\":{\"@id\":\"https:\\\/\\\/canal7slp.tv\\\/2025\\\/#\\\/schema\\\/logo\\\/image\\\/\"},\"sameAs\":[\"https:\\\/\\\/www.facebook.com\\\/noticieroscanal7atencionciudadana\\\/\",\"https:\\\/\\\/x.com\\\/NOTICIEROS7\",\"https:\\\/\\\/www.instagram.com\\\/canal7_slp\",\"https:\\\/\\\/www.youtube.com\\\/channel\\\/UCliiYs-gP3JfJeqdPrNdd5A\"]},{\"@type\":\"Person\",\"@id\":\"https:\\\/\\\/canal7slp.tv\\\/2025\\\/#\\\/schema\\\/person\\\/271e2b60a96e7cc9d9ac296f4d7e414b\",\"name\":\"Edici\u00f3n Web\",\"image\":{\"@type\":\"ImageObject\",\"inLanguage\":\"es\",\"@id\":\"https:\\\/\\\/secure.gravatar.com\\\/avatar\\\/eee448fc3f7164808013b816ba91ac7e43bbe82a70bebac296f8bc6f0addaa1a?s=96&d=mm&r=g\",\"url\":\"https:\\\/\\\/secure.gravatar.com\\\/avatar\\\/eee448fc3f7164808013b816ba91ac7e43bbe82a70bebac296f8bc6f0addaa1a?s=96&d=mm&r=g\",\"contentUrl\":\"https:\\\/\\\/secure.gravatar.com\\\/avatar\\\/eee448fc3f7164808013b816ba91ac7e43bbe82a70bebac296f8bc6f0addaa1a?s=96&d=mm&r=g\",\"caption\":\"Edici\u00f3n Web\"},\"url\":\"https:\\\/\\\/canal7slp.tv\\\/2025\\\/author\\\/edicionweb\\\/\"}]}<\/script>\n<!-- \/ Yoast SEO plugin. -->","yoast_head_json":{"title":"Lamenta Ver\u00f3nica Rodr\u00edguez imposici\u00f3n aranceles de los EUA - Canal 7 SLP - 2025","robots":{"index":"index","follow":"follow","max-snippet":"max-snippet:-1","max-image-preview":"max-image-preview:large","max-video-preview":"max-video-preview:-1"},"canonical":"https:\/\/canal7slp.tv\/2025\/lamenta-veronica-rodriguez-imposicion-aranceles-de-los-eua\/","og_locale":"es_ES","og_type":"article","og_title":"Lamenta Ver\u00f3nica Rodr\u00edguez imposici\u00f3n aranceles de los EUA - Canal 7 SLP - 2025","og_description":"SLP.- El presidente de Estados Unidos, Donald Trump decidir\u00e1 qu\u00e9 niveles de aranceles impondr\u00e1 a Canad\u00e1 y M\u00e9xico, esto despu\u00e9s de la serie de negociaciones y reuniones que se han dado entorno a este tema, la situaci\u00f3n es complicada para nuestro pa\u00eds opin\u00f3 la presidenta del Comit\u00e9 Directivo Estatal del Partido Acci\u00f3n Nacional, Ver\u00f3nica Rodr\u00edguez Hern\u00e1ndez. \u201cLos aranceles s\u00ed van para M\u00e9xico, ha sido lamentable como la mala relaci\u00f3n bilateral que existe entre M\u00e9xico y Estado Unidos est\u00e1 permeando pero a quienes perjudica m\u00e1s es a las familias mexicanas, otra vez a los productores \u00bfpor qu\u00e9?, porque impacta en la [&hellip;]","og_url":"https:\/\/canal7slp.tv\/2025\/lamenta-veronica-rodriguez-imposicion-aranceles-de-los-eua\/","og_site_name":"Canal 7 SLP - 2025","article_publisher":"https:\/\/www.facebook.com\/noticieroscanal7atencionciudadana\/","article_published_time":"2025-03-03T22:08:14+00:00","og_image":[{"width":1280,"height":720,"url":"https:\/\/canal7slp.tv\/2025\/wp-content\/uploads\/2025\/03\/Poky01ArancelesPAN.jpg","type":"image\/jpeg"}],"author":"Edici\u00f3n Web","twitter_card":"summary_large_image","twitter_creator":"@NOTICIEROS7","twitter_site":"@NOTICIEROS7","twitter_misc":{"Escrito por":"Edici\u00f3n Web","Tiempo de lectura":"2 minutos"},"schema":{"@context":"https:\/\/schema.org","@graph":[{"@type":"Article","@id":"https:\/\/canal7slp.tv\/2025\/lamenta-veronica-rodriguez-imposicion-aranceles-de-los-eua\/#article","isPartOf":{"@id":"https:\/\/canal7slp.tv\/2025\/lamenta-veronica-rodriguez-imposicion-aranceles-de-los-eua\/"},"author":{"name":"Edici\u00f3n Web","@id":"https:\/\/canal7slp.tv\/2025\/#\/schema\/person\/271e2b60a96e7cc9d9ac296f4d7e414b"},"headline":"Lamenta Ver\u00f3nica Rodr\u00edguez imposici\u00f3n aranceles de los EUA","datePublished":"2025-03-03T22:08:14+00:00","mainEntityOfPage":{"@id":"https:\/\/canal7slp.tv\/2025\/lamenta-veronica-rodriguez-imposicion-aranceles-de-los-eua\/"},"wordCount":297,"publisher":{"@id":"https:\/\/canal7slp.tv\/2025\/#organization"},"image":{"@id":"https:\/\/canal7slp.tv\/2025\/lamenta-veronica-rodriguez-imposicion-aranceles-de-los-eua\/#primaryimage"},"thumbnailUrl":"https:\/\/canal7slp.tv\/2025\/wp-content\/uploads\/2025\/03\/Poky01ArancelesPAN.jpg","articleSection":["DESTACADAS","LOCALES Y REGIONALES"],"inLanguage":"es"},{"@type":"WebPage","@id":"https:\/\/canal7slp.tv\/2025\/lamenta-veronica-rodriguez-imposicion-aranceles-de-los-eua\/","url":"https:\/\/canal7slp.tv\/2025\/lamenta-veronica-rodriguez-imposicion-aranceles-de-los-eua\/","name":"Lamenta Ver\u00f3nica Rodr\u00edguez imposici\u00f3n aranceles de los EUA - Canal 7 SLP - 2025","isPartOf":{"@id":"https:\/\/canal7slp.tv\/2025\/#website"},"primaryImageOfPage":{"@id":"https:\/\/canal7slp.tv\/2025\/lamenta-veronica-rodriguez-imposicion-aranceles-de-los-eua\/#primaryimage"},"image":{"@id":"https:\/\/canal7slp.tv\/2025\/lamenta-veronica-rodriguez-imposicion-aranceles-de-los-eua\/#primaryimage"},"thumbnailUrl":"https:\/\/canal7slp.tv\/2025\/wp-content\/uploads\/2025\/03\/Poky01ArancelesPAN.jpg","datePublished":"2025-03-03T22:08:14+00:00","breadcrumb":{"@id":"https:\/\/canal7slp.tv\/2025\/lamenta-veronica-rodriguez-imposicion-aranceles-de-los-eua\/#breadcrumb"},"inLanguage":"es","potentialAction":[{"@type":"ReadAction","target":["https:\/\/canal7slp.tv\/2025\/lamenta-veronica-rodriguez-imposicion-aranceles-de-los-eua\/"]}]},{"@type":"ImageObject","inLanguage":"es","@id":"https:\/\/canal7slp.tv\/2025\/lamenta-veronica-rodriguez-imposicion-aranceles-de-los-eua\/#primaryimage","url":"https:\/\/canal7slp.tv\/2025\/wp-content\/uploads\/2025\/03\/Poky01ArancelesPAN.jpg","contentUrl":"https:\/\/canal7slp.tv\/2025\/wp-content\/uploads\/2025\/03\/Poky01ArancelesPAN.jpg","width":1280,"height":720},{"@type":"BreadcrumbList","@id":"https:\/\/canal7slp.tv\/2025\/lamenta-veronica-rodriguez-imposicion-aranceles-de-los-eua\/#breadcrumb","itemListElement":[{"@type":"ListItem","position":1,"name":"Portada","item":"https:\/\/canal7slp.tv\/2025\/"},{"@type":"ListItem","position":2,"name":"Lamenta Ver\u00f3nica Rodr\u00edguez imposici\u00f3n aranceles de los EUA"}]},{"@type":"WebSite","@id":"https:\/\/canal7slp.tv\/2025\/#website","url":"https:\/\/canal7slp.tv\/2025\/","name":"N7 - Noticieros Canal 7","description":"Somos el Medio","publisher":{"@id":"https:\/\/canal7slp.tv\/2025\/#organization"},"potentialAction":[{"@type":"SearchAction","target":{"@type":"EntryPoint","urlTemplate":"https:\/\/canal7slp.tv\/2025\/?s={search_term_string}"},"query-input":{"@type":"PropertyValueSpecification","valueRequired":true,"valueName":"search_term_string"}}],"inLanguage":"es"},{"@type":"Organization","@id":"https:\/\/canal7slp.tv\/2025\/#organization","name":"Noticieros Canal 7","url":"https:\/\/canal7slp.tv\/2025\/","logo":{"@type":"ImageObject","inLanguage":"es","@id":"https:\/\/canal7slp.tv\/2025\/#\/schema\/logo\/image\/","url":"https:\/\/canal7slp.tv\/2025\/wp-content\/uploads\/2021\/01\/logo-noticieros@2x.png","contentUrl":"https:\/\/canal7slp.tv\/2025\/wp-content\/uploads\/2021\/01\/logo-noticieros@2x.png","width":1017,"height":268,"caption":"Noticieros Canal 7"},"image":{"@id":"https:\/\/canal7slp.tv\/2025\/#\/schema\/logo\/image\/"},"sameAs":["https:\/\/www.facebook.com\/noticieroscanal7atencionciudadana\/","https:\/\/x.com\/NOTICIEROS7","https:\/\/www.instagram.com\/canal7_slp","https:\/\/www.youtube.com\/channel\/UCliiYs-gP3JfJeqdPrNdd5A"]},{"@type":"Person","@id":"https:\/\/canal7slp.tv\/2025\/#\/schema\/person\/271e2b60a96e7cc9d9ac296f4d7e414b","name":"Edici\u00f3n Web","image":{"@type":"ImageObject","inLanguage":"es","@id":"https:\/\/secure.gravatar.com\/avatar\/eee448fc3f7164808013b816ba91ac7e43bbe82a70bebac296f8bc6f0addaa1a?s=96&d=mm&r=g","url":"https:\/\/secure.gravatar.com\/avatar\/eee448fc3f7164808013b816ba91ac7e43bbe82a70bebac296f8bc6f0addaa1a?s=96&d=mm&r=g","contentUrl":"https:\/\/secure.gravatar.com\/avatar\/eee448fc3f7164808013b816ba91ac7e43bbe82a70bebac296f8bc6f0addaa1a?s=96&d=mm&r=g","caption":"Edici\u00f3n Web"},"url":"https:\/\/canal7slp.tv\/2025\/author\/edicionweb\/"}]}},"_links":{"self":[{"href":"https:\/\/canal7slp.tv\/2025\/wp-json\/wp\/v2\/posts\/159829","targetHints":{"allow":["GET"]}}],"collection":[{"href":"https:\/\/canal7slp.tv\/2025\/wp-json\/wp\/v2\/posts"}],"about":[{"href":"https:\/\/canal7slp.tv\/2025\/wp-json\/wp\/v2\/types\/post"}],"author":[{"embeddable":true,"href":"https:\/\/canal7slp.tv\/2025\/wp-json\/wp\/v2\/users\/2"}],"replies":[{"embeddable":true,"href":"https:\/\/canal7slp.tv\/2025\/wp-json\/wp\/v2\/comments?post=159829"}],"version-history":[{"count":2,"href":"https:\/\/canal7slp.tv\/2025\/wp-json\/wp\/v2\/posts\/159829\/revisions"}],"predecessor-version":[{"id":159850,"href":"https:\/\/canal7slp.tv\/2025\/wp-json\/wp\/v2\/posts\/159829\/revisions\/159850"}],"wp:featuredmedia":[{"embeddable":true,"href":"https:\/\/canal7slp.tv\/2025\/wp-json\/wp\/v2\/media\/159849"}],"wp:attachment":[{"href":"https:\/\/canal7slp.tv\/2025\/wp-json\/wp\/v2\/media?parent=159829"}],"wp:term":[{"taxonomy":"category","embeddable":true,"href":"https:\/\/canal7slp.tv\/2025\/wp-json\/wp\/v2\/categories?post=159829"},{"taxonomy":"post_tag","embeddable":true,"href":"https:\/\/canal7slp.tv\/2025\/wp-json\/wp\/v2\/tags?post=159829"}],"curies":[{"name":"wp","href":"https:\/\/api.w.org\/{rel}","templated":true}]}}